{"id":59252,"date":"2025-07-26T22:39:48","date_gmt":"2025-07-26T20:39:48","guid":{"rendered":"https:\/\/mula.es\/web\/?p=59252"},"modified":"2025-07-26T22:39:48","modified_gmt":"2025-07-26T20:39:48","slug":"cultura-mula-clausura-con-exito-el-v-festival-internacional-de-guitarra-ciudad-de-mula-2025","status":"publish","type":"post","link":"https:\/\/mula.es\/web\/cultura-mula-clausura-con-exito-el-v-festival-internacional-de-guitarra-ciudad-de-mula-2025\/","title":{"rendered":"CULTURA | Mula clausura con \u00e9xito el V Festival Internacional de Guitarra \u201cCiudad de Mula\u201d 2025"},"content":{"rendered":"<p><strong>NOTA DE PRENSA &#8211; 26 DE JULIO DE 2025<\/strong><\/p>\n<p><strong>\u00a0<\/strong><\/p>\n<p><strong>\u00a0<\/strong><\/p>\n<h2><strong>Mula clausura con \u00e9xito el V Festival Internacional de Guitarra \u201cCiudad de Mula\u201d 2025<\/strong><\/h2>\n<p>&nbsp;<\/p>\n<p>El patio del Convento de San Francisco ha acogido esta noche la gala de clausura del V Festival Internacional de Guitarra \u201cCiudad de Mula\u201d, un evento que ha consolidado a Mula como uno de los epicentros culturales m\u00e1s destacados del verano en la Regi\u00f3n de Murcia.<\/p>\n<p>La clausura ha contado con las actuaciones del guitarrista Bruno Pino \u2014ganador del IV Festival\u2014 y de la prestigiosa int\u00e9rprete Anabel Montesinos, referencia mundial de la guitarra cl\u00e1sica.<\/p>\n<p>Durante la gala se dieron a conocer los ganadores del Concurso Internacional de Guitarra:<\/p>\n<ul>\n<li><strong>1er Lugar<\/strong>: Alberto Quintanilla (M\u00e9xico)<\/li>\n<li><strong>2\u00ba Lugar<\/strong>: Mark Zemlianskyi (Ucrania)<\/li>\n<li><strong>Menciones de honor<\/strong>: Roberto Pe\u00f1a (Espa\u00f1a) y Tom\u00e1s Romero (Chile)<\/li>\n<li><strong>Premio EmocionARTE:<\/strong> Alberto Quintanilla<\/li>\n<\/ul>\n<p>Desde el Ayuntamiento de Mula se ha querido agradecer la labor del jurado, compuesto por grandes referentes del panorama internacional:<\/p>\n<ul>\n<li><strong>Presidenta<\/strong>: Anabel Montesinos, guitarrista y profesora del Conservatori Liceu de Barcelona<\/li>\n<li><strong>Secretario<\/strong>: Marco Smaili, guitarrista y compositor, profesor del Conservatorio Profesional de Alicante<\/li>\n<li><strong>Vocales<\/strong>: Romilio Orellana (Chile), Alberto Plaza (Sevilla) y Alfred Feenstra (Pa\u00edses Bajos)<\/li>\n<\/ul>\n<p>El concejal de Cultura, Diego Boluda, ha destacado que \u201ceste festival ha vuelto a demostrar que la m\u00fasica es un motor cultural y educativo para nuestro municipio. Hemos vivido una semana de excelencia art\u00edstica, intercambio internacional y enorme proyecci\u00f3n para Mula\u201d.<\/p>\n<p>El Ayuntamiento agradece a los organizadores, al jurado, al p\u00fablico; cada a\u00f1o m\u00e1s fiel y numeroso; y a todas las personas e instituciones que han hecho posible esta quinta edici\u00f3n, reafirmando el compromiso de seguir apostando por la cultura como se\u00f1a de identidad del municipio.<\/p>\n<p>&nbsp;<\/p>\n","protected":false},"excerpt":{"rendered":"<p>NOTA DE PRENSA &#8211; 26 DE JULIO DE 2025 \u00a0 \u00a0 Mula clausura con \u00e9xito el V Festival Internacional de Guitarra \u201cCiudad de Mula\u201d 2025 &nbsp; El patio del Convento de San Francisco ha acogido esta noche la gala de clausura del V Festival Internacional de Guitarra \u201cCiudad de Mula\u201d, un evento que ha consolidado  [&#8230;]<\/p>\n","protected":false},"author":13,"featured_media":33512,"comment_status":"closed","ping_status":"closed","sticky":false,"template":"","format":"standard","meta":{"jetpack_post_was_ever_published":false,"_jetpack_newsletter_access":"","_jetpack_dont_email_post_to_subs":false,"_jetpack_newsletter_tier_id":0,"_jetpack_memberships_contains_paywalled_content":false,"_jetpack_memberships_contains_paid_content":false,"footnotes":"","jetpack_publicize_message":"","jetpack_publicize_feature_enabled":true,"jetpack_social_post_already_shared":true,"jetpack_social_options":{"image_generator_settings":{"template":"highway","default_image_id":0,"font":"","enabled":false},"version":2}},"categories":[97],"tags":[],"class_list":["post-59252","post","type-post","status-publish","format-standard","has-post-thumbnail","hentry","category-cultura"],"yoast_head":"<!-- This site is optimized with the Yoast SEO plugin v27.4 - https:\/\/yoast.com\/product\/yoast-seo-wordpress\/ -->\n<title>CULTURA | Mula clausura con \u00e9xito el V Festival Internacional de Guitarra \u201cCiudad de Mula\u201d 2025 - Ayuntamiento de Mula<\/title>\n<meta name=\"robots\" content=\"index, follow, max-snippet:-1, max-image-preview:large, max-video-preview:-1\" \/>\n<link rel=\"canonical\" href=\"https:\/\/mula.es\/web\/cultura-mula-clausura-con-exito-el-v-festival-internacional-de-guitarra-ciudad-de-mula-2025\/\" \/>\n<meta property=\"og:locale\" content=\"es_ES\" \/>\n<meta property=\"og:type\" content=\"article\" \/>\n<meta property=\"og:title\" content=\"CULTURA | Mula clausura con \u00e9xito el V Festival Internacional de Guitarra \u201cCiudad de Mula\u201d 2025 - Ayuntamiento de Mula\" \/>\n<meta property=\"og:description\" content=\"NOTA DE PRENSA &#8211; 26 DE JULIO DE 2025 \u00a0 \u00a0 Mula clausura con \u00e9xito el V Festival Internacional de Guitarra \u201cCiudad de Mula\u201d 2025 &nbsp; El patio del Convento de San Francisco ha acogido esta noche la gala de clausura del V Festival Internacional de Guitarra \u201cCiudad de Mula\u201d, un evento que ha consolidado [...]\" \/>\n<meta property=\"og:url\" content=\"https:\/\/mula.es\/web\/cultura-mula-clausura-con-exito-el-v-festival-internacional-de-guitarra-ciudad-de-mula-2025\/\" \/>\n<meta property=\"og:site_name\" content=\"Ayuntamiento de Mula\" \/>\n<meta property=\"article:published_time\" content=\"2025-07-26T20:39:48+00:00\" \/>\n<meta property=\"og:image\" content=\"https:\/\/mula.es\/web\/wp-content\/uploads\/2020\/06\/escudo-cuadrado-e1591045058235.jpg\" \/>\n\t<meta property=\"og:image:width\" content=\"200\" \/>\n\t<meta property=\"og:image:height\" content=\"218\" \/>\n\t<meta property=\"og:image:type\" content=\"image\/jpeg\" \/>\n<meta name=\"author\" content=\"Laura Salas Orcajada\" \/>\n<meta name=\"twitter:card\" content=\"summary_large_image\" \/>\n<meta name=\"twitter:creator\" content=\"@AyuntamientMula\" \/>\n<meta name=\"twitter:site\" content=\"@AyuntamientMula\" \/>\n<meta name=\"twitter:label1\" content=\"Escrito por\" \/>\n\t<meta name=\"twitter:data1\" content=\"Laura Salas Orcajada\" \/>\n\t<meta name=\"twitter:label2\" content=\"Tiempo de lectura\" \/>\n\t<meta name=\"twitter:data2\" content=\"2 minutos\" \/>\n<script type=\"application\/ld+json\" class=\"yoast-schema-graph\">{\"@context\":\"https:\\\/\\\/schema.org\",\"@graph\":[{\"@type\":\"Article\",\"@id\":\"https:\\\/\\\/mula.es\\\/web\\\/cultura-mula-clausura-con-exito-el-v-festival-internacional-de-guitarra-ciudad-de-mula-2025\\\/#article\",\"isPartOf\":{\"@id\":\"https:\\\/\\\/mula.es\\\/web\\\/cultura-mula-clausura-con-exito-el-v-festival-internacional-de-guitarra-ciudad-de-mula-2025\\\/\"},\"author\":{\"name\":\"Laura Salas Orcajada\",\"@id\":\"https:\\\/\\\/mula.es\\\/web\\\/#\\\/schema\\\/person\\\/4f10179bd364f40dceed361e61e4033f\"},\"headline\":\"CULTURA | Mula clausura con \u00e9xito el V Festival Internacional de Guitarra \u201cCiudad de Mula\u201d 2025\",\"datePublished\":\"2025-07-26T20:39:48+00:00\",\"mainEntityOfPage\":{\"@id\":\"https:\\\/\\\/mula.es\\\/web\\\/cultura-mula-clausura-con-exito-el-v-festival-internacional-de-guitarra-ciudad-de-mula-2025\\\/\"},\"wordCount\":305,\"image\":{\"@id\":\"https:\\\/\\\/mula.es\\\/web\\\/cultura-mula-clausura-con-exito-el-v-festival-internacional-de-guitarra-ciudad-de-mula-2025\\\/#primaryimage\"},\"thumbnailUrl\":\"https:\\\/\\\/mula.es\\\/web\\\/wp-content\\\/uploads\\\/2020\\\/06\\\/escudo-cuadrado-e1591045058235.jpg\",\"articleSection\":[\"cultura\"],\"inLanguage\":\"es\"},{\"@type\":\"WebPage\",\"@id\":\"https:\\\/\\\/mula.es\\\/web\\\/cultura-mula-clausura-con-exito-el-v-festival-internacional-de-guitarra-ciudad-de-mula-2025\\\/\",\"url\":\"https:\\\/\\\/mula.es\\\/web\\\/cultura-mula-clausura-con-exito-el-v-festival-internacional-de-guitarra-ciudad-de-mula-2025\\\/\",\"name\":\"CULTURA | Mula clausura con \u00e9xito el V Festival Internacional de Guitarra \u201cCiudad de Mula\u201d 2025 - Ayuntamiento de Mula\",\"isPartOf\":{\"@id\":\"https:\\\/\\\/mula.es\\\/web\\\/#website\"},\"primaryImageOfPage\":{\"@id\":\"https:\\\/\\\/mula.es\\\/web\\\/cultura-mula-clausura-con-exito-el-v-festival-internacional-de-guitarra-ciudad-de-mula-2025\\\/#primaryimage\"},\"image\":{\"@id\":\"https:\\\/\\\/mula.es\\\/web\\\/cultura-mula-clausura-con-exito-el-v-festival-internacional-de-guitarra-ciudad-de-mula-2025\\\/#primaryimage\"},\"thumbnailUrl\":\"https:\\\/\\\/mula.es\\\/web\\\/wp-content\\\/uploads\\\/2020\\\/06\\\/escudo-cuadrado-e1591045058235.jpg\",\"datePublished\":\"2025-07-26T20:39:48+00:00\",\"author\":{\"@id\":\"https:\\\/\\\/mula.es\\\/web\\\/#\\\/schema\\\/person\\\/4f10179bd364f40dceed361e61e4033f\"},\"breadcrumb\":{\"@id\":\"https:\\\/\\\/mula.es\\\/web\\\/cultura-mula-clausura-con-exito-el-v-festival-internacional-de-guitarra-ciudad-de-mula-2025\\\/#breadcrumb\"},\"inLanguage\":\"es\",\"potentialAction\":[{\"@type\":\"ReadAction\",\"target\":[\"https:\\\/\\\/mula.es\\\/web\\\/cultura-mula-clausura-con-exito-el-v-festival-internacional-de-guitarra-ciudad-de-mula-2025\\\/\"]}]},{\"@type\":\"ImageObject\",\"inLanguage\":\"es\",\"@id\":\"https:\\\/\\\/mula.es\\\/web\\\/cultura-mula-clausura-con-exito-el-v-festival-internacional-de-guitarra-ciudad-de-mula-2025\\\/#primaryimage\",\"url\":\"https:\\\/\\\/mula.es\\\/web\\\/wp-content\\\/uploads\\\/2020\\\/06\\\/escudo-cuadrado-e1591045058235.jpg\",\"contentUrl\":\"https:\\\/\\\/mula.es\\\/web\\\/wp-content\\\/uploads\\\/2020\\\/06\\\/escudo-cuadrado-e1591045058235.jpg\",\"width\":200,\"height\":218},{\"@type\":\"BreadcrumbList\",\"@id\":\"https:\\\/\\\/mula.es\\\/web\\\/cultura-mula-clausura-con-exito-el-v-festival-internacional-de-guitarra-ciudad-de-mula-2025\\\/#breadcrumb\",\"itemListElement\":[{\"@type\":\"ListItem\",\"position\":1,\"name\":\"Portada\",\"item\":\"https:\\\/\\\/mula.es\\\/web\\\/\"},{\"@type\":\"ListItem\",\"position\":2,\"name\":\"CULTURA | Mula clausura con \u00e9xito el V Festival Internacional de Guitarra \u201cCiudad de Mula\u201d 2025\"}]},{\"@type\":\"WebSite\",\"@id\":\"https:\\\/\\\/mula.es\\\/web\\\/#website\",\"url\":\"https:\\\/\\\/mula.es\\\/web\\\/\",\"name\":\"Ayuntamiento de Mula\",\"description\":\"P\u00e1gina web del Ayuntamiento de Mula (Regi\u00f3n de Murcia)\",\"potentialAction\":[{\"@type\":\"SearchAction\",\"target\":{\"@type\":\"EntryPoint\",\"urlTemplate\":\"https:\\\/\\\/mula.es\\\/web\\\/?s={search_term_string}\"},\"query-input\":{\"@type\":\"PropertyValueSpecification\",\"valueRequired\":true,\"valueName\":\"search_term_string\"}}],\"inLanguage\":\"es\"},{\"@type\":\"Person\",\"@id\":\"https:\\\/\\\/mula.es\\\/web\\\/#\\\/schema\\\/person\\\/4f10179bd364f40dceed361e61e4033f\",\"name\":\"Laura Salas Orcajada\",\"image\":{\"@type\":\"ImageObject\",\"inLanguage\":\"es\",\"@id\":\"https:\\\/\\\/secure.gravatar.com\\\/avatar\\\/786f2a223d9a455e2a448f78b5dcc1117207ef56ef3d9a04df338c0f775cd403?s=96&d=mm&r=g\",\"url\":\"https:\\\/\\\/secure.gravatar.com\\\/avatar\\\/786f2a223d9a455e2a448f78b5dcc1117207ef56ef3d9a04df338c0f775cd403?s=96&d=mm&r=g\",\"contentUrl\":\"https:\\\/\\\/secure.gravatar.com\\\/avatar\\\/786f2a223d9a455e2a448f78b5dcc1117207ef56ef3d9a04df338c0f775cd403?s=96&d=mm&r=g\",\"caption\":\"Laura Salas Orcajada\"},\"url\":\"https:\\\/\\\/mula.es\\\/web\\\/author\\\/lsalas\\\/\"}]}<\/script>\n<!-- \/ Yoast SEO plugin. -->","yoast_head_json":{"title":"CULTURA | Mula clausura con \u00e9xito el V Festival Internacional de Guitarra \u201cCiudad de Mula\u201d 2025 - Ayuntamiento de Mula","robots":{"index":"index","follow":"follow","max-snippet":"max-snippet:-1","max-image-preview":"max-image-preview:large","max-video-preview":"max-video-preview:-1"},"canonical":"https:\/\/mula.es\/web\/cultura-mula-clausura-con-exito-el-v-festival-internacional-de-guitarra-ciudad-de-mula-2025\/","og_locale":"es_ES","og_type":"article","og_title":"CULTURA | Mula clausura con \u00e9xito el V Festival Internacional de Guitarra \u201cCiudad de Mula\u201d 2025 - Ayuntamiento de Mula","og_description":"NOTA DE PRENSA &#8211; 26 DE JULIO DE 2025 \u00a0 \u00a0 Mula clausura con \u00e9xito el V Festival Internacional de Guitarra \u201cCiudad de Mula\u201d 2025 &nbsp; El patio del Convento de San Francisco ha acogido esta noche la gala de clausura del V Festival Internacional de Guitarra \u201cCiudad de Mula\u201d, un evento que ha consolidado [...]","og_url":"https:\/\/mula.es\/web\/cultura-mula-clausura-con-exito-el-v-festival-internacional-de-guitarra-ciudad-de-mula-2025\/","og_site_name":"Ayuntamiento de Mula","article_published_time":"2025-07-26T20:39:48+00:00","og_image":[{"width":200,"height":218,"url":"https:\/\/mula.es\/web\/wp-content\/uploads\/2020\/06\/escudo-cuadrado-e1591045058235.jpg","type":"image\/jpeg"}],"author":"Laura Salas Orcajada","twitter_card":"summary_large_image","twitter_creator":"@AyuntamientMula","twitter_site":"@AyuntamientMula","twitter_misc":{"Escrito por":"Laura Salas Orcajada","Tiempo de lectura":"2 minutos"},"schema":{"@context":"https:\/\/schema.org","@graph":[{"@type":"Article","@id":"https:\/\/mula.es\/web\/cultura-mula-clausura-con-exito-el-v-festival-internacional-de-guitarra-ciudad-de-mula-2025\/#article","isPartOf":{"@id":"https:\/\/mula.es\/web\/cultura-mula-clausura-con-exito-el-v-festival-internacional-de-guitarra-ciudad-de-mula-2025\/"},"author":{"name":"Laura Salas Orcajada","@id":"https:\/\/mula.es\/web\/#\/schema\/person\/4f10179bd364f40dceed361e61e4033f"},"headline":"CULTURA | Mula clausura con \u00e9xito el V Festival Internacional de Guitarra \u201cCiudad de Mula\u201d 2025","datePublished":"2025-07-26T20:39:48+00:00","mainEntityOfPage":{"@id":"https:\/\/mula.es\/web\/cultura-mula-clausura-con-exito-el-v-festival-internacional-de-guitarra-ciudad-de-mula-2025\/"},"wordCount":305,"image":{"@id":"https:\/\/mula.es\/web\/cultura-mula-clausura-con-exito-el-v-festival-internacional-de-guitarra-ciudad-de-mula-2025\/#primaryimage"},"thumbnailUrl":"https:\/\/mula.es\/web\/wp-content\/uploads\/2020\/06\/escudo-cuadrado-e1591045058235.jpg","articleSection":["cultura"],"inLanguage":"es"},{"@type":"WebPage","@id":"https:\/\/mula.es\/web\/cultura-mula-clausura-con-exito-el-v-festival-internacional-de-guitarra-ciudad-de-mula-2025\/","url":"https:\/\/mula.es\/web\/cultura-mula-clausura-con-exito-el-v-festival-internacional-de-guitarra-ciudad-de-mula-2025\/","name":"CULTURA | Mula clausura con \u00e9xito el V Festival Internacional de Guitarra \u201cCiudad de Mula\u201d 2025 - Ayuntamiento de Mula","isPartOf":{"@id":"https:\/\/mula.es\/web\/#website"},"primaryImageOfPage":{"@id":"https:\/\/mula.es\/web\/cultura-mula-clausura-con-exito-el-v-festival-internacional-de-guitarra-ciudad-de-mula-2025\/#primaryimage"},"image":{"@id":"https:\/\/mula.es\/web\/cultura-mula-clausura-con-exito-el-v-festival-internacional-de-guitarra-ciudad-de-mula-2025\/#primaryimage"},"thumbnailUrl":"https:\/\/mula.es\/web\/wp-content\/uploads\/2020\/06\/escudo-cuadrado-e1591045058235.jpg","datePublished":"2025-07-26T20:39:48+00:00","author":{"@id":"https:\/\/mula.es\/web\/#\/schema\/person\/4f10179bd364f40dceed361e61e4033f"},"breadcrumb":{"@id":"https:\/\/mula.es\/web\/cultura-mula-clausura-con-exito-el-v-festival-internacional-de-guitarra-ciudad-de-mula-2025\/#breadcrumb"},"inLanguage":"es","potentialAction":[{"@type":"ReadAction","target":["https:\/\/mula.es\/web\/cultura-mula-clausura-con-exito-el-v-festival-internacional-de-guitarra-ciudad-de-mula-2025\/"]}]},{"@type":"ImageObject","inLanguage":"es","@id":"https:\/\/mula.es\/web\/cultura-mula-clausura-con-exito-el-v-festival-internacional-de-guitarra-ciudad-de-mula-2025\/#primaryimage","url":"https:\/\/mula.es\/web\/wp-content\/uploads\/2020\/06\/escudo-cuadrado-e1591045058235.jpg","contentUrl":"https:\/\/mula.es\/web\/wp-content\/uploads\/2020\/06\/escudo-cuadrado-e1591045058235.jpg","width":200,"height":218},{"@type":"BreadcrumbList","@id":"https:\/\/mula.es\/web\/cultura-mula-clausura-con-exito-el-v-festival-internacional-de-guitarra-ciudad-de-mula-2025\/#breadcrumb","itemListElement":[{"@type":"ListItem","position":1,"name":"Portada","item":"https:\/\/mula.es\/web\/"},{"@type":"ListItem","position":2,"name":"CULTURA | Mula clausura con \u00e9xito el V Festival Internacional de Guitarra \u201cCiudad de Mula\u201d 2025"}]},{"@type":"WebSite","@id":"https:\/\/mula.es\/web\/#website","url":"https:\/\/mula.es\/web\/","name":"Ayuntamiento de Mula","description":"P\u00e1gina web del Ayuntamiento de Mula (Regi\u00f3n de Murcia)","potentialAction":[{"@type":"SearchAction","target":{"@type":"EntryPoint","urlTemplate":"https:\/\/mula.es\/web\/?s={search_term_string}"},"query-input":{"@type":"PropertyValueSpecification","valueRequired":true,"valueName":"search_term_string"}}],"inLanguage":"es"},{"@type":"Person","@id":"https:\/\/mula.es\/web\/#\/schema\/person\/4f10179bd364f40dceed361e61e4033f","name":"Laura Salas Orcajada","image":{"@type":"ImageObject","inLanguage":"es","@id":"https:\/\/secure.gravatar.com\/avatar\/786f2a223d9a455e2a448f78b5dcc1117207ef56ef3d9a04df338c0f775cd403?s=96&d=mm&r=g","url":"https:\/\/secure.gravatar.com\/avatar\/786f2a223d9a455e2a448f78b5dcc1117207ef56ef3d9a04df338c0f775cd403?s=96&d=mm&r=g","contentUrl":"https:\/\/secure.gravatar.com\/avatar\/786f2a223d9a455e2a448f78b5dcc1117207ef56ef3d9a04df338c0f775cd403?s=96&d=mm&r=g","caption":"Laura Salas Orcajada"},"url":"https:\/\/mula.es\/web\/author\/lsalas\/"}]}},"jetpack_publicize_connections":[],"jetpack_featured_media_url":"https:\/\/mula.es\/web\/wp-content\/uploads\/2020\/06\/escudo-cuadrado-e1591045058235.jpg","jetpack_sharing_enabled":true,"jetpack_shortlink":"https:\/\/wp.me\/pa9DMY-fpG","jetpack-related-posts":[],"_links":{"self":[{"href":"https:\/\/mula.es\/web\/wp-json\/wp\/v2\/posts\/59252","targetHints":{"allow":["GET"]}}],"collection":[{"href":"https:\/\/mula.es\/web\/wp-json\/wp\/v2\/posts"}],"about":[{"href":"https:\/\/mula.es\/web\/wp-json\/wp\/v2\/types\/post"}],"author":[{"embeddable":true,"href":"https:\/\/mula.es\/web\/wp-json\/wp\/v2\/users\/13"}],"replies":[{"embeddable":true,"href":"https:\/\/mula.es\/web\/wp-json\/wp\/v2\/comments?post=59252"}],"version-history":[{"count":2,"href":"https:\/\/mula.es\/web\/wp-json\/wp\/v2\/posts\/59252\/revisions"}],"predecessor-version":[{"id":59254,"href":"https:\/\/mula.es\/web\/wp-json\/wp\/v2\/posts\/59252\/revisions\/59254"}],"wp:featuredmedia":[{"embeddable":true,"href":"https:\/\/mula.es\/web\/wp-json\/wp\/v2\/media\/33512"}],"wp:attachment":[{"href":"https:\/\/mula.es\/web\/wp-json\/wp\/v2\/media?parent=59252"}],"wp:term":[{"taxonomy":"category","embeddable":true,"href":"https:\/\/mula.es\/web\/wp-json\/wp\/v2\/categories?post=59252"},{"taxonomy":"post_tag","embeddable":true,"href":"https:\/\/mula.es\/web\/wp-json\/wp\/v2\/tags?post=59252"}],"curies":[{"name":"wp","href":"https:\/\/api.w.org\/{rel}","templated":true}]}}