{"id":59504,"date":"2025-09-08T11:23:26","date_gmt":"2025-09-08T09:23:26","guid":{"rendered":"https:\/\/mula.es\/web\/?p=59504"},"modified":"2025-09-08T11:23:26","modified_gmt":"2025-09-08T09:23:26","slug":"plan-corresponsables-mula-presenta-el-plan-corresponsables-2025","status":"publish","type":"post","link":"https:\/\/mula.es\/web\/plan-corresponsables-mula-presenta-el-plan-corresponsables-2025\/","title":{"rendered":"PLAN CORRESPONSABLES | Mula presenta el Plan Corresponsables 2025"},"content":{"rendered":"<p><strong>NOTA DE PRENSA &#8211; 8 DE SEPTIEMBRE DE 2025<\/strong><\/p>\n<p><strong>\u00a0<\/strong><\/p>\n<h2><strong>\u00a0<\/strong><\/h2>\n<h2><strong>Mula presenta el Plan Corresponsables 2025 <\/strong><\/h2>\n<h2><strong>\u00a0<\/strong><\/h2>\n<p>La concejala de Igualdad, Ana Bel\u00e9n P\u00e9rez, acompa\u00f1ada por el concejal de Educaci\u00f3n, Diego Boluda, ha presentado hoy en el Ayuntamiento de Mula el <strong>Plan Corresponsables 2025<\/strong>, una iniciativa impulsada por el Ministerio de Igualdad del Gobierno de Espa\u00f1a, dotada con un presupuesto de <strong>121.568,90 \u20ac<\/strong>. El programa, aprobado por el Decreto 276\/2024 de 5 de diciembre, estar\u00e1 vigente del 1 de julio al 31 de diciembre de este a\u00f1o.<\/p>\n<p>El Plan tiene como objetivos principales <strong>favorecer la conciliaci\u00f3n de las familias con hijos e hijas de hasta 16 a\u00f1os<\/strong>, <strong>crear empleo de calidad en el sector de los cuidados<\/strong> y <strong>promover la sensibilizaci\u00f3n social en materia de igualdad y corresponsabilidad<\/strong>, impulsando nuevos modelos de masculinidades corresponsables e igualitarias.<\/p>\n<p>Entre las actuaciones ya realizadas destaca la <strong>Escuela de Verano y el Campus Deportivo<\/strong>, celebrados durante el mes de agosto en Mula y pedan\u00edas, que ofrecieron servicio a m\u00e1s de 200 menores.<\/p>\n<p>Este mes de septiembre arrancan dos de las actuaciones m\u00e1s destacadas:<\/p>\n<ul>\n<li><strong>Aulas Matinales<\/strong> en todos los colegios de Mula y Fuente Librilla.<\/li>\n<li><strong>Aulas Vespertinas<\/strong> en las pedan\u00edas de La Puebla, Y\u00e9char y Casas Nuevas.<\/li>\n<\/ul>\n<p>Ambos servicios son completamente gratuitos para las familias y estar\u00e1n disponibles a partir del <strong>9 de septiembre<\/strong>, previa inscripci\u00f3n en los centros educativos o a trav\u00e9s de los ped\u00e1neos.<\/p>\n<p>Adem\u00e1s, con motivo de las Fiestas Patronales, se celebrar\u00e1 la <strong>Feria Infantil \u2013 Ludoteca de Fiestas<\/strong>, del <strong>19 al 25 de septiembre en el Pabell\u00f3n Javi Garc\u00eda<\/strong>, con un amplio horario para facilitar la conciliaci\u00f3n durante los d\u00edas festivos y garantizar espacios de ocio educativo para los m\u00e1s peque\u00f1os.<\/p>\n<p>La concejala de Igualdad ha destacado que:<\/p>\n<p>\u201cGracias al Plan Corresponsables seguimos avanzando en igualdad y conciliaci\u00f3n, ofreciendo recursos reales a las familias mule\u00f1as. Nuestro compromiso es que la igualdad no se quede en palabras, sino que se traduzca en oportunidades y servicios que mejoren la vida diaria de nuestros vecinos y vecinas\u201d.<\/p>\n<p>El Ayuntamiento de Mula reafirma as\u00ed su compromiso con la igualdad efectiva entre mujeres y hombres, garantizando que este plan sea un <strong>motor de apoyo a las familias, de empleo y de bienestar social<\/strong> en el municipio.<\/p>\n<p><a href=\"https:\/\/mula.es\/web\/wp-content\/uploads\/2025\/09\/1-4-scaled.jpg\"><img decoding=\"async\" data-attachment-id=\"59505\" data-permalink=\"https:\/\/mula.es\/web\/plan-corresponsables-mula-presenta-el-plan-corresponsables-2025\/1-336\/\" data-orig-file=\"https:\/\/mula.es\/web\/wp-content\/uploads\/2025\/09\/1-4-scaled.jpg\" data-orig-size=\"2560,1707\" data-comments-opened=\"0\" data-image-meta=\"{&quot;aperture&quot;:&quot;0&quot;,&quot;credit&quot;:&quot;&quot;,&quot;camera&quot;:&quot;&quot;,&quot;caption&quot;:&quot;&quot;,&quot;created_timestamp&quot;:&quot;0&quot;,&quot;copyright&quot;:&quot;&quot;,&quot;focal_length&quot;:&quot;0&quot;,&quot;iso&quot;:&quot;0&quot;,&quot;shutter_speed&quot;:&quot;0&quot;,&quot;title&quot;:&quot;&quot;,&quot;orientation&quot;:&quot;1&quot;}\" data-image-title=\"1\" data-image-description=\"\" data-image-caption=\"\" data-large-file=\"https:\/\/mula.es\/web\/wp-content\/uploads\/2025\/09\/1-4-1024x683.jpg\" class=\"alignnone size-medium wp-image-59505\" src=\"https:\/\/mula.es\/web\/wp-content\/uploads\/2025\/09\/1-4-300x200.jpg\" alt=\"\" width=\"300\" height=\"200\" srcset=\"https:\/\/mula.es\/web\/wp-content\/uploads\/2025\/09\/1-4-200x133.jpg 200w, https:\/\/mula.es\/web\/wp-content\/uploads\/2025\/09\/1-4-300x200.jpg 300w, https:\/\/mula.es\/web\/wp-content\/uploads\/2025\/09\/1-4-400x267.jpg 400w, https:\/\/mula.es\/web\/wp-content\/uploads\/2025\/09\/1-4-600x400.jpg 600w, https:\/\/mula.es\/web\/wp-content\/uploads\/2025\/09\/1-4-768x512.jpg 768w, https:\/\/mula.es\/web\/wp-content\/uploads\/2025\/09\/1-4-800x533.jpg 800w, https:\/\/mula.es\/web\/wp-content\/uploads\/2025\/09\/1-4-1024x683.jpg 1024w, https:\/\/mula.es\/web\/wp-content\/uploads\/2025\/09\/1-4-1200x800.jpg 1200w, https:\/\/mula.es\/web\/wp-content\/uploads\/2025\/09\/1-4-1536x1024.jpg 1536w\" sizes=\"(max-width: 300px) 100vw, 300px\" \/><\/a> <a href=\"https:\/\/mula.es\/web\/wp-content\/uploads\/2025\/09\/2-2-scaled.jpg\"><img decoding=\"async\" data-attachment-id=\"59506\" data-permalink=\"https:\/\/mula.es\/web\/plan-corresponsables-mula-presenta-el-plan-corresponsables-2025\/2-313\/\" data-orig-file=\"https:\/\/mula.es\/web\/wp-content\/uploads\/2025\/09\/2-2-scaled.jpg\" data-orig-size=\"2560,1707\" data-comments-opened=\"0\" data-image-meta=\"{&quot;aperture&quot;:&quot;0&quot;,&quot;credit&quot;:&quot;&quot;,&quot;camera&quot;:&quot;&quot;,&quot;caption&quot;:&quot;&quot;,&quot;created_timestamp&quot;:&quot;0&quot;,&quot;copyright&quot;:&quot;&quot;,&quot;focal_length&quot;:&quot;0&quot;,&quot;iso&quot;:&quot;0&quot;,&quot;shutter_speed&quot;:&quot;0&quot;,&quot;title&quot;:&quot;&quot;,&quot;orientation&quot;:&quot;1&quot;}\" data-image-title=\"2\" data-image-description=\"\" data-image-caption=\"\" data-large-file=\"https:\/\/mula.es\/web\/wp-content\/uploads\/2025\/09\/2-2-1024x683.jpg\" class=\"alignnone size-medium wp-image-59506\" src=\"https:\/\/mula.es\/web\/wp-content\/uploads\/2025\/09\/2-2-300x200.jpg\" alt=\"\" width=\"300\" height=\"200\" srcset=\"https:\/\/mula.es\/web\/wp-content\/uploads\/2025\/09\/2-2-200x133.jpg 200w, https:\/\/mula.es\/web\/wp-content\/uploads\/2025\/09\/2-2-300x200.jpg 300w, https:\/\/mula.es\/web\/wp-content\/uploads\/2025\/09\/2-2-400x267.jpg 400w, https:\/\/mula.es\/web\/wp-content\/uploads\/2025\/09\/2-2-600x400.jpg 600w, https:\/\/mula.es\/web\/wp-content\/uploads\/2025\/09\/2-2-768x512.jpg 768w, https:\/\/mula.es\/web\/wp-content\/uploads\/2025\/09\/2-2-800x533.jpg 800w, https:\/\/mula.es\/web\/wp-content\/uploads\/2025\/09\/2-2-1024x683.jpg 1024w, https:\/\/mula.es\/web\/wp-content\/uploads\/2025\/09\/2-2-1200x800.jpg 1200w, https:\/\/mula.es\/web\/wp-content\/uploads\/2025\/09\/2-2-1536x1024.jpg 1536w\" sizes=\"(max-width: 300px) 100vw, 300px\" \/><\/a> <a href=\"https:\/\/mula.es\/web\/wp-content\/uploads\/2025\/09\/3-2-scaled.jpg\"><img decoding=\"async\" data-attachment-id=\"59507\" data-permalink=\"https:\/\/mula.es\/web\/plan-corresponsables-mula-presenta-el-plan-corresponsables-2025\/3-270\/\" data-orig-file=\"https:\/\/mula.es\/web\/wp-content\/uploads\/2025\/09\/3-2-scaled.jpg\" data-orig-size=\"2560,1707\" data-comments-opened=\"0\" data-image-meta=\"{&quot;aperture&quot;:&quot;0&quot;,&quot;credit&quot;:&quot;&quot;,&quot;camera&quot;:&quot;&quot;,&quot;caption&quot;:&quot;&quot;,&quot;created_timestamp&quot;:&quot;0&quot;,&quot;copyright&quot;:&quot;&quot;,&quot;focal_length&quot;:&quot;0&quot;,&quot;iso&quot;:&quot;0&quot;,&quot;shutter_speed&quot;:&quot;0&quot;,&quot;title&quot;:&quot;&quot;,&quot;orientation&quot;:&quot;1&quot;}\" data-image-title=\"3\" data-image-description=\"\" data-image-caption=\"\" data-large-file=\"https:\/\/mula.es\/web\/wp-content\/uploads\/2025\/09\/3-2-1024x683.jpg\" class=\"alignnone size-medium wp-image-59507\" src=\"https:\/\/mula.es\/web\/wp-content\/uploads\/2025\/09\/3-2-300x200.jpg\" alt=\"\" width=\"300\" height=\"200\" srcset=\"https:\/\/mula.es\/web\/wp-content\/uploads\/2025\/09\/3-2-200x133.jpg 200w, https:\/\/mula.es\/web\/wp-content\/uploads\/2025\/09\/3-2-300x200.jpg 300w, https:\/\/mula.es\/web\/wp-content\/uploads\/2025\/09\/3-2-400x267.jpg 400w, https:\/\/mula.es\/web\/wp-content\/uploads\/2025\/09\/3-2-600x400.jpg 600w, https:\/\/mula.es\/web\/wp-content\/uploads\/2025\/09\/3-2-768x512.jpg 768w, https:\/\/mula.es\/web\/wp-content\/uploads\/2025\/09\/3-2-800x533.jpg 800w, https:\/\/mula.es\/web\/wp-content\/uploads\/2025\/09\/3-2-1024x683.jpg 1024w, https:\/\/mula.es\/web\/wp-content\/uploads\/2025\/09\/3-2-1200x800.jpg 1200w, https:\/\/mula.es\/web\/wp-content\/uploads\/2025\/09\/3-2-1536x1024.jpg 1536w\" sizes=\"(max-width: 300px) 100vw, 300px\" \/><\/a> <a href=\"https:\/\/mula.es\/web\/wp-content\/uploads\/2025\/09\/4-2-scaled.jpg\"><img decoding=\"async\" data-attachment-id=\"59508\" data-permalink=\"https:\/\/mula.es\/web\/plan-corresponsables-mula-presenta-el-plan-corresponsables-2025\/4-200\/\" data-orig-file=\"https:\/\/mula.es\/web\/wp-content\/uploads\/2025\/09\/4-2-scaled.jpg\" data-orig-size=\"2560,1707\" data-comments-opened=\"0\" data-image-meta=\"{&quot;aperture&quot;:&quot;0&quot;,&quot;credit&quot;:&quot;&quot;,&quot;camera&quot;:&quot;&quot;,&quot;caption&quot;:&quot;&quot;,&quot;created_timestamp&quot;:&quot;0&quot;,&quot;copyright&quot;:&quot;&quot;,&quot;focal_length&quot;:&quot;0&quot;,&quot;iso&quot;:&quot;0&quot;,&quot;shutter_speed&quot;:&quot;0&quot;,&quot;title&quot;:&quot;&quot;,&quot;orientation&quot;:&quot;1&quot;}\" data-image-title=\"4\" data-image-description=\"\" data-image-caption=\"\" data-large-file=\"https:\/\/mula.es\/web\/wp-content\/uploads\/2025\/09\/4-2-1024x683.jpg\" class=\"alignnone size-medium wp-image-59508\" src=\"https:\/\/mula.es\/web\/wp-content\/uploads\/2025\/09\/4-2-300x200.jpg\" alt=\"\" width=\"300\" height=\"200\" srcset=\"https:\/\/mula.es\/web\/wp-content\/uploads\/2025\/09\/4-2-200x133.jpg 200w, https:\/\/mula.es\/web\/wp-content\/uploads\/2025\/09\/4-2-300x200.jpg 300w, https:\/\/mula.es\/web\/wp-content\/uploads\/2025\/09\/4-2-400x267.jpg 400w, https:\/\/mula.es\/web\/wp-content\/uploads\/2025\/09\/4-2-600x400.jpg 600w, https:\/\/mula.es\/web\/wp-content\/uploads\/2025\/09\/4-2-768x512.jpg 768w, https:\/\/mula.es\/web\/wp-content\/uploads\/2025\/09\/4-2-800x533.jpg 800w, https:\/\/mula.es\/web\/wp-content\/uploads\/2025\/09\/4-2-1024x683.jpg 1024w, https:\/\/mula.es\/web\/wp-content\/uploads\/2025\/09\/4-2-1200x800.jpg 1200w, https:\/\/mula.es\/web\/wp-content\/uploads\/2025\/09\/4-2-1536x1024.jpg 1536w\" sizes=\"(max-width: 300px) 100vw, 300px\" \/><\/a> <a href=\"https:\/\/mula.es\/web\/wp-content\/uploads\/2025\/09\/5-1-scaled.jpg\"><img decoding=\"async\" data-attachment-id=\"59509\" data-permalink=\"https:\/\/mula.es\/web\/plan-corresponsables-mula-presenta-el-plan-corresponsables-2025\/5-149\/\" data-orig-file=\"https:\/\/mula.es\/web\/wp-content\/uploads\/2025\/09\/5-1-scaled.jpg\" data-orig-size=\"2560,1707\" data-comments-opened=\"0\" data-image-meta=\"{&quot;aperture&quot;:&quot;0&quot;,&quot;credit&quot;:&quot;&quot;,&quot;camera&quot;:&quot;&quot;,&quot;caption&quot;:&quot;&quot;,&quot;created_timestamp&quot;:&quot;0&quot;,&quot;copyright&quot;:&quot;&quot;,&quot;focal_length&quot;:&quot;0&quot;,&quot;iso&quot;:&quot;0&quot;,&quot;shutter_speed&quot;:&quot;0&quot;,&quot;title&quot;:&quot;&quot;,&quot;orientation&quot;:&quot;1&quot;}\" data-image-title=\"5\" data-image-description=\"\" data-image-caption=\"\" data-large-file=\"https:\/\/mula.es\/web\/wp-content\/uploads\/2025\/09\/5-1-1024x683.jpg\" class=\"alignnone size-medium wp-image-59509\" src=\"https:\/\/mula.es\/web\/wp-content\/uploads\/2025\/09\/5-1-300x200.jpg\" alt=\"\" width=\"300\" height=\"200\" srcset=\"https:\/\/mula.es\/web\/wp-content\/uploads\/2025\/09\/5-1-200x133.jpg 200w, https:\/\/mula.es\/web\/wp-content\/uploads\/2025\/09\/5-1-300x200.jpg 300w, https:\/\/mula.es\/web\/wp-content\/uploads\/2025\/09\/5-1-400x267.jpg 400w, https:\/\/mula.es\/web\/wp-content\/uploads\/2025\/09\/5-1-600x400.jpg 600w, https:\/\/mula.es\/web\/wp-content\/uploads\/2025\/09\/5-1-768x512.jpg 768w, https:\/\/mula.es\/web\/wp-content\/uploads\/2025\/09\/5-1-800x533.jpg 800w, https:\/\/mula.es\/web\/wp-content\/uploads\/2025\/09\/5-1-1024x683.jpg 1024w, https:\/\/mula.es\/web\/wp-content\/uploads\/2025\/09\/5-1-1200x800.jpg 1200w, https:\/\/mula.es\/web\/wp-content\/uploads\/2025\/09\/5-1-1536x1024.jpg 1536w\" sizes=\"(max-width: 300px) 100vw, 300px\" \/><\/a> <a href=\"https:\/\/mula.es\/web\/wp-content\/uploads\/2025\/09\/6-1-scaled.jpg\"><img decoding=\"async\" data-attachment-id=\"59510\" data-permalink=\"https:\/\/mula.es\/web\/plan-corresponsables-mula-presenta-el-plan-corresponsables-2025\/6-98\/\" data-orig-file=\"https:\/\/mula.es\/web\/wp-content\/uploads\/2025\/09\/6-1-scaled.jpg\" data-orig-size=\"2560,1707\" data-comments-opened=\"0\" data-image-meta=\"{&quot;aperture&quot;:&quot;0&quot;,&quot;credit&quot;:&quot;&quot;,&quot;camera&quot;:&quot;&quot;,&quot;caption&quot;:&quot;&quot;,&quot;created_timestamp&quot;:&quot;0&quot;,&quot;copyright&quot;:&quot;&quot;,&quot;focal_length&quot;:&quot;0&quot;,&quot;iso&quot;:&quot;0&quot;,&quot;shutter_speed&quot;:&quot;0&quot;,&quot;title&quot;:&quot;&quot;,&quot;orientation&quot;:&quot;1&quot;}\" data-image-title=\"6\" data-image-description=\"\" data-image-caption=\"\" data-large-file=\"https:\/\/mula.es\/web\/wp-content\/uploads\/2025\/09\/6-1-1024x683.jpg\" class=\"alignnone size-medium wp-image-59510\" src=\"https:\/\/mula.es\/web\/wp-content\/uploads\/2025\/09\/6-1-300x200.jpg\" alt=\"\" width=\"300\" height=\"200\" srcset=\"https:\/\/mula.es\/web\/wp-content\/uploads\/2025\/09\/6-1-200x133.jpg 200w, https:\/\/mula.es\/web\/wp-content\/uploads\/2025\/09\/6-1-300x200.jpg 300w, https:\/\/mula.es\/web\/wp-content\/uploads\/2025\/09\/6-1-400x267.jpg 400w, https:\/\/mula.es\/web\/wp-content\/uploads\/2025\/09\/6-1-600x400.jpg 600w, https:\/\/mula.es\/web\/wp-content\/uploads\/2025\/09\/6-1-768x512.jpg 768w, https:\/\/mula.es\/web\/wp-content\/uploads\/2025\/09\/6-1-800x533.jpg 800w, https:\/\/mula.es\/web\/wp-content\/uploads\/2025\/09\/6-1-1024x683.jpg 1024w, https:\/\/mula.es\/web\/wp-content\/uploads\/2025\/09\/6-1-1200x800.jpg 1200w, https:\/\/mula.es\/web\/wp-content\/uploads\/2025\/09\/6-1-1536x1024.jpg 1536w\" sizes=\"(max-width: 300px) 100vw, 300px\" \/><\/a> <a href=\"https:\/\/mula.es\/web\/wp-content\/uploads\/2025\/09\/7-1-scaled.jpg\"><img decoding=\"async\" data-attachment-id=\"59511\" data-permalink=\"https:\/\/mula.es\/web\/plan-corresponsables-mula-presenta-el-plan-corresponsables-2025\/7-82\/\" data-orig-file=\"https:\/\/mula.es\/web\/wp-content\/uploads\/2025\/09\/7-1-scaled.jpg\" data-orig-size=\"2560,1707\" data-comments-opened=\"0\" data-image-meta=\"{&quot;aperture&quot;:&quot;0&quot;,&quot;credit&quot;:&quot;&quot;,&quot;camera&quot;:&quot;&quot;,&quot;caption&quot;:&quot;&quot;,&quot;created_timestamp&quot;:&quot;0&quot;,&quot;copyright&quot;:&quot;&quot;,&quot;focal_length&quot;:&quot;0&quot;,&quot;iso&quot;:&quot;0&quot;,&quot;shutter_speed&quot;:&quot;0&quot;,&quot;title&quot;:&quot;&quot;,&quot;orientation&quot;:&quot;1&quot;}\" data-image-title=\"7\" data-image-description=\"\" data-image-caption=\"\" data-large-file=\"https:\/\/mula.es\/web\/wp-content\/uploads\/2025\/09\/7-1-1024x683.jpg\" class=\"alignnone size-medium wp-image-59511\" src=\"https:\/\/mula.es\/web\/wp-content\/uploads\/2025\/09\/7-1-300x200.jpg\" alt=\"\" width=\"300\" height=\"200\" srcset=\"https:\/\/mula.es\/web\/wp-content\/uploads\/2025\/09\/7-1-200x133.jpg 200w, https:\/\/mula.es\/web\/wp-content\/uploads\/2025\/09\/7-1-300x200.jpg 300w, https:\/\/mula.es\/web\/wp-content\/uploads\/2025\/09\/7-1-400x267.jpg 400w, https:\/\/mula.es\/web\/wp-content\/uploads\/2025\/09\/7-1-600x400.jpg 600w, https:\/\/mula.es\/web\/wp-content\/uploads\/2025\/09\/7-1-768x512.jpg 768w, https:\/\/mula.es\/web\/wp-content\/uploads\/2025\/09\/7-1-800x533.jpg 800w, https:\/\/mula.es\/web\/wp-content\/uploads\/2025\/09\/7-1-1024x683.jpg 1024w, https:\/\/mula.es\/web\/wp-content\/uploads\/2025\/09\/7-1-1200x800.jpg 1200w, https:\/\/mula.es\/web\/wp-content\/uploads\/2025\/09\/7-1-1536x1024.jpg 1536w\" sizes=\"(max-width: 300px) 100vw, 300px\" \/><\/a><\/p>\n","protected":false},"excerpt":{"rendered":"<p>NOTA DE PRENSA &#8211; 8 DE SEPTIEMBRE DE 2025 \u00a0 \u00a0 Mula presenta el Plan Corresponsables 2025 \u00a0 La concejala de Igualdad, Ana Bel\u00e9n P\u00e9rez, acompa\u00f1ada por el concejal de Educaci\u00f3n, Diego Boluda, ha presentado hoy en el Ayuntamiento de Mula el Plan Corresponsables 2025, una iniciativa impulsada por el Ministerio de Igualdad del Gobierno  [&#8230;]<\/p>\n","protected":false},"author":13,"featured_media":33512,"comment_status":"closed","ping_status":"closed","sticky":false,"template":"","format":"standard","meta":{"jetpack_post_was_ever_published":false,"_jetpack_newsletter_access":"","_jetpack_dont_email_post_to_subs":false,"_jetpack_newsletter_tier_id":0,"_jetpack_memberships_contains_paywalled_content":false,"_jetpack_memberships_contains_paid_content":false,"footnotes":"","jetpack_publicize_message":"","jetpack_publicize_feature_enabled":true,"jetpack_social_post_already_shared":true,"jetpack_social_options":{"image_generator_settings":{"template":"highway","default_image_id":0,"font":"","enabled":false},"version":2}},"categories":[147,803],"tags":[],"class_list":["post-59504","post","type-post","status-publish","format-standard","has-post-thumbnail","hentry","category-igualdad","category-plan-corresponsables"],"yoast_head":"<!-- This site is optimized with the Yoast SEO plugin v27.4 - https:\/\/yoast.com\/product\/yoast-seo-wordpress\/ -->\n<title>PLAN CORRESPONSABLES | Mula presenta el Plan Corresponsables 2025 - Ayuntamiento de Mula<\/title>\n<meta name=\"robots\" content=\"index, follow, max-snippet:-1, max-image-preview:large, max-video-preview:-1\" \/>\n<link rel=\"canonical\" href=\"https:\/\/mula.es\/web\/plan-corresponsables-mula-presenta-el-plan-corresponsables-2025\/\" \/>\n<meta property=\"og:locale\" content=\"es_ES\" \/>\n<meta property=\"og:type\" content=\"article\" \/>\n<meta property=\"og:title\" content=\"PLAN CORRESPONSABLES | Mula presenta el Plan Corresponsables 2025 - Ayuntamiento de Mula\" \/>\n<meta property=\"og:description\" content=\"NOTA DE PRENSA &#8211; 8 DE SEPTIEMBRE DE 2025 \u00a0 \u00a0 Mula presenta el Plan Corresponsables 2025 \u00a0 La concejala de Igualdad, Ana Bel\u00e9n P\u00e9rez, acompa\u00f1ada por el concejal de Educaci\u00f3n, Diego Boluda, ha presentado hoy en el Ayuntamiento de Mula el Plan Corresponsables 2025, una iniciativa impulsada por el Ministerio de Igualdad del Gobierno [...]\" \/>\n<meta property=\"og:url\" content=\"https:\/\/mula.es\/web\/plan-corresponsables-mula-presenta-el-plan-corresponsables-2025\/\" \/>\n<meta property=\"og:site_name\" content=\"Ayuntamiento de Mula\" \/>\n<meta property=\"article:published_time\" content=\"2025-09-08T09:23:26+00:00\" \/>\n<meta property=\"og:image\" content=\"https:\/\/mula.es\/web\/wp-content\/uploads\/2020\/06\/escudo-cuadrado-e1591045058235.jpg\" \/>\n\t<meta property=\"og:image:width\" content=\"200\" \/>\n\t<meta property=\"og:image:height\" content=\"218\" \/>\n\t<meta property=\"og:image:type\" content=\"image\/jpeg\" \/>\n<meta name=\"author\" content=\"Laura Salas Orcajada\" \/>\n<meta name=\"twitter:card\" content=\"summary_large_image\" \/>\n<meta name=\"twitter:creator\" content=\"@AyuntamientMula\" \/>\n<meta name=\"twitter:site\" content=\"@AyuntamientMula\" \/>\n<meta name=\"twitter:label1\" content=\"Escrito por\" \/>\n\t<meta name=\"twitter:data1\" content=\"Laura Salas Orcajada\" \/>\n\t<meta name=\"twitter:label2\" content=\"Tiempo de lectura\" \/>\n\t<meta name=\"twitter:data2\" content=\"4 minutos\" \/>\n<script type=\"application\/ld+json\" class=\"yoast-schema-graph\">{\"@context\":\"https:\\\/\\\/schema.org\",\"@graph\":[{\"@type\":\"Article\",\"@id\":\"https:\\\/\\\/mula.es\\\/web\\\/plan-corresponsables-mula-presenta-el-plan-corresponsables-2025\\\/#article\",\"isPartOf\":{\"@id\":\"https:\\\/\\\/mula.es\\\/web\\\/plan-corresponsables-mula-presenta-el-plan-corresponsables-2025\\\/\"},\"author\":{\"name\":\"Laura Salas Orcajada\",\"@id\":\"https:\\\/\\\/mula.es\\\/web\\\/#\\\/schema\\\/person\\\/4f10179bd364f40dceed361e61e4033f\"},\"headline\":\"PLAN CORRESPONSABLES | Mula presenta el Plan Corresponsables 2025\",\"datePublished\":\"2025-09-08T09:23:26+00:00\",\"mainEntityOfPage\":{\"@id\":\"https:\\\/\\\/mula.es\\\/web\\\/plan-corresponsables-mula-presenta-el-plan-corresponsables-2025\\\/\"},\"wordCount\":386,\"image\":{\"@id\":\"https:\\\/\\\/mula.es\\\/web\\\/plan-corresponsables-mula-presenta-el-plan-corresponsables-2025\\\/#primaryimage\"},\"thumbnailUrl\":\"https:\\\/\\\/mula.es\\\/web\\\/wp-content\\\/uploads\\\/2020\\\/06\\\/escudo-cuadrado-e1591045058235.jpg\",\"articleSection\":[\"igualdad\",\"PLAN CORRESPONSABLES\"],\"inLanguage\":\"es\"},{\"@type\":\"WebPage\",\"@id\":\"https:\\\/\\\/mula.es\\\/web\\\/plan-corresponsables-mula-presenta-el-plan-corresponsables-2025\\\/\",\"url\":\"https:\\\/\\\/mula.es\\\/web\\\/plan-corresponsables-mula-presenta-el-plan-corresponsables-2025\\\/\",\"name\":\"PLAN CORRESPONSABLES | Mula presenta el Plan Corresponsables 2025 - Ayuntamiento de Mula\",\"isPartOf\":{\"@id\":\"https:\\\/\\\/mula.es\\\/web\\\/#website\"},\"primaryImageOfPage\":{\"@id\":\"https:\\\/\\\/mula.es\\\/web\\\/plan-corresponsables-mula-presenta-el-plan-corresponsables-2025\\\/#primaryimage\"},\"image\":{\"@id\":\"https:\\\/\\\/mula.es\\\/web\\\/plan-corresponsables-mula-presenta-el-plan-corresponsables-2025\\\/#primaryimage\"},\"thumbnailUrl\":\"https:\\\/\\\/mula.es\\\/web\\\/wp-content\\\/uploads\\\/2020\\\/06\\\/escudo-cuadrado-e1591045058235.jpg\",\"datePublished\":\"2025-09-08T09:23:26+00:00\",\"author\":{\"@id\":\"https:\\\/\\\/mula.es\\\/web\\\/#\\\/schema\\\/person\\\/4f10179bd364f40dceed361e61e4033f\"},\"breadcrumb\":{\"@id\":\"https:\\\/\\\/mula.es\\\/web\\\/plan-corresponsables-mula-presenta-el-plan-corresponsables-2025\\\/#breadcrumb\"},\"inLanguage\":\"es\",\"potentialAction\":[{\"@type\":\"ReadAction\",\"target\":[\"https:\\\/\\\/mula.es\\\/web\\\/plan-corresponsables-mula-presenta-el-plan-corresponsables-2025\\\/\"]}]},{\"@type\":\"ImageObject\",\"inLanguage\":\"es\",\"@id\":\"https:\\\/\\\/mula.es\\\/web\\\/plan-corresponsables-mula-presenta-el-plan-corresponsables-2025\\\/#primaryimage\",\"url\":\"https:\\\/\\\/mula.es\\\/web\\\/wp-content\\\/uploads\\\/2020\\\/06\\\/escudo-cuadrado-e1591045058235.jpg\",\"contentUrl\":\"https:\\\/\\\/mula.es\\\/web\\\/wp-content\\\/uploads\\\/2020\\\/06\\\/escudo-cuadrado-e1591045058235.jpg\",\"width\":200,\"height\":218},{\"@type\":\"BreadcrumbList\",\"@id\":\"https:\\\/\\\/mula.es\\\/web\\\/plan-corresponsables-mula-presenta-el-plan-corresponsables-2025\\\/#breadcrumb\",\"itemListElement\":[{\"@type\":\"ListItem\",\"position\":1,\"name\":\"Portada\",\"item\":\"https:\\\/\\\/mula.es\\\/web\\\/\"},{\"@type\":\"ListItem\",\"position\":2,\"name\":\"PLAN CORRESPONSABLES | Mula presenta el Plan Corresponsables 2025\"}]},{\"@type\":\"WebSite\",\"@id\":\"https:\\\/\\\/mula.es\\\/web\\\/#website\",\"url\":\"https:\\\/\\\/mula.es\\\/web\\\/\",\"name\":\"Ayuntamiento de Mula\",\"description\":\"P\u00e1gina web del Ayuntamiento de Mula (Regi\u00f3n de Murcia)\",\"potentialAction\":[{\"@type\":\"SearchAction\",\"target\":{\"@type\":\"EntryPoint\",\"urlTemplate\":\"https:\\\/\\\/mula.es\\\/web\\\/?s={search_term_string}\"},\"query-input\":{\"@type\":\"PropertyValueSpecification\",\"valueRequired\":true,\"valueName\":\"search_term_string\"}}],\"inLanguage\":\"es\"},{\"@type\":\"Person\",\"@id\":\"https:\\\/\\\/mula.es\\\/web\\\/#\\\/schema\\\/person\\\/4f10179bd364f40dceed361e61e4033f\",\"name\":\"Laura Salas Orcajada\",\"image\":{\"@type\":\"ImageObject\",\"inLanguage\":\"es\",\"@id\":\"https:\\\/\\\/secure.gravatar.com\\\/avatar\\\/786f2a223d9a455e2a448f78b5dcc1117207ef56ef3d9a04df338c0f775cd403?s=96&d=mm&r=g\",\"url\":\"https:\\\/\\\/secure.gravatar.com\\\/avatar\\\/786f2a223d9a455e2a448f78b5dcc1117207ef56ef3d9a04df338c0f775cd403?s=96&d=mm&r=g\",\"contentUrl\":\"https:\\\/\\\/secure.gravatar.com\\\/avatar\\\/786f2a223d9a455e2a448f78b5dcc1117207ef56ef3d9a04df338c0f775cd403?s=96&d=mm&r=g\",\"caption\":\"Laura Salas Orcajada\"},\"url\":\"https:\\\/\\\/mula.es\\\/web\\\/author\\\/lsalas\\\/\"}]}<\/script>\n<!-- \/ Yoast SEO plugin. -->","yoast_head_json":{"title":"PLAN CORRESPONSABLES | Mula presenta el Plan Corresponsables 2025 - Ayuntamiento de Mula","robots":{"index":"index","follow":"follow","max-snippet":"max-snippet:-1","max-image-preview":"max-image-preview:large","max-video-preview":"max-video-preview:-1"},"canonical":"https:\/\/mula.es\/web\/plan-corresponsables-mula-presenta-el-plan-corresponsables-2025\/","og_locale":"es_ES","og_type":"article","og_title":"PLAN CORRESPONSABLES | Mula presenta el Plan Corresponsables 2025 - Ayuntamiento de Mula","og_description":"NOTA DE PRENSA &#8211; 8 DE SEPTIEMBRE DE 2025 \u00a0 \u00a0 Mula presenta el Plan Corresponsables 2025 \u00a0 La concejala de Igualdad, Ana Bel\u00e9n P\u00e9rez, acompa\u00f1ada por el concejal de Educaci\u00f3n, Diego Boluda, ha presentado hoy en el Ayuntamiento de Mula el Plan Corresponsables 2025, una iniciativa impulsada por el Ministerio de Igualdad del Gobierno [...]","og_url":"https:\/\/mula.es\/web\/plan-corresponsables-mula-presenta-el-plan-corresponsables-2025\/","og_site_name":"Ayuntamiento de Mula","article_published_time":"2025-09-08T09:23:26+00:00","og_image":[{"width":200,"height":218,"url":"https:\/\/mula.es\/web\/wp-content\/uploads\/2020\/06\/escudo-cuadrado-e1591045058235.jpg","type":"image\/jpeg"}],"author":"Laura Salas Orcajada","twitter_card":"summary_large_image","twitter_creator":"@AyuntamientMula","twitter_site":"@AyuntamientMula","twitter_misc":{"Escrito por":"Laura Salas Orcajada","Tiempo de lectura":"4 minutos"},"schema":{"@context":"https:\/\/schema.org","@graph":[{"@type":"Article","@id":"https:\/\/mula.es\/web\/plan-corresponsables-mula-presenta-el-plan-corresponsables-2025\/#article","isPartOf":{"@id":"https:\/\/mula.es\/web\/plan-corresponsables-mula-presenta-el-plan-corresponsables-2025\/"},"author":{"name":"Laura Salas Orcajada","@id":"https:\/\/mula.es\/web\/#\/schema\/person\/4f10179bd364f40dceed361e61e4033f"},"headline":"PLAN CORRESPONSABLES | Mula presenta el Plan Corresponsables 2025","datePublished":"2025-09-08T09:23:26+00:00","mainEntityOfPage":{"@id":"https:\/\/mula.es\/web\/plan-corresponsables-mula-presenta-el-plan-corresponsables-2025\/"},"wordCount":386,"image":{"@id":"https:\/\/mula.es\/web\/plan-corresponsables-mula-presenta-el-plan-corresponsables-2025\/#primaryimage"},"thumbnailUrl":"https:\/\/mula.es\/web\/wp-content\/uploads\/2020\/06\/escudo-cuadrado-e1591045058235.jpg","articleSection":["igualdad","PLAN CORRESPONSABLES"],"inLanguage":"es"},{"@type":"WebPage","@id":"https:\/\/mula.es\/web\/plan-corresponsables-mula-presenta-el-plan-corresponsables-2025\/","url":"https:\/\/mula.es\/web\/plan-corresponsables-mula-presenta-el-plan-corresponsables-2025\/","name":"PLAN CORRESPONSABLES | Mula presenta el Plan Corresponsables 2025 - Ayuntamiento de Mula","isPartOf":{"@id":"https:\/\/mula.es\/web\/#website"},"primaryImageOfPage":{"@id":"https:\/\/mula.es\/web\/plan-corresponsables-mula-presenta-el-plan-corresponsables-2025\/#primaryimage"},"image":{"@id":"https:\/\/mula.es\/web\/plan-corresponsables-mula-presenta-el-plan-corresponsables-2025\/#primaryimage"},"thumbnailUrl":"https:\/\/mula.es\/web\/wp-content\/uploads\/2020\/06\/escudo-cuadrado-e1591045058235.jpg","datePublished":"2025-09-08T09:23:26+00:00","author":{"@id":"https:\/\/mula.es\/web\/#\/schema\/person\/4f10179bd364f40dceed361e61e4033f"},"breadcrumb":{"@id":"https:\/\/mula.es\/web\/plan-corresponsables-mula-presenta-el-plan-corresponsables-2025\/#breadcrumb"},"inLanguage":"es","potentialAction":[{"@type":"ReadAction","target":["https:\/\/mula.es\/web\/plan-corresponsables-mula-presenta-el-plan-corresponsables-2025\/"]}]},{"@type":"ImageObject","inLanguage":"es","@id":"https:\/\/mula.es\/web\/plan-corresponsables-mula-presenta-el-plan-corresponsables-2025\/#primaryimage","url":"https:\/\/mula.es\/web\/wp-content\/uploads\/2020\/06\/escudo-cuadrado-e1591045058235.jpg","contentUrl":"https:\/\/mula.es\/web\/wp-content\/uploads\/2020\/06\/escudo-cuadrado-e1591045058235.jpg","width":200,"height":218},{"@type":"BreadcrumbList","@id":"https:\/\/mula.es\/web\/plan-corresponsables-mula-presenta-el-plan-corresponsables-2025\/#breadcrumb","itemListElement":[{"@type":"ListItem","position":1,"name":"Portada","item":"https:\/\/mula.es\/web\/"},{"@type":"ListItem","position":2,"name":"PLAN CORRESPONSABLES | Mula presenta el Plan Corresponsables 2025"}]},{"@type":"WebSite","@id":"https:\/\/mula.es\/web\/#website","url":"https:\/\/mula.es\/web\/","name":"Ayuntamiento de Mula","description":"P\u00e1gina web del Ayuntamiento de Mula (Regi\u00f3n de Murcia)","potentialAction":[{"@type":"SearchAction","target":{"@type":"EntryPoint","urlTemplate":"https:\/\/mula.es\/web\/?s={search_term_string}"},"query-input":{"@type":"PropertyValueSpecification","valueRequired":true,"valueName":"search_term_string"}}],"inLanguage":"es"},{"@type":"Person","@id":"https:\/\/mula.es\/web\/#\/schema\/person\/4f10179bd364f40dceed361e61e4033f","name":"Laura Salas Orcajada","image":{"@type":"ImageObject","inLanguage":"es","@id":"https:\/\/secure.gravatar.com\/avatar\/786f2a223d9a455e2a448f78b5dcc1117207ef56ef3d9a04df338c0f775cd403?s=96&d=mm&r=g","url":"https:\/\/secure.gravatar.com\/avatar\/786f2a223d9a455e2a448f78b5dcc1117207ef56ef3d9a04df338c0f775cd403?s=96&d=mm&r=g","contentUrl":"https:\/\/secure.gravatar.com\/avatar\/786f2a223d9a455e2a448f78b5dcc1117207ef56ef3d9a04df338c0f775cd403?s=96&d=mm&r=g","caption":"Laura Salas Orcajada"},"url":"https:\/\/mula.es\/web\/author\/lsalas\/"}]}},"jetpack_publicize_connections":[],"jetpack_featured_media_url":"https:\/\/mula.es\/web\/wp-content\/uploads\/2020\/06\/escudo-cuadrado-e1591045058235.jpg","jetpack_sharing_enabled":true,"jetpack_shortlink":"https:\/\/wp.me\/pa9DMY-ftK","jetpack-related-posts":[],"_links":{"self":[{"href":"https:\/\/mula.es\/web\/wp-json\/wp\/v2\/posts\/59504","targetHints":{"allow":["GET"]}}],"collection":[{"href":"https:\/\/mula.es\/web\/wp-json\/wp\/v2\/posts"}],"about":[{"href":"https:\/\/mula.es\/web\/wp-json\/wp\/v2\/types\/post"}],"author":[{"embeddable":true,"href":"https:\/\/mula.es\/web\/wp-json\/wp\/v2\/users\/13"}],"replies":[{"embeddable":true,"href":"https:\/\/mula.es\/web\/wp-json\/wp\/v2\/comments?post=59504"}],"version-history":[{"count":1,"href":"https:\/\/mula.es\/web\/wp-json\/wp\/v2\/posts\/59504\/revisions"}],"predecessor-version":[{"id":59512,"href":"https:\/\/mula.es\/web\/wp-json\/wp\/v2\/posts\/59504\/revisions\/59512"}],"wp:featuredmedia":[{"embeddable":true,"href":"https:\/\/mula.es\/web\/wp-json\/wp\/v2\/media\/33512"}],"wp:attachment":[{"href":"https:\/\/mula.es\/web\/wp-json\/wp\/v2\/media?parent=59504"}],"wp:term":[{"taxonomy":"category","embeddable":true,"href":"https:\/\/mula.es\/web\/wp-json\/wp\/v2\/categories?post=59504"},{"taxonomy":"post_tag","embeddable":true,"href":"https:\/\/mula.es\/web\/wp-json\/wp\/v2\/tags?post=59504"}],"curies":[{"name":"wp","href":"https:\/\/api.w.org\/{rel}","templated":true}]}}