{"id":59601,"date":"2025-09-16T14:33:01","date_gmt":"2025-09-16T12:33:01","guid":{"rendered":"https:\/\/mula.es\/web\/?p=59601"},"modified":"2025-09-16T20:46:35","modified_gmt":"2025-09-16T18:46:35","slug":"cultura-presentacion-de-la-temporada-2025-26-de-la-agrupacion-musical-mulena-amm","status":"publish","type":"post","link":"https:\/\/mula.es\/web\/cultura-presentacion-de-la-temporada-2025-26-de-la-agrupacion-musical-mulena-amm\/","title":{"rendered":"CULTURA | Presentaci\u00f3n de la temporada 2025\/26 de la Agrupaci\u00f3n Musical Mule\u00f1a (AMM)"},"content":{"rendered":"<p><strong>NOTA DE PRENSA &#8211; 16 DE SEPTIEMBRE DE 2025<\/strong><\/p>\n<p><strong>\u00a0<\/strong><\/p>\n<p><strong>\u00a0<\/strong><\/p>\n<h2><strong>Presentaci\u00f3n de la temporada 2025\/26 de la Agrupaci\u00f3n Musical Mule\u00f1a (AMM)<\/strong><\/h2>\n<p>&nbsp;<\/p>\n<p>Ayer, lunes por la tarde, tuvo lugar la presentaci\u00f3n de la programaci\u00f3n de la Agrupaci\u00f3n Musical Mule\u00f1a para el curso 2025\/26. El acto ha estado presidido por el alcalde, Juan Jes\u00fas Moreno, el concejal de Cultura, Diego Jes\u00fas Buend\u00eda y el presidente de la AMM, Antonio Navarro, acompa\u00f1ados por otros miembros de la corporaci\u00f3n municipal y los miembros de la Agrupaci\u00f3n. En el mismo, han presentado los detalles de su programaci\u00f3n musical, educativa, cultural y social para este curso.<\/p>\n<p>Bajo el t\u00edtulo \u00abVientos ecl\u00e9cticos\u00bb, el director David Piqueras ha presentado los programas de los principales conciertos y participaciones. Destacan el concierto de inauguraci\u00f3n de Fiestas este viernes 19 de septiembre, el tradicional concierto de Santa Cecilia en noviembre, la participaci\u00f3n en el Ciclo Bandas en el Auditorio V\u00edctor Villegas en Murcia en febrero, el XXV Festival de Bandas Ciudad de Mula en abril y el II Bienal Band\u00edstico Comarca R\u00edo Mula junto a la Agrupaci\u00f3n Musical Nuestra Se\u00f1ora de los Remedios de Pliego como cierre de la temporada en julio.<\/p>\n<p>En cuanto a la Escuela de M\u00fasica, su director, Antonio Jos\u00e9 Chac\u00f3n, ha destacado los 124 alumnos matriculados, repartidos en 13 especialidades instrumentistas y la consolidaci\u00f3n de la Banda Infantil, una banda formada por ni\u00f1os entre 8 y 10 a\u00f1os, que comenz\u00f3 su andadura el curso pasado. Adem\u00e1s, cuenta con programaci\u00f3n de conciertos propia por parte de la Banda Escuela; el concierto de Navidad, el Festival de Bandas Escuela y el concierto fin de curso.<\/p>\n<p>Para terminar, miembros de la Junta Directiva, han compartido los proyectos complementarios de su plan de acci\u00f3n cultural y social para difundir la m\u00fasica en todos sus formatos, fomentar la escucha, ampliar y cuidar la comunidad que forma parte indispensable de la AMM.<\/p>\n<p>Como cierre del acto, han compartido algunos de sus proyectos clave para seguir creciendo como un referente cultural en la Comarca y que dar\u00e1n comienzo pr\u00f3ximamente.<\/p>\n<p><a href=\"https:\/\/mula.es\/web\/wp-content\/uploads\/2025\/09\/WhatsApp-Image-2025-09-16-at-08.57.50-scaled.jpeg\"><img decoding=\"async\" data-attachment-id=\"59602\" data-permalink=\"https:\/\/mula.es\/web\/cultura-presentacion-de-la-temporada-2025-26-de-la-agrupacion-musical-mulena-amm\/whatsapp-image-2025-09-16-at-08-57-50\/\" data-orig-file=\"https:\/\/mula.es\/web\/wp-content\/uploads\/2025\/09\/WhatsApp-Image-2025-09-16-at-08.57.50-scaled.jpeg\" data-orig-size=\"1920,2560\" data-comments-opened=\"0\" data-image-meta=\"{&quot;aperture&quot;:&quot;0&quot;,&quot;credit&quot;:&quot;&quot;,&quot;camera&quot;:&quot;&quot;,&quot;caption&quot;:&quot;&quot;,&quot;created_timestamp&quot;:&quot;0&quot;,&quot;copyright&quot;:&quot;&quot;,&quot;focal_length&quot;:&quot;0&quot;,&quot;iso&quot;:&quot;0&quot;,&quot;shutter_speed&quot;:&quot;0&quot;,&quot;title&quot;:&quot;&quot;,&quot;orientation&quot;:&quot;0&quot;}\" data-image-title=\"WhatsApp Image 2025-09-16 at 08.57.50\" data-image-description=\"\" data-image-caption=\"\" data-large-file=\"https:\/\/mula.es\/web\/wp-content\/uploads\/2025\/09\/WhatsApp-Image-2025-09-16-at-08.57.50-768x1024.jpeg\" class=\"alignnone size-medium wp-image-59602\" src=\"https:\/\/mula.es\/web\/wp-content\/uploads\/2025\/09\/WhatsApp-Image-2025-09-16-at-08.57.50-225x300.jpeg\" alt=\"\" width=\"225\" height=\"300\" srcset=\"https:\/\/mula.es\/web\/wp-content\/uploads\/2025\/09\/WhatsApp-Image-2025-09-16-at-08.57.50-200x267.jpeg 200w, https:\/\/mula.es\/web\/wp-content\/uploads\/2025\/09\/WhatsApp-Image-2025-09-16-at-08.57.50-225x300.jpeg 225w, https:\/\/mula.es\/web\/wp-content\/uploads\/2025\/09\/WhatsApp-Image-2025-09-16-at-08.57.50-400x533.jpeg 400w, https:\/\/mula.es\/web\/wp-content\/uploads\/2025\/09\/WhatsApp-Image-2025-09-16-at-08.57.50-600x800.jpeg 600w, https:\/\/mula.es\/web\/wp-content\/uploads\/2025\/09\/WhatsApp-Image-2025-09-16-at-08.57.50-768x1024.jpeg 768w, https:\/\/mula.es\/web\/wp-content\/uploads\/2025\/09\/WhatsApp-Image-2025-09-16-at-08.57.50-800x1067.jpeg 800w, https:\/\/mula.es\/web\/wp-content\/uploads\/2025\/09\/WhatsApp-Image-2025-09-16-at-08.57.50-1152x1536.jpeg 1152w, https:\/\/mula.es\/web\/wp-content\/uploads\/2025\/09\/WhatsApp-Image-2025-09-16-at-08.57.50-1200x1600.jpeg 1200w, https:\/\/mula.es\/web\/wp-content\/uploads\/2025\/09\/WhatsApp-Image-2025-09-16-at-08.57.50-1536x2048.jpeg 1536w, https:\/\/mula.es\/web\/wp-content\/uploads\/2025\/09\/WhatsApp-Image-2025-09-16-at-08.57.50-scaled.jpeg 1920w\" sizes=\"(max-width: 225px) 100vw, 225px\" \/><\/a><\/p>\n","protected":false},"excerpt":{"rendered":"<p>NOTA DE PRENSA &#8211; 16 DE SEPTIEMBRE DE 2025 \u00a0 \u00a0 Presentaci\u00f3n de la temporada 2025\/26 de la Agrupaci\u00f3n Musical Mule\u00f1a (AMM) &nbsp; Ayer, lunes por la tarde, tuvo lugar la presentaci\u00f3n de la programaci\u00f3n de la Agrupaci\u00f3n Musical Mule\u00f1a para el curso 2025\/26. El acto ha estado presidido por el alcalde, Juan Jes\u00fas Moreno,  [&#8230;]<\/p>\n","protected":false},"author":13,"featured_media":33512,"comment_status":"closed","ping_status":"closed","sticky":false,"template":"","format":"standard","meta":{"jetpack_post_was_ever_published":false,"_jetpack_newsletter_access":"","_jetpack_dont_email_post_to_subs":false,"_jetpack_newsletter_tier_id":0,"_jetpack_memberships_contains_paywalled_content":false,"_jetpack_memberships_contains_paid_content":false,"footnotes":"","jetpack_publicize_message":"","jetpack_publicize_feature_enabled":true,"jetpack_social_post_already_shared":true,"jetpack_social_options":{"image_generator_settings":{"template":"highway","default_image_id":0,"font":"","enabled":false},"version":2}},"categories":[97],"tags":[],"class_list":["post-59601","post","type-post","status-publish","format-standard","has-post-thumbnail","hentry","category-cultura"],"yoast_head":"<!-- This site is optimized with the Yoast SEO plugin v27.5 - https:\/\/yoast.com\/product\/yoast-seo-wordpress\/ -->\n<title>CULTURA | Presentaci\u00f3n de la temporada 2025\/26 de la Agrupaci\u00f3n Musical Mule\u00f1a (AMM) - Ayuntamiento de Mula<\/title>\n<meta name=\"robots\" content=\"index, follow, max-snippet:-1, max-image-preview:large, max-video-preview:-1\" \/>\n<link rel=\"canonical\" href=\"https:\/\/mula.es\/web\/cultura-presentacion-de-la-temporada-2025-26-de-la-agrupacion-musical-mulena-amm\/\" \/>\n<meta property=\"og:locale\" content=\"es_ES\" \/>\n<meta property=\"og:type\" content=\"article\" \/>\n<meta property=\"og:title\" content=\"CULTURA | Presentaci\u00f3n de la temporada 2025\/26 de la Agrupaci\u00f3n Musical Mule\u00f1a (AMM) - Ayuntamiento de Mula\" \/>\n<meta property=\"og:description\" content=\"NOTA DE PRENSA &#8211; 16 DE SEPTIEMBRE DE 2025 \u00a0 \u00a0 Presentaci\u00f3n de la temporada 2025\/26 de la Agrupaci\u00f3n Musical Mule\u00f1a (AMM) &nbsp; Ayer, lunes por la tarde, tuvo lugar la presentaci\u00f3n de la programaci\u00f3n de la Agrupaci\u00f3n Musical Mule\u00f1a para el curso 2025\/26. El acto ha estado presidido por el alcalde, Juan Jes\u00fas Moreno, [...]\" \/>\n<meta property=\"og:url\" content=\"https:\/\/mula.es\/web\/cultura-presentacion-de-la-temporada-2025-26-de-la-agrupacion-musical-mulena-amm\/\" \/>\n<meta property=\"og:site_name\" content=\"Ayuntamiento de Mula\" \/>\n<meta property=\"article:published_time\" content=\"2025-09-16T12:33:01+00:00\" \/>\n<meta property=\"article:modified_time\" content=\"2025-09-16T18:46:35+00:00\" \/>\n<meta property=\"og:image\" content=\"https:\/\/mula.es\/web\/wp-content\/uploads\/2020\/06\/escudo-cuadrado-e1591045058235.jpg\" \/>\n\t<meta property=\"og:image:width\" content=\"200\" \/>\n\t<meta property=\"og:image:height\" content=\"218\" \/>\n\t<meta property=\"og:image:type\" content=\"image\/jpeg\" \/>\n<meta name=\"author\" content=\"Laura Salas Orcajada\" \/>\n<meta name=\"twitter:card\" content=\"summary_large_image\" \/>\n<meta name=\"twitter:creator\" content=\"@AyuntamientMula\" \/>\n<meta name=\"twitter:site\" content=\"@AyuntamientMula\" \/>\n<meta name=\"twitter:label1\" content=\"Escrito por\" \/>\n\t<meta name=\"twitter:data1\" content=\"Laura Salas Orcajada\" \/>\n\t<meta name=\"twitter:label2\" content=\"Tiempo de lectura\" \/>\n\t<meta name=\"twitter:data2\" content=\"2 minutos\" \/>\n<script type=\"application\/ld+json\" class=\"yoast-schema-graph\">{\"@context\":\"https:\\\/\\\/schema.org\",\"@graph\":[{\"@type\":\"Article\",\"@id\":\"https:\\\/\\\/mula.es\\\/web\\\/cultura-presentacion-de-la-temporada-2025-26-de-la-agrupacion-musical-mulena-amm\\\/#article\",\"isPartOf\":{\"@id\":\"https:\\\/\\\/mula.es\\\/web\\\/cultura-presentacion-de-la-temporada-2025-26-de-la-agrupacion-musical-mulena-amm\\\/\"},\"author\":{\"name\":\"Laura Salas Orcajada\",\"@id\":\"https:\\\/\\\/mula.es\\\/web\\\/#\\\/schema\\\/person\\\/4f10179bd364f40dceed361e61e4033f\"},\"headline\":\"CULTURA | Presentaci\u00f3n de la temporada 2025\\\/26 de la Agrupaci\u00f3n Musical Mule\u00f1a (AMM)\",\"datePublished\":\"2025-09-16T12:33:01+00:00\",\"dateModified\":\"2025-09-16T18:46:35+00:00\",\"mainEntityOfPage\":{\"@id\":\"https:\\\/\\\/mula.es\\\/web\\\/cultura-presentacion-de-la-temporada-2025-26-de-la-agrupacion-musical-mulena-amm\\\/\"},\"wordCount\":374,\"image\":{\"@id\":\"https:\\\/\\\/mula.es\\\/web\\\/cultura-presentacion-de-la-temporada-2025-26-de-la-agrupacion-musical-mulena-amm\\\/#primaryimage\"},\"thumbnailUrl\":\"https:\\\/\\\/mula.es\\\/web\\\/wp-content\\\/uploads\\\/2020\\\/06\\\/escudo-cuadrado-e1591045058235.jpg\",\"articleSection\":[\"cultura\"],\"inLanguage\":\"es\"},{\"@type\":\"WebPage\",\"@id\":\"https:\\\/\\\/mula.es\\\/web\\\/cultura-presentacion-de-la-temporada-2025-26-de-la-agrupacion-musical-mulena-amm\\\/\",\"url\":\"https:\\\/\\\/mula.es\\\/web\\\/cultura-presentacion-de-la-temporada-2025-26-de-la-agrupacion-musical-mulena-amm\\\/\",\"name\":\"CULTURA | Presentaci\u00f3n de la temporada 2025\\\/26 de la Agrupaci\u00f3n Musical Mule\u00f1a (AMM) - Ayuntamiento de Mula\",\"isPartOf\":{\"@id\":\"https:\\\/\\\/mula.es\\\/web\\\/#website\"},\"primaryImageOfPage\":{\"@id\":\"https:\\\/\\\/mula.es\\\/web\\\/cultura-presentacion-de-la-temporada-2025-26-de-la-agrupacion-musical-mulena-amm\\\/#primaryimage\"},\"image\":{\"@id\":\"https:\\\/\\\/mula.es\\\/web\\\/cultura-presentacion-de-la-temporada-2025-26-de-la-agrupacion-musical-mulena-amm\\\/#primaryimage\"},\"thumbnailUrl\":\"https:\\\/\\\/mula.es\\\/web\\\/wp-content\\\/uploads\\\/2020\\\/06\\\/escudo-cuadrado-e1591045058235.jpg\",\"datePublished\":\"2025-09-16T12:33:01+00:00\",\"dateModified\":\"2025-09-16T18:46:35+00:00\",\"author\":{\"@id\":\"https:\\\/\\\/mula.es\\\/web\\\/#\\\/schema\\\/person\\\/4f10179bd364f40dceed361e61e4033f\"},\"breadcrumb\":{\"@id\":\"https:\\\/\\\/mula.es\\\/web\\\/cultura-presentacion-de-la-temporada-2025-26-de-la-agrupacion-musical-mulena-amm\\\/#breadcrumb\"},\"inLanguage\":\"es\",\"potentialAction\":[{\"@type\":\"ReadAction\",\"target\":[\"https:\\\/\\\/mula.es\\\/web\\\/cultura-presentacion-de-la-temporada-2025-26-de-la-agrupacion-musical-mulena-amm\\\/\"]}]},{\"@type\":\"ImageObject\",\"inLanguage\":\"es\",\"@id\":\"https:\\\/\\\/mula.es\\\/web\\\/cultura-presentacion-de-la-temporada-2025-26-de-la-agrupacion-musical-mulena-amm\\\/#primaryimage\",\"url\":\"https:\\\/\\\/mula.es\\\/web\\\/wp-content\\\/uploads\\\/2020\\\/06\\\/escudo-cuadrado-e1591045058235.jpg\",\"contentUrl\":\"https:\\\/\\\/mula.es\\\/web\\\/wp-content\\\/uploads\\\/2020\\\/06\\\/escudo-cuadrado-e1591045058235.jpg\",\"width\":200,\"height\":218},{\"@type\":\"BreadcrumbList\",\"@id\":\"https:\\\/\\\/mula.es\\\/web\\\/cultura-presentacion-de-la-temporada-2025-26-de-la-agrupacion-musical-mulena-amm\\\/#breadcrumb\",\"itemListElement\":[{\"@type\":\"ListItem\",\"position\":1,\"name\":\"Portada\",\"item\":\"https:\\\/\\\/mula.es\\\/web\\\/\"},{\"@type\":\"ListItem\",\"position\":2,\"name\":\"CULTURA | Presentaci\u00f3n de la temporada 2025\\\/26 de la Agrupaci\u00f3n Musical Mule\u00f1a (AMM)\"}]},{\"@type\":\"WebSite\",\"@id\":\"https:\\\/\\\/mula.es\\\/web\\\/#website\",\"url\":\"https:\\\/\\\/mula.es\\\/web\\\/\",\"name\":\"Ayuntamiento de Mula\",\"description\":\"P\u00e1gina web del Ayuntamiento de Mula (Regi\u00f3n de Murcia)\",\"potentialAction\":[{\"@type\":\"SearchAction\",\"target\":{\"@type\":\"EntryPoint\",\"urlTemplate\":\"https:\\\/\\\/mula.es\\\/web\\\/?s={search_term_string}\"},\"query-input\":{\"@type\":\"PropertyValueSpecification\",\"valueRequired\":true,\"valueName\":\"search_term_string\"}}],\"inLanguage\":\"es\"},{\"@type\":\"Person\",\"@id\":\"https:\\\/\\\/mula.es\\\/web\\\/#\\\/schema\\\/person\\\/4f10179bd364f40dceed361e61e4033f\",\"name\":\"Laura Salas Orcajada\",\"image\":{\"@type\":\"ImageObject\",\"inLanguage\":\"es\",\"@id\":\"https:\\\/\\\/secure.gravatar.com\\\/avatar\\\/786f2a223d9a455e2a448f78b5dcc1117207ef56ef3d9a04df338c0f775cd403?s=96&d=mm&r=g\",\"url\":\"https:\\\/\\\/secure.gravatar.com\\\/avatar\\\/786f2a223d9a455e2a448f78b5dcc1117207ef56ef3d9a04df338c0f775cd403?s=96&d=mm&r=g\",\"contentUrl\":\"https:\\\/\\\/secure.gravatar.com\\\/avatar\\\/786f2a223d9a455e2a448f78b5dcc1117207ef56ef3d9a04df338c0f775cd403?s=96&d=mm&r=g\",\"caption\":\"Laura Salas Orcajada\"},\"url\":\"https:\\\/\\\/mula.es\\\/web\\\/author\\\/lsalas\\\/\"}]}<\/script>\n<!-- \/ Yoast SEO plugin. -->","yoast_head_json":{"title":"CULTURA | Presentaci\u00f3n de la temporada 2025\/26 de la Agrupaci\u00f3n Musical Mule\u00f1a (AMM) - Ayuntamiento de Mula","robots":{"index":"index","follow":"follow","max-snippet":"max-snippet:-1","max-image-preview":"max-image-preview:large","max-video-preview":"max-video-preview:-1"},"canonical":"https:\/\/mula.es\/web\/cultura-presentacion-de-la-temporada-2025-26-de-la-agrupacion-musical-mulena-amm\/","og_locale":"es_ES","og_type":"article","og_title":"CULTURA | Presentaci\u00f3n de la temporada 2025\/26 de la Agrupaci\u00f3n Musical Mule\u00f1a (AMM) - Ayuntamiento de Mula","og_description":"NOTA DE PRENSA &#8211; 16 DE SEPTIEMBRE DE 2025 \u00a0 \u00a0 Presentaci\u00f3n de la temporada 2025\/26 de la Agrupaci\u00f3n Musical Mule\u00f1a (AMM) &nbsp; Ayer, lunes por la tarde, tuvo lugar la presentaci\u00f3n de la programaci\u00f3n de la Agrupaci\u00f3n Musical Mule\u00f1a para el curso 2025\/26. El acto ha estado presidido por el alcalde, Juan Jes\u00fas Moreno, [...]","og_url":"https:\/\/mula.es\/web\/cultura-presentacion-de-la-temporada-2025-26-de-la-agrupacion-musical-mulena-amm\/","og_site_name":"Ayuntamiento de Mula","article_published_time":"2025-09-16T12:33:01+00:00","article_modified_time":"2025-09-16T18:46:35+00:00","og_image":[{"width":200,"height":218,"url":"https:\/\/mula.es\/web\/wp-content\/uploads\/2020\/06\/escudo-cuadrado-e1591045058235.jpg","type":"image\/jpeg"}],"author":"Laura Salas Orcajada","twitter_card":"summary_large_image","twitter_creator":"@AyuntamientMula","twitter_site":"@AyuntamientMula","twitter_misc":{"Escrito por":"Laura Salas Orcajada","Tiempo de lectura":"2 minutos"},"schema":{"@context":"https:\/\/schema.org","@graph":[{"@type":"Article","@id":"https:\/\/mula.es\/web\/cultura-presentacion-de-la-temporada-2025-26-de-la-agrupacion-musical-mulena-amm\/#article","isPartOf":{"@id":"https:\/\/mula.es\/web\/cultura-presentacion-de-la-temporada-2025-26-de-la-agrupacion-musical-mulena-amm\/"},"author":{"name":"Laura Salas Orcajada","@id":"https:\/\/mula.es\/web\/#\/schema\/person\/4f10179bd364f40dceed361e61e4033f"},"headline":"CULTURA | Presentaci\u00f3n de la temporada 2025\/26 de la Agrupaci\u00f3n Musical Mule\u00f1a (AMM)","datePublished":"2025-09-16T12:33:01+00:00","dateModified":"2025-09-16T18:46:35+00:00","mainEntityOfPage":{"@id":"https:\/\/mula.es\/web\/cultura-presentacion-de-la-temporada-2025-26-de-la-agrupacion-musical-mulena-amm\/"},"wordCount":374,"image":{"@id":"https:\/\/mula.es\/web\/cultura-presentacion-de-la-temporada-2025-26-de-la-agrupacion-musical-mulena-amm\/#primaryimage"},"thumbnailUrl":"https:\/\/mula.es\/web\/wp-content\/uploads\/2020\/06\/escudo-cuadrado-e1591045058235.jpg","articleSection":["cultura"],"inLanguage":"es"},{"@type":"WebPage","@id":"https:\/\/mula.es\/web\/cultura-presentacion-de-la-temporada-2025-26-de-la-agrupacion-musical-mulena-amm\/","url":"https:\/\/mula.es\/web\/cultura-presentacion-de-la-temporada-2025-26-de-la-agrupacion-musical-mulena-amm\/","name":"CULTURA | Presentaci\u00f3n de la temporada 2025\/26 de la Agrupaci\u00f3n Musical Mule\u00f1a (AMM) - Ayuntamiento de Mula","isPartOf":{"@id":"https:\/\/mula.es\/web\/#website"},"primaryImageOfPage":{"@id":"https:\/\/mula.es\/web\/cultura-presentacion-de-la-temporada-2025-26-de-la-agrupacion-musical-mulena-amm\/#primaryimage"},"image":{"@id":"https:\/\/mula.es\/web\/cultura-presentacion-de-la-temporada-2025-26-de-la-agrupacion-musical-mulena-amm\/#primaryimage"},"thumbnailUrl":"https:\/\/mula.es\/web\/wp-content\/uploads\/2020\/06\/escudo-cuadrado-e1591045058235.jpg","datePublished":"2025-09-16T12:33:01+00:00","dateModified":"2025-09-16T18:46:35+00:00","author":{"@id":"https:\/\/mula.es\/web\/#\/schema\/person\/4f10179bd364f40dceed361e61e4033f"},"breadcrumb":{"@id":"https:\/\/mula.es\/web\/cultura-presentacion-de-la-temporada-2025-26-de-la-agrupacion-musical-mulena-amm\/#breadcrumb"},"inLanguage":"es","potentialAction":[{"@type":"ReadAction","target":["https:\/\/mula.es\/web\/cultura-presentacion-de-la-temporada-2025-26-de-la-agrupacion-musical-mulena-amm\/"]}]},{"@type":"ImageObject","inLanguage":"es","@id":"https:\/\/mula.es\/web\/cultura-presentacion-de-la-temporada-2025-26-de-la-agrupacion-musical-mulena-amm\/#primaryimage","url":"https:\/\/mula.es\/web\/wp-content\/uploads\/2020\/06\/escudo-cuadrado-e1591045058235.jpg","contentUrl":"https:\/\/mula.es\/web\/wp-content\/uploads\/2020\/06\/escudo-cuadrado-e1591045058235.jpg","width":200,"height":218},{"@type":"BreadcrumbList","@id":"https:\/\/mula.es\/web\/cultura-presentacion-de-la-temporada-2025-26-de-la-agrupacion-musical-mulena-amm\/#breadcrumb","itemListElement":[{"@type":"ListItem","position":1,"name":"Portada","item":"https:\/\/mula.es\/web\/"},{"@type":"ListItem","position":2,"name":"CULTURA | Presentaci\u00f3n de la temporada 2025\/26 de la Agrupaci\u00f3n Musical Mule\u00f1a (AMM)"}]},{"@type":"WebSite","@id":"https:\/\/mula.es\/web\/#website","url":"https:\/\/mula.es\/web\/","name":"Ayuntamiento de Mula","description":"P\u00e1gina web del Ayuntamiento de Mula (Regi\u00f3n de Murcia)","potentialAction":[{"@type":"SearchAction","target":{"@type":"EntryPoint","urlTemplate":"https:\/\/mula.es\/web\/?s={search_term_string}"},"query-input":{"@type":"PropertyValueSpecification","valueRequired":true,"valueName":"search_term_string"}}],"inLanguage":"es"},{"@type":"Person","@id":"https:\/\/mula.es\/web\/#\/schema\/person\/4f10179bd364f40dceed361e61e4033f","name":"Laura Salas Orcajada","image":{"@type":"ImageObject","inLanguage":"es","@id":"https:\/\/secure.gravatar.com\/avatar\/786f2a223d9a455e2a448f78b5dcc1117207ef56ef3d9a04df338c0f775cd403?s=96&d=mm&r=g","url":"https:\/\/secure.gravatar.com\/avatar\/786f2a223d9a455e2a448f78b5dcc1117207ef56ef3d9a04df338c0f775cd403?s=96&d=mm&r=g","contentUrl":"https:\/\/secure.gravatar.com\/avatar\/786f2a223d9a455e2a448f78b5dcc1117207ef56ef3d9a04df338c0f775cd403?s=96&d=mm&r=g","caption":"Laura Salas Orcajada"},"url":"https:\/\/mula.es\/web\/author\/lsalas\/"}]}},"jetpack_publicize_connections":[],"jetpack_featured_media_url":"https:\/\/mula.es\/web\/wp-content\/uploads\/2020\/06\/escudo-cuadrado-e1591045058235.jpg","jetpack_sharing_enabled":true,"jetpack_shortlink":"https:\/\/wp.me\/pa9DMY-fvj","jetpack-related-posts":[],"_links":{"self":[{"href":"https:\/\/mula.es\/web\/wp-json\/wp\/v2\/posts\/59601","targetHints":{"allow":["GET"]}}],"collection":[{"href":"https:\/\/mula.es\/web\/wp-json\/wp\/v2\/posts"}],"about":[{"href":"https:\/\/mula.es\/web\/wp-json\/wp\/v2\/types\/post"}],"author":[{"embeddable":true,"href":"https:\/\/mula.es\/web\/wp-json\/wp\/v2\/users\/13"}],"replies":[{"embeddable":true,"href":"https:\/\/mula.es\/web\/wp-json\/wp\/v2\/comments?post=59601"}],"version-history":[{"count":1,"href":"https:\/\/mula.es\/web\/wp-json\/wp\/v2\/posts\/59601\/revisions"}],"predecessor-version":[{"id":59603,"href":"https:\/\/mula.es\/web\/wp-json\/wp\/v2\/posts\/59601\/revisions\/59603"}],"wp:featuredmedia":[{"embeddable":true,"href":"https:\/\/mula.es\/web\/wp-json\/wp\/v2\/media\/33512"}],"wp:attachment":[{"href":"https:\/\/mula.es\/web\/wp-json\/wp\/v2\/media?parent=59601"}],"wp:term":[{"taxonomy":"category","embeddable":true,"href":"https:\/\/mula.es\/web\/wp-json\/wp\/v2\/categories?post=59601"},{"taxonomy":"post_tag","embeddable":true,"href":"https:\/\/mula.es\/web\/wp-json\/wp\/v2\/tags?post=59601"}],"curies":[{"name":"wp","href":"https:\/\/api.w.org\/{rel}","templated":true}]}}