{"id":59605,"date":"2025-09-16T21:13:13","date_gmt":"2025-09-16T19:13:13","guid":{"rendered":"https:\/\/mula.es\/web\/?p=59605"},"modified":"2025-09-16T21:13:13","modified_gmt":"2025-09-16T19:13:13","slug":"cultura-mula-recibe-al-fuego-sagrado-de-cartagineses-y-romanos","status":"publish","type":"post","link":"https:\/\/mula.es\/web\/cultura-mula-recibe-al-fuego-sagrado-de-cartagineses-y-romanos\/","title":{"rendered":"CULTURA | Mula recibe al fuego sagrado de Cartagineses y Romanos"},"content":{"rendered":"<p><strong>NOTA DE PRENSA &#8211; 16 DE SEPTIEMBRE DE 2025<\/strong><\/p>\n<p><strong>\u00a0<\/strong><\/p>\n<p><strong>\u00a0<\/strong><\/p>\n<h2><strong>Mula recibe al fuego sagrado de Cartagineses y Romanos<\/strong><\/h2>\n<p>&nbsp;<\/p>\n<p>Hoy, miembros del equipo de gobierno del Ayuntamiento de Mula han recibido a los representantes de la Federaci\u00f3n de Tropas y Legiones de las Fiestas de Cartagineses y Romanos, en el marco de su llegada a la ciudad con motivo del VI Iter Ignis.<\/p>\n<p>Antes de prender la mecha simb\u00f3lica, se han compartido unas palabras de reflexi\u00f3n que relacionaban las guerras de la antig\u00fcedad con la sociedad actual: \u201cuna sociedad encendida, donde el fuego puede apaciguar la esencia humana y recordar, a trav\u00e9s de la purificaci\u00f3n de la llama, lo que nos une como humanidad\u201d.<\/p>\n<p>El Ayuntamiento de Mula agradece a la Federaci\u00f3n y a todas las personas implicadas en el Iter Ignis la labor que desempe\u00f1an cada a\u00f1o, manteniendo vivo este patrimonio cultural que une historia, tradici\u00f3n y convivencia entre municipios de la Regi\u00f3n.<\/p>\n<p><a href=\"https:\/\/mula.es\/web\/wp-content\/uploads\/2025\/09\/1-7.jpg\"><img decoding=\"async\" data-attachment-id=\"59606\" data-permalink=\"https:\/\/mula.es\/web\/cultura-mula-recibe-al-fuego-sagrado-de-cartagineses-y-romanos\/1-339\/\" data-orig-file=\"https:\/\/mula.es\/web\/wp-content\/uploads\/2025\/09\/1-7.jpg\" data-orig-size=\"1080,1350\" data-comments-opened=\"0\" data-image-meta=\"{&quot;aperture&quot;:&quot;0&quot;,&quot;credit&quot;:&quot;&quot;,&quot;camera&quot;:&quot;&quot;,&quot;caption&quot;:&quot;&quot;,&quot;created_timestamp&quot;:&quot;0&quot;,&quot;copyright&quot;:&quot;&quot;,&quot;focal_length&quot;:&quot;0&quot;,&quot;iso&quot;:&quot;0&quot;,&quot;shutter_speed&quot;:&quot;0&quot;,&quot;title&quot;:&quot;&quot;,&quot;orientation&quot;:&quot;1&quot;}\" data-image-title=\"1\" data-image-description=\"\" data-image-caption=\"\" data-large-file=\"https:\/\/mula.es\/web\/wp-content\/uploads\/2025\/09\/1-7-819x1024.jpg\" class=\"alignnone size-medium wp-image-59606\" src=\"https:\/\/mula.es\/web\/wp-content\/uploads\/2025\/09\/1-7-240x300.jpg\" alt=\"\" width=\"240\" height=\"300\" srcset=\"https:\/\/mula.es\/web\/wp-content\/uploads\/2025\/09\/1-7-200x250.jpg 200w, https:\/\/mula.es\/web\/wp-content\/uploads\/2025\/09\/1-7-240x300.jpg 240w, https:\/\/mula.es\/web\/wp-content\/uploads\/2025\/09\/1-7-400x500.jpg 400w, https:\/\/mula.es\/web\/wp-content\/uploads\/2025\/09\/1-7-600x750.jpg 600w, https:\/\/mula.es\/web\/wp-content\/uploads\/2025\/09\/1-7-768x960.jpg 768w, https:\/\/mula.es\/web\/wp-content\/uploads\/2025\/09\/1-7-800x1000.jpg 800w, https:\/\/mula.es\/web\/wp-content\/uploads\/2025\/09\/1-7-819x1024.jpg 819w, https:\/\/mula.es\/web\/wp-content\/uploads\/2025\/09\/1-7.jpg 1080w\" sizes=\"(max-width: 240px) 100vw, 240px\" \/><\/a> <a href=\"https:\/\/mula.es\/web\/wp-content\/uploads\/2025\/09\/2-5.jpg\"><img decoding=\"async\" data-attachment-id=\"59607\" data-permalink=\"https:\/\/mula.es\/web\/cultura-mula-recibe-al-fuego-sagrado-de-cartagineses-y-romanos\/2-316\/\" data-orig-file=\"https:\/\/mula.es\/web\/wp-content\/uploads\/2025\/09\/2-5.jpg\" data-orig-size=\"1080,1350\" data-comments-opened=\"0\" data-image-meta=\"{&quot;aperture&quot;:&quot;0&quot;,&quot;credit&quot;:&quot;&quot;,&quot;camera&quot;:&quot;&quot;,&quot;caption&quot;:&quot;&quot;,&quot;created_timestamp&quot;:&quot;0&quot;,&quot;copyright&quot;:&quot;&quot;,&quot;focal_length&quot;:&quot;0&quot;,&quot;iso&quot;:&quot;0&quot;,&quot;shutter_speed&quot;:&quot;0&quot;,&quot;title&quot;:&quot;&quot;,&quot;orientation&quot;:&quot;1&quot;}\" data-image-title=\"2\" data-image-description=\"\" data-image-caption=\"\" data-large-file=\"https:\/\/mula.es\/web\/wp-content\/uploads\/2025\/09\/2-5-819x1024.jpg\" class=\"alignnone size-medium wp-image-59607\" src=\"https:\/\/mula.es\/web\/wp-content\/uploads\/2025\/09\/2-5-240x300.jpg\" alt=\"\" width=\"240\" height=\"300\" srcset=\"https:\/\/mula.es\/web\/wp-content\/uploads\/2025\/09\/2-5-200x250.jpg 200w, https:\/\/mula.es\/web\/wp-content\/uploads\/2025\/09\/2-5-240x300.jpg 240w, https:\/\/mula.es\/web\/wp-content\/uploads\/2025\/09\/2-5-400x500.jpg 400w, https:\/\/mula.es\/web\/wp-content\/uploads\/2025\/09\/2-5-600x750.jpg 600w, https:\/\/mula.es\/web\/wp-content\/uploads\/2025\/09\/2-5-768x960.jpg 768w, https:\/\/mula.es\/web\/wp-content\/uploads\/2025\/09\/2-5-800x1000.jpg 800w, https:\/\/mula.es\/web\/wp-content\/uploads\/2025\/09\/2-5-819x1024.jpg 819w, https:\/\/mula.es\/web\/wp-content\/uploads\/2025\/09\/2-5.jpg 1080w\" sizes=\"(max-width: 240px) 100vw, 240px\" \/><\/a> <a href=\"https:\/\/mula.es\/web\/wp-content\/uploads\/2025\/09\/3-5.jpg\"><img decoding=\"async\" data-attachment-id=\"59608\" data-permalink=\"https:\/\/mula.es\/web\/cultura-mula-recibe-al-fuego-sagrado-de-cartagineses-y-romanos\/3-273\/\" data-orig-file=\"https:\/\/mula.es\/web\/wp-content\/uploads\/2025\/09\/3-5.jpg\" data-orig-size=\"1080,1350\" data-comments-opened=\"0\" data-image-meta=\"{&quot;aperture&quot;:&quot;0&quot;,&quot;credit&quot;:&quot;&quot;,&quot;camera&quot;:&quot;&quot;,&quot;caption&quot;:&quot;&quot;,&quot;created_timestamp&quot;:&quot;0&quot;,&quot;copyright&quot;:&quot;&quot;,&quot;focal_length&quot;:&quot;0&quot;,&quot;iso&quot;:&quot;0&quot;,&quot;shutter_speed&quot;:&quot;0&quot;,&quot;title&quot;:&quot;&quot;,&quot;orientation&quot;:&quot;1&quot;}\" data-image-title=\"3\" data-image-description=\"\" data-image-caption=\"\" data-large-file=\"https:\/\/mula.es\/web\/wp-content\/uploads\/2025\/09\/3-5-819x1024.jpg\" class=\"alignnone size-medium wp-image-59608\" src=\"https:\/\/mula.es\/web\/wp-content\/uploads\/2025\/09\/3-5-240x300.jpg\" alt=\"\" width=\"240\" height=\"300\" srcset=\"https:\/\/mula.es\/web\/wp-content\/uploads\/2025\/09\/3-5-200x250.jpg 200w, https:\/\/mula.es\/web\/wp-content\/uploads\/2025\/09\/3-5-240x300.jpg 240w, https:\/\/mula.es\/web\/wp-content\/uploads\/2025\/09\/3-5-400x500.jpg 400w, https:\/\/mula.es\/web\/wp-content\/uploads\/2025\/09\/3-5-600x750.jpg 600w, https:\/\/mula.es\/web\/wp-content\/uploads\/2025\/09\/3-5-768x960.jpg 768w, https:\/\/mula.es\/web\/wp-content\/uploads\/2025\/09\/3-5-800x1000.jpg 800w, https:\/\/mula.es\/web\/wp-content\/uploads\/2025\/09\/3-5-819x1024.jpg 819w, https:\/\/mula.es\/web\/wp-content\/uploads\/2025\/09\/3-5.jpg 1080w\" sizes=\"(max-width: 240px) 100vw, 240px\" \/><\/a> <a href=\"https:\/\/mula.es\/web\/wp-content\/uploads\/2025\/09\/4-5.jpg\"><img decoding=\"async\" data-attachment-id=\"59609\" data-permalink=\"https:\/\/mula.es\/web\/cultura-mula-recibe-al-fuego-sagrado-de-cartagineses-y-romanos\/4-203\/\" data-orig-file=\"https:\/\/mula.es\/web\/wp-content\/uploads\/2025\/09\/4-5.jpg\" data-orig-size=\"1080,1350\" data-comments-opened=\"0\" data-image-meta=\"{&quot;aperture&quot;:&quot;0&quot;,&quot;credit&quot;:&quot;&quot;,&quot;camera&quot;:&quot;&quot;,&quot;caption&quot;:&quot;&quot;,&quot;created_timestamp&quot;:&quot;0&quot;,&quot;copyright&quot;:&quot;&quot;,&quot;focal_length&quot;:&quot;0&quot;,&quot;iso&quot;:&quot;0&quot;,&quot;shutter_speed&quot;:&quot;0&quot;,&quot;title&quot;:&quot;&quot;,&quot;orientation&quot;:&quot;1&quot;}\" data-image-title=\"4\" data-image-description=\"\" data-image-caption=\"\" data-large-file=\"https:\/\/mula.es\/web\/wp-content\/uploads\/2025\/09\/4-5-819x1024.jpg\" class=\"alignnone size-medium wp-image-59609\" src=\"https:\/\/mula.es\/web\/wp-content\/uploads\/2025\/09\/4-5-240x300.jpg\" alt=\"\" width=\"240\" height=\"300\" srcset=\"https:\/\/mula.es\/web\/wp-content\/uploads\/2025\/09\/4-5-200x250.jpg 200w, https:\/\/mula.es\/web\/wp-content\/uploads\/2025\/09\/4-5-240x300.jpg 240w, https:\/\/mula.es\/web\/wp-content\/uploads\/2025\/09\/4-5-400x500.jpg 400w, https:\/\/mula.es\/web\/wp-content\/uploads\/2025\/09\/4-5-600x750.jpg 600w, https:\/\/mula.es\/web\/wp-content\/uploads\/2025\/09\/4-5-768x960.jpg 768w, https:\/\/mula.es\/web\/wp-content\/uploads\/2025\/09\/4-5-800x1000.jpg 800w, https:\/\/mula.es\/web\/wp-content\/uploads\/2025\/09\/4-5-819x1024.jpg 819w, https:\/\/mula.es\/web\/wp-content\/uploads\/2025\/09\/4-5.jpg 1080w\" sizes=\"(max-width: 240px) 100vw, 240px\" \/><\/a> <a href=\"https:\/\/mula.es\/web\/wp-content\/uploads\/2025\/09\/5-3.jpg\"><img decoding=\"async\" data-attachment-id=\"59610\" data-permalink=\"https:\/\/mula.es\/web\/cultura-mula-recibe-al-fuego-sagrado-de-cartagineses-y-romanos\/5-151\/\" data-orig-file=\"https:\/\/mula.es\/web\/wp-content\/uploads\/2025\/09\/5-3.jpg\" data-orig-size=\"1080,1350\" data-comments-opened=\"0\" data-image-meta=\"{&quot;aperture&quot;:&quot;0&quot;,&quot;credit&quot;:&quot;&quot;,&quot;camera&quot;:&quot;&quot;,&quot;caption&quot;:&quot;&quot;,&quot;created_timestamp&quot;:&quot;0&quot;,&quot;copyright&quot;:&quot;&quot;,&quot;focal_length&quot;:&quot;0&quot;,&quot;iso&quot;:&quot;0&quot;,&quot;shutter_speed&quot;:&quot;0&quot;,&quot;title&quot;:&quot;&quot;,&quot;orientation&quot;:&quot;1&quot;}\" data-image-title=\"5\" data-image-description=\"\" data-image-caption=\"\" data-large-file=\"https:\/\/mula.es\/web\/wp-content\/uploads\/2025\/09\/5-3-819x1024.jpg\" class=\"alignnone size-medium wp-image-59610\" src=\"https:\/\/mula.es\/web\/wp-content\/uploads\/2025\/09\/5-3-240x300.jpg\" alt=\"\" width=\"240\" height=\"300\" srcset=\"https:\/\/mula.es\/web\/wp-content\/uploads\/2025\/09\/5-3-200x250.jpg 200w, https:\/\/mula.es\/web\/wp-content\/uploads\/2025\/09\/5-3-240x300.jpg 240w, https:\/\/mula.es\/web\/wp-content\/uploads\/2025\/09\/5-3-400x500.jpg 400w, https:\/\/mula.es\/web\/wp-content\/uploads\/2025\/09\/5-3-600x750.jpg 600w, https:\/\/mula.es\/web\/wp-content\/uploads\/2025\/09\/5-3-768x960.jpg 768w, https:\/\/mula.es\/web\/wp-content\/uploads\/2025\/09\/5-3-800x1000.jpg 800w, https:\/\/mula.es\/web\/wp-content\/uploads\/2025\/09\/5-3-819x1024.jpg 819w, https:\/\/mula.es\/web\/wp-content\/uploads\/2025\/09\/5-3.jpg 1080w\" sizes=\"(max-width: 240px) 100vw, 240px\" \/><\/a> <a href=\"https:\/\/mula.es\/web\/wp-content\/uploads\/2025\/09\/6-3.jpg\"><img decoding=\"async\" data-attachment-id=\"59611\" data-permalink=\"https:\/\/mula.es\/web\/cultura-mula-recibe-al-fuego-sagrado-de-cartagineses-y-romanos\/6-100\/\" data-orig-file=\"https:\/\/mula.es\/web\/wp-content\/uploads\/2025\/09\/6-3.jpg\" data-orig-size=\"1080,1350\" data-comments-opened=\"0\" data-image-meta=\"{&quot;aperture&quot;:&quot;0&quot;,&quot;credit&quot;:&quot;&quot;,&quot;camera&quot;:&quot;&quot;,&quot;caption&quot;:&quot;&quot;,&quot;created_timestamp&quot;:&quot;0&quot;,&quot;copyright&quot;:&quot;&quot;,&quot;focal_length&quot;:&quot;0&quot;,&quot;iso&quot;:&quot;0&quot;,&quot;shutter_speed&quot;:&quot;0&quot;,&quot;title&quot;:&quot;&quot;,&quot;orientation&quot;:&quot;1&quot;}\" data-image-title=\"6\" data-image-description=\"\" data-image-caption=\"\" data-large-file=\"https:\/\/mula.es\/web\/wp-content\/uploads\/2025\/09\/6-3-819x1024.jpg\" class=\"alignnone size-medium wp-image-59611\" src=\"https:\/\/mula.es\/web\/wp-content\/uploads\/2025\/09\/6-3-240x300.jpg\" alt=\"\" width=\"240\" height=\"300\" srcset=\"https:\/\/mula.es\/web\/wp-content\/uploads\/2025\/09\/6-3-200x250.jpg 200w, https:\/\/mula.es\/web\/wp-content\/uploads\/2025\/09\/6-3-240x300.jpg 240w, https:\/\/mula.es\/web\/wp-content\/uploads\/2025\/09\/6-3-400x500.jpg 400w, https:\/\/mula.es\/web\/wp-content\/uploads\/2025\/09\/6-3-600x750.jpg 600w, https:\/\/mula.es\/web\/wp-content\/uploads\/2025\/09\/6-3-768x960.jpg 768w, https:\/\/mula.es\/web\/wp-content\/uploads\/2025\/09\/6-3-800x1000.jpg 800w, https:\/\/mula.es\/web\/wp-content\/uploads\/2025\/09\/6-3-819x1024.jpg 819w, https:\/\/mula.es\/web\/wp-content\/uploads\/2025\/09\/6-3.jpg 1080w\" sizes=\"(max-width: 240px) 100vw, 240px\" \/><\/a> <a href=\"https:\/\/mula.es\/web\/wp-content\/uploads\/2025\/09\/7-3.jpg\"><img decoding=\"async\" data-attachment-id=\"59612\" data-permalink=\"https:\/\/mula.es\/web\/cultura-mula-recibe-al-fuego-sagrado-de-cartagineses-y-romanos\/7-84\/\" data-orig-file=\"https:\/\/mula.es\/web\/wp-content\/uploads\/2025\/09\/7-3.jpg\" data-orig-size=\"1080,1350\" data-comments-opened=\"0\" data-image-meta=\"{&quot;aperture&quot;:&quot;0&quot;,&quot;credit&quot;:&quot;&quot;,&quot;camera&quot;:&quot;&quot;,&quot;caption&quot;:&quot;&quot;,&quot;created_timestamp&quot;:&quot;0&quot;,&quot;copyright&quot;:&quot;&quot;,&quot;focal_length&quot;:&quot;0&quot;,&quot;iso&quot;:&quot;0&quot;,&quot;shutter_speed&quot;:&quot;0&quot;,&quot;title&quot;:&quot;&quot;,&quot;orientation&quot;:&quot;1&quot;}\" data-image-title=\"7\" data-image-description=\"\" data-image-caption=\"\" data-large-file=\"https:\/\/mula.es\/web\/wp-content\/uploads\/2025\/09\/7-3-819x1024.jpg\" class=\"alignnone size-medium wp-image-59612\" src=\"https:\/\/mula.es\/web\/wp-content\/uploads\/2025\/09\/7-3-240x300.jpg\" alt=\"\" width=\"240\" height=\"300\" srcset=\"https:\/\/mula.es\/web\/wp-content\/uploads\/2025\/09\/7-3-200x250.jpg 200w, https:\/\/mula.es\/web\/wp-content\/uploads\/2025\/09\/7-3-240x300.jpg 240w, https:\/\/mula.es\/web\/wp-content\/uploads\/2025\/09\/7-3-400x500.jpg 400w, https:\/\/mula.es\/web\/wp-content\/uploads\/2025\/09\/7-3-600x750.jpg 600w, https:\/\/mula.es\/web\/wp-content\/uploads\/2025\/09\/7-3-768x960.jpg 768w, https:\/\/mula.es\/web\/wp-content\/uploads\/2025\/09\/7-3-800x1000.jpg 800w, https:\/\/mula.es\/web\/wp-content\/uploads\/2025\/09\/7-3-819x1024.jpg 819w, https:\/\/mula.es\/web\/wp-content\/uploads\/2025\/09\/7-3.jpg 1080w\" sizes=\"(max-width: 240px) 100vw, 240px\" \/><\/a><\/p>\n","protected":false},"excerpt":{"rendered":"<p>NOTA DE PRENSA &#8211; 16 DE SEPTIEMBRE DE 2025 \u00a0 \u00a0 Mula recibe al fuego sagrado de Cartagineses y Romanos &nbsp; Hoy, miembros del equipo de gobierno del Ayuntamiento de Mula han recibido a los representantes de la Federaci\u00f3n de Tropas y Legiones de las Fiestas de Cartagineses y Romanos, en el marco de su  [&#8230;]<\/p>\n","protected":false},"author":13,"featured_media":33512,"comment_status":"closed","ping_status":"closed","sticky":false,"template":"","format":"standard","meta":{"jetpack_post_was_ever_published":false,"_jetpack_newsletter_access":"","_jetpack_dont_email_post_to_subs":false,"_jetpack_newsletter_tier_id":0,"_jetpack_memberships_contains_paywalled_content":false,"_jetpack_memberships_contains_paid_content":false,"footnotes":"","jetpack_publicize_message":"","jetpack_publicize_feature_enabled":true,"jetpack_social_post_already_shared":true,"jetpack_social_options":{"image_generator_settings":{"template":"highway","default_image_id":0,"font":"","enabled":false},"version":2}},"categories":[97],"tags":[],"class_list":["post-59605","post","type-post","status-publish","format-standard","has-post-thumbnail","hentry","category-cultura"],"yoast_head":"<!-- This site is optimized with the Yoast SEO plugin v27.5 - https:\/\/yoast.com\/product\/yoast-seo-wordpress\/ -->\n<title>CULTURA | Mula recibe al fuego sagrado de Cartagineses y Romanos - Ayuntamiento de Mula<\/title>\n<meta name=\"robots\" content=\"index, follow, max-snippet:-1, max-image-preview:large, max-video-preview:-1\" \/>\n<link rel=\"canonical\" href=\"https:\/\/mula.es\/web\/cultura-mula-recibe-al-fuego-sagrado-de-cartagineses-y-romanos\/\" \/>\n<meta property=\"og:locale\" content=\"es_ES\" \/>\n<meta property=\"og:type\" content=\"article\" \/>\n<meta property=\"og:title\" content=\"CULTURA | Mula recibe al fuego sagrado de Cartagineses y Romanos - Ayuntamiento de Mula\" \/>\n<meta property=\"og:description\" content=\"NOTA DE PRENSA &#8211; 16 DE SEPTIEMBRE DE 2025 \u00a0 \u00a0 Mula recibe al fuego sagrado de Cartagineses y Romanos &nbsp; Hoy, miembros del equipo de gobierno del Ayuntamiento de Mula han recibido a los representantes de la Federaci\u00f3n de Tropas y Legiones de las Fiestas de Cartagineses y Romanos, en el marco de su [...]\" \/>\n<meta property=\"og:url\" content=\"https:\/\/mula.es\/web\/cultura-mula-recibe-al-fuego-sagrado-de-cartagineses-y-romanos\/\" \/>\n<meta property=\"og:site_name\" content=\"Ayuntamiento de Mula\" \/>\n<meta property=\"article:published_time\" content=\"2025-09-16T19:13:13+00:00\" \/>\n<meta property=\"og:image\" content=\"https:\/\/mula.es\/web\/wp-content\/uploads\/2020\/06\/escudo-cuadrado-e1591045058235.jpg\" \/>\n\t<meta property=\"og:image:width\" content=\"200\" \/>\n\t<meta property=\"og:image:height\" content=\"218\" \/>\n\t<meta property=\"og:image:type\" content=\"image\/jpeg\" \/>\n<meta name=\"author\" content=\"Laura Salas Orcajada\" \/>\n<meta name=\"twitter:card\" content=\"summary_large_image\" \/>\n<meta name=\"twitter:creator\" content=\"@AyuntamientMula\" \/>\n<meta name=\"twitter:site\" content=\"@AyuntamientMula\" \/>\n<meta name=\"twitter:label1\" content=\"Escrito por\" \/>\n\t<meta name=\"twitter:data1\" content=\"Laura Salas Orcajada\" \/>\n\t<meta name=\"twitter:label2\" content=\"Tiempo de lectura\" \/>\n\t<meta name=\"twitter:data2\" content=\"2 minutos\" \/>\n<script type=\"application\/ld+json\" class=\"yoast-schema-graph\">{\"@context\":\"https:\\\/\\\/schema.org\",\"@graph\":[{\"@type\":\"Article\",\"@id\":\"https:\\\/\\\/mula.es\\\/web\\\/cultura-mula-recibe-al-fuego-sagrado-de-cartagineses-y-romanos\\\/#article\",\"isPartOf\":{\"@id\":\"https:\\\/\\\/mula.es\\\/web\\\/cultura-mula-recibe-al-fuego-sagrado-de-cartagineses-y-romanos\\\/\"},\"author\":{\"name\":\"Laura Salas Orcajada\",\"@id\":\"https:\\\/\\\/mula.es\\\/web\\\/#\\\/schema\\\/person\\\/4f10179bd364f40dceed361e61e4033f\"},\"headline\":\"CULTURA | Mula recibe al fuego sagrado de Cartagineses y Romanos\",\"datePublished\":\"2025-09-16T19:13:13+00:00\",\"mainEntityOfPage\":{\"@id\":\"https:\\\/\\\/mula.es\\\/web\\\/cultura-mula-recibe-al-fuego-sagrado-de-cartagineses-y-romanos\\\/\"},\"wordCount\":173,\"image\":{\"@id\":\"https:\\\/\\\/mula.es\\\/web\\\/cultura-mula-recibe-al-fuego-sagrado-de-cartagineses-y-romanos\\\/#primaryimage\"},\"thumbnailUrl\":\"https:\\\/\\\/mula.es\\\/web\\\/wp-content\\\/uploads\\\/2020\\\/06\\\/escudo-cuadrado-e1591045058235.jpg\",\"articleSection\":[\"cultura\"],\"inLanguage\":\"es\"},{\"@type\":\"WebPage\",\"@id\":\"https:\\\/\\\/mula.es\\\/web\\\/cultura-mula-recibe-al-fuego-sagrado-de-cartagineses-y-romanos\\\/\",\"url\":\"https:\\\/\\\/mula.es\\\/web\\\/cultura-mula-recibe-al-fuego-sagrado-de-cartagineses-y-romanos\\\/\",\"name\":\"CULTURA | Mula recibe al fuego sagrado de Cartagineses y Romanos - Ayuntamiento de Mula\",\"isPartOf\":{\"@id\":\"https:\\\/\\\/mula.es\\\/web\\\/#website\"},\"primaryImageOfPage\":{\"@id\":\"https:\\\/\\\/mula.es\\\/web\\\/cultura-mula-recibe-al-fuego-sagrado-de-cartagineses-y-romanos\\\/#primaryimage\"},\"image\":{\"@id\":\"https:\\\/\\\/mula.es\\\/web\\\/cultura-mula-recibe-al-fuego-sagrado-de-cartagineses-y-romanos\\\/#primaryimage\"},\"thumbnailUrl\":\"https:\\\/\\\/mula.es\\\/web\\\/wp-content\\\/uploads\\\/2020\\\/06\\\/escudo-cuadrado-e1591045058235.jpg\",\"datePublished\":\"2025-09-16T19:13:13+00:00\",\"author\":{\"@id\":\"https:\\\/\\\/mula.es\\\/web\\\/#\\\/schema\\\/person\\\/4f10179bd364f40dceed361e61e4033f\"},\"breadcrumb\":{\"@id\":\"https:\\\/\\\/mula.es\\\/web\\\/cultura-mula-recibe-al-fuego-sagrado-de-cartagineses-y-romanos\\\/#breadcrumb\"},\"inLanguage\":\"es\",\"potentialAction\":[{\"@type\":\"ReadAction\",\"target\":[\"https:\\\/\\\/mula.es\\\/web\\\/cultura-mula-recibe-al-fuego-sagrado-de-cartagineses-y-romanos\\\/\"]}]},{\"@type\":\"ImageObject\",\"inLanguage\":\"es\",\"@id\":\"https:\\\/\\\/mula.es\\\/web\\\/cultura-mula-recibe-al-fuego-sagrado-de-cartagineses-y-romanos\\\/#primaryimage\",\"url\":\"https:\\\/\\\/mula.es\\\/web\\\/wp-content\\\/uploads\\\/2020\\\/06\\\/escudo-cuadrado-e1591045058235.jpg\",\"contentUrl\":\"https:\\\/\\\/mula.es\\\/web\\\/wp-content\\\/uploads\\\/2020\\\/06\\\/escudo-cuadrado-e1591045058235.jpg\",\"width\":200,\"height\":218},{\"@type\":\"BreadcrumbList\",\"@id\":\"https:\\\/\\\/mula.es\\\/web\\\/cultura-mula-recibe-al-fuego-sagrado-de-cartagineses-y-romanos\\\/#breadcrumb\",\"itemListElement\":[{\"@type\":\"ListItem\",\"position\":1,\"name\":\"Portada\",\"item\":\"https:\\\/\\\/mula.es\\\/web\\\/\"},{\"@type\":\"ListItem\",\"position\":2,\"name\":\"CULTURA | Mula recibe al fuego sagrado de Cartagineses y Romanos\"}]},{\"@type\":\"WebSite\",\"@id\":\"https:\\\/\\\/mula.es\\\/web\\\/#website\",\"url\":\"https:\\\/\\\/mula.es\\\/web\\\/\",\"name\":\"Ayuntamiento de Mula\",\"description\":\"P\u00e1gina web del Ayuntamiento de Mula (Regi\u00f3n de Murcia)\",\"potentialAction\":[{\"@type\":\"SearchAction\",\"target\":{\"@type\":\"EntryPoint\",\"urlTemplate\":\"https:\\\/\\\/mula.es\\\/web\\\/?s={search_term_string}\"},\"query-input\":{\"@type\":\"PropertyValueSpecification\",\"valueRequired\":true,\"valueName\":\"search_term_string\"}}],\"inLanguage\":\"es\"},{\"@type\":\"Person\",\"@id\":\"https:\\\/\\\/mula.es\\\/web\\\/#\\\/schema\\\/person\\\/4f10179bd364f40dceed361e61e4033f\",\"name\":\"Laura Salas Orcajada\",\"image\":{\"@type\":\"ImageObject\",\"inLanguage\":\"es\",\"@id\":\"https:\\\/\\\/secure.gravatar.com\\\/avatar\\\/786f2a223d9a455e2a448f78b5dcc1117207ef56ef3d9a04df338c0f775cd403?s=96&d=mm&r=g\",\"url\":\"https:\\\/\\\/secure.gravatar.com\\\/avatar\\\/786f2a223d9a455e2a448f78b5dcc1117207ef56ef3d9a04df338c0f775cd403?s=96&d=mm&r=g\",\"contentUrl\":\"https:\\\/\\\/secure.gravatar.com\\\/avatar\\\/786f2a223d9a455e2a448f78b5dcc1117207ef56ef3d9a04df338c0f775cd403?s=96&d=mm&r=g\",\"caption\":\"Laura Salas Orcajada\"},\"url\":\"https:\\\/\\\/mula.es\\\/web\\\/author\\\/lsalas\\\/\"}]}<\/script>\n<!-- \/ Yoast SEO plugin. -->","yoast_head_json":{"title":"CULTURA | Mula recibe al fuego sagrado de Cartagineses y Romanos - Ayuntamiento de Mula","robots":{"index":"index","follow":"follow","max-snippet":"max-snippet:-1","max-image-preview":"max-image-preview:large","max-video-preview":"max-video-preview:-1"},"canonical":"https:\/\/mula.es\/web\/cultura-mula-recibe-al-fuego-sagrado-de-cartagineses-y-romanos\/","og_locale":"es_ES","og_type":"article","og_title":"CULTURA | Mula recibe al fuego sagrado de Cartagineses y Romanos - Ayuntamiento de Mula","og_description":"NOTA DE PRENSA &#8211; 16 DE SEPTIEMBRE DE 2025 \u00a0 \u00a0 Mula recibe al fuego sagrado de Cartagineses y Romanos &nbsp; Hoy, miembros del equipo de gobierno del Ayuntamiento de Mula han recibido a los representantes de la Federaci\u00f3n de Tropas y Legiones de las Fiestas de Cartagineses y Romanos, en el marco de su [...]","og_url":"https:\/\/mula.es\/web\/cultura-mula-recibe-al-fuego-sagrado-de-cartagineses-y-romanos\/","og_site_name":"Ayuntamiento de Mula","article_published_time":"2025-09-16T19:13:13+00:00","og_image":[{"width":200,"height":218,"url":"https:\/\/mula.es\/web\/wp-content\/uploads\/2020\/06\/escudo-cuadrado-e1591045058235.jpg","type":"image\/jpeg"}],"author":"Laura Salas Orcajada","twitter_card":"summary_large_image","twitter_creator":"@AyuntamientMula","twitter_site":"@AyuntamientMula","twitter_misc":{"Escrito por":"Laura Salas Orcajada","Tiempo de lectura":"2 minutos"},"schema":{"@context":"https:\/\/schema.org","@graph":[{"@type":"Article","@id":"https:\/\/mula.es\/web\/cultura-mula-recibe-al-fuego-sagrado-de-cartagineses-y-romanos\/#article","isPartOf":{"@id":"https:\/\/mula.es\/web\/cultura-mula-recibe-al-fuego-sagrado-de-cartagineses-y-romanos\/"},"author":{"name":"Laura Salas Orcajada","@id":"https:\/\/mula.es\/web\/#\/schema\/person\/4f10179bd364f40dceed361e61e4033f"},"headline":"CULTURA | Mula recibe al fuego sagrado de Cartagineses y Romanos","datePublished":"2025-09-16T19:13:13+00:00","mainEntityOfPage":{"@id":"https:\/\/mula.es\/web\/cultura-mula-recibe-al-fuego-sagrado-de-cartagineses-y-romanos\/"},"wordCount":173,"image":{"@id":"https:\/\/mula.es\/web\/cultura-mula-recibe-al-fuego-sagrado-de-cartagineses-y-romanos\/#primaryimage"},"thumbnailUrl":"https:\/\/mula.es\/web\/wp-content\/uploads\/2020\/06\/escudo-cuadrado-e1591045058235.jpg","articleSection":["cultura"],"inLanguage":"es"},{"@type":"WebPage","@id":"https:\/\/mula.es\/web\/cultura-mula-recibe-al-fuego-sagrado-de-cartagineses-y-romanos\/","url":"https:\/\/mula.es\/web\/cultura-mula-recibe-al-fuego-sagrado-de-cartagineses-y-romanos\/","name":"CULTURA | Mula recibe al fuego sagrado de Cartagineses y Romanos - Ayuntamiento de Mula","isPartOf":{"@id":"https:\/\/mula.es\/web\/#website"},"primaryImageOfPage":{"@id":"https:\/\/mula.es\/web\/cultura-mula-recibe-al-fuego-sagrado-de-cartagineses-y-romanos\/#primaryimage"},"image":{"@id":"https:\/\/mula.es\/web\/cultura-mula-recibe-al-fuego-sagrado-de-cartagineses-y-romanos\/#primaryimage"},"thumbnailUrl":"https:\/\/mula.es\/web\/wp-content\/uploads\/2020\/06\/escudo-cuadrado-e1591045058235.jpg","datePublished":"2025-09-16T19:13:13+00:00","author":{"@id":"https:\/\/mula.es\/web\/#\/schema\/person\/4f10179bd364f40dceed361e61e4033f"},"breadcrumb":{"@id":"https:\/\/mula.es\/web\/cultura-mula-recibe-al-fuego-sagrado-de-cartagineses-y-romanos\/#breadcrumb"},"inLanguage":"es","potentialAction":[{"@type":"ReadAction","target":["https:\/\/mula.es\/web\/cultura-mula-recibe-al-fuego-sagrado-de-cartagineses-y-romanos\/"]}]},{"@type":"ImageObject","inLanguage":"es","@id":"https:\/\/mula.es\/web\/cultura-mula-recibe-al-fuego-sagrado-de-cartagineses-y-romanos\/#primaryimage","url":"https:\/\/mula.es\/web\/wp-content\/uploads\/2020\/06\/escudo-cuadrado-e1591045058235.jpg","contentUrl":"https:\/\/mula.es\/web\/wp-content\/uploads\/2020\/06\/escudo-cuadrado-e1591045058235.jpg","width":200,"height":218},{"@type":"BreadcrumbList","@id":"https:\/\/mula.es\/web\/cultura-mula-recibe-al-fuego-sagrado-de-cartagineses-y-romanos\/#breadcrumb","itemListElement":[{"@type":"ListItem","position":1,"name":"Portada","item":"https:\/\/mula.es\/web\/"},{"@type":"ListItem","position":2,"name":"CULTURA | Mula recibe al fuego sagrado de Cartagineses y Romanos"}]},{"@type":"WebSite","@id":"https:\/\/mula.es\/web\/#website","url":"https:\/\/mula.es\/web\/","name":"Ayuntamiento de Mula","description":"P\u00e1gina web del Ayuntamiento de Mula (Regi\u00f3n de Murcia)","potentialAction":[{"@type":"SearchAction","target":{"@type":"EntryPoint","urlTemplate":"https:\/\/mula.es\/web\/?s={search_term_string}"},"query-input":{"@type":"PropertyValueSpecification","valueRequired":true,"valueName":"search_term_string"}}],"inLanguage":"es"},{"@type":"Person","@id":"https:\/\/mula.es\/web\/#\/schema\/person\/4f10179bd364f40dceed361e61e4033f","name":"Laura Salas Orcajada","image":{"@type":"ImageObject","inLanguage":"es","@id":"https:\/\/secure.gravatar.com\/avatar\/786f2a223d9a455e2a448f78b5dcc1117207ef56ef3d9a04df338c0f775cd403?s=96&d=mm&r=g","url":"https:\/\/secure.gravatar.com\/avatar\/786f2a223d9a455e2a448f78b5dcc1117207ef56ef3d9a04df338c0f775cd403?s=96&d=mm&r=g","contentUrl":"https:\/\/secure.gravatar.com\/avatar\/786f2a223d9a455e2a448f78b5dcc1117207ef56ef3d9a04df338c0f775cd403?s=96&d=mm&r=g","caption":"Laura Salas Orcajada"},"url":"https:\/\/mula.es\/web\/author\/lsalas\/"}]}},"jetpack_publicize_connections":[],"jetpack_featured_media_url":"https:\/\/mula.es\/web\/wp-content\/uploads\/2020\/06\/escudo-cuadrado-e1591045058235.jpg","jetpack_sharing_enabled":true,"jetpack_shortlink":"https:\/\/wp.me\/pa9DMY-fvn","jetpack-related-posts":[],"_links":{"self":[{"href":"https:\/\/mula.es\/web\/wp-json\/wp\/v2\/posts\/59605","targetHints":{"allow":["GET"]}}],"collection":[{"href":"https:\/\/mula.es\/web\/wp-json\/wp\/v2\/posts"}],"about":[{"href":"https:\/\/mula.es\/web\/wp-json\/wp\/v2\/types\/post"}],"author":[{"embeddable":true,"href":"https:\/\/mula.es\/web\/wp-json\/wp\/v2\/users\/13"}],"replies":[{"embeddable":true,"href":"https:\/\/mula.es\/web\/wp-json\/wp\/v2\/comments?post=59605"}],"version-history":[{"count":1,"href":"https:\/\/mula.es\/web\/wp-json\/wp\/v2\/posts\/59605\/revisions"}],"predecessor-version":[{"id":59613,"href":"https:\/\/mula.es\/web\/wp-json\/wp\/v2\/posts\/59605\/revisions\/59613"}],"wp:featuredmedia":[{"embeddable":true,"href":"https:\/\/mula.es\/web\/wp-json\/wp\/v2\/media\/33512"}],"wp:attachment":[{"href":"https:\/\/mula.es\/web\/wp-json\/wp\/v2\/media?parent=59605"}],"wp:term":[{"taxonomy":"category","embeddable":true,"href":"https:\/\/mula.es\/web\/wp-json\/wp\/v2\/categories?post=59605"},{"taxonomy":"post_tag","embeddable":true,"href":"https:\/\/mula.es\/web\/wp-json\/wp\/v2\/tags?post=59605"}],"curies":[{"name":"wp","href":"https:\/\/api.w.org\/{rel}","templated":true}]}}