{"id":59614,"date":"2025-09-17T13:45:37","date_gmt":"2025-09-17T11:45:37","guid":{"rendered":"https:\/\/mula.es\/web\/?p=59614"},"modified":"2025-09-17T16:21:00","modified_gmt":"2025-09-17T14:21:00","slug":"desarrollo-local-mula-presente-en-la-cumbre-europea-de-economia-social-y-en-los-premios-europeos-see-awards","status":"publish","type":"post","link":"https:\/\/mula.es\/web\/desarrollo-local-mula-presente-en-la-cumbre-europea-de-economia-social-y-en-los-premios-europeos-see-awards\/","title":{"rendered":"DESARROLLO LOCAL | Mula presente en la Cumbre Europea de Econom\u00eda Social"},"content":{"rendered":"<p><strong>NOTA DE PRENSA &#8211; 17 DE SEPTIEMBRE DE 2025<\/strong><\/p>\n<p><strong>\u00a0<\/strong><\/p>\n<h2><strong>\u00a0<\/strong><strong>Mula presente en la Cumbre Europea de Econom\u00eda Social<\/strong><\/h2>\n<p><strong>\u00a0<\/strong><\/p>\n<p>El concejal de Desarrollo Local, Vicente L\u00f3pez, y la concejala de Hacienda, Alejandra Mart\u00ednez, han asistido esta ma\u00f1ana a la <strong>Conferencia Europea sobre la Implementaci\u00f3n del Plan de Acci\u00f3n para la Econom\u00eda Social (SEAP)<\/strong>, celebrada en el Auditorio y Centro de Congresos V\u00edctor Villegas de Murcia en el marco de la Cumbre Europea de Econom\u00eda Social.<\/p>\n<p>La jornada ha contado con la bienvenida institucional de autoridades europeas, nacionales y regionales, y ha desarrollado distintos paneles de debate sobre las acciones del Plan Europeo de Econom\u00eda Social, la inversi\u00f3n en servicios de inter\u00e9s general y las estrategias que est\u00e1n llevando a cabo los Estados miembros.<\/p>\n<p>La presencia de Mula en este foro internacional responde al compromiso municipal con la promoci\u00f3n de la <strong>econom\u00eda social como motor de desarrollo local, cohesi\u00f3n social y creaci\u00f3n de oportunidades<\/strong>, poniendo en valor el papel de las cooperativas, asociaciones y proyectos mule\u00f1os que trabajan bajo este modelo.<\/p>\n<p>Los concejales han destacado la importancia de que Mula participe en espacios europeos de primer nivel, donde se comparten experiencias y se generan alianzas, reforzando as\u00ed la apuesta municipal por una <strong>econom\u00eda m\u00e1s justa, sostenible e inclusiva<\/strong>.<\/p>\n<p>&nbsp;<\/p>\n<p><a href=\"https:\/\/mula.es\/web\/wp-content\/uploads\/2025\/09\/1-8.jpg\"><img decoding=\"async\" data-attachment-id=\"59615\" data-permalink=\"https:\/\/mula.es\/web\/desarrollo-local-mula-presente-en-la-cumbre-europea-de-economia-social-y-en-los-premios-europeos-see-awards\/1-340\/\" data-orig-file=\"https:\/\/mula.es\/web\/wp-content\/uploads\/2025\/09\/1-8.jpg\" data-orig-size=\"1080,1350\" data-comments-opened=\"0\" data-image-meta=\"{&quot;aperture&quot;:&quot;0&quot;,&quot;credit&quot;:&quot;&quot;,&quot;camera&quot;:&quot;&quot;,&quot;caption&quot;:&quot;&quot;,&quot;created_timestamp&quot;:&quot;0&quot;,&quot;copyright&quot;:&quot;&quot;,&quot;focal_length&quot;:&quot;0&quot;,&quot;iso&quot;:&quot;0&quot;,&quot;shutter_speed&quot;:&quot;0&quot;,&quot;title&quot;:&quot;&quot;,&quot;orientation&quot;:&quot;1&quot;}\" data-image-title=\"1\" data-image-description=\"\" data-image-caption=\"\" data-large-file=\"https:\/\/mula.es\/web\/wp-content\/uploads\/2025\/09\/1-8-819x1024.jpg\" class=\"alignnone size-medium wp-image-59615\" src=\"https:\/\/mula.es\/web\/wp-content\/uploads\/2025\/09\/1-8-240x300.jpg\" alt=\"\" width=\"240\" height=\"300\" srcset=\"https:\/\/mula.es\/web\/wp-content\/uploads\/2025\/09\/1-8-200x250.jpg 200w, https:\/\/mula.es\/web\/wp-content\/uploads\/2025\/09\/1-8-240x300.jpg 240w, https:\/\/mula.es\/web\/wp-content\/uploads\/2025\/09\/1-8-400x500.jpg 400w, https:\/\/mula.es\/web\/wp-content\/uploads\/2025\/09\/1-8-600x750.jpg 600w, https:\/\/mula.es\/web\/wp-content\/uploads\/2025\/09\/1-8-768x960.jpg 768w, https:\/\/mula.es\/web\/wp-content\/uploads\/2025\/09\/1-8-800x1000.jpg 800w, https:\/\/mula.es\/web\/wp-content\/uploads\/2025\/09\/1-8-819x1024.jpg 819w, https:\/\/mula.es\/web\/wp-content\/uploads\/2025\/09\/1-8.jpg 1080w\" sizes=\"(max-width: 240px) 100vw, 240px\" \/><\/a> <a href=\"https:\/\/mula.es\/web\/wp-content\/uploads\/2025\/09\/2-6.jpg\"><img decoding=\"async\" data-attachment-id=\"59616\" data-permalink=\"https:\/\/mula.es\/web\/desarrollo-local-mula-presente-en-la-cumbre-europea-de-economia-social-y-en-los-premios-europeos-see-awards\/2-317\/\" data-orig-file=\"https:\/\/mula.es\/web\/wp-content\/uploads\/2025\/09\/2-6.jpg\" data-orig-size=\"1080,1350\" data-comments-opened=\"0\" data-image-meta=\"{&quot;aperture&quot;:&quot;0&quot;,&quot;credit&quot;:&quot;&quot;,&quot;camera&quot;:&quot;&quot;,&quot;caption&quot;:&quot;&quot;,&quot;created_timestamp&quot;:&quot;0&quot;,&quot;copyright&quot;:&quot;&quot;,&quot;focal_length&quot;:&quot;0&quot;,&quot;iso&quot;:&quot;0&quot;,&quot;shutter_speed&quot;:&quot;0&quot;,&quot;title&quot;:&quot;&quot;,&quot;orientation&quot;:&quot;1&quot;}\" data-image-title=\"2\" data-image-description=\"\" data-image-caption=\"\" data-large-file=\"https:\/\/mula.es\/web\/wp-content\/uploads\/2025\/09\/2-6-819x1024.jpg\" class=\"alignnone size-medium wp-image-59616\" src=\"https:\/\/mula.es\/web\/wp-content\/uploads\/2025\/09\/2-6-240x300.jpg\" alt=\"\" width=\"240\" height=\"300\" srcset=\"https:\/\/mula.es\/web\/wp-content\/uploads\/2025\/09\/2-6-200x250.jpg 200w, https:\/\/mula.es\/web\/wp-content\/uploads\/2025\/09\/2-6-240x300.jpg 240w, https:\/\/mula.es\/web\/wp-content\/uploads\/2025\/09\/2-6-400x500.jpg 400w, https:\/\/mula.es\/web\/wp-content\/uploads\/2025\/09\/2-6-600x750.jpg 600w, https:\/\/mula.es\/web\/wp-content\/uploads\/2025\/09\/2-6-768x960.jpg 768w, https:\/\/mula.es\/web\/wp-content\/uploads\/2025\/09\/2-6-800x1000.jpg 800w, https:\/\/mula.es\/web\/wp-content\/uploads\/2025\/09\/2-6-819x1024.jpg 819w, https:\/\/mula.es\/web\/wp-content\/uploads\/2025\/09\/2-6.jpg 1080w\" sizes=\"(max-width: 240px) 100vw, 240px\" \/><\/a><\/p>\n","protected":false},"excerpt":{"rendered":"<p>NOTA DE PRENSA &#8211; 17 DE SEPTIEMBRE DE 2025 \u00a0 \u00a0Mula presente en la Cumbre Europea de Econom\u00eda Social \u00a0 El concejal de Desarrollo Local, Vicente L\u00f3pez, y la concejala de Hacienda, Alejandra Mart\u00ednez, han asistido esta ma\u00f1ana a la Conferencia Europea sobre la Implementaci\u00f3n del Plan de Acci\u00f3n para la Econom\u00eda Social (SEAP), celebrada  [&#8230;]<\/p>\n","protected":false},"author":13,"featured_media":33512,"comment_status":"closed","ping_status":"closed","sticky":false,"template":"","format":"standard","meta":{"jetpack_post_was_ever_published":false,"_jetpack_newsletter_access":"","_jetpack_dont_email_post_to_subs":false,"_jetpack_newsletter_tier_id":0,"_jetpack_memberships_contains_paywalled_content":false,"_jetpack_memberships_contains_paid_content":false,"footnotes":"","jetpack_publicize_message":"","jetpack_publicize_feature_enabled":true,"jetpack_social_post_already_shared":true,"jetpack_social_options":{"image_generator_settings":{"template":"highway","default_image_id":0,"font":"","enabled":false},"version":2}},"categories":[179],"tags":[],"class_list":["post-59614","post","type-post","status-publish","format-standard","has-post-thumbnail","hentry","category-desarrollo-local"],"yoast_head":"<!-- This site is optimized with the Yoast SEO plugin v27.5 - https:\/\/yoast.com\/product\/yoast-seo-wordpress\/ -->\n<title>DESARROLLO LOCAL | Mula presente en la Cumbre Europea de Econom\u00eda Social - Ayuntamiento de Mula<\/title>\n<meta name=\"robots\" content=\"index, follow, max-snippet:-1, max-image-preview:large, max-video-preview:-1\" \/>\n<link rel=\"canonical\" href=\"https:\/\/mula.es\/web\/desarrollo-local-mula-presente-en-la-cumbre-europea-de-economia-social-y-en-los-premios-europeos-see-awards\/\" \/>\n<meta property=\"og:locale\" content=\"es_ES\" \/>\n<meta property=\"og:type\" content=\"article\" \/>\n<meta property=\"og:title\" content=\"DESARROLLO LOCAL | Mula presente en la Cumbre Europea de Econom\u00eda Social - Ayuntamiento de Mula\" \/>\n<meta property=\"og:description\" content=\"NOTA DE PRENSA &#8211; 17 DE SEPTIEMBRE DE 2025 \u00a0 \u00a0Mula presente en la Cumbre Europea de Econom\u00eda Social \u00a0 El concejal de Desarrollo Local, Vicente L\u00f3pez, y la concejala de Hacienda, Alejandra Mart\u00ednez, han asistido esta ma\u00f1ana a la Conferencia Europea sobre la Implementaci\u00f3n del Plan de Acci\u00f3n para la Econom\u00eda Social (SEAP), celebrada [...]\" \/>\n<meta property=\"og:url\" content=\"https:\/\/mula.es\/web\/desarrollo-local-mula-presente-en-la-cumbre-europea-de-economia-social-y-en-los-premios-europeos-see-awards\/\" \/>\n<meta property=\"og:site_name\" content=\"Ayuntamiento de Mula\" \/>\n<meta property=\"article:published_time\" content=\"2025-09-17T11:45:37+00:00\" \/>\n<meta property=\"article:modified_time\" content=\"2025-09-17T14:21:00+00:00\" \/>\n<meta property=\"og:image\" content=\"https:\/\/mula.es\/web\/wp-content\/uploads\/2020\/06\/escudo-cuadrado-e1591045058235.jpg\" \/>\n\t<meta property=\"og:image:width\" content=\"200\" \/>\n\t<meta property=\"og:image:height\" content=\"218\" \/>\n\t<meta property=\"og:image:type\" content=\"image\/jpeg\" \/>\n<meta name=\"author\" content=\"Laura Salas Orcajada\" \/>\n<meta name=\"twitter:card\" content=\"summary_large_image\" \/>\n<meta name=\"twitter:creator\" content=\"@AyuntamientMula\" \/>\n<meta name=\"twitter:site\" content=\"@AyuntamientMula\" \/>\n<meta name=\"twitter:label1\" content=\"Escrito por\" \/>\n\t<meta name=\"twitter:data1\" content=\"Laura Salas Orcajada\" \/>\n\t<meta name=\"twitter:label2\" content=\"Tiempo de lectura\" \/>\n\t<meta name=\"twitter:data2\" content=\"2 minutos\" \/>\n<script type=\"application\/ld+json\" class=\"yoast-schema-graph\">{\"@context\":\"https:\\\/\\\/schema.org\",\"@graph\":[{\"@type\":\"Article\",\"@id\":\"https:\\\/\\\/mula.es\\\/web\\\/desarrollo-local-mula-presente-en-la-cumbre-europea-de-economia-social-y-en-los-premios-europeos-see-awards\\\/#article\",\"isPartOf\":{\"@id\":\"https:\\\/\\\/mula.es\\\/web\\\/desarrollo-local-mula-presente-en-la-cumbre-europea-de-economia-social-y-en-los-premios-europeos-see-awards\\\/\"},\"author\":{\"name\":\"Laura Salas Orcajada\",\"@id\":\"https:\\\/\\\/mula.es\\\/web\\\/#\\\/schema\\\/person\\\/4f10179bd364f40dceed361e61e4033f\"},\"headline\":\"DESARROLLO LOCAL | Mula presente en la Cumbre Europea de Econom\u00eda Social\",\"datePublished\":\"2025-09-17T11:45:37+00:00\",\"dateModified\":\"2025-09-17T14:21:00+00:00\",\"mainEntityOfPage\":{\"@id\":\"https:\\\/\\\/mula.es\\\/web\\\/desarrollo-local-mula-presente-en-la-cumbre-europea-de-economia-social-y-en-los-premios-europeos-see-awards\\\/\"},\"wordCount\":237,\"image\":{\"@id\":\"https:\\\/\\\/mula.es\\\/web\\\/desarrollo-local-mula-presente-en-la-cumbre-europea-de-economia-social-y-en-los-premios-europeos-see-awards\\\/#primaryimage\"},\"thumbnailUrl\":\"https:\\\/\\\/mula.es\\\/web\\\/wp-content\\\/uploads\\\/2020\\\/06\\\/escudo-cuadrado-e1591045058235.jpg\",\"articleSection\":[\"desarrollo local\"],\"inLanguage\":\"es\"},{\"@type\":\"WebPage\",\"@id\":\"https:\\\/\\\/mula.es\\\/web\\\/desarrollo-local-mula-presente-en-la-cumbre-europea-de-economia-social-y-en-los-premios-europeos-see-awards\\\/\",\"url\":\"https:\\\/\\\/mula.es\\\/web\\\/desarrollo-local-mula-presente-en-la-cumbre-europea-de-economia-social-y-en-los-premios-europeos-see-awards\\\/\",\"name\":\"DESARROLLO LOCAL | Mula presente en la Cumbre Europea de Econom\u00eda Social - Ayuntamiento de Mula\",\"isPartOf\":{\"@id\":\"https:\\\/\\\/mula.es\\\/web\\\/#website\"},\"primaryImageOfPage\":{\"@id\":\"https:\\\/\\\/mula.es\\\/web\\\/desarrollo-local-mula-presente-en-la-cumbre-europea-de-economia-social-y-en-los-premios-europeos-see-awards\\\/#primaryimage\"},\"image\":{\"@id\":\"https:\\\/\\\/mula.es\\\/web\\\/desarrollo-local-mula-presente-en-la-cumbre-europea-de-economia-social-y-en-los-premios-europeos-see-awards\\\/#primaryimage\"},\"thumbnailUrl\":\"https:\\\/\\\/mula.es\\\/web\\\/wp-content\\\/uploads\\\/2020\\\/06\\\/escudo-cuadrado-e1591045058235.jpg\",\"datePublished\":\"2025-09-17T11:45:37+00:00\",\"dateModified\":\"2025-09-17T14:21:00+00:00\",\"author\":{\"@id\":\"https:\\\/\\\/mula.es\\\/web\\\/#\\\/schema\\\/person\\\/4f10179bd364f40dceed361e61e4033f\"},\"breadcrumb\":{\"@id\":\"https:\\\/\\\/mula.es\\\/web\\\/desarrollo-local-mula-presente-en-la-cumbre-europea-de-economia-social-y-en-los-premios-europeos-see-awards\\\/#breadcrumb\"},\"inLanguage\":\"es\",\"potentialAction\":[{\"@type\":\"ReadAction\",\"target\":[\"https:\\\/\\\/mula.es\\\/web\\\/desarrollo-local-mula-presente-en-la-cumbre-europea-de-economia-social-y-en-los-premios-europeos-see-awards\\\/\"]}]},{\"@type\":\"ImageObject\",\"inLanguage\":\"es\",\"@id\":\"https:\\\/\\\/mula.es\\\/web\\\/desarrollo-local-mula-presente-en-la-cumbre-europea-de-economia-social-y-en-los-premios-europeos-see-awards\\\/#primaryimage\",\"url\":\"https:\\\/\\\/mula.es\\\/web\\\/wp-content\\\/uploads\\\/2020\\\/06\\\/escudo-cuadrado-e1591045058235.jpg\",\"contentUrl\":\"https:\\\/\\\/mula.es\\\/web\\\/wp-content\\\/uploads\\\/2020\\\/06\\\/escudo-cuadrado-e1591045058235.jpg\",\"width\":200,\"height\":218},{\"@type\":\"BreadcrumbList\",\"@id\":\"https:\\\/\\\/mula.es\\\/web\\\/desarrollo-local-mula-presente-en-la-cumbre-europea-de-economia-social-y-en-los-premios-europeos-see-awards\\\/#breadcrumb\",\"itemListElement\":[{\"@type\":\"ListItem\",\"position\":1,\"name\":\"Portada\",\"item\":\"https:\\\/\\\/mula.es\\\/web\\\/\"},{\"@type\":\"ListItem\",\"position\":2,\"name\":\"DESARROLLO LOCAL | Mula presente en la Cumbre Europea de Econom\u00eda Social\"}]},{\"@type\":\"WebSite\",\"@id\":\"https:\\\/\\\/mula.es\\\/web\\\/#website\",\"url\":\"https:\\\/\\\/mula.es\\\/web\\\/\",\"name\":\"Ayuntamiento de Mula\",\"description\":\"P\u00e1gina web del Ayuntamiento de Mula (Regi\u00f3n de Murcia)\",\"potentialAction\":[{\"@type\":\"SearchAction\",\"target\":{\"@type\":\"EntryPoint\",\"urlTemplate\":\"https:\\\/\\\/mula.es\\\/web\\\/?s={search_term_string}\"},\"query-input\":{\"@type\":\"PropertyValueSpecification\",\"valueRequired\":true,\"valueName\":\"search_term_string\"}}],\"inLanguage\":\"es\"},{\"@type\":\"Person\",\"@id\":\"https:\\\/\\\/mula.es\\\/web\\\/#\\\/schema\\\/person\\\/4f10179bd364f40dceed361e61e4033f\",\"name\":\"Laura Salas Orcajada\",\"image\":{\"@type\":\"ImageObject\",\"inLanguage\":\"es\",\"@id\":\"https:\\\/\\\/secure.gravatar.com\\\/avatar\\\/786f2a223d9a455e2a448f78b5dcc1117207ef56ef3d9a04df338c0f775cd403?s=96&d=mm&r=g\",\"url\":\"https:\\\/\\\/secure.gravatar.com\\\/avatar\\\/786f2a223d9a455e2a448f78b5dcc1117207ef56ef3d9a04df338c0f775cd403?s=96&d=mm&r=g\",\"contentUrl\":\"https:\\\/\\\/secure.gravatar.com\\\/avatar\\\/786f2a223d9a455e2a448f78b5dcc1117207ef56ef3d9a04df338c0f775cd403?s=96&d=mm&r=g\",\"caption\":\"Laura Salas Orcajada\"},\"url\":\"https:\\\/\\\/mula.es\\\/web\\\/author\\\/lsalas\\\/\"}]}<\/script>\n<!-- \/ Yoast SEO plugin. -->","yoast_head_json":{"title":"DESARROLLO LOCAL | Mula presente en la Cumbre Europea de Econom\u00eda Social - Ayuntamiento de Mula","robots":{"index":"index","follow":"follow","max-snippet":"max-snippet:-1","max-image-preview":"max-image-preview:large","max-video-preview":"max-video-preview:-1"},"canonical":"https:\/\/mula.es\/web\/desarrollo-local-mula-presente-en-la-cumbre-europea-de-economia-social-y-en-los-premios-europeos-see-awards\/","og_locale":"es_ES","og_type":"article","og_title":"DESARROLLO LOCAL | Mula presente en la Cumbre Europea de Econom\u00eda Social - Ayuntamiento de Mula","og_description":"NOTA DE PRENSA &#8211; 17 DE SEPTIEMBRE DE 2025 \u00a0 \u00a0Mula presente en la Cumbre Europea de Econom\u00eda Social \u00a0 El concejal de Desarrollo Local, Vicente L\u00f3pez, y la concejala de Hacienda, Alejandra Mart\u00ednez, han asistido esta ma\u00f1ana a la Conferencia Europea sobre la Implementaci\u00f3n del Plan de Acci\u00f3n para la Econom\u00eda Social (SEAP), celebrada [...]","og_url":"https:\/\/mula.es\/web\/desarrollo-local-mula-presente-en-la-cumbre-europea-de-economia-social-y-en-los-premios-europeos-see-awards\/","og_site_name":"Ayuntamiento de Mula","article_published_time":"2025-09-17T11:45:37+00:00","article_modified_time":"2025-09-17T14:21:00+00:00","og_image":[{"width":200,"height":218,"url":"https:\/\/mula.es\/web\/wp-content\/uploads\/2020\/06\/escudo-cuadrado-e1591045058235.jpg","type":"image\/jpeg"}],"author":"Laura Salas Orcajada","twitter_card":"summary_large_image","twitter_creator":"@AyuntamientMula","twitter_site":"@AyuntamientMula","twitter_misc":{"Escrito por":"Laura Salas Orcajada","Tiempo de lectura":"2 minutos"},"schema":{"@context":"https:\/\/schema.org","@graph":[{"@type":"Article","@id":"https:\/\/mula.es\/web\/desarrollo-local-mula-presente-en-la-cumbre-europea-de-economia-social-y-en-los-premios-europeos-see-awards\/#article","isPartOf":{"@id":"https:\/\/mula.es\/web\/desarrollo-local-mula-presente-en-la-cumbre-europea-de-economia-social-y-en-los-premios-europeos-see-awards\/"},"author":{"name":"Laura Salas Orcajada","@id":"https:\/\/mula.es\/web\/#\/schema\/person\/4f10179bd364f40dceed361e61e4033f"},"headline":"DESARROLLO LOCAL | Mula presente en la Cumbre Europea de Econom\u00eda Social","datePublished":"2025-09-17T11:45:37+00:00","dateModified":"2025-09-17T14:21:00+00:00","mainEntityOfPage":{"@id":"https:\/\/mula.es\/web\/desarrollo-local-mula-presente-en-la-cumbre-europea-de-economia-social-y-en-los-premios-europeos-see-awards\/"},"wordCount":237,"image":{"@id":"https:\/\/mula.es\/web\/desarrollo-local-mula-presente-en-la-cumbre-europea-de-economia-social-y-en-los-premios-europeos-see-awards\/#primaryimage"},"thumbnailUrl":"https:\/\/mula.es\/web\/wp-content\/uploads\/2020\/06\/escudo-cuadrado-e1591045058235.jpg","articleSection":["desarrollo local"],"inLanguage":"es"},{"@type":"WebPage","@id":"https:\/\/mula.es\/web\/desarrollo-local-mula-presente-en-la-cumbre-europea-de-economia-social-y-en-los-premios-europeos-see-awards\/","url":"https:\/\/mula.es\/web\/desarrollo-local-mula-presente-en-la-cumbre-europea-de-economia-social-y-en-los-premios-europeos-see-awards\/","name":"DESARROLLO LOCAL | Mula presente en la Cumbre Europea de Econom\u00eda Social - Ayuntamiento de Mula","isPartOf":{"@id":"https:\/\/mula.es\/web\/#website"},"primaryImageOfPage":{"@id":"https:\/\/mula.es\/web\/desarrollo-local-mula-presente-en-la-cumbre-europea-de-economia-social-y-en-los-premios-europeos-see-awards\/#primaryimage"},"image":{"@id":"https:\/\/mula.es\/web\/desarrollo-local-mula-presente-en-la-cumbre-europea-de-economia-social-y-en-los-premios-europeos-see-awards\/#primaryimage"},"thumbnailUrl":"https:\/\/mula.es\/web\/wp-content\/uploads\/2020\/06\/escudo-cuadrado-e1591045058235.jpg","datePublished":"2025-09-17T11:45:37+00:00","dateModified":"2025-09-17T14:21:00+00:00","author":{"@id":"https:\/\/mula.es\/web\/#\/schema\/person\/4f10179bd364f40dceed361e61e4033f"},"breadcrumb":{"@id":"https:\/\/mula.es\/web\/desarrollo-local-mula-presente-en-la-cumbre-europea-de-economia-social-y-en-los-premios-europeos-see-awards\/#breadcrumb"},"inLanguage":"es","potentialAction":[{"@type":"ReadAction","target":["https:\/\/mula.es\/web\/desarrollo-local-mula-presente-en-la-cumbre-europea-de-economia-social-y-en-los-premios-europeos-see-awards\/"]}]},{"@type":"ImageObject","inLanguage":"es","@id":"https:\/\/mula.es\/web\/desarrollo-local-mula-presente-en-la-cumbre-europea-de-economia-social-y-en-los-premios-europeos-see-awards\/#primaryimage","url":"https:\/\/mula.es\/web\/wp-content\/uploads\/2020\/06\/escudo-cuadrado-e1591045058235.jpg","contentUrl":"https:\/\/mula.es\/web\/wp-content\/uploads\/2020\/06\/escudo-cuadrado-e1591045058235.jpg","width":200,"height":218},{"@type":"BreadcrumbList","@id":"https:\/\/mula.es\/web\/desarrollo-local-mula-presente-en-la-cumbre-europea-de-economia-social-y-en-los-premios-europeos-see-awards\/#breadcrumb","itemListElement":[{"@type":"ListItem","position":1,"name":"Portada","item":"https:\/\/mula.es\/web\/"},{"@type":"ListItem","position":2,"name":"DESARROLLO LOCAL | Mula presente en la Cumbre Europea de Econom\u00eda Social"}]},{"@type":"WebSite","@id":"https:\/\/mula.es\/web\/#website","url":"https:\/\/mula.es\/web\/","name":"Ayuntamiento de Mula","description":"P\u00e1gina web del Ayuntamiento de Mula (Regi\u00f3n de Murcia)","potentialAction":[{"@type":"SearchAction","target":{"@type":"EntryPoint","urlTemplate":"https:\/\/mula.es\/web\/?s={search_term_string}"},"query-input":{"@type":"PropertyValueSpecification","valueRequired":true,"valueName":"search_term_string"}}],"inLanguage":"es"},{"@type":"Person","@id":"https:\/\/mula.es\/web\/#\/schema\/person\/4f10179bd364f40dceed361e61e4033f","name":"Laura Salas Orcajada","image":{"@type":"ImageObject","inLanguage":"es","@id":"https:\/\/secure.gravatar.com\/avatar\/786f2a223d9a455e2a448f78b5dcc1117207ef56ef3d9a04df338c0f775cd403?s=96&d=mm&r=g","url":"https:\/\/secure.gravatar.com\/avatar\/786f2a223d9a455e2a448f78b5dcc1117207ef56ef3d9a04df338c0f775cd403?s=96&d=mm&r=g","contentUrl":"https:\/\/secure.gravatar.com\/avatar\/786f2a223d9a455e2a448f78b5dcc1117207ef56ef3d9a04df338c0f775cd403?s=96&d=mm&r=g","caption":"Laura Salas Orcajada"},"url":"https:\/\/mula.es\/web\/author\/lsalas\/"}]}},"jetpack_publicize_connections":[],"jetpack_featured_media_url":"https:\/\/mula.es\/web\/wp-content\/uploads\/2020\/06\/escudo-cuadrado-e1591045058235.jpg","jetpack_sharing_enabled":true,"jetpack_shortlink":"https:\/\/wp.me\/pa9DMY-fvw","jetpack-related-posts":[],"_links":{"self":[{"href":"https:\/\/mula.es\/web\/wp-json\/wp\/v2\/posts\/59614","targetHints":{"allow":["GET"]}}],"collection":[{"href":"https:\/\/mula.es\/web\/wp-json\/wp\/v2\/posts"}],"about":[{"href":"https:\/\/mula.es\/web\/wp-json\/wp\/v2\/types\/post"}],"author":[{"embeddable":true,"href":"https:\/\/mula.es\/web\/wp-json\/wp\/v2\/users\/13"}],"replies":[{"embeddable":true,"href":"https:\/\/mula.es\/web\/wp-json\/wp\/v2\/comments?post=59614"}],"version-history":[{"count":3,"href":"https:\/\/mula.es\/web\/wp-json\/wp\/v2\/posts\/59614\/revisions"}],"predecessor-version":[{"id":59619,"href":"https:\/\/mula.es\/web\/wp-json\/wp\/v2\/posts\/59614\/revisions\/59619"}],"wp:featuredmedia":[{"embeddable":true,"href":"https:\/\/mula.es\/web\/wp-json\/wp\/v2\/media\/33512"}],"wp:attachment":[{"href":"https:\/\/mula.es\/web\/wp-json\/wp\/v2\/media?parent=59614"}],"wp:term":[{"taxonomy":"category","embeddable":true,"href":"https:\/\/mula.es\/web\/wp-json\/wp\/v2\/categories?post=59614"},{"taxonomy":"post_tag","embeddable":true,"href":"https:\/\/mula.es\/web\/wp-json\/wp\/v2\/tags?post=59614"}],"curies":[{"name":"wp","href":"https:\/\/api.w.org\/{rel}","templated":true}]}}