{"id":59625,"date":"2025-09-20T12:13:30","date_gmt":"2025-09-20T10:13:30","guid":{"rendered":"https:\/\/mula.es\/web\/?p=59625"},"modified":"2025-09-19T12:23:26","modified_gmt":"2025-09-19T10:23:26","slug":"cmula-sera-la-ciudad-de-la-salud-en-el-dia-mundial-del-farmaceutico-2025","status":"publish","type":"post","link":"https:\/\/mula.es\/web\/cmula-sera-la-ciudad-de-la-salud-en-el-dia-mundial-del-farmaceutico-2025\/","title":{"rendered":"CALIDAD DE VIDA | Mula ser\u00e1 la ciudad de la salud en el D\u00eda Mundial del Farmac\u00e9utico 2025"},"content":{"rendered":"<p><strong>NOTA DE PRENSA &#8211; 20 DE SEPTIEMBRE DE 2025<\/strong><\/p>\n<p><strong>\u00a0<\/strong><\/p>\n<p><strong>\u00a0<\/strong><\/p>\n<h2 data-start=\"84\" data-end=\"161\">Mula ser\u00e1 la ciudad de la salud en el D\u00eda Mundial del Farmac\u00e9utico 2025<\/h2>\n<p data-start=\"163\" data-end=\"432\">El pr\u00f3ximo jueves <strong data-start=\"181\" data-end=\"201\">25 de septiembre<\/strong>, Mula acoger\u00e1 la celebraci\u00f3n del <strong data-start=\"235\" data-end=\"272\">D\u00eda Mundial del Farmac\u00e9utico 2025<\/strong>, convirti\u00e9ndose en la <strong data-start=\"295\" data-end=\"384\">ciudad elegida por el Colegio Oficial de Farmac\u00e9uticos de la Regi\u00f3n de Murcia (COFRM)<\/strong> para conmemorar esta fecha tan significativa.<\/p>\n<p data-start=\"434\" data-end=\"776\">En colaboraci\u00f3n con el Ayuntamiento de Mula, se instalar\u00e1 una <strong data-start=\"496\" data-end=\"546\">Carpa de la Salud en la Plaza del Ayuntamiento<\/strong>, en horario de <strong data-start=\"562\" data-end=\"585\">10:00 a 14:00 horas<\/strong>, donde vecinos y visitantes podr\u00e1n recibir informaci\u00f3n y asesoramiento, conocer de cerca el papel que desempe\u00f1a el farmac\u00e9utico en la vida diaria y someterse a diferentes pruebas de salud.<\/p>\n<p data-start=\"778\" data-end=\"1035\">Con esta iniciativa, se pone en valor la <strong data-start=\"819\" data-end=\"916\">importante labor de las farmacias y farmac\u00e9uticos como agentes clave en la atenci\u00f3n sanitaria<\/strong>, reforzando su cercan\u00eda con la ciudadan\u00eda y su papel en la promoci\u00f3n de la salud y el bienestar en nuestra sociedad.<\/p>\n<p data-start=\"778\" data-end=\"1035\"><a href=\"https:\/\/mula.es\/web\/wp-content\/uploads\/2025\/09\/COFRM-Dia-farmaceutico-A4-2.png\"><img decoding=\"async\" data-attachment-id=\"59626\" data-permalink=\"https:\/\/mula.es\/web\/cmula-sera-la-ciudad-de-la-salud-en-el-dia-mundial-del-farmaceutico-2025\/cofrm-dia-farmaceutico-a4-2\/\" data-orig-file=\"https:\/\/mula.es\/web\/wp-content\/uploads\/2025\/09\/COFRM-Dia-farmaceutico-A4-2.png\" data-orig-size=\"1414,2000\" data-comments-opened=\"0\" data-image-meta=\"{&quot;aperture&quot;:&quot;0&quot;,&quot;credit&quot;:&quot;&quot;,&quot;camera&quot;:&quot;&quot;,&quot;caption&quot;:&quot;&quot;,&quot;created_timestamp&quot;:&quot;0&quot;,&quot;copyright&quot;:&quot;&quot;,&quot;focal_length&quot;:&quot;0&quot;,&quot;iso&quot;:&quot;0&quot;,&quot;shutter_speed&quot;:&quot;0&quot;,&quot;title&quot;:&quot;&quot;,&quot;orientation&quot;:&quot;0&quot;}\" data-image-title=\"COFRM &amp;#8211; Di\u0301a farmaceutico (A4) (2)\" data-image-description=\"\" data-image-caption=\"\" data-large-file=\"https:\/\/mula.es\/web\/wp-content\/uploads\/2025\/09\/COFRM-Dia-farmaceutico-A4-2-724x1024.png\" class=\"size-medium wp-image-59626 aligncenter\" src=\"https:\/\/mula.es\/web\/wp-content\/uploads\/2025\/09\/COFRM-Dia-farmaceutico-A4-2-212x300.png\" alt=\"\" width=\"212\" height=\"300\" srcset=\"https:\/\/mula.es\/web\/wp-content\/uploads\/2025\/09\/COFRM-Dia-farmaceutico-A4-2-200x283.png 200w, https:\/\/mula.es\/web\/wp-content\/uploads\/2025\/09\/COFRM-Dia-farmaceutico-A4-2-212x300.png 212w, https:\/\/mula.es\/web\/wp-content\/uploads\/2025\/09\/COFRM-Dia-farmaceutico-A4-2-400x566.png 400w, https:\/\/mula.es\/web\/wp-content\/uploads\/2025\/09\/COFRM-Dia-farmaceutico-A4-2-600x849.png 600w, https:\/\/mula.es\/web\/wp-content\/uploads\/2025\/09\/COFRM-Dia-farmaceutico-A4-2-724x1024.png 724w, https:\/\/mula.es\/web\/wp-content\/uploads\/2025\/09\/COFRM-Dia-farmaceutico-A4-2-768x1086.png 768w, https:\/\/mula.es\/web\/wp-content\/uploads\/2025\/09\/COFRM-Dia-farmaceutico-A4-2-800x1132.png 800w, https:\/\/mula.es\/web\/wp-content\/uploads\/2025\/09\/COFRM-Dia-farmaceutico-A4-2-1086x1536.png 1086w, https:\/\/mula.es\/web\/wp-content\/uploads\/2025\/09\/COFRM-Dia-farmaceutico-A4-2-1200x1697.png 1200w, https:\/\/mula.es\/web\/wp-content\/uploads\/2025\/09\/COFRM-Dia-farmaceutico-A4-2.png 1414w\" sizes=\"(max-width: 212px) 100vw, 212px\" \/><\/a><\/p>\n<p>&nbsp;<\/p>\n","protected":false},"excerpt":{"rendered":"<p>NOTA DE PRENSA &#8211; 20 DE SEPTIEMBRE DE 2025 \u00a0 \u00a0 Mula ser\u00e1 la ciudad de la salud en el D\u00eda Mundial del Farmac\u00e9utico 2025 El pr\u00f3ximo jueves 25 de septiembre, Mula acoger\u00e1 la celebraci\u00f3n del D\u00eda Mundial del Farmac\u00e9utico 2025, convirti\u00e9ndose en la ciudad elegida por el Colegio Oficial de Farmac\u00e9uticos de la Regi\u00f3n  [&#8230;]<\/p>\n","protected":false},"author":13,"featured_media":47365,"comment_status":"closed","ping_status":"closed","sticky":false,"template":"","format":"standard","meta":{"jetpack_post_was_ever_published":false,"_jetpack_newsletter_access":"","_jetpack_dont_email_post_to_subs":false,"_jetpack_newsletter_tier_id":0,"_jetpack_memberships_contains_paywalled_content":false,"_jetpack_memberships_contains_paid_content":false,"footnotes":"","jetpack_publicize_message":"","jetpack_publicize_feature_enabled":true,"jetpack_social_post_already_shared":true,"jetpack_social_options":{"image_generator_settings":{"template":"highway","default_image_id":0,"font":"","enabled":false},"version":2}},"categories":[171],"tags":[],"class_list":["post-59625","post","type-post","status-publish","format-standard","has-post-thumbnail","hentry","category-festejos"],"yoast_head":"<!-- This site is optimized with the Yoast SEO plugin v27.5 - https:\/\/yoast.com\/product\/yoast-seo-wordpress\/ -->\n<title>CALIDAD DE VIDA | Mula ser\u00e1 la ciudad de la salud en el D\u00eda Mundial del Farmac\u00e9utico 2025 - Ayuntamiento de Mula<\/title>\n<meta name=\"robots\" content=\"index, follow, max-snippet:-1, max-image-preview:large, max-video-preview:-1\" \/>\n<link rel=\"canonical\" href=\"https:\/\/mula.es\/web\/cmula-sera-la-ciudad-de-la-salud-en-el-dia-mundial-del-farmaceutico-2025\/\" \/>\n<meta property=\"og:locale\" content=\"es_ES\" \/>\n<meta property=\"og:type\" content=\"article\" \/>\n<meta property=\"og:title\" content=\"CALIDAD DE VIDA | Mula ser\u00e1 la ciudad de la salud en el D\u00eda Mundial del Farmac\u00e9utico 2025 - Ayuntamiento de Mula\" \/>\n<meta property=\"og:description\" content=\"NOTA DE PRENSA &#8211; 20 DE SEPTIEMBRE DE 2025 \u00a0 \u00a0 Mula ser\u00e1 la ciudad de la salud en el D\u00eda Mundial del Farmac\u00e9utico 2025 El pr\u00f3ximo jueves 25 de septiembre, Mula acoger\u00e1 la celebraci\u00f3n del D\u00eda Mundial del Farmac\u00e9utico 2025, convirti\u00e9ndose en la ciudad elegida por el Colegio Oficial de Farmac\u00e9uticos de la Regi\u00f3n [...]\" \/>\n<meta property=\"og:url\" content=\"https:\/\/mula.es\/web\/cmula-sera-la-ciudad-de-la-salud-en-el-dia-mundial-del-farmaceutico-2025\/\" \/>\n<meta property=\"og:site_name\" content=\"Ayuntamiento de Mula\" \/>\n<meta property=\"article:published_time\" content=\"2025-09-20T10:13:30+00:00\" \/>\n<meta property=\"og:image\" content=\"https:\/\/i0.wp.com\/mula.es\/web\/wp-content\/uploads\/2023\/02\/instagram-22.png?fit=1080%2C1080&ssl=1\" \/>\n\t<meta property=\"og:image:width\" content=\"1080\" \/>\n\t<meta property=\"og:image:height\" content=\"1080\" \/>\n\t<meta property=\"og:image:type\" content=\"image\/png\" \/>\n<meta name=\"author\" content=\"Laura Salas Orcajada\" \/>\n<meta name=\"twitter:card\" content=\"summary_large_image\" \/>\n<meta name=\"twitter:creator\" content=\"@AyuntamientMula\" \/>\n<meta name=\"twitter:site\" content=\"@AyuntamientMula\" \/>\n<meta name=\"twitter:label1\" content=\"Escrito por\" \/>\n\t<meta name=\"twitter:data1\" content=\"Laura Salas Orcajada\" \/>\n\t<meta name=\"twitter:label2\" content=\"Tiempo de lectura\" \/>\n\t<meta name=\"twitter:data2\" content=\"2 minutos\" \/>\n<script type=\"application\/ld+json\" class=\"yoast-schema-graph\">{\"@context\":\"https:\\\/\\\/schema.org\",\"@graph\":[{\"@type\":\"Article\",\"@id\":\"https:\\\/\\\/mula.es\\\/web\\\/cmula-sera-la-ciudad-de-la-salud-en-el-dia-mundial-del-farmaceutico-2025\\\/#article\",\"isPartOf\":{\"@id\":\"https:\\\/\\\/mula.es\\\/web\\\/cmula-sera-la-ciudad-de-la-salud-en-el-dia-mundial-del-farmaceutico-2025\\\/\"},\"author\":{\"name\":\"Laura Salas Orcajada\",\"@id\":\"https:\\\/\\\/mula.es\\\/web\\\/#\\\/schema\\\/person\\\/4f10179bd364f40dceed361e61e4033f\"},\"headline\":\"CALIDAD DE VIDA | Mula ser\u00e1 la ciudad de la salud en el D\u00eda Mundial del Farmac\u00e9utico 2025\",\"datePublished\":\"2025-09-20T10:13:30+00:00\",\"mainEntityOfPage\":{\"@id\":\"https:\\\/\\\/mula.es\\\/web\\\/cmula-sera-la-ciudad-de-la-salud-en-el-dia-mundial-del-farmaceutico-2025\\\/\"},\"wordCount\":191,\"image\":{\"@id\":\"https:\\\/\\\/mula.es\\\/web\\\/cmula-sera-la-ciudad-de-la-salud-en-el-dia-mundial-del-farmaceutico-2025\\\/#primaryimage\"},\"thumbnailUrl\":\"https:\\\/\\\/mula.es\\\/web\\\/wp-content\\\/uploads\\\/2023\\\/02\\\/instagram-22.png\",\"articleSection\":[\"festejos\"],\"inLanguage\":\"es\"},{\"@type\":\"WebPage\",\"@id\":\"https:\\\/\\\/mula.es\\\/web\\\/cmula-sera-la-ciudad-de-la-salud-en-el-dia-mundial-del-farmaceutico-2025\\\/\",\"url\":\"https:\\\/\\\/mula.es\\\/web\\\/cmula-sera-la-ciudad-de-la-salud-en-el-dia-mundial-del-farmaceutico-2025\\\/\",\"name\":\"CALIDAD DE VIDA | Mula ser\u00e1 la ciudad de la salud en el D\u00eda Mundial del Farmac\u00e9utico 2025 - Ayuntamiento de Mula\",\"isPartOf\":{\"@id\":\"https:\\\/\\\/mula.es\\\/web\\\/#website\"},\"primaryImageOfPage\":{\"@id\":\"https:\\\/\\\/mula.es\\\/web\\\/cmula-sera-la-ciudad-de-la-salud-en-el-dia-mundial-del-farmaceutico-2025\\\/#primaryimage\"},\"image\":{\"@id\":\"https:\\\/\\\/mula.es\\\/web\\\/cmula-sera-la-ciudad-de-la-salud-en-el-dia-mundial-del-farmaceutico-2025\\\/#primaryimage\"},\"thumbnailUrl\":\"https:\\\/\\\/mula.es\\\/web\\\/wp-content\\\/uploads\\\/2023\\\/02\\\/instagram-22.png\",\"datePublished\":\"2025-09-20T10:13:30+00:00\",\"author\":{\"@id\":\"https:\\\/\\\/mula.es\\\/web\\\/#\\\/schema\\\/person\\\/4f10179bd364f40dceed361e61e4033f\"},\"breadcrumb\":{\"@id\":\"https:\\\/\\\/mula.es\\\/web\\\/cmula-sera-la-ciudad-de-la-salud-en-el-dia-mundial-del-farmaceutico-2025\\\/#breadcrumb\"},\"inLanguage\":\"es\",\"potentialAction\":[{\"@type\":\"ReadAction\",\"target\":[\"https:\\\/\\\/mula.es\\\/web\\\/cmula-sera-la-ciudad-de-la-salud-en-el-dia-mundial-del-farmaceutico-2025\\\/\"]}]},{\"@type\":\"ImageObject\",\"inLanguage\":\"es\",\"@id\":\"https:\\\/\\\/mula.es\\\/web\\\/cmula-sera-la-ciudad-de-la-salud-en-el-dia-mundial-del-farmaceutico-2025\\\/#primaryimage\",\"url\":\"https:\\\/\\\/mula.es\\\/web\\\/wp-content\\\/uploads\\\/2023\\\/02\\\/instagram-22.png\",\"contentUrl\":\"https:\\\/\\\/mula.es\\\/web\\\/wp-content\\\/uploads\\\/2023\\\/02\\\/instagram-22.png\",\"width\":1080,\"height\":1080,\"caption\":\"escudo mula\"},{\"@type\":\"BreadcrumbList\",\"@id\":\"https:\\\/\\\/mula.es\\\/web\\\/cmula-sera-la-ciudad-de-la-salud-en-el-dia-mundial-del-farmaceutico-2025\\\/#breadcrumb\",\"itemListElement\":[{\"@type\":\"ListItem\",\"position\":1,\"name\":\"Portada\",\"item\":\"https:\\\/\\\/mula.es\\\/web\\\/\"},{\"@type\":\"ListItem\",\"position\":2,\"name\":\"CALIDAD DE VIDA | Mula ser\u00e1 la ciudad de la salud en el D\u00eda Mundial del Farmac\u00e9utico 2025\"}]},{\"@type\":\"WebSite\",\"@id\":\"https:\\\/\\\/mula.es\\\/web\\\/#website\",\"url\":\"https:\\\/\\\/mula.es\\\/web\\\/\",\"name\":\"Ayuntamiento de Mula\",\"description\":\"P\u00e1gina web del Ayuntamiento de Mula (Regi\u00f3n de Murcia)\",\"potentialAction\":[{\"@type\":\"SearchAction\",\"target\":{\"@type\":\"EntryPoint\",\"urlTemplate\":\"https:\\\/\\\/mula.es\\\/web\\\/?s={search_term_string}\"},\"query-input\":{\"@type\":\"PropertyValueSpecification\",\"valueRequired\":true,\"valueName\":\"search_term_string\"}}],\"inLanguage\":\"es\"},{\"@type\":\"Person\",\"@id\":\"https:\\\/\\\/mula.es\\\/web\\\/#\\\/schema\\\/person\\\/4f10179bd364f40dceed361e61e4033f\",\"name\":\"Laura Salas Orcajada\",\"image\":{\"@type\":\"ImageObject\",\"inLanguage\":\"es\",\"@id\":\"https:\\\/\\\/secure.gravatar.com\\\/avatar\\\/786f2a223d9a455e2a448f78b5dcc1117207ef56ef3d9a04df338c0f775cd403?s=96&d=mm&r=g\",\"url\":\"https:\\\/\\\/secure.gravatar.com\\\/avatar\\\/786f2a223d9a455e2a448f78b5dcc1117207ef56ef3d9a04df338c0f775cd403?s=96&d=mm&r=g\",\"contentUrl\":\"https:\\\/\\\/secure.gravatar.com\\\/avatar\\\/786f2a223d9a455e2a448f78b5dcc1117207ef56ef3d9a04df338c0f775cd403?s=96&d=mm&r=g\",\"caption\":\"Laura Salas Orcajada\"},\"url\":\"https:\\\/\\\/mula.es\\\/web\\\/author\\\/lsalas\\\/\"}]}<\/script>\n<!-- \/ Yoast SEO plugin. -->","yoast_head_json":{"title":"CALIDAD DE VIDA | Mula ser\u00e1 la ciudad de la salud en el D\u00eda Mundial del Farmac\u00e9utico 2025 - Ayuntamiento de Mula","robots":{"index":"index","follow":"follow","max-snippet":"max-snippet:-1","max-image-preview":"max-image-preview:large","max-video-preview":"max-video-preview:-1"},"canonical":"https:\/\/mula.es\/web\/cmula-sera-la-ciudad-de-la-salud-en-el-dia-mundial-del-farmaceutico-2025\/","og_locale":"es_ES","og_type":"article","og_title":"CALIDAD DE VIDA | Mula ser\u00e1 la ciudad de la salud en el D\u00eda Mundial del Farmac\u00e9utico 2025 - Ayuntamiento de Mula","og_description":"NOTA DE PRENSA &#8211; 20 DE SEPTIEMBRE DE 2025 \u00a0 \u00a0 Mula ser\u00e1 la ciudad de la salud en el D\u00eda Mundial del Farmac\u00e9utico 2025 El pr\u00f3ximo jueves 25 de septiembre, Mula acoger\u00e1 la celebraci\u00f3n del D\u00eda Mundial del Farmac\u00e9utico 2025, convirti\u00e9ndose en la ciudad elegida por el Colegio Oficial de Farmac\u00e9uticos de la Regi\u00f3n [...]","og_url":"https:\/\/mula.es\/web\/cmula-sera-la-ciudad-de-la-salud-en-el-dia-mundial-del-farmaceutico-2025\/","og_site_name":"Ayuntamiento de Mula","article_published_time":"2025-09-20T10:13:30+00:00","og_image":[{"width":1080,"height":1080,"url":"https:\/\/i0.wp.com\/mula.es\/web\/wp-content\/uploads\/2023\/02\/instagram-22.png?fit=1080%2C1080&ssl=1","type":"image\/png"}],"author":"Laura Salas Orcajada","twitter_card":"summary_large_image","twitter_creator":"@AyuntamientMula","twitter_site":"@AyuntamientMula","twitter_misc":{"Escrito por":"Laura Salas Orcajada","Tiempo de lectura":"2 minutos"},"schema":{"@context":"https:\/\/schema.org","@graph":[{"@type":"Article","@id":"https:\/\/mula.es\/web\/cmula-sera-la-ciudad-de-la-salud-en-el-dia-mundial-del-farmaceutico-2025\/#article","isPartOf":{"@id":"https:\/\/mula.es\/web\/cmula-sera-la-ciudad-de-la-salud-en-el-dia-mundial-del-farmaceutico-2025\/"},"author":{"name":"Laura Salas Orcajada","@id":"https:\/\/mula.es\/web\/#\/schema\/person\/4f10179bd364f40dceed361e61e4033f"},"headline":"CALIDAD DE VIDA | Mula ser\u00e1 la ciudad de la salud en el D\u00eda Mundial del Farmac\u00e9utico 2025","datePublished":"2025-09-20T10:13:30+00:00","mainEntityOfPage":{"@id":"https:\/\/mula.es\/web\/cmula-sera-la-ciudad-de-la-salud-en-el-dia-mundial-del-farmaceutico-2025\/"},"wordCount":191,"image":{"@id":"https:\/\/mula.es\/web\/cmula-sera-la-ciudad-de-la-salud-en-el-dia-mundial-del-farmaceutico-2025\/#primaryimage"},"thumbnailUrl":"https:\/\/mula.es\/web\/wp-content\/uploads\/2023\/02\/instagram-22.png","articleSection":["festejos"],"inLanguage":"es"},{"@type":"WebPage","@id":"https:\/\/mula.es\/web\/cmula-sera-la-ciudad-de-la-salud-en-el-dia-mundial-del-farmaceutico-2025\/","url":"https:\/\/mula.es\/web\/cmula-sera-la-ciudad-de-la-salud-en-el-dia-mundial-del-farmaceutico-2025\/","name":"CALIDAD DE VIDA | Mula ser\u00e1 la ciudad de la salud en el D\u00eda Mundial del Farmac\u00e9utico 2025 - Ayuntamiento de Mula","isPartOf":{"@id":"https:\/\/mula.es\/web\/#website"},"primaryImageOfPage":{"@id":"https:\/\/mula.es\/web\/cmula-sera-la-ciudad-de-la-salud-en-el-dia-mundial-del-farmaceutico-2025\/#primaryimage"},"image":{"@id":"https:\/\/mula.es\/web\/cmula-sera-la-ciudad-de-la-salud-en-el-dia-mundial-del-farmaceutico-2025\/#primaryimage"},"thumbnailUrl":"https:\/\/mula.es\/web\/wp-content\/uploads\/2023\/02\/instagram-22.png","datePublished":"2025-09-20T10:13:30+00:00","author":{"@id":"https:\/\/mula.es\/web\/#\/schema\/person\/4f10179bd364f40dceed361e61e4033f"},"breadcrumb":{"@id":"https:\/\/mula.es\/web\/cmula-sera-la-ciudad-de-la-salud-en-el-dia-mundial-del-farmaceutico-2025\/#breadcrumb"},"inLanguage":"es","potentialAction":[{"@type":"ReadAction","target":["https:\/\/mula.es\/web\/cmula-sera-la-ciudad-de-la-salud-en-el-dia-mundial-del-farmaceutico-2025\/"]}]},{"@type":"ImageObject","inLanguage":"es","@id":"https:\/\/mula.es\/web\/cmula-sera-la-ciudad-de-la-salud-en-el-dia-mundial-del-farmaceutico-2025\/#primaryimage","url":"https:\/\/mula.es\/web\/wp-content\/uploads\/2023\/02\/instagram-22.png","contentUrl":"https:\/\/mula.es\/web\/wp-content\/uploads\/2023\/02\/instagram-22.png","width":1080,"height":1080,"caption":"escudo mula"},{"@type":"BreadcrumbList","@id":"https:\/\/mula.es\/web\/cmula-sera-la-ciudad-de-la-salud-en-el-dia-mundial-del-farmaceutico-2025\/#breadcrumb","itemListElement":[{"@type":"ListItem","position":1,"name":"Portada","item":"https:\/\/mula.es\/web\/"},{"@type":"ListItem","position":2,"name":"CALIDAD DE VIDA | Mula ser\u00e1 la ciudad de la salud en el D\u00eda Mundial del Farmac\u00e9utico 2025"}]},{"@type":"WebSite","@id":"https:\/\/mula.es\/web\/#website","url":"https:\/\/mula.es\/web\/","name":"Ayuntamiento de Mula","description":"P\u00e1gina web del Ayuntamiento de Mula (Regi\u00f3n de Murcia)","potentialAction":[{"@type":"SearchAction","target":{"@type":"EntryPoint","urlTemplate":"https:\/\/mula.es\/web\/?s={search_term_string}"},"query-input":{"@type":"PropertyValueSpecification","valueRequired":true,"valueName":"search_term_string"}}],"inLanguage":"es"},{"@type":"Person","@id":"https:\/\/mula.es\/web\/#\/schema\/person\/4f10179bd364f40dceed361e61e4033f","name":"Laura Salas Orcajada","image":{"@type":"ImageObject","inLanguage":"es","@id":"https:\/\/secure.gravatar.com\/avatar\/786f2a223d9a455e2a448f78b5dcc1117207ef56ef3d9a04df338c0f775cd403?s=96&d=mm&r=g","url":"https:\/\/secure.gravatar.com\/avatar\/786f2a223d9a455e2a448f78b5dcc1117207ef56ef3d9a04df338c0f775cd403?s=96&d=mm&r=g","contentUrl":"https:\/\/secure.gravatar.com\/avatar\/786f2a223d9a455e2a448f78b5dcc1117207ef56ef3d9a04df338c0f775cd403?s=96&d=mm&r=g","caption":"Laura Salas Orcajada"},"url":"https:\/\/mula.es\/web\/author\/lsalas\/"}]}},"jetpack_publicize_connections":[],"jetpack_featured_media_url":"https:\/\/mula.es\/web\/wp-content\/uploads\/2023\/02\/instagram-22.png","jetpack_sharing_enabled":true,"jetpack_shortlink":"https:\/\/wp.me\/pa9DMY-fvH","jetpack-related-posts":[],"_links":{"self":[{"href":"https:\/\/mula.es\/web\/wp-json\/wp\/v2\/posts\/59625","targetHints":{"allow":["GET"]}}],"collection":[{"href":"https:\/\/mula.es\/web\/wp-json\/wp\/v2\/posts"}],"about":[{"href":"https:\/\/mula.es\/web\/wp-json\/wp\/v2\/types\/post"}],"author":[{"embeddable":true,"href":"https:\/\/mula.es\/web\/wp-json\/wp\/v2\/users\/13"}],"replies":[{"embeddable":true,"href":"https:\/\/mula.es\/web\/wp-json\/wp\/v2\/comments?post=59625"}],"version-history":[{"count":2,"href":"https:\/\/mula.es\/web\/wp-json\/wp\/v2\/posts\/59625\/revisions"}],"predecessor-version":[{"id":59629,"href":"https:\/\/mula.es\/web\/wp-json\/wp\/v2\/posts\/59625\/revisions\/59629"}],"wp:featuredmedia":[{"embeddable":true,"href":"https:\/\/mula.es\/web\/wp-json\/wp\/v2\/media\/47365"}],"wp:attachment":[{"href":"https:\/\/mula.es\/web\/wp-json\/wp\/v2\/media?parent=59625"}],"wp:term":[{"taxonomy":"category","embeddable":true,"href":"https:\/\/mula.es\/web\/wp-json\/wp\/v2\/categories?post=59625"},{"taxonomy":"post_tag","embeddable":true,"href":"https:\/\/mula.es\/web\/wp-json\/wp\/v2\/tags?post=59625"}],"curies":[{"name":"wp","href":"https:\/\/api.w.org\/{rel}","templated":true}]}}