{"id":59634,"date":"2025-09-19T23:59:58","date_gmt":"2025-09-19T21:59:58","guid":{"rendered":"https:\/\/mula.es\/web\/?p=59634"},"modified":"2025-09-19T12:40:49","modified_gmt":"2025-09-19T10:40:49","slug":"festejos-mula-inaugura-sus-fiestas-patronales-2025-con-un-amplio-programa-cultural-musical-y-festivo","status":"publish","type":"post","link":"https:\/\/mula.es\/web\/festejos-mula-inaugura-sus-fiestas-patronales-2025-con-un-amplio-programa-cultural-musical-y-festivo\/","title":{"rendered":"FESTEJOS | Mula inaugura sus Fiestas Patronales 2025 con un amplio programa cultural, musical y festivo"},"content":{"rendered":"<p><strong>NOTA DE PRENSA &#8211; 19 DE SEPTIEMBRE DE 2025<\/strong><\/p>\n<p><strong>\u00a0<\/strong><\/p>\n<h2><strong>\u00a0<\/strong><\/h2>\n<h2><strong>Mula inaugura sus Fiestas Patronales 2025 con un amplio programa cultural, musical y festivo<\/strong><\/h2>\n<p><strong>\u00a0<\/strong><\/p>\n<p>El Ayuntamiento de Mula ha inaugurado esta noche la Feria y Fiestas Patronales 2025 con un espect\u00e1culo piromusical en la Gran V\u00eda y un variado programa que ha arrancado con la actuaci\u00f3n de la Agrupaci\u00f3n Musical Mule\u00f1a \u2013 Vientos del Rock, la exhibici\u00f3n de comparsas locales, el tributo a El Barrio a cargo del grupo Sentimiento Barriero y la m\u00fasica de los DJ \u00c1lex Tr\u00e9bol, Salva Roda y Dj Adri\u00e1n.<\/p>\n<p>La jornada inaugural ha contado tambi\u00e9n con servicio de ludoteca en el Pabell\u00f3n Javi Garc\u00eda, financiado por el Plan Corresponsables, garantizando as\u00ed la conciliaci\u00f3n para las familias que disfrutan de la programaci\u00f3n festiva.<\/p>\n<p>Las fiestas se prolongar\u00e1n hasta el 28 de septiembre con un completo programa que incluye conciertos de primer nivel, actividades culturales, deportivas y religiosas, as\u00ed como propuestas para todas las edades. Entre los conciertos destacados se encuentran <strong>L\u00e9rica y Dj Ballesteros (20 de septiembre), y Yerai Blanco de Los Rebujitos (21 de septiembre)<\/strong> y <strong>Varry Brava (22 de septiembre) <\/strong>cuyas entradas est\u00e1n disponibles en <a href=\"http:\/\/vivetix.com\">Vivetix.com<\/a>.<\/p>\n<p>El programa contempla, adem\u00e1s:<\/p>\n<ul>\n<li>Actos religiosos en honor al Divino Ni\u00f1o Jes\u00fas, la Virgen del Carmen y San Felipe M\u00e1rtir.<\/li>\n<li>Actividades infantiles y familiares como espect\u00e1culos de teatro, feria infantil, concurso de disfraces y el tradicional concurso de \u201cAutos Locos\u201d.<\/li>\n<li>Festivales y verbenas como el Encuentro Teatral Ciudad de Mula, el Festival Nacional de Folclore, el Txapurrao Fest o Mr. People.<\/li>\n<li>Visitas guiadas y actividades tur\u00edsticas enmarcadas en el D\u00eda Mundial del Turismo.<\/li>\n<\/ul>\n<p>La feria contar\u00e1 tambi\u00e9n con <strong>d\u00edas inclusivos<\/strong>, en los que las atracciones funcionar\u00e1n sin m\u00fasica y con luces fijas de 20:00 a 21:30 horas los d\u00edas 20, 21, 23, 25 y 27 de septiembre, una medida pensada para facilitar el disfrute de todas las personas en un entorno adaptado y accesible.<\/p>\n<p>Adem\u00e1s, del <strong>20 al 26 de septiembre<\/strong>, se instalar\u00e1 un <strong>Punto Violeta en el recinto ferial de 23:00 a 02:00 horas<\/strong>, con el fin de promover unas fiestas libres de agresiones sexistas y garantizar un espacio seguro para todas las personas.<\/p>\n<p>La concejala de Festejos, Alicia Zapata, ha destacado que <em>\u201cla programaci\u00f3n de este a\u00f1o est\u00e1 pensada para todos los p\u00fablicos, con actividades que combinan tradici\u00f3n, cultura, m\u00fasica y diversi\u00f3n. Queremos invitar a vecinos y visitantes a disfrutar de unas fiestas que son el reflejo de la alegr\u00eda y el esp\u00edritu de Mula\u201d<\/em>.<\/p>\n<p>El Ayuntamiento de Mula quiere agradecer de manera especial la implicaci\u00f3n de todas las <strong>comparsas, hermandades, asociaciones y colaboradores<\/strong> que hacen posible la organizaci\u00f3n y el desarrollo de estas fiestas, as\u00ed como la labor de los <strong>servicios de mantenimiento y limpieza, Polic\u00eda Local, Protecci\u00f3n Civil, t\u00e9cnicos municipales y Guardia Civil<\/strong>, cuyo trabajo resulta esencial para garantizar la seguridad, el buen desarrollo y el \u00e9xito de la programaci\u00f3n festiva.<\/p>\n<p>Desde hoy, Mula se prepara para vivir su semana grande, consolidando sus fiestas como una de las citas m\u00e1s esperadas de la Regi\u00f3n de Murcia.<\/p>\n","protected":false},"excerpt":{"rendered":"<p>NOTA DE PRENSA &#8211; 19 DE SEPTIEMBRE DE 2025 \u00a0 \u00a0 Mula inaugura sus Fiestas Patronales 2025 con un amplio programa cultural, musical y festivo \u00a0 El Ayuntamiento de Mula ha inaugurado esta noche la Feria y Fiestas Patronales 2025 con un espect\u00e1culo piromusical en la Gran V\u00eda y un variado programa que ha arrancado  [&#8230;]<\/p>\n","protected":false},"author":13,"featured_media":47365,"comment_status":"closed","ping_status":"closed","sticky":false,"template":"","format":"standard","meta":{"jetpack_post_was_ever_published":false,"_jetpack_newsletter_access":"","_jetpack_dont_email_post_to_subs":false,"_jetpack_newsletter_tier_id":0,"_jetpack_memberships_contains_paywalled_content":false,"_jetpack_memberships_contains_paid_content":false,"footnotes":"","jetpack_publicize_message":"","jetpack_publicize_feature_enabled":true,"jetpack_social_post_already_shared":true,"jetpack_social_options":{"image_generator_settings":{"template":"highway","default_image_id":0,"font":"","enabled":false},"version":2}},"categories":[171],"tags":[],"class_list":["post-59634","post","type-post","status-publish","format-standard","has-post-thumbnail","hentry","category-festejos"],"yoast_head":"<!-- This site is optimized with the Yoast SEO plugin v27.5 - https:\/\/yoast.com\/product\/yoast-seo-wordpress\/ -->\n<title>FESTEJOS | Mula inaugura sus Fiestas Patronales 2025 con un amplio programa cultural, musical y festivo - Ayuntamiento de Mula<\/title>\n<meta name=\"robots\" content=\"index, follow, max-snippet:-1, max-image-preview:large, max-video-preview:-1\" \/>\n<link rel=\"canonical\" href=\"https:\/\/mula.es\/web\/festejos-mula-inaugura-sus-fiestas-patronales-2025-con-un-amplio-programa-cultural-musical-y-festivo\/\" \/>\n<meta property=\"og:locale\" content=\"es_ES\" \/>\n<meta property=\"og:type\" content=\"article\" \/>\n<meta property=\"og:title\" content=\"FESTEJOS | Mula inaugura sus Fiestas Patronales 2025 con un amplio programa cultural, musical y festivo - Ayuntamiento de Mula\" \/>\n<meta property=\"og:description\" content=\"NOTA DE PRENSA &#8211; 19 DE SEPTIEMBRE DE 2025 \u00a0 \u00a0 Mula inaugura sus Fiestas Patronales 2025 con un amplio programa cultural, musical y festivo \u00a0 El Ayuntamiento de Mula ha inaugurado esta noche la Feria y Fiestas Patronales 2025 con un espect\u00e1culo piromusical en la Gran V\u00eda y un variado programa que ha arrancado [...]\" \/>\n<meta property=\"og:url\" content=\"https:\/\/mula.es\/web\/festejos-mula-inaugura-sus-fiestas-patronales-2025-con-un-amplio-programa-cultural-musical-y-festivo\/\" \/>\n<meta property=\"og:site_name\" content=\"Ayuntamiento de Mula\" \/>\n<meta property=\"article:published_time\" content=\"2025-09-19T21:59:58+00:00\" \/>\n<meta property=\"og:image\" content=\"https:\/\/i0.wp.com\/mula.es\/web\/wp-content\/uploads\/2023\/02\/instagram-22.png?fit=1080%2C1080&ssl=1\" \/>\n\t<meta property=\"og:image:width\" content=\"1080\" \/>\n\t<meta property=\"og:image:height\" content=\"1080\" \/>\n\t<meta property=\"og:image:type\" content=\"image\/png\" \/>\n<meta name=\"author\" content=\"Laura Salas Orcajada\" \/>\n<meta name=\"twitter:card\" content=\"summary_large_image\" \/>\n<meta name=\"twitter:creator\" content=\"@AyuntamientMula\" \/>\n<meta name=\"twitter:site\" content=\"@AyuntamientMula\" \/>\n<meta name=\"twitter:label1\" content=\"Escrito por\" \/>\n\t<meta name=\"twitter:data1\" content=\"Laura Salas Orcajada\" \/>\n\t<meta name=\"twitter:label2\" content=\"Tiempo de lectura\" \/>\n\t<meta name=\"twitter:data2\" content=\"3 minutos\" \/>\n<script type=\"application\/ld+json\" class=\"yoast-schema-graph\">{\"@context\":\"https:\\\/\\\/schema.org\",\"@graph\":[{\"@type\":\"Article\",\"@id\":\"https:\\\/\\\/mula.es\\\/web\\\/festejos-mula-inaugura-sus-fiestas-patronales-2025-con-un-amplio-programa-cultural-musical-y-festivo\\\/#article\",\"isPartOf\":{\"@id\":\"https:\\\/\\\/mula.es\\\/web\\\/festejos-mula-inaugura-sus-fiestas-patronales-2025-con-un-amplio-programa-cultural-musical-y-festivo\\\/\"},\"author\":{\"name\":\"Laura Salas Orcajada\",\"@id\":\"https:\\\/\\\/mula.es\\\/web\\\/#\\\/schema\\\/person\\\/4f10179bd364f40dceed361e61e4033f\"},\"headline\":\"FESTEJOS | Mula inaugura sus Fiestas Patronales 2025 con un amplio programa cultural, musical y festivo\",\"datePublished\":\"2025-09-19T21:59:58+00:00\",\"mainEntityOfPage\":{\"@id\":\"https:\\\/\\\/mula.es\\\/web\\\/festejos-mula-inaugura-sus-fiestas-patronales-2025-con-un-amplio-programa-cultural-musical-y-festivo\\\/\"},\"wordCount\":542,\"image\":{\"@id\":\"https:\\\/\\\/mula.es\\\/web\\\/festejos-mula-inaugura-sus-fiestas-patronales-2025-con-un-amplio-programa-cultural-musical-y-festivo\\\/#primaryimage\"},\"thumbnailUrl\":\"https:\\\/\\\/mula.es\\\/web\\\/wp-content\\\/uploads\\\/2023\\\/02\\\/instagram-22.png\",\"articleSection\":[\"festejos\"],\"inLanguage\":\"es\"},{\"@type\":\"WebPage\",\"@id\":\"https:\\\/\\\/mula.es\\\/web\\\/festejos-mula-inaugura-sus-fiestas-patronales-2025-con-un-amplio-programa-cultural-musical-y-festivo\\\/\",\"url\":\"https:\\\/\\\/mula.es\\\/web\\\/festejos-mula-inaugura-sus-fiestas-patronales-2025-con-un-amplio-programa-cultural-musical-y-festivo\\\/\",\"name\":\"FESTEJOS | Mula inaugura sus Fiestas Patronales 2025 con un amplio programa cultural, musical y festivo - Ayuntamiento de Mula\",\"isPartOf\":{\"@id\":\"https:\\\/\\\/mula.es\\\/web\\\/#website\"},\"primaryImageOfPage\":{\"@id\":\"https:\\\/\\\/mula.es\\\/web\\\/festejos-mula-inaugura-sus-fiestas-patronales-2025-con-un-amplio-programa-cultural-musical-y-festivo\\\/#primaryimage\"},\"image\":{\"@id\":\"https:\\\/\\\/mula.es\\\/web\\\/festejos-mula-inaugura-sus-fiestas-patronales-2025-con-un-amplio-programa-cultural-musical-y-festivo\\\/#primaryimage\"},\"thumbnailUrl\":\"https:\\\/\\\/mula.es\\\/web\\\/wp-content\\\/uploads\\\/2023\\\/02\\\/instagram-22.png\",\"datePublished\":\"2025-09-19T21:59:58+00:00\",\"author\":{\"@id\":\"https:\\\/\\\/mula.es\\\/web\\\/#\\\/schema\\\/person\\\/4f10179bd364f40dceed361e61e4033f\"},\"breadcrumb\":{\"@id\":\"https:\\\/\\\/mula.es\\\/web\\\/festejos-mula-inaugura-sus-fiestas-patronales-2025-con-un-amplio-programa-cultural-musical-y-festivo\\\/#breadcrumb\"},\"inLanguage\":\"es\",\"potentialAction\":[{\"@type\":\"ReadAction\",\"target\":[\"https:\\\/\\\/mula.es\\\/web\\\/festejos-mula-inaugura-sus-fiestas-patronales-2025-con-un-amplio-programa-cultural-musical-y-festivo\\\/\"]}]},{\"@type\":\"ImageObject\",\"inLanguage\":\"es\",\"@id\":\"https:\\\/\\\/mula.es\\\/web\\\/festejos-mula-inaugura-sus-fiestas-patronales-2025-con-un-amplio-programa-cultural-musical-y-festivo\\\/#primaryimage\",\"url\":\"https:\\\/\\\/mula.es\\\/web\\\/wp-content\\\/uploads\\\/2023\\\/02\\\/instagram-22.png\",\"contentUrl\":\"https:\\\/\\\/mula.es\\\/web\\\/wp-content\\\/uploads\\\/2023\\\/02\\\/instagram-22.png\",\"width\":1080,\"height\":1080,\"caption\":\"escudo mula\"},{\"@type\":\"BreadcrumbList\",\"@id\":\"https:\\\/\\\/mula.es\\\/web\\\/festejos-mula-inaugura-sus-fiestas-patronales-2025-con-un-amplio-programa-cultural-musical-y-festivo\\\/#breadcrumb\",\"itemListElement\":[{\"@type\":\"ListItem\",\"position\":1,\"name\":\"Portada\",\"item\":\"https:\\\/\\\/mula.es\\\/web\\\/\"},{\"@type\":\"ListItem\",\"position\":2,\"name\":\"FESTEJOS | Mula inaugura sus Fiestas Patronales 2025 con un amplio programa cultural, musical y festivo\"}]},{\"@type\":\"WebSite\",\"@id\":\"https:\\\/\\\/mula.es\\\/web\\\/#website\",\"url\":\"https:\\\/\\\/mula.es\\\/web\\\/\",\"name\":\"Ayuntamiento de Mula\",\"description\":\"P\u00e1gina web del Ayuntamiento de Mula (Regi\u00f3n de Murcia)\",\"potentialAction\":[{\"@type\":\"SearchAction\",\"target\":{\"@type\":\"EntryPoint\",\"urlTemplate\":\"https:\\\/\\\/mula.es\\\/web\\\/?s={search_term_string}\"},\"query-input\":{\"@type\":\"PropertyValueSpecification\",\"valueRequired\":true,\"valueName\":\"search_term_string\"}}],\"inLanguage\":\"es\"},{\"@type\":\"Person\",\"@id\":\"https:\\\/\\\/mula.es\\\/web\\\/#\\\/schema\\\/person\\\/4f10179bd364f40dceed361e61e4033f\",\"name\":\"Laura Salas Orcajada\",\"image\":{\"@type\":\"ImageObject\",\"inLanguage\":\"es\",\"@id\":\"https:\\\/\\\/secure.gravatar.com\\\/avatar\\\/786f2a223d9a455e2a448f78b5dcc1117207ef56ef3d9a04df338c0f775cd403?s=96&d=mm&r=g\",\"url\":\"https:\\\/\\\/secure.gravatar.com\\\/avatar\\\/786f2a223d9a455e2a448f78b5dcc1117207ef56ef3d9a04df338c0f775cd403?s=96&d=mm&r=g\",\"contentUrl\":\"https:\\\/\\\/secure.gravatar.com\\\/avatar\\\/786f2a223d9a455e2a448f78b5dcc1117207ef56ef3d9a04df338c0f775cd403?s=96&d=mm&r=g\",\"caption\":\"Laura Salas Orcajada\"},\"url\":\"https:\\\/\\\/mula.es\\\/web\\\/author\\\/lsalas\\\/\"}]}<\/script>\n<!-- \/ Yoast SEO plugin. -->","yoast_head_json":{"title":"FESTEJOS | Mula inaugura sus Fiestas Patronales 2025 con un amplio programa cultural, musical y festivo - Ayuntamiento de Mula","robots":{"index":"index","follow":"follow","max-snippet":"max-snippet:-1","max-image-preview":"max-image-preview:large","max-video-preview":"max-video-preview:-1"},"canonical":"https:\/\/mula.es\/web\/festejos-mula-inaugura-sus-fiestas-patronales-2025-con-un-amplio-programa-cultural-musical-y-festivo\/","og_locale":"es_ES","og_type":"article","og_title":"FESTEJOS | Mula inaugura sus Fiestas Patronales 2025 con un amplio programa cultural, musical y festivo - Ayuntamiento de Mula","og_description":"NOTA DE PRENSA &#8211; 19 DE SEPTIEMBRE DE 2025 \u00a0 \u00a0 Mula inaugura sus Fiestas Patronales 2025 con un amplio programa cultural, musical y festivo \u00a0 El Ayuntamiento de Mula ha inaugurado esta noche la Feria y Fiestas Patronales 2025 con un espect\u00e1culo piromusical en la Gran V\u00eda y un variado programa que ha arrancado [...]","og_url":"https:\/\/mula.es\/web\/festejos-mula-inaugura-sus-fiestas-patronales-2025-con-un-amplio-programa-cultural-musical-y-festivo\/","og_site_name":"Ayuntamiento de Mula","article_published_time":"2025-09-19T21:59:58+00:00","og_image":[{"width":1080,"height":1080,"url":"https:\/\/i0.wp.com\/mula.es\/web\/wp-content\/uploads\/2023\/02\/instagram-22.png?fit=1080%2C1080&ssl=1","type":"image\/png"}],"author":"Laura Salas Orcajada","twitter_card":"summary_large_image","twitter_creator":"@AyuntamientMula","twitter_site":"@AyuntamientMula","twitter_misc":{"Escrito por":"Laura Salas Orcajada","Tiempo de lectura":"3 minutos"},"schema":{"@context":"https:\/\/schema.org","@graph":[{"@type":"Article","@id":"https:\/\/mula.es\/web\/festejos-mula-inaugura-sus-fiestas-patronales-2025-con-un-amplio-programa-cultural-musical-y-festivo\/#article","isPartOf":{"@id":"https:\/\/mula.es\/web\/festejos-mula-inaugura-sus-fiestas-patronales-2025-con-un-amplio-programa-cultural-musical-y-festivo\/"},"author":{"name":"Laura Salas Orcajada","@id":"https:\/\/mula.es\/web\/#\/schema\/person\/4f10179bd364f40dceed361e61e4033f"},"headline":"FESTEJOS | Mula inaugura sus Fiestas Patronales 2025 con un amplio programa cultural, musical y festivo","datePublished":"2025-09-19T21:59:58+00:00","mainEntityOfPage":{"@id":"https:\/\/mula.es\/web\/festejos-mula-inaugura-sus-fiestas-patronales-2025-con-un-amplio-programa-cultural-musical-y-festivo\/"},"wordCount":542,"image":{"@id":"https:\/\/mula.es\/web\/festejos-mula-inaugura-sus-fiestas-patronales-2025-con-un-amplio-programa-cultural-musical-y-festivo\/#primaryimage"},"thumbnailUrl":"https:\/\/mula.es\/web\/wp-content\/uploads\/2023\/02\/instagram-22.png","articleSection":["festejos"],"inLanguage":"es"},{"@type":"WebPage","@id":"https:\/\/mula.es\/web\/festejos-mula-inaugura-sus-fiestas-patronales-2025-con-un-amplio-programa-cultural-musical-y-festivo\/","url":"https:\/\/mula.es\/web\/festejos-mula-inaugura-sus-fiestas-patronales-2025-con-un-amplio-programa-cultural-musical-y-festivo\/","name":"FESTEJOS | Mula inaugura sus Fiestas Patronales 2025 con un amplio programa cultural, musical y festivo - Ayuntamiento de Mula","isPartOf":{"@id":"https:\/\/mula.es\/web\/#website"},"primaryImageOfPage":{"@id":"https:\/\/mula.es\/web\/festejos-mula-inaugura-sus-fiestas-patronales-2025-con-un-amplio-programa-cultural-musical-y-festivo\/#primaryimage"},"image":{"@id":"https:\/\/mula.es\/web\/festejos-mula-inaugura-sus-fiestas-patronales-2025-con-un-amplio-programa-cultural-musical-y-festivo\/#primaryimage"},"thumbnailUrl":"https:\/\/mula.es\/web\/wp-content\/uploads\/2023\/02\/instagram-22.png","datePublished":"2025-09-19T21:59:58+00:00","author":{"@id":"https:\/\/mula.es\/web\/#\/schema\/person\/4f10179bd364f40dceed361e61e4033f"},"breadcrumb":{"@id":"https:\/\/mula.es\/web\/festejos-mula-inaugura-sus-fiestas-patronales-2025-con-un-amplio-programa-cultural-musical-y-festivo\/#breadcrumb"},"inLanguage":"es","potentialAction":[{"@type":"ReadAction","target":["https:\/\/mula.es\/web\/festejos-mula-inaugura-sus-fiestas-patronales-2025-con-un-amplio-programa-cultural-musical-y-festivo\/"]}]},{"@type":"ImageObject","inLanguage":"es","@id":"https:\/\/mula.es\/web\/festejos-mula-inaugura-sus-fiestas-patronales-2025-con-un-amplio-programa-cultural-musical-y-festivo\/#primaryimage","url":"https:\/\/mula.es\/web\/wp-content\/uploads\/2023\/02\/instagram-22.png","contentUrl":"https:\/\/mula.es\/web\/wp-content\/uploads\/2023\/02\/instagram-22.png","width":1080,"height":1080,"caption":"escudo mula"},{"@type":"BreadcrumbList","@id":"https:\/\/mula.es\/web\/festejos-mula-inaugura-sus-fiestas-patronales-2025-con-un-amplio-programa-cultural-musical-y-festivo\/#breadcrumb","itemListElement":[{"@type":"ListItem","position":1,"name":"Portada","item":"https:\/\/mula.es\/web\/"},{"@type":"ListItem","position":2,"name":"FESTEJOS | Mula inaugura sus Fiestas Patronales 2025 con un amplio programa cultural, musical y festivo"}]},{"@type":"WebSite","@id":"https:\/\/mula.es\/web\/#website","url":"https:\/\/mula.es\/web\/","name":"Ayuntamiento de Mula","description":"P\u00e1gina web del Ayuntamiento de Mula (Regi\u00f3n de Murcia)","potentialAction":[{"@type":"SearchAction","target":{"@type":"EntryPoint","urlTemplate":"https:\/\/mula.es\/web\/?s={search_term_string}"},"query-input":{"@type":"PropertyValueSpecification","valueRequired":true,"valueName":"search_term_string"}}],"inLanguage":"es"},{"@type":"Person","@id":"https:\/\/mula.es\/web\/#\/schema\/person\/4f10179bd364f40dceed361e61e4033f","name":"Laura Salas Orcajada","image":{"@type":"ImageObject","inLanguage":"es","@id":"https:\/\/secure.gravatar.com\/avatar\/786f2a223d9a455e2a448f78b5dcc1117207ef56ef3d9a04df338c0f775cd403?s=96&d=mm&r=g","url":"https:\/\/secure.gravatar.com\/avatar\/786f2a223d9a455e2a448f78b5dcc1117207ef56ef3d9a04df338c0f775cd403?s=96&d=mm&r=g","contentUrl":"https:\/\/secure.gravatar.com\/avatar\/786f2a223d9a455e2a448f78b5dcc1117207ef56ef3d9a04df338c0f775cd403?s=96&d=mm&r=g","caption":"Laura Salas Orcajada"},"url":"https:\/\/mula.es\/web\/author\/lsalas\/"}]}},"jetpack_publicize_connections":[],"jetpack_featured_media_url":"https:\/\/mula.es\/web\/wp-content\/uploads\/2023\/02\/instagram-22.png","jetpack_sharing_enabled":true,"jetpack_shortlink":"https:\/\/wp.me\/pa9DMY-fvQ","jetpack-related-posts":[],"_links":{"self":[{"href":"https:\/\/mula.es\/web\/wp-json\/wp\/v2\/posts\/59634","targetHints":{"allow":["GET"]}}],"collection":[{"href":"https:\/\/mula.es\/web\/wp-json\/wp\/v2\/posts"}],"about":[{"href":"https:\/\/mula.es\/web\/wp-json\/wp\/v2\/types\/post"}],"author":[{"embeddable":true,"href":"https:\/\/mula.es\/web\/wp-json\/wp\/v2\/users\/13"}],"replies":[{"embeddable":true,"href":"https:\/\/mula.es\/web\/wp-json\/wp\/v2\/comments?post=59634"}],"version-history":[{"count":2,"href":"https:\/\/mula.es\/web\/wp-json\/wp\/v2\/posts\/59634\/revisions"}],"predecessor-version":[{"id":59636,"href":"https:\/\/mula.es\/web\/wp-json\/wp\/v2\/posts\/59634\/revisions\/59636"}],"wp:featuredmedia":[{"embeddable":true,"href":"https:\/\/mula.es\/web\/wp-json\/wp\/v2\/media\/47365"}],"wp:attachment":[{"href":"https:\/\/mula.es\/web\/wp-json\/wp\/v2\/media?parent=59634"}],"wp:term":[{"taxonomy":"category","embeddable":true,"href":"https:\/\/mula.es\/web\/wp-json\/wp\/v2\/categories?post=59634"},{"taxonomy":"post_tag","embeddable":true,"href":"https:\/\/mula.es\/web\/wp-json\/wp\/v2\/tags?post=59634"}],"curies":[{"name":"wp","href":"https:\/\/api.w.org\/{rel}","templated":true}]}}