{"id":59653,"date":"2025-09-25T13:48:55","date_gmt":"2025-09-25T11:48:55","guid":{"rendered":"https:\/\/mula.es\/web\/?p=59653"},"modified":"2025-09-25T13:48:55","modified_gmt":"2025-09-25T11:48:55","slug":"calidad-de-vida-mula-acoge-el-acto-institucional-del-dia-mundial-del-farmaceutico","status":"publish","type":"post","link":"https:\/\/mula.es\/web\/calidad-de-vida-mula-acoge-el-acto-institucional-del-dia-mundial-del-farmaceutico\/","title":{"rendered":"CALIDAD DE VIDA | Mula acoge el acto institucional del D\u00eda Mundial del Farmac\u00e9utico"},"content":{"rendered":"<p><strong>NOTA DE PRENSA &#8211; 25 DE SEPTIEMBRE DE 2025<\/strong><\/p>\n<p><strong>\u00a0<\/strong><\/p>\n<p><strong>\u00a0<\/strong><\/p>\n<h2><strong>Mula acoge el acto institucional del D\u00eda Mundial del Farmac\u00e9utico <\/strong><\/h2>\n<p>&nbsp;<\/p>\n<p>Hoy ha tenido lugar en el Convento de San Francisco del Ayuntamiento de Mula el acto institucional con motivo del D\u00eda Mundial del Farmac\u00e9utico, presidido por la presidenta del Colegio Oficial de Farmac\u00e9uticos de la Regi\u00f3n de Murcia, Paula Pay\u00e1, el alcalde de Mula, Juan Jes\u00fas Moreno, y la directora general de Atenci\u00f3n Primaria, Josefa Mar\u00edn.<\/p>\n<p>El evento cont\u00f3 con la asistencia del diputado regional Fernando Moreno, miembros del equipo de gobierno, representantes de la corporaci\u00f3n municipal y numerosos profesionales del \u00e1mbito farmac\u00e9utico.<\/p>\n<p>Durante las intervenciones se puso en valor el papel esencial de las farmacias y de los farmac\u00e9uticos en la sociedad, destacando su cercan\u00eda, accesibilidad y compromiso con el cuidado de la salud de los ciudadanos. Se record\u00f3 adem\u00e1s que su labor va mucho m\u00e1s all\u00e1 de la dispensaci\u00f3n de medicamentos: son agentes educativos en salud y un pilar indispensable de la sanidad p\u00fablica, como se demostr\u00f3 especialmente durante la pandemia de la COVID-19.<\/p>\n<p>El alcalde subray\u00f3 que \u201cla farmacia es un punto de encuentro entre la ciencia y la humanidad, y los farmac\u00e9uticos representan con rigor, pasi\u00f3n y profesionalidad uno de los servicios m\u00e1s cercanos y valiosos para nuestra sociedad\u201d.<\/p>\n<p>Adem\u00e1s, agradeci\u00f3 a Paula Pay\u00e1 su liderazgo y capacidad de servicio, consolidando la representaci\u00f3n del compromiso de toda la profesi\u00f3n con la ciudadan\u00eda y reivindicando la importancia de seguir luchando por una sanidad p\u00fablica fuerte, justa y de calidad.<\/p>\n<p>Tras el acto, se realiz\u00f3 una visita institucional a la carpa instalada en la Plaza del Ayuntamiento, donde se desarrollan pruebas de diagn\u00f3stico y prevenci\u00f3n, talleres de informaci\u00f3n y actividades formativas en materia de salud. A esta visita se sum\u00f3 el consejero de Salud de la Regi\u00f3n de Murcia, Juan Jos\u00e9 Pedre\u00f1o.<\/p>\n<p>El Ayuntamiento de Mula agradece la elecci\u00f3n de la ciudad como sede de este acto, reconociendo la enorme capacidad de entrega y servicio de las farmacias y de todos los profesionales que las integran.<\/p>\n<p data-start=\"778\" data-end=\"1035\">\n<p data-start=\"778\" data-end=\"1035\">\n<p data-start=\"778\" data-end=\"1035\"><a href=\"https:\/\/mula.es\/web\/wp-content\/uploads\/2025\/09\/COFRM-Dia-farmaceutico-A4-2.png\"><img decoding=\"async\" data-attachment-id=\"59626\" data-permalink=\"https:\/\/mula.es\/web\/cmula-sera-la-ciudad-de-la-salud-en-el-dia-mundial-del-farmaceutico-2025\/cofrm-dia-farmaceutico-a4-2\/\" data-orig-file=\"https:\/\/mula.es\/web\/wp-content\/uploads\/2025\/09\/COFRM-Dia-farmaceutico-A4-2.png\" data-orig-size=\"1414,2000\" data-comments-opened=\"0\" data-image-meta=\"{&quot;aperture&quot;:&quot;0&quot;,&quot;credit&quot;:&quot;&quot;,&quot;camera&quot;:&quot;&quot;,&quot;caption&quot;:&quot;&quot;,&quot;created_timestamp&quot;:&quot;0&quot;,&quot;copyright&quot;:&quot;&quot;,&quot;focal_length&quot;:&quot;0&quot;,&quot;iso&quot;:&quot;0&quot;,&quot;shutter_speed&quot;:&quot;0&quot;,&quot;title&quot;:&quot;&quot;,&quot;orientation&quot;:&quot;0&quot;}\" data-image-title=\"COFRM &amp;#8211; Di\u0301a farmaceutico (A4) (2)\" data-image-description=\"\" data-image-caption=\"\" data-large-file=\"https:\/\/mula.es\/web\/wp-content\/uploads\/2025\/09\/COFRM-Dia-farmaceutico-A4-2-724x1024.png\" class=\"size-medium wp-image-59626 aligncenter\" src=\"https:\/\/mula.es\/web\/wp-content\/uploads\/2025\/09\/COFRM-Dia-farmaceutico-A4-2-212x300.png\" alt=\"\" width=\"212\" height=\"300\" srcset=\"https:\/\/mula.es\/web\/wp-content\/uploads\/2025\/09\/COFRM-Dia-farmaceutico-A4-2-200x283.png 200w, https:\/\/mula.es\/web\/wp-content\/uploads\/2025\/09\/COFRM-Dia-farmaceutico-A4-2-212x300.png 212w, https:\/\/mula.es\/web\/wp-content\/uploads\/2025\/09\/COFRM-Dia-farmaceutico-A4-2-400x566.png 400w, https:\/\/mula.es\/web\/wp-content\/uploads\/2025\/09\/COFRM-Dia-farmaceutico-A4-2-600x849.png 600w, https:\/\/mula.es\/web\/wp-content\/uploads\/2025\/09\/COFRM-Dia-farmaceutico-A4-2-724x1024.png 724w, https:\/\/mula.es\/web\/wp-content\/uploads\/2025\/09\/COFRM-Dia-farmaceutico-A4-2-768x1086.png 768w, https:\/\/mula.es\/web\/wp-content\/uploads\/2025\/09\/COFRM-Dia-farmaceutico-A4-2-800x1132.png 800w, https:\/\/mula.es\/web\/wp-content\/uploads\/2025\/09\/COFRM-Dia-farmaceutico-A4-2-1086x1536.png 1086w, https:\/\/mula.es\/web\/wp-content\/uploads\/2025\/09\/COFRM-Dia-farmaceutico-A4-2-1200x1697.png 1200w, https:\/\/mula.es\/web\/wp-content\/uploads\/2025\/09\/COFRM-Dia-farmaceutico-A4-2.png 1414w\" sizes=\"(max-width: 212px) 100vw, 212px\" \/><\/a><\/p>\n<p>&nbsp;<\/p>\n","protected":false},"excerpt":{"rendered":"<p>NOTA DE PRENSA &#8211; 25 DE SEPTIEMBRE DE 2025 \u00a0 \u00a0 Mula acoge el acto institucional del D\u00eda Mundial del Farmac\u00e9utico &nbsp; Hoy ha tenido lugar en el Convento de San Francisco del Ayuntamiento de Mula el acto institucional con motivo del D\u00eda Mundial del Farmac\u00e9utico, presidido por la presidenta del Colegio Oficial de Farmac\u00e9uticos  [&#8230;]<\/p>\n","protected":false},"author":13,"featured_media":47365,"comment_status":"closed","ping_status":"closed","sticky":false,"template":"","format":"standard","meta":{"jetpack_post_was_ever_published":false,"_jetpack_newsletter_access":"","_jetpack_dont_email_post_to_subs":false,"_jetpack_newsletter_tier_id":0,"_jetpack_memberships_contains_paywalled_content":false,"_jetpack_memberships_contains_paid_content":false,"footnotes":"","jetpack_publicize_message":"","jetpack_publicize_feature_enabled":true,"jetpack_social_post_already_shared":true,"jetpack_social_options":{"image_generator_settings":{"template":"highway","default_image_id":0,"font":"","enabled":false},"version":2}},"categories":[171],"tags":[],"class_list":["post-59653","post","type-post","status-publish","format-standard","has-post-thumbnail","hentry","category-festejos"],"yoast_head":"<!-- This site is optimized with the Yoast SEO plugin v27.5 - https:\/\/yoast.com\/product\/yoast-seo-wordpress\/ -->\n<title>CALIDAD DE VIDA | Mula acoge el acto institucional del D\u00eda Mundial del Farmac\u00e9utico - Ayuntamiento de Mula<\/title>\n<meta name=\"robots\" content=\"index, follow, max-snippet:-1, max-image-preview:large, max-video-preview:-1\" \/>\n<link rel=\"canonical\" href=\"https:\/\/mula.es\/web\/calidad-de-vida-mula-acoge-el-acto-institucional-del-dia-mundial-del-farmaceutico\/\" \/>\n<meta property=\"og:locale\" content=\"es_ES\" \/>\n<meta property=\"og:type\" content=\"article\" \/>\n<meta property=\"og:title\" content=\"CALIDAD DE VIDA | Mula acoge el acto institucional del D\u00eda Mundial del Farmac\u00e9utico - Ayuntamiento de Mula\" \/>\n<meta property=\"og:description\" content=\"NOTA DE PRENSA &#8211; 25 DE SEPTIEMBRE DE 2025 \u00a0 \u00a0 Mula acoge el acto institucional del D\u00eda Mundial del Farmac\u00e9utico &nbsp; Hoy ha tenido lugar en el Convento de San Francisco del Ayuntamiento de Mula el acto institucional con motivo del D\u00eda Mundial del Farmac\u00e9utico, presidido por la presidenta del Colegio Oficial de Farmac\u00e9uticos [...]\" \/>\n<meta property=\"og:url\" content=\"https:\/\/mula.es\/web\/calidad-de-vida-mula-acoge-el-acto-institucional-del-dia-mundial-del-farmaceutico\/\" \/>\n<meta property=\"og:site_name\" content=\"Ayuntamiento de Mula\" \/>\n<meta property=\"article:published_time\" content=\"2025-09-25T11:48:55+00:00\" \/>\n<meta property=\"og:image\" content=\"https:\/\/mula.es\/web\/wp-content\/uploads\/2023\/02\/instagram-22.png\" \/>\n\t<meta property=\"og:image:width\" content=\"1080\" \/>\n\t<meta property=\"og:image:height\" content=\"1080\" \/>\n\t<meta property=\"og:image:type\" content=\"image\/png\" \/>\n<meta name=\"author\" content=\"Laura Salas Orcajada\" \/>\n<meta name=\"twitter:card\" content=\"summary_large_image\" \/>\n<meta name=\"twitter:creator\" content=\"@AyuntamientMula\" \/>\n<meta name=\"twitter:site\" content=\"@AyuntamientMula\" \/>\n<meta name=\"twitter:label1\" content=\"Escrito por\" \/>\n\t<meta name=\"twitter:data1\" content=\"Laura Salas Orcajada\" \/>\n\t<meta name=\"twitter:label2\" content=\"Tiempo de lectura\" \/>\n\t<meta name=\"twitter:data2\" content=\"2 minutos\" \/>\n<script type=\"application\/ld+json\" class=\"yoast-schema-graph\">{\"@context\":\"https:\\\/\\\/schema.org\",\"@graph\":[{\"@type\":\"Article\",\"@id\":\"https:\\\/\\\/mula.es\\\/web\\\/calidad-de-vida-mula-acoge-el-acto-institucional-del-dia-mundial-del-farmaceutico\\\/#article\",\"isPartOf\":{\"@id\":\"https:\\\/\\\/mula.es\\\/web\\\/calidad-de-vida-mula-acoge-el-acto-institucional-del-dia-mundial-del-farmaceutico\\\/\"},\"author\":{\"name\":\"Laura Salas Orcajada\",\"@id\":\"https:\\\/\\\/mula.es\\\/web\\\/#\\\/schema\\\/person\\\/4f10179bd364f40dceed361e61e4033f\"},\"headline\":\"CALIDAD DE VIDA | Mula acoge el acto institucional del D\u00eda Mundial del Farmac\u00e9utico\",\"datePublished\":\"2025-09-25T11:48:55+00:00\",\"mainEntityOfPage\":{\"@id\":\"https:\\\/\\\/mula.es\\\/web\\\/calidad-de-vida-mula-acoge-el-acto-institucional-del-dia-mundial-del-farmaceutico\\\/\"},\"wordCount\":383,\"image\":{\"@id\":\"https:\\\/\\\/mula.es\\\/web\\\/calidad-de-vida-mula-acoge-el-acto-institucional-del-dia-mundial-del-farmaceutico\\\/#primaryimage\"},\"thumbnailUrl\":\"https:\\\/\\\/mula.es\\\/web\\\/wp-content\\\/uploads\\\/2023\\\/02\\\/instagram-22.png\",\"articleSection\":[\"festejos\"],\"inLanguage\":\"es\"},{\"@type\":\"WebPage\",\"@id\":\"https:\\\/\\\/mula.es\\\/web\\\/calidad-de-vida-mula-acoge-el-acto-institucional-del-dia-mundial-del-farmaceutico\\\/\",\"url\":\"https:\\\/\\\/mula.es\\\/web\\\/calidad-de-vida-mula-acoge-el-acto-institucional-del-dia-mundial-del-farmaceutico\\\/\",\"name\":\"CALIDAD DE VIDA | Mula acoge el acto institucional del D\u00eda Mundial del Farmac\u00e9utico - Ayuntamiento de Mula\",\"isPartOf\":{\"@id\":\"https:\\\/\\\/mula.es\\\/web\\\/#website\"},\"primaryImageOfPage\":{\"@id\":\"https:\\\/\\\/mula.es\\\/web\\\/calidad-de-vida-mula-acoge-el-acto-institucional-del-dia-mundial-del-farmaceutico\\\/#primaryimage\"},\"image\":{\"@id\":\"https:\\\/\\\/mula.es\\\/web\\\/calidad-de-vida-mula-acoge-el-acto-institucional-del-dia-mundial-del-farmaceutico\\\/#primaryimage\"},\"thumbnailUrl\":\"https:\\\/\\\/mula.es\\\/web\\\/wp-content\\\/uploads\\\/2023\\\/02\\\/instagram-22.png\",\"datePublished\":\"2025-09-25T11:48:55+00:00\",\"author\":{\"@id\":\"https:\\\/\\\/mula.es\\\/web\\\/#\\\/schema\\\/person\\\/4f10179bd364f40dceed361e61e4033f\"},\"breadcrumb\":{\"@id\":\"https:\\\/\\\/mula.es\\\/web\\\/calidad-de-vida-mula-acoge-el-acto-institucional-del-dia-mundial-del-farmaceutico\\\/#breadcrumb\"},\"inLanguage\":\"es\",\"potentialAction\":[{\"@type\":\"ReadAction\",\"target\":[\"https:\\\/\\\/mula.es\\\/web\\\/calidad-de-vida-mula-acoge-el-acto-institucional-del-dia-mundial-del-farmaceutico\\\/\"]}]},{\"@type\":\"ImageObject\",\"inLanguage\":\"es\",\"@id\":\"https:\\\/\\\/mula.es\\\/web\\\/calidad-de-vida-mula-acoge-el-acto-institucional-del-dia-mundial-del-farmaceutico\\\/#primaryimage\",\"url\":\"https:\\\/\\\/mula.es\\\/web\\\/wp-content\\\/uploads\\\/2023\\\/02\\\/instagram-22.png\",\"contentUrl\":\"https:\\\/\\\/mula.es\\\/web\\\/wp-content\\\/uploads\\\/2023\\\/02\\\/instagram-22.png\",\"width\":1080,\"height\":1080,\"caption\":\"escudo mula\"},{\"@type\":\"BreadcrumbList\",\"@id\":\"https:\\\/\\\/mula.es\\\/web\\\/calidad-de-vida-mula-acoge-el-acto-institucional-del-dia-mundial-del-farmaceutico\\\/#breadcrumb\",\"itemListElement\":[{\"@type\":\"ListItem\",\"position\":1,\"name\":\"Portada\",\"item\":\"https:\\\/\\\/mula.es\\\/web\\\/\"},{\"@type\":\"ListItem\",\"position\":2,\"name\":\"CALIDAD DE VIDA | Mula acoge el acto institucional del D\u00eda Mundial del Farmac\u00e9utico\"}]},{\"@type\":\"WebSite\",\"@id\":\"https:\\\/\\\/mula.es\\\/web\\\/#website\",\"url\":\"https:\\\/\\\/mula.es\\\/web\\\/\",\"name\":\"Ayuntamiento de Mula\",\"description\":\"P\u00e1gina web del Ayuntamiento de Mula (Regi\u00f3n de Murcia)\",\"potentialAction\":[{\"@type\":\"SearchAction\",\"target\":{\"@type\":\"EntryPoint\",\"urlTemplate\":\"https:\\\/\\\/mula.es\\\/web\\\/?s={search_term_string}\"},\"query-input\":{\"@type\":\"PropertyValueSpecification\",\"valueRequired\":true,\"valueName\":\"search_term_string\"}}],\"inLanguage\":\"es\"},{\"@type\":\"Person\",\"@id\":\"https:\\\/\\\/mula.es\\\/web\\\/#\\\/schema\\\/person\\\/4f10179bd364f40dceed361e61e4033f\",\"name\":\"Laura Salas Orcajada\",\"image\":{\"@type\":\"ImageObject\",\"inLanguage\":\"es\",\"@id\":\"https:\\\/\\\/secure.gravatar.com\\\/avatar\\\/786f2a223d9a455e2a448f78b5dcc1117207ef56ef3d9a04df338c0f775cd403?s=96&d=mm&r=g\",\"url\":\"https:\\\/\\\/secure.gravatar.com\\\/avatar\\\/786f2a223d9a455e2a448f78b5dcc1117207ef56ef3d9a04df338c0f775cd403?s=96&d=mm&r=g\",\"contentUrl\":\"https:\\\/\\\/secure.gravatar.com\\\/avatar\\\/786f2a223d9a455e2a448f78b5dcc1117207ef56ef3d9a04df338c0f775cd403?s=96&d=mm&r=g\",\"caption\":\"Laura Salas Orcajada\"},\"url\":\"https:\\\/\\\/mula.es\\\/web\\\/author\\\/lsalas\\\/\"}]}<\/script>\n<!-- \/ Yoast SEO plugin. -->","yoast_head_json":{"title":"CALIDAD DE VIDA | Mula acoge el acto institucional del D\u00eda Mundial del Farmac\u00e9utico - Ayuntamiento de Mula","robots":{"index":"index","follow":"follow","max-snippet":"max-snippet:-1","max-image-preview":"max-image-preview:large","max-video-preview":"max-video-preview:-1"},"canonical":"https:\/\/mula.es\/web\/calidad-de-vida-mula-acoge-el-acto-institucional-del-dia-mundial-del-farmaceutico\/","og_locale":"es_ES","og_type":"article","og_title":"CALIDAD DE VIDA | Mula acoge el acto institucional del D\u00eda Mundial del Farmac\u00e9utico - Ayuntamiento de Mula","og_description":"NOTA DE PRENSA &#8211; 25 DE SEPTIEMBRE DE 2025 \u00a0 \u00a0 Mula acoge el acto institucional del D\u00eda Mundial del Farmac\u00e9utico &nbsp; Hoy ha tenido lugar en el Convento de San Francisco del Ayuntamiento de Mula el acto institucional con motivo del D\u00eda Mundial del Farmac\u00e9utico, presidido por la presidenta del Colegio Oficial de Farmac\u00e9uticos [...]","og_url":"https:\/\/mula.es\/web\/calidad-de-vida-mula-acoge-el-acto-institucional-del-dia-mundial-del-farmaceutico\/","og_site_name":"Ayuntamiento de Mula","article_published_time":"2025-09-25T11:48:55+00:00","og_image":[{"width":1080,"height":1080,"url":"https:\/\/mula.es\/web\/wp-content\/uploads\/2023\/02\/instagram-22.png","type":"image\/png"}],"author":"Laura Salas Orcajada","twitter_card":"summary_large_image","twitter_creator":"@AyuntamientMula","twitter_site":"@AyuntamientMula","twitter_misc":{"Escrito por":"Laura Salas Orcajada","Tiempo de lectura":"2 minutos"},"schema":{"@context":"https:\/\/schema.org","@graph":[{"@type":"Article","@id":"https:\/\/mula.es\/web\/calidad-de-vida-mula-acoge-el-acto-institucional-del-dia-mundial-del-farmaceutico\/#article","isPartOf":{"@id":"https:\/\/mula.es\/web\/calidad-de-vida-mula-acoge-el-acto-institucional-del-dia-mundial-del-farmaceutico\/"},"author":{"name":"Laura Salas Orcajada","@id":"https:\/\/mula.es\/web\/#\/schema\/person\/4f10179bd364f40dceed361e61e4033f"},"headline":"CALIDAD DE VIDA | Mula acoge el acto institucional del D\u00eda Mundial del Farmac\u00e9utico","datePublished":"2025-09-25T11:48:55+00:00","mainEntityOfPage":{"@id":"https:\/\/mula.es\/web\/calidad-de-vida-mula-acoge-el-acto-institucional-del-dia-mundial-del-farmaceutico\/"},"wordCount":383,"image":{"@id":"https:\/\/mula.es\/web\/calidad-de-vida-mula-acoge-el-acto-institucional-del-dia-mundial-del-farmaceutico\/#primaryimage"},"thumbnailUrl":"https:\/\/mula.es\/web\/wp-content\/uploads\/2023\/02\/instagram-22.png","articleSection":["festejos"],"inLanguage":"es"},{"@type":"WebPage","@id":"https:\/\/mula.es\/web\/calidad-de-vida-mula-acoge-el-acto-institucional-del-dia-mundial-del-farmaceutico\/","url":"https:\/\/mula.es\/web\/calidad-de-vida-mula-acoge-el-acto-institucional-del-dia-mundial-del-farmaceutico\/","name":"CALIDAD DE VIDA | Mula acoge el acto institucional del D\u00eda Mundial del Farmac\u00e9utico - Ayuntamiento de Mula","isPartOf":{"@id":"https:\/\/mula.es\/web\/#website"},"primaryImageOfPage":{"@id":"https:\/\/mula.es\/web\/calidad-de-vida-mula-acoge-el-acto-institucional-del-dia-mundial-del-farmaceutico\/#primaryimage"},"image":{"@id":"https:\/\/mula.es\/web\/calidad-de-vida-mula-acoge-el-acto-institucional-del-dia-mundial-del-farmaceutico\/#primaryimage"},"thumbnailUrl":"https:\/\/mula.es\/web\/wp-content\/uploads\/2023\/02\/instagram-22.png","datePublished":"2025-09-25T11:48:55+00:00","author":{"@id":"https:\/\/mula.es\/web\/#\/schema\/person\/4f10179bd364f40dceed361e61e4033f"},"breadcrumb":{"@id":"https:\/\/mula.es\/web\/calidad-de-vida-mula-acoge-el-acto-institucional-del-dia-mundial-del-farmaceutico\/#breadcrumb"},"inLanguage":"es","potentialAction":[{"@type":"ReadAction","target":["https:\/\/mula.es\/web\/calidad-de-vida-mula-acoge-el-acto-institucional-del-dia-mundial-del-farmaceutico\/"]}]},{"@type":"ImageObject","inLanguage":"es","@id":"https:\/\/mula.es\/web\/calidad-de-vida-mula-acoge-el-acto-institucional-del-dia-mundial-del-farmaceutico\/#primaryimage","url":"https:\/\/mula.es\/web\/wp-content\/uploads\/2023\/02\/instagram-22.png","contentUrl":"https:\/\/mula.es\/web\/wp-content\/uploads\/2023\/02\/instagram-22.png","width":1080,"height":1080,"caption":"escudo mula"},{"@type":"BreadcrumbList","@id":"https:\/\/mula.es\/web\/calidad-de-vida-mula-acoge-el-acto-institucional-del-dia-mundial-del-farmaceutico\/#breadcrumb","itemListElement":[{"@type":"ListItem","position":1,"name":"Portada","item":"https:\/\/mula.es\/web\/"},{"@type":"ListItem","position":2,"name":"CALIDAD DE VIDA | Mula acoge el acto institucional del D\u00eda Mundial del Farmac\u00e9utico"}]},{"@type":"WebSite","@id":"https:\/\/mula.es\/web\/#website","url":"https:\/\/mula.es\/web\/","name":"Ayuntamiento de Mula","description":"P\u00e1gina web del Ayuntamiento de Mula (Regi\u00f3n de Murcia)","potentialAction":[{"@type":"SearchAction","target":{"@type":"EntryPoint","urlTemplate":"https:\/\/mula.es\/web\/?s={search_term_string}"},"query-input":{"@type":"PropertyValueSpecification","valueRequired":true,"valueName":"search_term_string"}}],"inLanguage":"es"},{"@type":"Person","@id":"https:\/\/mula.es\/web\/#\/schema\/person\/4f10179bd364f40dceed361e61e4033f","name":"Laura Salas Orcajada","image":{"@type":"ImageObject","inLanguage":"es","@id":"https:\/\/secure.gravatar.com\/avatar\/786f2a223d9a455e2a448f78b5dcc1117207ef56ef3d9a04df338c0f775cd403?s=96&d=mm&r=g","url":"https:\/\/secure.gravatar.com\/avatar\/786f2a223d9a455e2a448f78b5dcc1117207ef56ef3d9a04df338c0f775cd403?s=96&d=mm&r=g","contentUrl":"https:\/\/secure.gravatar.com\/avatar\/786f2a223d9a455e2a448f78b5dcc1117207ef56ef3d9a04df338c0f775cd403?s=96&d=mm&r=g","caption":"Laura Salas Orcajada"},"url":"https:\/\/mula.es\/web\/author\/lsalas\/"}]}},"jetpack_publicize_connections":[],"jetpack_featured_media_url":"https:\/\/mula.es\/web\/wp-content\/uploads\/2023\/02\/instagram-22.png","jetpack_sharing_enabled":true,"jetpack_shortlink":"https:\/\/wp.me\/pa9DMY-fw9","jetpack-related-posts":[],"_links":{"self":[{"href":"https:\/\/mula.es\/web\/wp-json\/wp\/v2\/posts\/59653","targetHints":{"allow":["GET"]}}],"collection":[{"href":"https:\/\/mula.es\/web\/wp-json\/wp\/v2\/posts"}],"about":[{"href":"https:\/\/mula.es\/web\/wp-json\/wp\/v2\/types\/post"}],"author":[{"embeddable":true,"href":"https:\/\/mula.es\/web\/wp-json\/wp\/v2\/users\/13"}],"replies":[{"embeddable":true,"href":"https:\/\/mula.es\/web\/wp-json\/wp\/v2\/comments?post=59653"}],"version-history":[{"count":1,"href":"https:\/\/mula.es\/web\/wp-json\/wp\/v2\/posts\/59653\/revisions"}],"predecessor-version":[{"id":59654,"href":"https:\/\/mula.es\/web\/wp-json\/wp\/v2\/posts\/59653\/revisions\/59654"}],"wp:featuredmedia":[{"embeddable":true,"href":"https:\/\/mula.es\/web\/wp-json\/wp\/v2\/media\/47365"}],"wp:attachment":[{"href":"https:\/\/mula.es\/web\/wp-json\/wp\/v2\/media?parent=59653"}],"wp:term":[{"taxonomy":"category","embeddable":true,"href":"https:\/\/mula.es\/web\/wp-json\/wp\/v2\/categories?post=59653"},{"taxonomy":"post_tag","embeddable":true,"href":"https:\/\/mula.es\/web\/wp-json\/wp\/v2\/tags?post=59653"}],"curies":[{"name":"wp","href":"https:\/\/api.w.org\/{rel}","templated":true}]}}