{"id":59796,"date":"2025-10-10T09:20:32","date_gmt":"2025-10-10T07:20:32","guid":{"rendered":"https:\/\/mula.es\/web\/?p=59796"},"modified":"2025-10-10T09:20:42","modified_gmt":"2025-10-10T07:20:42","slug":"turismo-mula-presente-en-la-v-convencion-turespana-para-reforzar-su-posicionamiento-como-destino-experiencial","status":"publish","type":"post","link":"https:\/\/mula.es\/web\/turismo-mula-presente-en-la-v-convencion-turespana-para-reforzar-su-posicionamiento-como-destino-experiencial\/","title":{"rendered":"TURISMO | Mula, presente en la V Convenci\u00f3n Turespa\u00f1a para reforzar su posicionamiento como destino experiencial"},"content":{"rendered":"<p><strong>\u00a0<\/strong><\/p>\n<p><strong>NOTA DE PRENSA &#8211; 9 DE OCTUBRE DE 2025<\/strong><\/p>\n<p><strong>\u00a0<\/strong><\/p>\n<h2><strong>\u00a0<\/strong><\/h2>\n<h2><strong>Mula, presente en la V Convenci\u00f3n Turespa\u00f1a para reforzar su posicionamiento como destino experiencial<\/strong><\/h2>\n<p>El Ayuntamiento de Mula participa en la <strong>V Convenci\u00f3n Turespa\u00f1a<\/strong>, celebrada en C\u00e1ceres bajo el lema <em>\u201cTurismo experiencial\u201d<\/em>, uno de los principales foros profesionales del sector tur\u00edstico en Espa\u00f1a.<\/p>\n<p>La convenci\u00f3n ha contado con la presencia del <strong>presidente del Gobierno, Pedro S\u00e1nchez<\/strong>, y del <strong>ministro de Industria y Turismo, Jordi Hereu<\/strong>, quienes han destacado la importancia del turismo sostenible y de calidad como motor de desarrollo econ\u00f3mico y social en todo el pa\u00eds.<\/p>\n<p>El <strong>alcalde de Mula, Juan Jes\u00fas Moreno<\/strong>, y la <strong>concejala de Turismo, Alejandra Mart\u00ednez<\/strong>, han acudido con el objetivo de reforzar la promoci\u00f3n de Mula como destino de referencia en turismo cultural, patrimonial y de naturaleza, apostando por experiencias aut\u00e9nticas, sostenibles y vinculadas a la identidad local.<\/p>\n<p>Durante el encuentro, los representantes del Ayuntamiento han mantenido reuniones de trabajo con t\u00e9cnicos del Ministerio de Industria y Turismo, en las que se ha abordado la ejecuci\u00f3n de las ayudas concedidas al municipio dentro del marco de los <strong>fondos europeos Next Generation<\/strong>, destinadas a la recuperaci\u00f3n y puesta en valor de su patrimonio hist\u00f3rico.<\/p>\n<p>Entre las actuaciones que se desarrollar\u00e1n con esta inversi\u00f3n se encuentran la <strong>restauraci\u00f3n del Castillo de Mula<\/strong>, la <strong>recuperaci\u00f3n del entorno del Albacar<\/strong>, la <strong>rehabilitaci\u00f3n del Heredamiento de Aguas<\/strong>, as\u00ed como la <strong>puesta en valor de plazas y calles del municipio y sus pedan\u00edas<\/strong>, y del yacimiento de <strong>Los Villaricos<\/strong>. Todos ellos proyectos que consolidan la apuesta del municipio por un modelo tur\u00edstico sostenible y ligado a la historia y al patrimonio m\u00e1s arraigado.<\/p>\n<p>La participaci\u00f3n de Mula en este encuentro refuerza el compromiso del municipio con un <strong>modelo tur\u00edstico sostenible y de calidad<\/strong>, basado en la <strong>puesta en valor del patrimonio hist\u00f3rico, la riqueza natural y las tradiciones locales como ejes de una oferta diferenciada y de experiencias<\/strong>.<\/p>\n<p>&nbsp;<\/p>\n","protected":false},"excerpt":{"rendered":"<p>\u00a0 NOTA DE PRENSA &#8211; 9 DE OCTUBRE DE 2025 \u00a0 \u00a0 Mula, presente en la V Convenci\u00f3n Turespa\u00f1a para reforzar su posicionamiento como destino experiencial El Ayuntamiento de Mula participa en la V Convenci\u00f3n Turespa\u00f1a, celebrada en C\u00e1ceres bajo el lema \u201cTurismo experiencial\u201d, uno de los principales foros profesionales del sector tur\u00edstico en Espa\u00f1a.  [&#8230;]<\/p>\n","protected":false},"author":13,"featured_media":33512,"comment_status":"closed","ping_status":"closed","sticky":false,"template":"","format":"standard","meta":{"jetpack_post_was_ever_published":false,"_jetpack_newsletter_access":"","_jetpack_dont_email_post_to_subs":false,"_jetpack_newsletter_tier_id":0,"_jetpack_memberships_contains_paywalled_content":false,"_jetpack_memberships_contains_paid_content":false,"footnotes":"","jetpack_publicize_message":"","jetpack_publicize_feature_enabled":true,"jetpack_social_post_already_shared":true,"jetpack_social_options":{"image_generator_settings":{"template":"highway","default_image_id":0,"font":"","enabled":false},"version":2}},"categories":[75],"tags":[],"class_list":["post-59796","post","type-post","status-publish","format-standard","has-post-thumbnail","hentry","category-turismo"],"yoast_head":"<!-- This site is optimized with the Yoast SEO plugin v27.5 - https:\/\/yoast.com\/product\/yoast-seo-wordpress\/ -->\n<title>TURISMO | Mula, presente en la V Convenci\u00f3n Turespa\u00f1a para reforzar su posicionamiento como destino experiencial - Ayuntamiento de Mula<\/title>\n<meta name=\"robots\" content=\"index, follow, max-snippet:-1, max-image-preview:large, max-video-preview:-1\" \/>\n<link rel=\"canonical\" href=\"https:\/\/mula.es\/web\/turismo-mula-presente-en-la-v-convencion-turespana-para-reforzar-su-posicionamiento-como-destino-experiencial\/\" \/>\n<meta property=\"og:locale\" content=\"es_ES\" \/>\n<meta property=\"og:type\" content=\"article\" \/>\n<meta property=\"og:title\" content=\"TURISMO | Mula, presente en la V Convenci\u00f3n Turespa\u00f1a para reforzar su posicionamiento como destino experiencial - Ayuntamiento de Mula\" \/>\n<meta property=\"og:description\" content=\"\u00a0 NOTA DE PRENSA &#8211; 9 DE OCTUBRE DE 2025 \u00a0 \u00a0 Mula, presente en la V Convenci\u00f3n Turespa\u00f1a para reforzar su posicionamiento como destino experiencial El Ayuntamiento de Mula participa en la V Convenci\u00f3n Turespa\u00f1a, celebrada en C\u00e1ceres bajo el lema \u201cTurismo experiencial\u201d, uno de los principales foros profesionales del sector tur\u00edstico en Espa\u00f1a. [...]\" \/>\n<meta property=\"og:url\" content=\"https:\/\/mula.es\/web\/turismo-mula-presente-en-la-v-convencion-turespana-para-reforzar-su-posicionamiento-como-destino-experiencial\/\" \/>\n<meta property=\"og:site_name\" content=\"Ayuntamiento de Mula\" \/>\n<meta property=\"article:published_time\" content=\"2025-10-10T07:20:32+00:00\" \/>\n<meta property=\"article:modified_time\" content=\"2025-10-10T07:20:42+00:00\" \/>\n<meta property=\"og:image\" content=\"https:\/\/mula.es\/web\/wp-content\/uploads\/2020\/06\/escudo-cuadrado-e1591045058235.jpg\" \/>\n\t<meta property=\"og:image:width\" content=\"200\" \/>\n\t<meta property=\"og:image:height\" content=\"218\" \/>\n\t<meta property=\"og:image:type\" content=\"image\/jpeg\" \/>\n<meta name=\"author\" content=\"Laura Salas Orcajada\" \/>\n<meta name=\"twitter:card\" content=\"summary_large_image\" \/>\n<meta name=\"twitter:creator\" content=\"@AyuntamientMula\" \/>\n<meta name=\"twitter:site\" content=\"@AyuntamientMula\" \/>\n<meta name=\"twitter:label1\" content=\"Escrito por\" \/>\n\t<meta name=\"twitter:data1\" content=\"Laura Salas Orcajada\" \/>\n\t<meta name=\"twitter:label2\" content=\"Tiempo de lectura\" \/>\n\t<meta name=\"twitter:data2\" content=\"2 minutos\" \/>\n<script type=\"application\/ld+json\" class=\"yoast-schema-graph\">{\"@context\":\"https:\\\/\\\/schema.org\",\"@graph\":[{\"@type\":\"Article\",\"@id\":\"https:\\\/\\\/mula.es\\\/web\\\/turismo-mula-presente-en-la-v-convencion-turespana-para-reforzar-su-posicionamiento-como-destino-experiencial\\\/#article\",\"isPartOf\":{\"@id\":\"https:\\\/\\\/mula.es\\\/web\\\/turismo-mula-presente-en-la-v-convencion-turespana-para-reforzar-su-posicionamiento-como-destino-experiencial\\\/\"},\"author\":{\"name\":\"Laura Salas Orcajada\",\"@id\":\"https:\\\/\\\/mula.es\\\/web\\\/#\\\/schema\\\/person\\\/4f10179bd364f40dceed361e61e4033f\"},\"headline\":\"TURISMO | Mula, presente en la V Convenci\u00f3n Turespa\u00f1a para reforzar su posicionamiento como destino experiencial\",\"datePublished\":\"2025-10-10T07:20:32+00:00\",\"dateModified\":\"2025-10-10T07:20:42+00:00\",\"mainEntityOfPage\":{\"@id\":\"https:\\\/\\\/mula.es\\\/web\\\/turismo-mula-presente-en-la-v-convencion-turespana-para-reforzar-su-posicionamiento-como-destino-experiencial\\\/\"},\"wordCount\":363,\"image\":{\"@id\":\"https:\\\/\\\/mula.es\\\/web\\\/turismo-mula-presente-en-la-v-convencion-turespana-para-reforzar-su-posicionamiento-como-destino-experiencial\\\/#primaryimage\"},\"thumbnailUrl\":\"https:\\\/\\\/mula.es\\\/web\\\/wp-content\\\/uploads\\\/2020\\\/06\\\/escudo-cuadrado-e1591045058235.jpg\",\"articleSection\":[\"turismo\"],\"inLanguage\":\"es\"},{\"@type\":\"WebPage\",\"@id\":\"https:\\\/\\\/mula.es\\\/web\\\/turismo-mula-presente-en-la-v-convencion-turespana-para-reforzar-su-posicionamiento-como-destino-experiencial\\\/\",\"url\":\"https:\\\/\\\/mula.es\\\/web\\\/turismo-mula-presente-en-la-v-convencion-turespana-para-reforzar-su-posicionamiento-como-destino-experiencial\\\/\",\"name\":\"TURISMO | Mula, presente en la V Convenci\u00f3n Turespa\u00f1a para reforzar su posicionamiento como destino experiencial - Ayuntamiento de Mula\",\"isPartOf\":{\"@id\":\"https:\\\/\\\/mula.es\\\/web\\\/#website\"},\"primaryImageOfPage\":{\"@id\":\"https:\\\/\\\/mula.es\\\/web\\\/turismo-mula-presente-en-la-v-convencion-turespana-para-reforzar-su-posicionamiento-como-destino-experiencial\\\/#primaryimage\"},\"image\":{\"@id\":\"https:\\\/\\\/mula.es\\\/web\\\/turismo-mula-presente-en-la-v-convencion-turespana-para-reforzar-su-posicionamiento-como-destino-experiencial\\\/#primaryimage\"},\"thumbnailUrl\":\"https:\\\/\\\/mula.es\\\/web\\\/wp-content\\\/uploads\\\/2020\\\/06\\\/escudo-cuadrado-e1591045058235.jpg\",\"datePublished\":\"2025-10-10T07:20:32+00:00\",\"dateModified\":\"2025-10-10T07:20:42+00:00\",\"author\":{\"@id\":\"https:\\\/\\\/mula.es\\\/web\\\/#\\\/schema\\\/person\\\/4f10179bd364f40dceed361e61e4033f\"},\"breadcrumb\":{\"@id\":\"https:\\\/\\\/mula.es\\\/web\\\/turismo-mula-presente-en-la-v-convencion-turespana-para-reforzar-su-posicionamiento-como-destino-experiencial\\\/#breadcrumb\"},\"inLanguage\":\"es\",\"potentialAction\":[{\"@type\":\"ReadAction\",\"target\":[\"https:\\\/\\\/mula.es\\\/web\\\/turismo-mula-presente-en-la-v-convencion-turespana-para-reforzar-su-posicionamiento-como-destino-experiencial\\\/\"]}]},{\"@type\":\"ImageObject\",\"inLanguage\":\"es\",\"@id\":\"https:\\\/\\\/mula.es\\\/web\\\/turismo-mula-presente-en-la-v-convencion-turespana-para-reforzar-su-posicionamiento-como-destino-experiencial\\\/#primaryimage\",\"url\":\"https:\\\/\\\/mula.es\\\/web\\\/wp-content\\\/uploads\\\/2020\\\/06\\\/escudo-cuadrado-e1591045058235.jpg\",\"contentUrl\":\"https:\\\/\\\/mula.es\\\/web\\\/wp-content\\\/uploads\\\/2020\\\/06\\\/escudo-cuadrado-e1591045058235.jpg\",\"width\":200,\"height\":218},{\"@type\":\"BreadcrumbList\",\"@id\":\"https:\\\/\\\/mula.es\\\/web\\\/turismo-mula-presente-en-la-v-convencion-turespana-para-reforzar-su-posicionamiento-como-destino-experiencial\\\/#breadcrumb\",\"itemListElement\":[{\"@type\":\"ListItem\",\"position\":1,\"name\":\"Portada\",\"item\":\"https:\\\/\\\/mula.es\\\/web\\\/\"},{\"@type\":\"ListItem\",\"position\":2,\"name\":\"TURISMO | Mula, presente en la V Convenci\u00f3n Turespa\u00f1a para reforzar su posicionamiento como destino experiencial\"}]},{\"@type\":\"WebSite\",\"@id\":\"https:\\\/\\\/mula.es\\\/web\\\/#website\",\"url\":\"https:\\\/\\\/mula.es\\\/web\\\/\",\"name\":\"Ayuntamiento de Mula\",\"description\":\"P\u00e1gina web del Ayuntamiento de Mula (Regi\u00f3n de Murcia)\",\"potentialAction\":[{\"@type\":\"SearchAction\",\"target\":{\"@type\":\"EntryPoint\",\"urlTemplate\":\"https:\\\/\\\/mula.es\\\/web\\\/?s={search_term_string}\"},\"query-input\":{\"@type\":\"PropertyValueSpecification\",\"valueRequired\":true,\"valueName\":\"search_term_string\"}}],\"inLanguage\":\"es\"},{\"@type\":\"Person\",\"@id\":\"https:\\\/\\\/mula.es\\\/web\\\/#\\\/schema\\\/person\\\/4f10179bd364f40dceed361e61e4033f\",\"name\":\"Laura Salas Orcajada\",\"image\":{\"@type\":\"ImageObject\",\"inLanguage\":\"es\",\"@id\":\"https:\\\/\\\/secure.gravatar.com\\\/avatar\\\/786f2a223d9a455e2a448f78b5dcc1117207ef56ef3d9a04df338c0f775cd403?s=96&d=mm&r=g\",\"url\":\"https:\\\/\\\/secure.gravatar.com\\\/avatar\\\/786f2a223d9a455e2a448f78b5dcc1117207ef56ef3d9a04df338c0f775cd403?s=96&d=mm&r=g\",\"contentUrl\":\"https:\\\/\\\/secure.gravatar.com\\\/avatar\\\/786f2a223d9a455e2a448f78b5dcc1117207ef56ef3d9a04df338c0f775cd403?s=96&d=mm&r=g\",\"caption\":\"Laura Salas Orcajada\"},\"url\":\"https:\\\/\\\/mula.es\\\/web\\\/author\\\/lsalas\\\/\"}]}<\/script>\n<!-- \/ Yoast SEO plugin. -->","yoast_head_json":{"title":"TURISMO | Mula, presente en la V Convenci\u00f3n Turespa\u00f1a para reforzar su posicionamiento como destino experiencial - Ayuntamiento de Mula","robots":{"index":"index","follow":"follow","max-snippet":"max-snippet:-1","max-image-preview":"max-image-preview:large","max-video-preview":"max-video-preview:-1"},"canonical":"https:\/\/mula.es\/web\/turismo-mula-presente-en-la-v-convencion-turespana-para-reforzar-su-posicionamiento-como-destino-experiencial\/","og_locale":"es_ES","og_type":"article","og_title":"TURISMO | Mula, presente en la V Convenci\u00f3n Turespa\u00f1a para reforzar su posicionamiento como destino experiencial - Ayuntamiento de Mula","og_description":"\u00a0 NOTA DE PRENSA &#8211; 9 DE OCTUBRE DE 2025 \u00a0 \u00a0 Mula, presente en la V Convenci\u00f3n Turespa\u00f1a para reforzar su posicionamiento como destino experiencial El Ayuntamiento de Mula participa en la V Convenci\u00f3n Turespa\u00f1a, celebrada en C\u00e1ceres bajo el lema \u201cTurismo experiencial\u201d, uno de los principales foros profesionales del sector tur\u00edstico en Espa\u00f1a. [...]","og_url":"https:\/\/mula.es\/web\/turismo-mula-presente-en-la-v-convencion-turespana-para-reforzar-su-posicionamiento-como-destino-experiencial\/","og_site_name":"Ayuntamiento de Mula","article_published_time":"2025-10-10T07:20:32+00:00","article_modified_time":"2025-10-10T07:20:42+00:00","og_image":[{"width":200,"height":218,"url":"https:\/\/mula.es\/web\/wp-content\/uploads\/2020\/06\/escudo-cuadrado-e1591045058235.jpg","type":"image\/jpeg"}],"author":"Laura Salas Orcajada","twitter_card":"summary_large_image","twitter_creator":"@AyuntamientMula","twitter_site":"@AyuntamientMula","twitter_misc":{"Escrito por":"Laura Salas Orcajada","Tiempo de lectura":"2 minutos"},"schema":{"@context":"https:\/\/schema.org","@graph":[{"@type":"Article","@id":"https:\/\/mula.es\/web\/turismo-mula-presente-en-la-v-convencion-turespana-para-reforzar-su-posicionamiento-como-destino-experiencial\/#article","isPartOf":{"@id":"https:\/\/mula.es\/web\/turismo-mula-presente-en-la-v-convencion-turespana-para-reforzar-su-posicionamiento-como-destino-experiencial\/"},"author":{"name":"Laura Salas Orcajada","@id":"https:\/\/mula.es\/web\/#\/schema\/person\/4f10179bd364f40dceed361e61e4033f"},"headline":"TURISMO | Mula, presente en la V Convenci\u00f3n Turespa\u00f1a para reforzar su posicionamiento como destino experiencial","datePublished":"2025-10-10T07:20:32+00:00","dateModified":"2025-10-10T07:20:42+00:00","mainEntityOfPage":{"@id":"https:\/\/mula.es\/web\/turismo-mula-presente-en-la-v-convencion-turespana-para-reforzar-su-posicionamiento-como-destino-experiencial\/"},"wordCount":363,"image":{"@id":"https:\/\/mula.es\/web\/turismo-mula-presente-en-la-v-convencion-turespana-para-reforzar-su-posicionamiento-como-destino-experiencial\/#primaryimage"},"thumbnailUrl":"https:\/\/mula.es\/web\/wp-content\/uploads\/2020\/06\/escudo-cuadrado-e1591045058235.jpg","articleSection":["turismo"],"inLanguage":"es"},{"@type":"WebPage","@id":"https:\/\/mula.es\/web\/turismo-mula-presente-en-la-v-convencion-turespana-para-reforzar-su-posicionamiento-como-destino-experiencial\/","url":"https:\/\/mula.es\/web\/turismo-mula-presente-en-la-v-convencion-turespana-para-reforzar-su-posicionamiento-como-destino-experiencial\/","name":"TURISMO | Mula, presente en la V Convenci\u00f3n Turespa\u00f1a para reforzar su posicionamiento como destino experiencial - Ayuntamiento de Mula","isPartOf":{"@id":"https:\/\/mula.es\/web\/#website"},"primaryImageOfPage":{"@id":"https:\/\/mula.es\/web\/turismo-mula-presente-en-la-v-convencion-turespana-para-reforzar-su-posicionamiento-como-destino-experiencial\/#primaryimage"},"image":{"@id":"https:\/\/mula.es\/web\/turismo-mula-presente-en-la-v-convencion-turespana-para-reforzar-su-posicionamiento-como-destino-experiencial\/#primaryimage"},"thumbnailUrl":"https:\/\/mula.es\/web\/wp-content\/uploads\/2020\/06\/escudo-cuadrado-e1591045058235.jpg","datePublished":"2025-10-10T07:20:32+00:00","dateModified":"2025-10-10T07:20:42+00:00","author":{"@id":"https:\/\/mula.es\/web\/#\/schema\/person\/4f10179bd364f40dceed361e61e4033f"},"breadcrumb":{"@id":"https:\/\/mula.es\/web\/turismo-mula-presente-en-la-v-convencion-turespana-para-reforzar-su-posicionamiento-como-destino-experiencial\/#breadcrumb"},"inLanguage":"es","potentialAction":[{"@type":"ReadAction","target":["https:\/\/mula.es\/web\/turismo-mula-presente-en-la-v-convencion-turespana-para-reforzar-su-posicionamiento-como-destino-experiencial\/"]}]},{"@type":"ImageObject","inLanguage":"es","@id":"https:\/\/mula.es\/web\/turismo-mula-presente-en-la-v-convencion-turespana-para-reforzar-su-posicionamiento-como-destino-experiencial\/#primaryimage","url":"https:\/\/mula.es\/web\/wp-content\/uploads\/2020\/06\/escudo-cuadrado-e1591045058235.jpg","contentUrl":"https:\/\/mula.es\/web\/wp-content\/uploads\/2020\/06\/escudo-cuadrado-e1591045058235.jpg","width":200,"height":218},{"@type":"BreadcrumbList","@id":"https:\/\/mula.es\/web\/turismo-mula-presente-en-la-v-convencion-turespana-para-reforzar-su-posicionamiento-como-destino-experiencial\/#breadcrumb","itemListElement":[{"@type":"ListItem","position":1,"name":"Portada","item":"https:\/\/mula.es\/web\/"},{"@type":"ListItem","position":2,"name":"TURISMO | Mula, presente en la V Convenci\u00f3n Turespa\u00f1a para reforzar su posicionamiento como destino experiencial"}]},{"@type":"WebSite","@id":"https:\/\/mula.es\/web\/#website","url":"https:\/\/mula.es\/web\/","name":"Ayuntamiento de Mula","description":"P\u00e1gina web del Ayuntamiento de Mula (Regi\u00f3n de Murcia)","potentialAction":[{"@type":"SearchAction","target":{"@type":"EntryPoint","urlTemplate":"https:\/\/mula.es\/web\/?s={search_term_string}"},"query-input":{"@type":"PropertyValueSpecification","valueRequired":true,"valueName":"search_term_string"}}],"inLanguage":"es"},{"@type":"Person","@id":"https:\/\/mula.es\/web\/#\/schema\/person\/4f10179bd364f40dceed361e61e4033f","name":"Laura Salas Orcajada","image":{"@type":"ImageObject","inLanguage":"es","@id":"https:\/\/secure.gravatar.com\/avatar\/786f2a223d9a455e2a448f78b5dcc1117207ef56ef3d9a04df338c0f775cd403?s=96&d=mm&r=g","url":"https:\/\/secure.gravatar.com\/avatar\/786f2a223d9a455e2a448f78b5dcc1117207ef56ef3d9a04df338c0f775cd403?s=96&d=mm&r=g","contentUrl":"https:\/\/secure.gravatar.com\/avatar\/786f2a223d9a455e2a448f78b5dcc1117207ef56ef3d9a04df338c0f775cd403?s=96&d=mm&r=g","caption":"Laura Salas Orcajada"},"url":"https:\/\/mula.es\/web\/author\/lsalas\/"}]}},"jetpack_publicize_connections":[],"jetpack_featured_media_url":"https:\/\/mula.es\/web\/wp-content\/uploads\/2020\/06\/escudo-cuadrado-e1591045058235.jpg","jetpack_sharing_enabled":true,"jetpack_shortlink":"https:\/\/wp.me\/pa9DMY-fys","jetpack-related-posts":[],"_links":{"self":[{"href":"https:\/\/mula.es\/web\/wp-json\/wp\/v2\/posts\/59796","targetHints":{"allow":["GET"]}}],"collection":[{"href":"https:\/\/mula.es\/web\/wp-json\/wp\/v2\/posts"}],"about":[{"href":"https:\/\/mula.es\/web\/wp-json\/wp\/v2\/types\/post"}],"author":[{"embeddable":true,"href":"https:\/\/mula.es\/web\/wp-json\/wp\/v2\/users\/13"}],"replies":[{"embeddable":true,"href":"https:\/\/mula.es\/web\/wp-json\/wp\/v2\/comments?post=59796"}],"version-history":[{"count":2,"href":"https:\/\/mula.es\/web\/wp-json\/wp\/v2\/posts\/59796\/revisions"}],"predecessor-version":[{"id":59804,"href":"https:\/\/mula.es\/web\/wp-json\/wp\/v2\/posts\/59796\/revisions\/59804"}],"wp:featuredmedia":[{"embeddable":true,"href":"https:\/\/mula.es\/web\/wp-json\/wp\/v2\/media\/33512"}],"wp:attachment":[{"href":"https:\/\/mula.es\/web\/wp-json\/wp\/v2\/media?parent=59796"}],"wp:term":[{"taxonomy":"category","embeddable":true,"href":"https:\/\/mula.es\/web\/wp-json\/wp\/v2\/categories?post=59796"},{"taxonomy":"post_tag","embeddable":true,"href":"https:\/\/mula.es\/web\/wp-json\/wp\/v2\/tags?post=59796"}],"curies":[{"name":"wp","href":"https:\/\/api.w.org\/{rel}","templated":true}]}}