{"id":59825,"date":"2025-10-13T14:42:08","date_gmt":"2025-10-13T12:42:08","guid":{"rendered":"https:\/\/mula.es\/web\/?p=59825"},"modified":"2025-10-13T14:42:08","modified_gmt":"2025-10-13T12:42:08","slug":"turismo-el-ayuntamiento-de-mula-se-reune-con-el-director-del-itrem-para-impulsar-nuevos-proyectos-turisticos-y-fortalecer-la-promocion-de-mulaflor","status":"publish","type":"post","link":"https:\/\/mula.es\/web\/turismo-el-ayuntamiento-de-mula-se-reune-con-el-director-del-itrem-para-impulsar-nuevos-proyectos-turisticos-y-fortalecer-la-promocion-de-mulaflor\/","title":{"rendered":"TURISMO | El Ayuntamiento de Mula se re\u00fane con el director del ITREM para impulsar nuevos proyectos tur\u00edsticos y fortalecer la promoci\u00f3n de MulaFlor \u00a0"},"content":{"rendered":"<p><strong>\u00a0<\/strong><\/p>\n<p><strong>NOTA DE PRENSA &#8211; 13 DE OCTUBRE DE 2025<\/strong><\/p>\n<p><strong>\u00a0<\/strong><\/p>\n<p><strong>\u00a0<\/strong><\/p>\n<h2><strong>El Ayuntamiento de Mula se re\u00fane con el director del ITREM para impulsar nuevos proyectos tur\u00edsticos y fortalecer la promoci\u00f3n de MulaFlor<\/strong><\/h2>\n<h2><strong>\u00a0<\/strong><\/h2>\n<p>&nbsp;<\/p>\n<p>El alcalde de Mula, <strong>Juan Jes\u00fas Moreno<\/strong>, y la concejala de Turismo, <strong>Alejandra Mart\u00ednez<\/strong>, han mantenido una reuni\u00f3n de trabajo con el director del <strong>Instituto de Turismo de la Regi\u00f3n de Murcia (ITREM)<\/strong>, <strong>Juan Francisco Mart\u00ednez<\/strong>, con el objetivo de presentar los principales proyectos tur\u00edsticos del municipio y solicitar apoyo econ\u00f3mico para su desarrollo.<\/p>\n<p>Durante el encuentro, se ha puesto especial \u00e9nfasis en el proyecto <strong>MulaFlor<\/strong>, que pretende situar a Mula dentro del mapa regional y nacional de las floraciones, consolid\u00e1ndolo como un evento de referencia en turismo de naturaleza y sostenibilidad.<\/p>\n<p>Asimismo, se han abordado otros proyectos en marcha relacionados con el <strong>ecoturismo<\/strong>, la <strong>dinamizaci\u00f3n gastron\u00f3mica y patrimonial<\/strong>, y las acciones que el el Instituto de Turismo presentar\u00e1 en la pr\u00f3xima edici\u00f3n de <strong>FITUR<\/strong>, donde Mula formar\u00e1 parte.<\/p>\n<p>El director del ITREM ha valorado muy positivamente las iniciativas tur\u00edsticas que Mula est\u00e1 desarrollando, destacando el <strong>auge que ha experimentado el municipio en los \u00faltimos a\u00f1os como destino de interior<\/strong>, gracias a una oferta que combina patrimonio, naturaleza, cultura y experiencias aut\u00e9nticas.<\/p>\n<p>Por su parte, el alcalde de Mula ha subrayado que \u201cla <strong>oferta tur\u00edstica de Mula contribuye a desestacionalizar el turismo regional<\/strong>, aportando propuestas sostenibles y de calidad que ponen en valor nuestro entorno, nuestra historia y nuestra gente\u201d.<\/p>\n<p>Desde el Ayuntamiento se ha agradecido la disposici\u00f3n del ITREM para seguir colaborando en la <strong>promoci\u00f3n y financiaci\u00f3n de proyectos tur\u00edsticos<\/strong> que refuercen la posici\u00f3n de Mula como un destino de interior singular, sostenible y en constante crecimiento.<\/p>\n","protected":false},"excerpt":{"rendered":"<p>\u00a0 NOTA DE PRENSA &#8211; 13 DE OCTUBRE DE 2025 \u00a0 \u00a0 El Ayuntamiento de Mula se re\u00fane con el director del ITREM para impulsar nuevos proyectos tur\u00edsticos y fortalecer la promoci\u00f3n de MulaFlor \u00a0 &nbsp; El alcalde de Mula, Juan Jes\u00fas Moreno, y la concejala de Turismo, Alejandra Mart\u00ednez, han mantenido una reuni\u00f3n de  [&#8230;]<\/p>\n","protected":false},"author":13,"featured_media":33512,"comment_status":"closed","ping_status":"closed","sticky":false,"template":"","format":"standard","meta":{"jetpack_post_was_ever_published":false,"_jetpack_newsletter_access":"","_jetpack_dont_email_post_to_subs":false,"_jetpack_newsletter_tier_id":0,"_jetpack_memberships_contains_paywalled_content":false,"_jetpack_memberships_contains_paid_content":false,"footnotes":"","jetpack_publicize_message":"","jetpack_publicize_feature_enabled":true,"jetpack_social_post_already_shared":true,"jetpack_social_options":{"image_generator_settings":{"template":"highway","default_image_id":0,"font":"","enabled":false},"version":2}},"categories":[75],"tags":[],"class_list":["post-59825","post","type-post","status-publish","format-standard","has-post-thumbnail","hentry","category-turismo"],"yoast_head":"<!-- This site is optimized with the Yoast SEO plugin v27.5 - https:\/\/yoast.com\/product\/yoast-seo-wordpress\/ -->\n<title>TURISMO | El Ayuntamiento de Mula se re\u00fane con el director del ITREM para impulsar nuevos proyectos tur\u00edsticos y fortalecer la promoci\u00f3n de MulaFlor \u00a0 - Ayuntamiento de Mula<\/title>\n<meta name=\"robots\" content=\"index, follow, max-snippet:-1, max-image-preview:large, max-video-preview:-1\" \/>\n<link rel=\"canonical\" href=\"https:\/\/mula.es\/web\/turismo-el-ayuntamiento-de-mula-se-reune-con-el-director-del-itrem-para-impulsar-nuevos-proyectos-turisticos-y-fortalecer-la-promocion-de-mulaflor\/\" \/>\n<meta property=\"og:locale\" content=\"es_ES\" \/>\n<meta property=\"og:type\" content=\"article\" \/>\n<meta property=\"og:title\" content=\"TURISMO | El Ayuntamiento de Mula se re\u00fane con el director del ITREM para impulsar nuevos proyectos tur\u00edsticos y fortalecer la promoci\u00f3n de MulaFlor \u00a0 - Ayuntamiento de Mula\" \/>\n<meta property=\"og:description\" content=\"\u00a0 NOTA DE PRENSA &#8211; 13 DE OCTUBRE DE 2025 \u00a0 \u00a0 El Ayuntamiento de Mula se re\u00fane con el director del ITREM para impulsar nuevos proyectos tur\u00edsticos y fortalecer la promoci\u00f3n de MulaFlor \u00a0 &nbsp; El alcalde de Mula, Juan Jes\u00fas Moreno, y la concejala de Turismo, Alejandra Mart\u00ednez, han mantenido una reuni\u00f3n de [...]\" \/>\n<meta property=\"og:url\" content=\"https:\/\/mula.es\/web\/turismo-el-ayuntamiento-de-mula-se-reune-con-el-director-del-itrem-para-impulsar-nuevos-proyectos-turisticos-y-fortalecer-la-promocion-de-mulaflor\/\" \/>\n<meta property=\"og:site_name\" content=\"Ayuntamiento de Mula\" \/>\n<meta property=\"article:published_time\" content=\"2025-10-13T12:42:08+00:00\" \/>\n<meta property=\"og:image\" content=\"https:\/\/mula.es\/web\/wp-content\/uploads\/2020\/06\/escudo-cuadrado-e1591045058235.jpg\" \/>\n\t<meta property=\"og:image:width\" content=\"200\" \/>\n\t<meta property=\"og:image:height\" content=\"218\" \/>\n\t<meta property=\"og:image:type\" content=\"image\/jpeg\" \/>\n<meta name=\"author\" content=\"Laura Salas Orcajada\" \/>\n<meta name=\"twitter:card\" content=\"summary_large_image\" \/>\n<meta name=\"twitter:creator\" content=\"@AyuntamientMula\" \/>\n<meta name=\"twitter:site\" content=\"@AyuntamientMula\" \/>\n<meta name=\"twitter:label1\" content=\"Escrito por\" \/>\n\t<meta name=\"twitter:data1\" content=\"Laura Salas Orcajada\" \/>\n\t<meta name=\"twitter:label2\" content=\"Tiempo de lectura\" \/>\n\t<meta name=\"twitter:data2\" content=\"2 minutos\" \/>\n<script type=\"application\/ld+json\" class=\"yoast-schema-graph\">{\"@context\":\"https:\\\/\\\/schema.org\",\"@graph\":[{\"@type\":\"Article\",\"@id\":\"https:\\\/\\\/mula.es\\\/web\\\/turismo-el-ayuntamiento-de-mula-se-reune-con-el-director-del-itrem-para-impulsar-nuevos-proyectos-turisticos-y-fortalecer-la-promocion-de-mulaflor\\\/#article\",\"isPartOf\":{\"@id\":\"https:\\\/\\\/mula.es\\\/web\\\/turismo-el-ayuntamiento-de-mula-se-reune-con-el-director-del-itrem-para-impulsar-nuevos-proyectos-turisticos-y-fortalecer-la-promocion-de-mulaflor\\\/\"},\"author\":{\"name\":\"Laura Salas Orcajada\",\"@id\":\"https:\\\/\\\/mula.es\\\/web\\\/#\\\/schema\\\/person\\\/4f10179bd364f40dceed361e61e4033f\"},\"headline\":\"TURISMO | El Ayuntamiento de Mula se re\u00fane con el director del ITREM para impulsar nuevos proyectos tur\u00edsticos y fortalecer la promoci\u00f3n de MulaFlor \u00a0\",\"datePublished\":\"2025-10-13T12:42:08+00:00\",\"mainEntityOfPage\":{\"@id\":\"https:\\\/\\\/mula.es\\\/web\\\/turismo-el-ayuntamiento-de-mula-se-reune-con-el-director-del-itrem-para-impulsar-nuevos-proyectos-turisticos-y-fortalecer-la-promocion-de-mulaflor\\\/\"},\"wordCount\":328,\"image\":{\"@id\":\"https:\\\/\\\/mula.es\\\/web\\\/turismo-el-ayuntamiento-de-mula-se-reune-con-el-director-del-itrem-para-impulsar-nuevos-proyectos-turisticos-y-fortalecer-la-promocion-de-mulaflor\\\/#primaryimage\"},\"thumbnailUrl\":\"https:\\\/\\\/mula.es\\\/web\\\/wp-content\\\/uploads\\\/2020\\\/06\\\/escudo-cuadrado-e1591045058235.jpg\",\"articleSection\":[\"turismo\"],\"inLanguage\":\"es\"},{\"@type\":\"WebPage\",\"@id\":\"https:\\\/\\\/mula.es\\\/web\\\/turismo-el-ayuntamiento-de-mula-se-reune-con-el-director-del-itrem-para-impulsar-nuevos-proyectos-turisticos-y-fortalecer-la-promocion-de-mulaflor\\\/\",\"url\":\"https:\\\/\\\/mula.es\\\/web\\\/turismo-el-ayuntamiento-de-mula-se-reune-con-el-director-del-itrem-para-impulsar-nuevos-proyectos-turisticos-y-fortalecer-la-promocion-de-mulaflor\\\/\",\"name\":\"TURISMO | El Ayuntamiento de Mula se re\u00fane con el director del ITREM para impulsar nuevos proyectos tur\u00edsticos y fortalecer la promoci\u00f3n de MulaFlor \u00a0 - Ayuntamiento de Mula\",\"isPartOf\":{\"@id\":\"https:\\\/\\\/mula.es\\\/web\\\/#website\"},\"primaryImageOfPage\":{\"@id\":\"https:\\\/\\\/mula.es\\\/web\\\/turismo-el-ayuntamiento-de-mula-se-reune-con-el-director-del-itrem-para-impulsar-nuevos-proyectos-turisticos-y-fortalecer-la-promocion-de-mulaflor\\\/#primaryimage\"},\"image\":{\"@id\":\"https:\\\/\\\/mula.es\\\/web\\\/turismo-el-ayuntamiento-de-mula-se-reune-con-el-director-del-itrem-para-impulsar-nuevos-proyectos-turisticos-y-fortalecer-la-promocion-de-mulaflor\\\/#primaryimage\"},\"thumbnailUrl\":\"https:\\\/\\\/mula.es\\\/web\\\/wp-content\\\/uploads\\\/2020\\\/06\\\/escudo-cuadrado-e1591045058235.jpg\",\"datePublished\":\"2025-10-13T12:42:08+00:00\",\"author\":{\"@id\":\"https:\\\/\\\/mula.es\\\/web\\\/#\\\/schema\\\/person\\\/4f10179bd364f40dceed361e61e4033f\"},\"breadcrumb\":{\"@id\":\"https:\\\/\\\/mula.es\\\/web\\\/turismo-el-ayuntamiento-de-mula-se-reune-con-el-director-del-itrem-para-impulsar-nuevos-proyectos-turisticos-y-fortalecer-la-promocion-de-mulaflor\\\/#breadcrumb\"},\"inLanguage\":\"es\",\"potentialAction\":[{\"@type\":\"ReadAction\",\"target\":[\"https:\\\/\\\/mula.es\\\/web\\\/turismo-el-ayuntamiento-de-mula-se-reune-con-el-director-del-itrem-para-impulsar-nuevos-proyectos-turisticos-y-fortalecer-la-promocion-de-mulaflor\\\/\"]}]},{\"@type\":\"ImageObject\",\"inLanguage\":\"es\",\"@id\":\"https:\\\/\\\/mula.es\\\/web\\\/turismo-el-ayuntamiento-de-mula-se-reune-con-el-director-del-itrem-para-impulsar-nuevos-proyectos-turisticos-y-fortalecer-la-promocion-de-mulaflor\\\/#primaryimage\",\"url\":\"https:\\\/\\\/mula.es\\\/web\\\/wp-content\\\/uploads\\\/2020\\\/06\\\/escudo-cuadrado-e1591045058235.jpg\",\"contentUrl\":\"https:\\\/\\\/mula.es\\\/web\\\/wp-content\\\/uploads\\\/2020\\\/06\\\/escudo-cuadrado-e1591045058235.jpg\",\"width\":200,\"height\":218},{\"@type\":\"BreadcrumbList\",\"@id\":\"https:\\\/\\\/mula.es\\\/web\\\/turismo-el-ayuntamiento-de-mula-se-reune-con-el-director-del-itrem-para-impulsar-nuevos-proyectos-turisticos-y-fortalecer-la-promocion-de-mulaflor\\\/#breadcrumb\",\"itemListElement\":[{\"@type\":\"ListItem\",\"position\":1,\"name\":\"Portada\",\"item\":\"https:\\\/\\\/mula.es\\\/web\\\/\"},{\"@type\":\"ListItem\",\"position\":2,\"name\":\"TURISMO | El Ayuntamiento de Mula se re\u00fane con el director del ITREM para impulsar nuevos proyectos tur\u00edsticos y fortalecer la promoci\u00f3n de MulaFlor \u00a0\"}]},{\"@type\":\"WebSite\",\"@id\":\"https:\\\/\\\/mula.es\\\/web\\\/#website\",\"url\":\"https:\\\/\\\/mula.es\\\/web\\\/\",\"name\":\"Ayuntamiento de Mula\",\"description\":\"P\u00e1gina web del Ayuntamiento de Mula (Regi\u00f3n de Murcia)\",\"potentialAction\":[{\"@type\":\"SearchAction\",\"target\":{\"@type\":\"EntryPoint\",\"urlTemplate\":\"https:\\\/\\\/mula.es\\\/web\\\/?s={search_term_string}\"},\"query-input\":{\"@type\":\"PropertyValueSpecification\",\"valueRequired\":true,\"valueName\":\"search_term_string\"}}],\"inLanguage\":\"es\"},{\"@type\":\"Person\",\"@id\":\"https:\\\/\\\/mula.es\\\/web\\\/#\\\/schema\\\/person\\\/4f10179bd364f40dceed361e61e4033f\",\"name\":\"Laura Salas Orcajada\",\"image\":{\"@type\":\"ImageObject\",\"inLanguage\":\"es\",\"@id\":\"https:\\\/\\\/secure.gravatar.com\\\/avatar\\\/786f2a223d9a455e2a448f78b5dcc1117207ef56ef3d9a04df338c0f775cd403?s=96&d=mm&r=g\",\"url\":\"https:\\\/\\\/secure.gravatar.com\\\/avatar\\\/786f2a223d9a455e2a448f78b5dcc1117207ef56ef3d9a04df338c0f775cd403?s=96&d=mm&r=g\",\"contentUrl\":\"https:\\\/\\\/secure.gravatar.com\\\/avatar\\\/786f2a223d9a455e2a448f78b5dcc1117207ef56ef3d9a04df338c0f775cd403?s=96&d=mm&r=g\",\"caption\":\"Laura Salas Orcajada\"},\"url\":\"https:\\\/\\\/mula.es\\\/web\\\/author\\\/lsalas\\\/\"}]}<\/script>\n<!-- \/ Yoast SEO plugin. -->","yoast_head_json":{"title":"TURISMO | El Ayuntamiento de Mula se re\u00fane con el director del ITREM para impulsar nuevos proyectos tur\u00edsticos y fortalecer la promoci\u00f3n de MulaFlor \u00a0 - Ayuntamiento de Mula","robots":{"index":"index","follow":"follow","max-snippet":"max-snippet:-1","max-image-preview":"max-image-preview:large","max-video-preview":"max-video-preview:-1"},"canonical":"https:\/\/mula.es\/web\/turismo-el-ayuntamiento-de-mula-se-reune-con-el-director-del-itrem-para-impulsar-nuevos-proyectos-turisticos-y-fortalecer-la-promocion-de-mulaflor\/","og_locale":"es_ES","og_type":"article","og_title":"TURISMO | El Ayuntamiento de Mula se re\u00fane con el director del ITREM para impulsar nuevos proyectos tur\u00edsticos y fortalecer la promoci\u00f3n de MulaFlor \u00a0 - Ayuntamiento de Mula","og_description":"\u00a0 NOTA DE PRENSA &#8211; 13 DE OCTUBRE DE 2025 \u00a0 \u00a0 El Ayuntamiento de Mula se re\u00fane con el director del ITREM para impulsar nuevos proyectos tur\u00edsticos y fortalecer la promoci\u00f3n de MulaFlor \u00a0 &nbsp; El alcalde de Mula, Juan Jes\u00fas Moreno, y la concejala de Turismo, Alejandra Mart\u00ednez, han mantenido una reuni\u00f3n de [...]","og_url":"https:\/\/mula.es\/web\/turismo-el-ayuntamiento-de-mula-se-reune-con-el-director-del-itrem-para-impulsar-nuevos-proyectos-turisticos-y-fortalecer-la-promocion-de-mulaflor\/","og_site_name":"Ayuntamiento de Mula","article_published_time":"2025-10-13T12:42:08+00:00","og_image":[{"width":200,"height":218,"url":"https:\/\/mula.es\/web\/wp-content\/uploads\/2020\/06\/escudo-cuadrado-e1591045058235.jpg","type":"image\/jpeg"}],"author":"Laura Salas Orcajada","twitter_card":"summary_large_image","twitter_creator":"@AyuntamientMula","twitter_site":"@AyuntamientMula","twitter_misc":{"Escrito por":"Laura Salas Orcajada","Tiempo de lectura":"2 minutos"},"schema":{"@context":"https:\/\/schema.org","@graph":[{"@type":"Article","@id":"https:\/\/mula.es\/web\/turismo-el-ayuntamiento-de-mula-se-reune-con-el-director-del-itrem-para-impulsar-nuevos-proyectos-turisticos-y-fortalecer-la-promocion-de-mulaflor\/#article","isPartOf":{"@id":"https:\/\/mula.es\/web\/turismo-el-ayuntamiento-de-mula-se-reune-con-el-director-del-itrem-para-impulsar-nuevos-proyectos-turisticos-y-fortalecer-la-promocion-de-mulaflor\/"},"author":{"name":"Laura Salas Orcajada","@id":"https:\/\/mula.es\/web\/#\/schema\/person\/4f10179bd364f40dceed361e61e4033f"},"headline":"TURISMO | El Ayuntamiento de Mula se re\u00fane con el director del ITREM para impulsar nuevos proyectos tur\u00edsticos y fortalecer la promoci\u00f3n de MulaFlor \u00a0","datePublished":"2025-10-13T12:42:08+00:00","mainEntityOfPage":{"@id":"https:\/\/mula.es\/web\/turismo-el-ayuntamiento-de-mula-se-reune-con-el-director-del-itrem-para-impulsar-nuevos-proyectos-turisticos-y-fortalecer-la-promocion-de-mulaflor\/"},"wordCount":328,"image":{"@id":"https:\/\/mula.es\/web\/turismo-el-ayuntamiento-de-mula-se-reune-con-el-director-del-itrem-para-impulsar-nuevos-proyectos-turisticos-y-fortalecer-la-promocion-de-mulaflor\/#primaryimage"},"thumbnailUrl":"https:\/\/mula.es\/web\/wp-content\/uploads\/2020\/06\/escudo-cuadrado-e1591045058235.jpg","articleSection":["turismo"],"inLanguage":"es"},{"@type":"WebPage","@id":"https:\/\/mula.es\/web\/turismo-el-ayuntamiento-de-mula-se-reune-con-el-director-del-itrem-para-impulsar-nuevos-proyectos-turisticos-y-fortalecer-la-promocion-de-mulaflor\/","url":"https:\/\/mula.es\/web\/turismo-el-ayuntamiento-de-mula-se-reune-con-el-director-del-itrem-para-impulsar-nuevos-proyectos-turisticos-y-fortalecer-la-promocion-de-mulaflor\/","name":"TURISMO | El Ayuntamiento de Mula se re\u00fane con el director del ITREM para impulsar nuevos proyectos tur\u00edsticos y fortalecer la promoci\u00f3n de MulaFlor \u00a0 - Ayuntamiento de Mula","isPartOf":{"@id":"https:\/\/mula.es\/web\/#website"},"primaryImageOfPage":{"@id":"https:\/\/mula.es\/web\/turismo-el-ayuntamiento-de-mula-se-reune-con-el-director-del-itrem-para-impulsar-nuevos-proyectos-turisticos-y-fortalecer-la-promocion-de-mulaflor\/#primaryimage"},"image":{"@id":"https:\/\/mula.es\/web\/turismo-el-ayuntamiento-de-mula-se-reune-con-el-director-del-itrem-para-impulsar-nuevos-proyectos-turisticos-y-fortalecer-la-promocion-de-mulaflor\/#primaryimage"},"thumbnailUrl":"https:\/\/mula.es\/web\/wp-content\/uploads\/2020\/06\/escudo-cuadrado-e1591045058235.jpg","datePublished":"2025-10-13T12:42:08+00:00","author":{"@id":"https:\/\/mula.es\/web\/#\/schema\/person\/4f10179bd364f40dceed361e61e4033f"},"breadcrumb":{"@id":"https:\/\/mula.es\/web\/turismo-el-ayuntamiento-de-mula-se-reune-con-el-director-del-itrem-para-impulsar-nuevos-proyectos-turisticos-y-fortalecer-la-promocion-de-mulaflor\/#breadcrumb"},"inLanguage":"es","potentialAction":[{"@type":"ReadAction","target":["https:\/\/mula.es\/web\/turismo-el-ayuntamiento-de-mula-se-reune-con-el-director-del-itrem-para-impulsar-nuevos-proyectos-turisticos-y-fortalecer-la-promocion-de-mulaflor\/"]}]},{"@type":"ImageObject","inLanguage":"es","@id":"https:\/\/mula.es\/web\/turismo-el-ayuntamiento-de-mula-se-reune-con-el-director-del-itrem-para-impulsar-nuevos-proyectos-turisticos-y-fortalecer-la-promocion-de-mulaflor\/#primaryimage","url":"https:\/\/mula.es\/web\/wp-content\/uploads\/2020\/06\/escudo-cuadrado-e1591045058235.jpg","contentUrl":"https:\/\/mula.es\/web\/wp-content\/uploads\/2020\/06\/escudo-cuadrado-e1591045058235.jpg","width":200,"height":218},{"@type":"BreadcrumbList","@id":"https:\/\/mula.es\/web\/turismo-el-ayuntamiento-de-mula-se-reune-con-el-director-del-itrem-para-impulsar-nuevos-proyectos-turisticos-y-fortalecer-la-promocion-de-mulaflor\/#breadcrumb","itemListElement":[{"@type":"ListItem","position":1,"name":"Portada","item":"https:\/\/mula.es\/web\/"},{"@type":"ListItem","position":2,"name":"TURISMO | El Ayuntamiento de Mula se re\u00fane con el director del ITREM para impulsar nuevos proyectos tur\u00edsticos y fortalecer la promoci\u00f3n de MulaFlor \u00a0"}]},{"@type":"WebSite","@id":"https:\/\/mula.es\/web\/#website","url":"https:\/\/mula.es\/web\/","name":"Ayuntamiento de Mula","description":"P\u00e1gina web del Ayuntamiento de Mula (Regi\u00f3n de Murcia)","potentialAction":[{"@type":"SearchAction","target":{"@type":"EntryPoint","urlTemplate":"https:\/\/mula.es\/web\/?s={search_term_string}"},"query-input":{"@type":"PropertyValueSpecification","valueRequired":true,"valueName":"search_term_string"}}],"inLanguage":"es"},{"@type":"Person","@id":"https:\/\/mula.es\/web\/#\/schema\/person\/4f10179bd364f40dceed361e61e4033f","name":"Laura Salas Orcajada","image":{"@type":"ImageObject","inLanguage":"es","@id":"https:\/\/secure.gravatar.com\/avatar\/786f2a223d9a455e2a448f78b5dcc1117207ef56ef3d9a04df338c0f775cd403?s=96&d=mm&r=g","url":"https:\/\/secure.gravatar.com\/avatar\/786f2a223d9a455e2a448f78b5dcc1117207ef56ef3d9a04df338c0f775cd403?s=96&d=mm&r=g","contentUrl":"https:\/\/secure.gravatar.com\/avatar\/786f2a223d9a455e2a448f78b5dcc1117207ef56ef3d9a04df338c0f775cd403?s=96&d=mm&r=g","caption":"Laura Salas Orcajada"},"url":"https:\/\/mula.es\/web\/author\/lsalas\/"}]}},"jetpack_publicize_connections":[],"jetpack_featured_media_url":"https:\/\/mula.es\/web\/wp-content\/uploads\/2020\/06\/escudo-cuadrado-e1591045058235.jpg","jetpack_sharing_enabled":true,"jetpack_shortlink":"https:\/\/wp.me\/pa9DMY-fyV","jetpack-related-posts":[],"_links":{"self":[{"href":"https:\/\/mula.es\/web\/wp-json\/wp\/v2\/posts\/59825","targetHints":{"allow":["GET"]}}],"collection":[{"href":"https:\/\/mula.es\/web\/wp-json\/wp\/v2\/posts"}],"about":[{"href":"https:\/\/mula.es\/web\/wp-json\/wp\/v2\/types\/post"}],"author":[{"embeddable":true,"href":"https:\/\/mula.es\/web\/wp-json\/wp\/v2\/users\/13"}],"replies":[{"embeddable":true,"href":"https:\/\/mula.es\/web\/wp-json\/wp\/v2\/comments?post=59825"}],"version-history":[{"count":1,"href":"https:\/\/mula.es\/web\/wp-json\/wp\/v2\/posts\/59825\/revisions"}],"predecessor-version":[{"id":59826,"href":"https:\/\/mula.es\/web\/wp-json\/wp\/v2\/posts\/59825\/revisions\/59826"}],"wp:featuredmedia":[{"embeddable":true,"href":"https:\/\/mula.es\/web\/wp-json\/wp\/v2\/media\/33512"}],"wp:attachment":[{"href":"https:\/\/mula.es\/web\/wp-json\/wp\/v2\/media?parent=59825"}],"wp:term":[{"taxonomy":"category","embeddable":true,"href":"https:\/\/mula.es\/web\/wp-json\/wp\/v2\/categories?post=59825"},{"taxonomy":"post_tag","embeddable":true,"href":"https:\/\/mula.es\/web\/wp-json\/wp\/v2\/tags?post=59825"}],"curies":[{"name":"wp","href":"https:\/\/api.w.org\/{rel}","templated":true}]}}