{"id":59836,"date":"2025-10-14T12:01:15","date_gmt":"2025-10-14T10:01:15","guid":{"rendered":"https:\/\/mula.es\/web\/?p=59836"},"modified":"2025-10-14T12:01:15","modified_gmt":"2025-10-14T10:01:15","slug":"turismo-mula-estara-presente-en-la-feria-de-turismo-de-interior-de-la-region-de-murcia-rueda-2025","status":"publish","type":"post","link":"https:\/\/mula.es\/web\/turismo-mula-estara-presente-en-la-feria-de-turismo-de-interior-de-la-region-de-murcia-rueda-2025\/","title":{"rendered":"TURISMO | Mula estar\u00e1 presente en la Feria de Turismo de Interior de la Regi\u00f3n de Murcia \u2018RUEDA 2025\u2019"},"content":{"rendered":"<p><strong>\u00a0<\/strong><\/p>\n<p><strong>NOTA DE PRENSA &#8211; 14 DE OCTUBRE DE 2025<\/strong><\/p>\n<p><strong>\u00a0<\/strong><\/p>\n<p><strong>\u00a0<\/strong><\/p>\n<h2><strong>Mula estar\u00e1 presente en la Feria de Turismo de Interior de la Regi\u00f3n de Murcia \u2018RUEDA 2025\u2019<\/strong><\/h2>\n<p><strong>\u00a0<\/strong><\/p>\n<p>La concejal\u00eda de Turismo del Ayuntamiento de Mula participar\u00e1 este fin de semana en <strong>\u2018Rueda 2025\u2019<\/strong>, la Feria de Turismo de Interior de la Regi\u00f3n de Murcia, que se celebrar\u00e1 del <strong>17 al 19 de octubre<\/strong> en la <strong>Plaza de la Constituci\u00f3n de Totana<\/strong>.<\/p>\n<p>Este evento reunir\u00e1 a numerosos municipios de la Regi\u00f3n con el objetivo de <strong>dar visibilidad al turismo de interior, la cultura, la gastronom\u00eda, la artesan\u00eda y la naturaleza<\/strong> como pilares del desarrollo sostenible del territorio.<\/p>\n<p>Mula contar\u00e1 con un <strong>espacio propio<\/strong> dentro de la feria para promocionar su amplia oferta tur\u00edstica, cultural y patrimonial, destacando su rica historia, su entorno natural y sus eventos m\u00e1s emblem\u00e1ticos, como <strong>MulaFlor<\/strong> o su reconocida <strong>Semana Santa<\/strong>, consolid\u00e1ndose como uno de los <strong>destinos m\u00e1s atractivos del interior de la Regi\u00f3n de Murcia<\/strong> durante todo el a\u00f1o.<\/p>\n<p><strong>Presentaci\u00f3n oficial de Mula: domingo, 13:00 h.<\/strong><br \/>\nComo novedad en esta edici\u00f3n, la feria contar\u00e1 con un <strong>mercado artesanal<\/strong> en el que participar\u00e1n artesanos de toda la Regi\u00f3n. Adem\u00e1s, Mula ofrecer\u00e1 una <strong>degustaci\u00f3n de embutidos artesanos locales<\/strong>, impartida por <strong>Encarna del Basilio<\/strong> y <strong>Encarna Gonz\u00e1lez Pastor<\/strong>, destacando los productos tradicionales del municipio.<\/p>\n<p>Durante todo el fin de semana habr\u00e1 <strong>conciertos, degustaciones de tapas, macro sorteos y actividades gastron\u00f3micas<\/strong> para todos los p\u00fablicos.<\/p>\n<p>Las inscripciones pueden realizarse en <strong><a href=\"http:\/\/feriaturismorueda.com\">feriaturismorueda.com<\/a><\/strong>.<\/p>\n<p>La concejala de Turismo, <strong>Alejandra Mart\u00ednez<\/strong>, ha se\u00f1alado que \u201cesta feria es una oportunidad para seguir posicionando a Mula como un referente en <strong>turismo cultural y de naturaleza<\/strong>, reforzando nuestra apuesta por un modelo <strong>sostenible, experiencial y de calidad<\/strong>\u201d.<\/p>\n<p><a href=\"https:\/\/mula.es\/web\/wp-content\/uploads\/2025\/10\/1-3.jpg\"><img decoding=\"async\" data-attachment-id=\"59837\" data-permalink=\"https:\/\/mula.es\/web\/turismo-mula-estara-presente-en-la-feria-de-turismo-de-interior-de-la-region-de-murcia-rueda-2025\/1-347\/\" data-orig-file=\"https:\/\/mula.es\/web\/wp-content\/uploads\/2025\/10\/1-3.jpg\" data-orig-size=\"1080,1350\" data-comments-opened=\"0\" data-image-meta=\"{&quot;aperture&quot;:&quot;0&quot;,&quot;credit&quot;:&quot;&quot;,&quot;camera&quot;:&quot;&quot;,&quot;caption&quot;:&quot;&quot;,&quot;created_timestamp&quot;:&quot;0&quot;,&quot;copyright&quot;:&quot;&quot;,&quot;focal_length&quot;:&quot;0&quot;,&quot;iso&quot;:&quot;0&quot;,&quot;shutter_speed&quot;:&quot;0&quot;,&quot;title&quot;:&quot;&quot;,&quot;orientation&quot;:&quot;1&quot;}\" data-image-title=\"1\" data-image-description=\"\" data-image-caption=\"\" data-large-file=\"https:\/\/mula.es\/web\/wp-content\/uploads\/2025\/10\/1-3-819x1024.jpg\" class=\"alignnone size-medium wp-image-59837\" src=\"https:\/\/mula.es\/web\/wp-content\/uploads\/2025\/10\/1-3-240x300.jpg\" alt=\"\" width=\"240\" height=\"300\" srcset=\"https:\/\/mula.es\/web\/wp-content\/uploads\/2025\/10\/1-3-200x250.jpg 200w, https:\/\/mula.es\/web\/wp-content\/uploads\/2025\/10\/1-3-240x300.jpg 240w, https:\/\/mula.es\/web\/wp-content\/uploads\/2025\/10\/1-3-400x500.jpg 400w, https:\/\/mula.es\/web\/wp-content\/uploads\/2025\/10\/1-3-600x750.jpg 600w, https:\/\/mula.es\/web\/wp-content\/uploads\/2025\/10\/1-3-768x960.jpg 768w, https:\/\/mula.es\/web\/wp-content\/uploads\/2025\/10\/1-3-800x1000.jpg 800w, https:\/\/mula.es\/web\/wp-content\/uploads\/2025\/10\/1-3-819x1024.jpg 819w, https:\/\/mula.es\/web\/wp-content\/uploads\/2025\/10\/1-3.jpg 1080w\" sizes=\"(max-width: 240px) 100vw, 240px\" \/><\/a> <a href=\"https:\/\/mula.es\/web\/wp-content\/uploads\/2025\/10\/2-3.jpg\"><img decoding=\"async\" data-attachment-id=\"59838\" data-permalink=\"https:\/\/mula.es\/web\/turismo-mula-estara-presente-en-la-feria-de-turismo-de-interior-de-la-region-de-murcia-rueda-2025\/2-324\/\" data-orig-file=\"https:\/\/mula.es\/web\/wp-content\/uploads\/2025\/10\/2-3.jpg\" data-orig-size=\"1080,1350\" data-comments-opened=\"0\" data-image-meta=\"{&quot;aperture&quot;:&quot;0&quot;,&quot;credit&quot;:&quot;&quot;,&quot;camera&quot;:&quot;&quot;,&quot;caption&quot;:&quot;&quot;,&quot;created_timestamp&quot;:&quot;0&quot;,&quot;copyright&quot;:&quot;&quot;,&quot;focal_length&quot;:&quot;0&quot;,&quot;iso&quot;:&quot;0&quot;,&quot;shutter_speed&quot;:&quot;0&quot;,&quot;title&quot;:&quot;&quot;,&quot;orientation&quot;:&quot;1&quot;}\" data-image-title=\"2\" data-image-description=\"\" data-image-caption=\"\" data-large-file=\"https:\/\/mula.es\/web\/wp-content\/uploads\/2025\/10\/2-3-819x1024.jpg\" class=\"alignnone size-medium wp-image-59838\" src=\"https:\/\/mula.es\/web\/wp-content\/uploads\/2025\/10\/2-3-240x300.jpg\" alt=\"\" width=\"240\" height=\"300\" srcset=\"https:\/\/mula.es\/web\/wp-content\/uploads\/2025\/10\/2-3-200x250.jpg 200w, https:\/\/mula.es\/web\/wp-content\/uploads\/2025\/10\/2-3-240x300.jpg 240w, https:\/\/mula.es\/web\/wp-content\/uploads\/2025\/10\/2-3-400x500.jpg 400w, https:\/\/mula.es\/web\/wp-content\/uploads\/2025\/10\/2-3-600x750.jpg 600w, https:\/\/mula.es\/web\/wp-content\/uploads\/2025\/10\/2-3-768x960.jpg 768w, https:\/\/mula.es\/web\/wp-content\/uploads\/2025\/10\/2-3-800x1000.jpg 800w, https:\/\/mula.es\/web\/wp-content\/uploads\/2025\/10\/2-3-819x1024.jpg 819w, https:\/\/mula.es\/web\/wp-content\/uploads\/2025\/10\/2-3.jpg 1080w\" sizes=\"(max-width: 240px) 100vw, 240px\" \/><\/a> <a href=\"https:\/\/mula.es\/web\/wp-content\/uploads\/2025\/10\/3-3.jpg\"><img decoding=\"async\" data-attachment-id=\"59839\" data-permalink=\"https:\/\/mula.es\/web\/turismo-mula-estara-presente-en-la-feria-de-turismo-de-interior-de-la-region-de-murcia-rueda-2025\/3-278\/\" data-orig-file=\"https:\/\/mula.es\/web\/wp-content\/uploads\/2025\/10\/3-3.jpg\" data-orig-size=\"1080,1350\" data-comments-opened=\"0\" data-image-meta=\"{&quot;aperture&quot;:&quot;0&quot;,&quot;credit&quot;:&quot;&quot;,&quot;camera&quot;:&quot;&quot;,&quot;caption&quot;:&quot;&quot;,&quot;created_timestamp&quot;:&quot;0&quot;,&quot;copyright&quot;:&quot;&quot;,&quot;focal_length&quot;:&quot;0&quot;,&quot;iso&quot;:&quot;0&quot;,&quot;shutter_speed&quot;:&quot;0&quot;,&quot;title&quot;:&quot;&quot;,&quot;orientation&quot;:&quot;1&quot;}\" data-image-title=\"3\" data-image-description=\"\" data-image-caption=\"\" data-large-file=\"https:\/\/mula.es\/web\/wp-content\/uploads\/2025\/10\/3-3-819x1024.jpg\" class=\"alignnone size-medium wp-image-59839\" src=\"https:\/\/mula.es\/web\/wp-content\/uploads\/2025\/10\/3-3-240x300.jpg\" alt=\"\" width=\"240\" height=\"300\" srcset=\"https:\/\/mula.es\/web\/wp-content\/uploads\/2025\/10\/3-3-200x250.jpg 200w, https:\/\/mula.es\/web\/wp-content\/uploads\/2025\/10\/3-3-240x300.jpg 240w, https:\/\/mula.es\/web\/wp-content\/uploads\/2025\/10\/3-3-400x500.jpg 400w, https:\/\/mula.es\/web\/wp-content\/uploads\/2025\/10\/3-3-600x750.jpg 600w, https:\/\/mula.es\/web\/wp-content\/uploads\/2025\/10\/3-3-768x960.jpg 768w, https:\/\/mula.es\/web\/wp-content\/uploads\/2025\/10\/3-3-800x1000.jpg 800w, https:\/\/mula.es\/web\/wp-content\/uploads\/2025\/10\/3-3-819x1024.jpg 819w, https:\/\/mula.es\/web\/wp-content\/uploads\/2025\/10\/3-3.jpg 1080w\" sizes=\"(max-width: 240px) 100vw, 240px\" \/><\/a><\/p>\n","protected":false},"excerpt":{"rendered":"<p>\u00a0 NOTA DE PRENSA &#8211; 14 DE OCTUBRE DE 2025 \u00a0 \u00a0 Mula estar\u00e1 presente en la Feria de Turismo de Interior de la Regi\u00f3n de Murcia \u2018RUEDA 2025\u2019 \u00a0 La concejal\u00eda de Turismo del Ayuntamiento de Mula participar\u00e1 este fin de semana en \u2018Rueda 2025\u2019, la Feria de Turismo de Interior de la Regi\u00f3n  [&#8230;]<\/p>\n","protected":false},"author":13,"featured_media":33512,"comment_status":"closed","ping_status":"closed","sticky":false,"template":"","format":"standard","meta":{"jetpack_post_was_ever_published":false,"_jetpack_newsletter_access":"","_jetpack_dont_email_post_to_subs":false,"_jetpack_newsletter_tier_id":0,"_jetpack_memberships_contains_paywalled_content":false,"_jetpack_memberships_contains_paid_content":false,"footnotes":"","jetpack_publicize_message":"","jetpack_publicize_feature_enabled":true,"jetpack_social_post_already_shared":true,"jetpack_social_options":{"image_generator_settings":{"template":"highway","default_image_id":0,"font":"","enabled":false},"version":2}},"categories":[75],"tags":[],"class_list":["post-59836","post","type-post","status-publish","format-standard","has-post-thumbnail","hentry","category-turismo"],"yoast_head":"<!-- This site is optimized with the Yoast SEO plugin v27.5 - https:\/\/yoast.com\/product\/yoast-seo-wordpress\/ -->\n<title>TURISMO | Mula estar\u00e1 presente en la Feria de Turismo de Interior de la Regi\u00f3n de Murcia \u2018RUEDA 2025\u2019 - Ayuntamiento de Mula<\/title>\n<meta name=\"robots\" content=\"index, follow, max-snippet:-1, max-image-preview:large, max-video-preview:-1\" \/>\n<link rel=\"canonical\" href=\"https:\/\/mula.es\/web\/turismo-mula-estara-presente-en-la-feria-de-turismo-de-interior-de-la-region-de-murcia-rueda-2025\/\" \/>\n<meta property=\"og:locale\" content=\"es_ES\" \/>\n<meta property=\"og:type\" content=\"article\" \/>\n<meta property=\"og:title\" content=\"TURISMO | Mula estar\u00e1 presente en la Feria de Turismo de Interior de la Regi\u00f3n de Murcia \u2018RUEDA 2025\u2019 - Ayuntamiento de Mula\" \/>\n<meta property=\"og:description\" content=\"\u00a0 NOTA DE PRENSA &#8211; 14 DE OCTUBRE DE 2025 \u00a0 \u00a0 Mula estar\u00e1 presente en la Feria de Turismo de Interior de la Regi\u00f3n de Murcia \u2018RUEDA 2025\u2019 \u00a0 La concejal\u00eda de Turismo del Ayuntamiento de Mula participar\u00e1 este fin de semana en \u2018Rueda 2025\u2019, la Feria de Turismo de Interior de la Regi\u00f3n [...]\" \/>\n<meta property=\"og:url\" content=\"https:\/\/mula.es\/web\/turismo-mula-estara-presente-en-la-feria-de-turismo-de-interior-de-la-region-de-murcia-rueda-2025\/\" \/>\n<meta property=\"og:site_name\" content=\"Ayuntamiento de Mula\" \/>\n<meta property=\"article:published_time\" content=\"2025-10-14T10:01:15+00:00\" \/>\n<meta property=\"og:image\" content=\"https:\/\/mula.es\/web\/wp-content\/uploads\/2020\/06\/escudo-cuadrado-e1591045058235.jpg\" \/>\n\t<meta property=\"og:image:width\" content=\"200\" \/>\n\t<meta property=\"og:image:height\" content=\"218\" \/>\n\t<meta property=\"og:image:type\" content=\"image\/jpeg\" \/>\n<meta name=\"author\" content=\"Laura Salas Orcajada\" \/>\n<meta name=\"twitter:card\" content=\"summary_large_image\" \/>\n<meta name=\"twitter:creator\" content=\"@AyuntamientMula\" \/>\n<meta name=\"twitter:site\" content=\"@AyuntamientMula\" \/>\n<meta name=\"twitter:label1\" content=\"Escrito por\" \/>\n\t<meta name=\"twitter:data1\" content=\"Laura Salas Orcajada\" \/>\n\t<meta name=\"twitter:label2\" content=\"Tiempo de lectura\" \/>\n\t<meta name=\"twitter:data2\" content=\"2 minutos\" \/>\n<script type=\"application\/ld+json\" class=\"yoast-schema-graph\">{\"@context\":\"https:\\\/\\\/schema.org\",\"@graph\":[{\"@type\":\"Article\",\"@id\":\"https:\\\/\\\/mula.es\\\/web\\\/turismo-mula-estara-presente-en-la-feria-de-turismo-de-interior-de-la-region-de-murcia-rueda-2025\\\/#article\",\"isPartOf\":{\"@id\":\"https:\\\/\\\/mula.es\\\/web\\\/turismo-mula-estara-presente-en-la-feria-de-turismo-de-interior-de-la-region-de-murcia-rueda-2025\\\/\"},\"author\":{\"name\":\"Laura Salas Orcajada\",\"@id\":\"https:\\\/\\\/mula.es\\\/web\\\/#\\\/schema\\\/person\\\/4f10179bd364f40dceed361e61e4033f\"},\"headline\":\"TURISMO | Mula estar\u00e1 presente en la Feria de Turismo de Interior de la Regi\u00f3n de Murcia \u2018RUEDA 2025\u2019\",\"datePublished\":\"2025-10-14T10:01:15+00:00\",\"mainEntityOfPage\":{\"@id\":\"https:\\\/\\\/mula.es\\\/web\\\/turismo-mula-estara-presente-en-la-feria-de-turismo-de-interior-de-la-region-de-murcia-rueda-2025\\\/\"},\"wordCount\":316,\"image\":{\"@id\":\"https:\\\/\\\/mula.es\\\/web\\\/turismo-mula-estara-presente-en-la-feria-de-turismo-de-interior-de-la-region-de-murcia-rueda-2025\\\/#primaryimage\"},\"thumbnailUrl\":\"https:\\\/\\\/mula.es\\\/web\\\/wp-content\\\/uploads\\\/2020\\\/06\\\/escudo-cuadrado-e1591045058235.jpg\",\"articleSection\":[\"turismo\"],\"inLanguage\":\"es\"},{\"@type\":\"WebPage\",\"@id\":\"https:\\\/\\\/mula.es\\\/web\\\/turismo-mula-estara-presente-en-la-feria-de-turismo-de-interior-de-la-region-de-murcia-rueda-2025\\\/\",\"url\":\"https:\\\/\\\/mula.es\\\/web\\\/turismo-mula-estara-presente-en-la-feria-de-turismo-de-interior-de-la-region-de-murcia-rueda-2025\\\/\",\"name\":\"TURISMO | Mula estar\u00e1 presente en la Feria de Turismo de Interior de la Regi\u00f3n de Murcia \u2018RUEDA 2025\u2019 - Ayuntamiento de Mula\",\"isPartOf\":{\"@id\":\"https:\\\/\\\/mula.es\\\/web\\\/#website\"},\"primaryImageOfPage\":{\"@id\":\"https:\\\/\\\/mula.es\\\/web\\\/turismo-mula-estara-presente-en-la-feria-de-turismo-de-interior-de-la-region-de-murcia-rueda-2025\\\/#primaryimage\"},\"image\":{\"@id\":\"https:\\\/\\\/mula.es\\\/web\\\/turismo-mula-estara-presente-en-la-feria-de-turismo-de-interior-de-la-region-de-murcia-rueda-2025\\\/#primaryimage\"},\"thumbnailUrl\":\"https:\\\/\\\/mula.es\\\/web\\\/wp-content\\\/uploads\\\/2020\\\/06\\\/escudo-cuadrado-e1591045058235.jpg\",\"datePublished\":\"2025-10-14T10:01:15+00:00\",\"author\":{\"@id\":\"https:\\\/\\\/mula.es\\\/web\\\/#\\\/schema\\\/person\\\/4f10179bd364f40dceed361e61e4033f\"},\"breadcrumb\":{\"@id\":\"https:\\\/\\\/mula.es\\\/web\\\/turismo-mula-estara-presente-en-la-feria-de-turismo-de-interior-de-la-region-de-murcia-rueda-2025\\\/#breadcrumb\"},\"inLanguage\":\"es\",\"potentialAction\":[{\"@type\":\"ReadAction\",\"target\":[\"https:\\\/\\\/mula.es\\\/web\\\/turismo-mula-estara-presente-en-la-feria-de-turismo-de-interior-de-la-region-de-murcia-rueda-2025\\\/\"]}]},{\"@type\":\"ImageObject\",\"inLanguage\":\"es\",\"@id\":\"https:\\\/\\\/mula.es\\\/web\\\/turismo-mula-estara-presente-en-la-feria-de-turismo-de-interior-de-la-region-de-murcia-rueda-2025\\\/#primaryimage\",\"url\":\"https:\\\/\\\/mula.es\\\/web\\\/wp-content\\\/uploads\\\/2020\\\/06\\\/escudo-cuadrado-e1591045058235.jpg\",\"contentUrl\":\"https:\\\/\\\/mula.es\\\/web\\\/wp-content\\\/uploads\\\/2020\\\/06\\\/escudo-cuadrado-e1591045058235.jpg\",\"width\":200,\"height\":218},{\"@type\":\"BreadcrumbList\",\"@id\":\"https:\\\/\\\/mula.es\\\/web\\\/turismo-mula-estara-presente-en-la-feria-de-turismo-de-interior-de-la-region-de-murcia-rueda-2025\\\/#breadcrumb\",\"itemListElement\":[{\"@type\":\"ListItem\",\"position\":1,\"name\":\"Portada\",\"item\":\"https:\\\/\\\/mula.es\\\/web\\\/\"},{\"@type\":\"ListItem\",\"position\":2,\"name\":\"TURISMO | Mula estar\u00e1 presente en la Feria de Turismo de Interior de la Regi\u00f3n de Murcia \u2018RUEDA 2025\u2019\"}]},{\"@type\":\"WebSite\",\"@id\":\"https:\\\/\\\/mula.es\\\/web\\\/#website\",\"url\":\"https:\\\/\\\/mula.es\\\/web\\\/\",\"name\":\"Ayuntamiento de Mula\",\"description\":\"P\u00e1gina web del Ayuntamiento de Mula (Regi\u00f3n de Murcia)\",\"potentialAction\":[{\"@type\":\"SearchAction\",\"target\":{\"@type\":\"EntryPoint\",\"urlTemplate\":\"https:\\\/\\\/mula.es\\\/web\\\/?s={search_term_string}\"},\"query-input\":{\"@type\":\"PropertyValueSpecification\",\"valueRequired\":true,\"valueName\":\"search_term_string\"}}],\"inLanguage\":\"es\"},{\"@type\":\"Person\",\"@id\":\"https:\\\/\\\/mula.es\\\/web\\\/#\\\/schema\\\/person\\\/4f10179bd364f40dceed361e61e4033f\",\"name\":\"Laura Salas Orcajada\",\"image\":{\"@type\":\"ImageObject\",\"inLanguage\":\"es\",\"@id\":\"https:\\\/\\\/secure.gravatar.com\\\/avatar\\\/786f2a223d9a455e2a448f78b5dcc1117207ef56ef3d9a04df338c0f775cd403?s=96&d=mm&r=g\",\"url\":\"https:\\\/\\\/secure.gravatar.com\\\/avatar\\\/786f2a223d9a455e2a448f78b5dcc1117207ef56ef3d9a04df338c0f775cd403?s=96&d=mm&r=g\",\"contentUrl\":\"https:\\\/\\\/secure.gravatar.com\\\/avatar\\\/786f2a223d9a455e2a448f78b5dcc1117207ef56ef3d9a04df338c0f775cd403?s=96&d=mm&r=g\",\"caption\":\"Laura Salas Orcajada\"},\"url\":\"https:\\\/\\\/mula.es\\\/web\\\/author\\\/lsalas\\\/\"}]}<\/script>\n<!-- \/ Yoast SEO plugin. -->","yoast_head_json":{"title":"TURISMO | Mula estar\u00e1 presente en la Feria de Turismo de Interior de la Regi\u00f3n de Murcia \u2018RUEDA 2025\u2019 - Ayuntamiento de Mula","robots":{"index":"index","follow":"follow","max-snippet":"max-snippet:-1","max-image-preview":"max-image-preview:large","max-video-preview":"max-video-preview:-1"},"canonical":"https:\/\/mula.es\/web\/turismo-mula-estara-presente-en-la-feria-de-turismo-de-interior-de-la-region-de-murcia-rueda-2025\/","og_locale":"es_ES","og_type":"article","og_title":"TURISMO | Mula estar\u00e1 presente en la Feria de Turismo de Interior de la Regi\u00f3n de Murcia \u2018RUEDA 2025\u2019 - Ayuntamiento de Mula","og_description":"\u00a0 NOTA DE PRENSA &#8211; 14 DE OCTUBRE DE 2025 \u00a0 \u00a0 Mula estar\u00e1 presente en la Feria de Turismo de Interior de la Regi\u00f3n de Murcia \u2018RUEDA 2025\u2019 \u00a0 La concejal\u00eda de Turismo del Ayuntamiento de Mula participar\u00e1 este fin de semana en \u2018Rueda 2025\u2019, la Feria de Turismo de Interior de la Regi\u00f3n [...]","og_url":"https:\/\/mula.es\/web\/turismo-mula-estara-presente-en-la-feria-de-turismo-de-interior-de-la-region-de-murcia-rueda-2025\/","og_site_name":"Ayuntamiento de Mula","article_published_time":"2025-10-14T10:01:15+00:00","og_image":[{"width":200,"height":218,"url":"https:\/\/mula.es\/web\/wp-content\/uploads\/2020\/06\/escudo-cuadrado-e1591045058235.jpg","type":"image\/jpeg"}],"author":"Laura Salas Orcajada","twitter_card":"summary_large_image","twitter_creator":"@AyuntamientMula","twitter_site":"@AyuntamientMula","twitter_misc":{"Escrito por":"Laura Salas Orcajada","Tiempo de lectura":"2 minutos"},"schema":{"@context":"https:\/\/schema.org","@graph":[{"@type":"Article","@id":"https:\/\/mula.es\/web\/turismo-mula-estara-presente-en-la-feria-de-turismo-de-interior-de-la-region-de-murcia-rueda-2025\/#article","isPartOf":{"@id":"https:\/\/mula.es\/web\/turismo-mula-estara-presente-en-la-feria-de-turismo-de-interior-de-la-region-de-murcia-rueda-2025\/"},"author":{"name":"Laura Salas Orcajada","@id":"https:\/\/mula.es\/web\/#\/schema\/person\/4f10179bd364f40dceed361e61e4033f"},"headline":"TURISMO | Mula estar\u00e1 presente en la Feria de Turismo de Interior de la Regi\u00f3n de Murcia \u2018RUEDA 2025\u2019","datePublished":"2025-10-14T10:01:15+00:00","mainEntityOfPage":{"@id":"https:\/\/mula.es\/web\/turismo-mula-estara-presente-en-la-feria-de-turismo-de-interior-de-la-region-de-murcia-rueda-2025\/"},"wordCount":316,"image":{"@id":"https:\/\/mula.es\/web\/turismo-mula-estara-presente-en-la-feria-de-turismo-de-interior-de-la-region-de-murcia-rueda-2025\/#primaryimage"},"thumbnailUrl":"https:\/\/mula.es\/web\/wp-content\/uploads\/2020\/06\/escudo-cuadrado-e1591045058235.jpg","articleSection":["turismo"],"inLanguage":"es"},{"@type":"WebPage","@id":"https:\/\/mula.es\/web\/turismo-mula-estara-presente-en-la-feria-de-turismo-de-interior-de-la-region-de-murcia-rueda-2025\/","url":"https:\/\/mula.es\/web\/turismo-mula-estara-presente-en-la-feria-de-turismo-de-interior-de-la-region-de-murcia-rueda-2025\/","name":"TURISMO | Mula estar\u00e1 presente en la Feria de Turismo de Interior de la Regi\u00f3n de Murcia \u2018RUEDA 2025\u2019 - Ayuntamiento de Mula","isPartOf":{"@id":"https:\/\/mula.es\/web\/#website"},"primaryImageOfPage":{"@id":"https:\/\/mula.es\/web\/turismo-mula-estara-presente-en-la-feria-de-turismo-de-interior-de-la-region-de-murcia-rueda-2025\/#primaryimage"},"image":{"@id":"https:\/\/mula.es\/web\/turismo-mula-estara-presente-en-la-feria-de-turismo-de-interior-de-la-region-de-murcia-rueda-2025\/#primaryimage"},"thumbnailUrl":"https:\/\/mula.es\/web\/wp-content\/uploads\/2020\/06\/escudo-cuadrado-e1591045058235.jpg","datePublished":"2025-10-14T10:01:15+00:00","author":{"@id":"https:\/\/mula.es\/web\/#\/schema\/person\/4f10179bd364f40dceed361e61e4033f"},"breadcrumb":{"@id":"https:\/\/mula.es\/web\/turismo-mula-estara-presente-en-la-feria-de-turismo-de-interior-de-la-region-de-murcia-rueda-2025\/#breadcrumb"},"inLanguage":"es","potentialAction":[{"@type":"ReadAction","target":["https:\/\/mula.es\/web\/turismo-mula-estara-presente-en-la-feria-de-turismo-de-interior-de-la-region-de-murcia-rueda-2025\/"]}]},{"@type":"ImageObject","inLanguage":"es","@id":"https:\/\/mula.es\/web\/turismo-mula-estara-presente-en-la-feria-de-turismo-de-interior-de-la-region-de-murcia-rueda-2025\/#primaryimage","url":"https:\/\/mula.es\/web\/wp-content\/uploads\/2020\/06\/escudo-cuadrado-e1591045058235.jpg","contentUrl":"https:\/\/mula.es\/web\/wp-content\/uploads\/2020\/06\/escudo-cuadrado-e1591045058235.jpg","width":200,"height":218},{"@type":"BreadcrumbList","@id":"https:\/\/mula.es\/web\/turismo-mula-estara-presente-en-la-feria-de-turismo-de-interior-de-la-region-de-murcia-rueda-2025\/#breadcrumb","itemListElement":[{"@type":"ListItem","position":1,"name":"Portada","item":"https:\/\/mula.es\/web\/"},{"@type":"ListItem","position":2,"name":"TURISMO | Mula estar\u00e1 presente en la Feria de Turismo de Interior de la Regi\u00f3n de Murcia \u2018RUEDA 2025\u2019"}]},{"@type":"WebSite","@id":"https:\/\/mula.es\/web\/#website","url":"https:\/\/mula.es\/web\/","name":"Ayuntamiento de Mula","description":"P\u00e1gina web del Ayuntamiento de Mula (Regi\u00f3n de Murcia)","potentialAction":[{"@type":"SearchAction","target":{"@type":"EntryPoint","urlTemplate":"https:\/\/mula.es\/web\/?s={search_term_string}"},"query-input":{"@type":"PropertyValueSpecification","valueRequired":true,"valueName":"search_term_string"}}],"inLanguage":"es"},{"@type":"Person","@id":"https:\/\/mula.es\/web\/#\/schema\/person\/4f10179bd364f40dceed361e61e4033f","name":"Laura Salas Orcajada","image":{"@type":"ImageObject","inLanguage":"es","@id":"https:\/\/secure.gravatar.com\/avatar\/786f2a223d9a455e2a448f78b5dcc1117207ef56ef3d9a04df338c0f775cd403?s=96&d=mm&r=g","url":"https:\/\/secure.gravatar.com\/avatar\/786f2a223d9a455e2a448f78b5dcc1117207ef56ef3d9a04df338c0f775cd403?s=96&d=mm&r=g","contentUrl":"https:\/\/secure.gravatar.com\/avatar\/786f2a223d9a455e2a448f78b5dcc1117207ef56ef3d9a04df338c0f775cd403?s=96&d=mm&r=g","caption":"Laura Salas Orcajada"},"url":"https:\/\/mula.es\/web\/author\/lsalas\/"}]}},"jetpack_publicize_connections":[],"jetpack_featured_media_url":"https:\/\/mula.es\/web\/wp-content\/uploads\/2020\/06\/escudo-cuadrado-e1591045058235.jpg","jetpack_sharing_enabled":true,"jetpack_shortlink":"https:\/\/wp.me\/pa9DMY-fz6","jetpack-related-posts":[],"_links":{"self":[{"href":"https:\/\/mula.es\/web\/wp-json\/wp\/v2\/posts\/59836","targetHints":{"allow":["GET"]}}],"collection":[{"href":"https:\/\/mula.es\/web\/wp-json\/wp\/v2\/posts"}],"about":[{"href":"https:\/\/mula.es\/web\/wp-json\/wp\/v2\/types\/post"}],"author":[{"embeddable":true,"href":"https:\/\/mula.es\/web\/wp-json\/wp\/v2\/users\/13"}],"replies":[{"embeddable":true,"href":"https:\/\/mula.es\/web\/wp-json\/wp\/v2\/comments?post=59836"}],"version-history":[{"count":1,"href":"https:\/\/mula.es\/web\/wp-json\/wp\/v2\/posts\/59836\/revisions"}],"predecessor-version":[{"id":59840,"href":"https:\/\/mula.es\/web\/wp-json\/wp\/v2\/posts\/59836\/revisions\/59840"}],"wp:featuredmedia":[{"embeddable":true,"href":"https:\/\/mula.es\/web\/wp-json\/wp\/v2\/media\/33512"}],"wp:attachment":[{"href":"https:\/\/mula.es\/web\/wp-json\/wp\/v2\/media?parent=59836"}],"wp:term":[{"taxonomy":"category","embeddable":true,"href":"https:\/\/mula.es\/web\/wp-json\/wp\/v2\/categories?post=59836"},{"taxonomy":"post_tag","embeddable":true,"href":"https:\/\/mula.es\/web\/wp-json\/wp\/v2\/tags?post=59836"}],"curies":[{"name":"wp","href":"https:\/\/api.w.org\/{rel}","templated":true}]}}