{"id":59841,"date":"2025-10-14T13:21:31","date_gmt":"2025-10-14T11:21:31","guid":{"rendered":"https:\/\/mula.es\/web\/?p=59841"},"modified":"2025-10-14T13:21:31","modified_gmt":"2025-10-14T11:21:31","slug":"sanidad-comienza-la-campana-de-vacunacion-contra-la-gripe-en-mula","status":"publish","type":"post","link":"https:\/\/mula.es\/web\/sanidad-comienza-la-campana-de-vacunacion-contra-la-gripe-en-mula\/","title":{"rendered":"SANIDAD | Comienza la campa\u00f1a de vacunaci\u00f3n contra la gripe en Mula \u00a0"},"content":{"rendered":"<p><strong>\u00a0<\/strong><\/p>\n<p><strong>NOTA DE PRENSA &#8211; 14 DE OCTUBRE DE 2025<\/strong><\/p>\n<p><strong>\u00a0<\/strong><\/p>\n<p><strong>\u00a0<\/strong><\/p>\n<h2><strong>Comienza la campa\u00f1a de vacunaci\u00f3n contra la gripe en Mula<\/strong><\/h2>\n<h2><strong>\u00a0<\/strong><\/h2>\n<p><strong>\u00a0<\/strong><\/p>\n<p>Desde hoy, a partir de las <strong>13:30 horas<\/strong>, las personas interesadas podr\u00e1n vacunarse frente a la gripe en el <strong>Centro de Salud de Mula<\/strong> y en los consultorios perif\u00e9ricos de la Zona B\u00e1sica.<\/p>\n<p>El <strong>Ayuntamiento de Mula<\/strong>, en colaboraci\u00f3n con el <strong>Centro de Salud de Mula<\/strong> y el <strong>Servicio Murciano de Salud<\/strong>, se suma a la difusi\u00f3n de la campa\u00f1a <strong>\u201cVac\u00fanate en Mula. Salud para ti, seguridad para todos\u201d<\/strong>, con el objetivo de concienciar a la poblaci\u00f3n sobre la importancia de la prevenci\u00f3n frente a la gripe estacional.<\/p>\n<p>La vacunaci\u00f3n puede solicitarse <strong>pidiendo cita a trav\u00e9s de la web del Servicio Murciano de Salud<\/strong>, por <strong>v\u00eda telef\u00f3nica<\/strong> o de forma <strong>presencial<\/strong> en el propio centro. El horario de vacunaci\u00f3n comienza a las 13:30 horas, aunque aquellas personas que necesiten acudir en otro horario podr\u00e1n gestionarlo directamente de manera presencial.<\/p>\n<p>El <strong>alcalde de Mula, Juan Jes\u00fas Moreno<\/strong>, y la <strong>concejala de Sanidad, Antonia Gabarr\u00f3n<\/strong>, han querido dar ejemplo acudiendo hoy a recibir su dosis, animando a toda la ciudadan\u00eda a participar en esta campa\u00f1a.<\/p>\n<p>\u201cVacunarse es un gesto sencillo que protege no solo a uno mismo, sino tambi\u00e9n a las personas m\u00e1s vulnerables. Es una forma de cuidar la salud individual y colectiva\u201d, ha se\u00f1alado la concejala de Sanidad.<\/p>\n<p>La campa\u00f1a recuerda que vacunarse frente a la gripe reduce el riesgo de enfermedad grave, hospitalizaci\u00f3n y fallecimientos, adem\u00e1s de disminuir la presi\u00f3n sanitaria.<\/p>\n","protected":false},"excerpt":{"rendered":"<p>\u00a0 NOTA DE PRENSA &#8211; 14 DE OCTUBRE DE 2025 \u00a0 \u00a0 Comienza la campa\u00f1a de vacunaci\u00f3n contra la gripe en Mula \u00a0 \u00a0 Desde hoy, a partir de las 13:30 horas, las personas interesadas podr\u00e1n vacunarse frente a la gripe en el Centro de Salud de Mula y en los consultorios perif\u00e9ricos de la  [&#8230;]<\/p>\n","protected":false},"author":13,"featured_media":47365,"comment_status":"closed","ping_status":"closed","sticky":false,"template":"","format":"standard","meta":{"jetpack_post_was_ever_published":false,"_jetpack_newsletter_access":"","_jetpack_dont_email_post_to_subs":false,"_jetpack_newsletter_tier_id":0,"_jetpack_memberships_contains_paywalled_content":false,"_jetpack_memberships_contains_paid_content":false,"footnotes":"","jetpack_publicize_message":"","jetpack_publicize_feature_enabled":true,"jetpack_social_post_already_shared":true,"jetpack_social_options":{"image_generator_settings":{"template":"highway","default_image_id":0,"font":"","enabled":false},"version":2}},"categories":[171],"tags":[],"class_list":["post-59841","post","type-post","status-publish","format-standard","has-post-thumbnail","hentry","category-festejos"],"yoast_head":"<!-- This site is optimized with the Yoast SEO plugin v27.5 - https:\/\/yoast.com\/product\/yoast-seo-wordpress\/ -->\n<title>SANIDAD | Comienza la campa\u00f1a de vacunaci\u00f3n contra la gripe en Mula \u00a0 - Ayuntamiento de Mula<\/title>\n<meta name=\"robots\" content=\"index, follow, max-snippet:-1, max-image-preview:large, max-video-preview:-1\" \/>\n<link rel=\"canonical\" href=\"https:\/\/mula.es\/web\/sanidad-comienza-la-campana-de-vacunacion-contra-la-gripe-en-mula\/\" \/>\n<meta property=\"og:locale\" content=\"es_ES\" \/>\n<meta property=\"og:type\" content=\"article\" \/>\n<meta property=\"og:title\" content=\"SANIDAD | Comienza la campa\u00f1a de vacunaci\u00f3n contra la gripe en Mula \u00a0 - Ayuntamiento de Mula\" \/>\n<meta property=\"og:description\" content=\"\u00a0 NOTA DE PRENSA &#8211; 14 DE OCTUBRE DE 2025 \u00a0 \u00a0 Comienza la campa\u00f1a de vacunaci\u00f3n contra la gripe en Mula \u00a0 \u00a0 Desde hoy, a partir de las 13:30 horas, las personas interesadas podr\u00e1n vacunarse frente a la gripe en el Centro de Salud de Mula y en los consultorios perif\u00e9ricos de la [...]\" \/>\n<meta property=\"og:url\" content=\"https:\/\/mula.es\/web\/sanidad-comienza-la-campana-de-vacunacion-contra-la-gripe-en-mula\/\" \/>\n<meta property=\"og:site_name\" content=\"Ayuntamiento de Mula\" \/>\n<meta property=\"article:published_time\" content=\"2025-10-14T11:21:31+00:00\" \/>\n<meta property=\"og:image\" content=\"https:\/\/mula.es\/web\/wp-content\/uploads\/2023\/02\/instagram-22.png\" \/>\n\t<meta property=\"og:image:width\" content=\"1080\" \/>\n\t<meta property=\"og:image:height\" content=\"1080\" \/>\n\t<meta property=\"og:image:type\" content=\"image\/png\" \/>\n<meta name=\"author\" content=\"Laura Salas Orcajada\" \/>\n<meta name=\"twitter:card\" content=\"summary_large_image\" \/>\n<meta name=\"twitter:creator\" content=\"@AyuntamientMula\" \/>\n<meta name=\"twitter:site\" content=\"@AyuntamientMula\" \/>\n<meta name=\"twitter:label1\" content=\"Escrito por\" \/>\n\t<meta name=\"twitter:data1\" content=\"Laura Salas Orcajada\" \/>\n\t<meta name=\"twitter:label2\" content=\"Tiempo de lectura\" \/>\n\t<meta name=\"twitter:data2\" content=\"2 minutos\" \/>\n<script type=\"application\/ld+json\" class=\"yoast-schema-graph\">{\"@context\":\"https:\\\/\\\/schema.org\",\"@graph\":[{\"@type\":\"Article\",\"@id\":\"https:\\\/\\\/mula.es\\\/web\\\/sanidad-comienza-la-campana-de-vacunacion-contra-la-gripe-en-mula\\\/#article\",\"isPartOf\":{\"@id\":\"https:\\\/\\\/mula.es\\\/web\\\/sanidad-comienza-la-campana-de-vacunacion-contra-la-gripe-en-mula\\\/\"},\"author\":{\"name\":\"Laura Salas Orcajada\",\"@id\":\"https:\\\/\\\/mula.es\\\/web\\\/#\\\/schema\\\/person\\\/4f10179bd364f40dceed361e61e4033f\"},\"headline\":\"SANIDAD | Comienza la campa\u00f1a de vacunaci\u00f3n contra la gripe en Mula \u00a0\",\"datePublished\":\"2025-10-14T11:21:31+00:00\",\"mainEntityOfPage\":{\"@id\":\"https:\\\/\\\/mula.es\\\/web\\\/sanidad-comienza-la-campana-de-vacunacion-contra-la-gripe-en-mula\\\/\"},\"wordCount\":288,\"image\":{\"@id\":\"https:\\\/\\\/mula.es\\\/web\\\/sanidad-comienza-la-campana-de-vacunacion-contra-la-gripe-en-mula\\\/#primaryimage\"},\"thumbnailUrl\":\"https:\\\/\\\/mula.es\\\/web\\\/wp-content\\\/uploads\\\/2023\\\/02\\\/instagram-22.png\",\"articleSection\":[\"festejos\"],\"inLanguage\":\"es\"},{\"@type\":\"WebPage\",\"@id\":\"https:\\\/\\\/mula.es\\\/web\\\/sanidad-comienza-la-campana-de-vacunacion-contra-la-gripe-en-mula\\\/\",\"url\":\"https:\\\/\\\/mula.es\\\/web\\\/sanidad-comienza-la-campana-de-vacunacion-contra-la-gripe-en-mula\\\/\",\"name\":\"SANIDAD | Comienza la campa\u00f1a de vacunaci\u00f3n contra la gripe en Mula \u00a0 - Ayuntamiento de Mula\",\"isPartOf\":{\"@id\":\"https:\\\/\\\/mula.es\\\/web\\\/#website\"},\"primaryImageOfPage\":{\"@id\":\"https:\\\/\\\/mula.es\\\/web\\\/sanidad-comienza-la-campana-de-vacunacion-contra-la-gripe-en-mula\\\/#primaryimage\"},\"image\":{\"@id\":\"https:\\\/\\\/mula.es\\\/web\\\/sanidad-comienza-la-campana-de-vacunacion-contra-la-gripe-en-mula\\\/#primaryimage\"},\"thumbnailUrl\":\"https:\\\/\\\/mula.es\\\/web\\\/wp-content\\\/uploads\\\/2023\\\/02\\\/instagram-22.png\",\"datePublished\":\"2025-10-14T11:21:31+00:00\",\"author\":{\"@id\":\"https:\\\/\\\/mula.es\\\/web\\\/#\\\/schema\\\/person\\\/4f10179bd364f40dceed361e61e4033f\"},\"breadcrumb\":{\"@id\":\"https:\\\/\\\/mula.es\\\/web\\\/sanidad-comienza-la-campana-de-vacunacion-contra-la-gripe-en-mula\\\/#breadcrumb\"},\"inLanguage\":\"es\",\"potentialAction\":[{\"@type\":\"ReadAction\",\"target\":[\"https:\\\/\\\/mula.es\\\/web\\\/sanidad-comienza-la-campana-de-vacunacion-contra-la-gripe-en-mula\\\/\"]}]},{\"@type\":\"ImageObject\",\"inLanguage\":\"es\",\"@id\":\"https:\\\/\\\/mula.es\\\/web\\\/sanidad-comienza-la-campana-de-vacunacion-contra-la-gripe-en-mula\\\/#primaryimage\",\"url\":\"https:\\\/\\\/mula.es\\\/web\\\/wp-content\\\/uploads\\\/2023\\\/02\\\/instagram-22.png\",\"contentUrl\":\"https:\\\/\\\/mula.es\\\/web\\\/wp-content\\\/uploads\\\/2023\\\/02\\\/instagram-22.png\",\"width\":1080,\"height\":1080,\"caption\":\"escudo mula\"},{\"@type\":\"BreadcrumbList\",\"@id\":\"https:\\\/\\\/mula.es\\\/web\\\/sanidad-comienza-la-campana-de-vacunacion-contra-la-gripe-en-mula\\\/#breadcrumb\",\"itemListElement\":[{\"@type\":\"ListItem\",\"position\":1,\"name\":\"Portada\",\"item\":\"https:\\\/\\\/mula.es\\\/web\\\/\"},{\"@type\":\"ListItem\",\"position\":2,\"name\":\"SANIDAD | Comienza la campa\u00f1a de vacunaci\u00f3n contra la gripe en Mula \u00a0\"}]},{\"@type\":\"WebSite\",\"@id\":\"https:\\\/\\\/mula.es\\\/web\\\/#website\",\"url\":\"https:\\\/\\\/mula.es\\\/web\\\/\",\"name\":\"Ayuntamiento de Mula\",\"description\":\"P\u00e1gina web del Ayuntamiento de Mula (Regi\u00f3n de Murcia)\",\"potentialAction\":[{\"@type\":\"SearchAction\",\"target\":{\"@type\":\"EntryPoint\",\"urlTemplate\":\"https:\\\/\\\/mula.es\\\/web\\\/?s={search_term_string}\"},\"query-input\":{\"@type\":\"PropertyValueSpecification\",\"valueRequired\":true,\"valueName\":\"search_term_string\"}}],\"inLanguage\":\"es\"},{\"@type\":\"Person\",\"@id\":\"https:\\\/\\\/mula.es\\\/web\\\/#\\\/schema\\\/person\\\/4f10179bd364f40dceed361e61e4033f\",\"name\":\"Laura Salas Orcajada\",\"image\":{\"@type\":\"ImageObject\",\"inLanguage\":\"es\",\"@id\":\"https:\\\/\\\/secure.gravatar.com\\\/avatar\\\/786f2a223d9a455e2a448f78b5dcc1117207ef56ef3d9a04df338c0f775cd403?s=96&d=mm&r=g\",\"url\":\"https:\\\/\\\/secure.gravatar.com\\\/avatar\\\/786f2a223d9a455e2a448f78b5dcc1117207ef56ef3d9a04df338c0f775cd403?s=96&d=mm&r=g\",\"contentUrl\":\"https:\\\/\\\/secure.gravatar.com\\\/avatar\\\/786f2a223d9a455e2a448f78b5dcc1117207ef56ef3d9a04df338c0f775cd403?s=96&d=mm&r=g\",\"caption\":\"Laura Salas Orcajada\"},\"url\":\"https:\\\/\\\/mula.es\\\/web\\\/author\\\/lsalas\\\/\"}]}<\/script>\n<!-- \/ Yoast SEO plugin. -->","yoast_head_json":{"title":"SANIDAD | Comienza la campa\u00f1a de vacunaci\u00f3n contra la gripe en Mula \u00a0 - Ayuntamiento de Mula","robots":{"index":"index","follow":"follow","max-snippet":"max-snippet:-1","max-image-preview":"max-image-preview:large","max-video-preview":"max-video-preview:-1"},"canonical":"https:\/\/mula.es\/web\/sanidad-comienza-la-campana-de-vacunacion-contra-la-gripe-en-mula\/","og_locale":"es_ES","og_type":"article","og_title":"SANIDAD | Comienza la campa\u00f1a de vacunaci\u00f3n contra la gripe en Mula \u00a0 - Ayuntamiento de Mula","og_description":"\u00a0 NOTA DE PRENSA &#8211; 14 DE OCTUBRE DE 2025 \u00a0 \u00a0 Comienza la campa\u00f1a de vacunaci\u00f3n contra la gripe en Mula \u00a0 \u00a0 Desde hoy, a partir de las 13:30 horas, las personas interesadas podr\u00e1n vacunarse frente a la gripe en el Centro de Salud de Mula y en los consultorios perif\u00e9ricos de la [...]","og_url":"https:\/\/mula.es\/web\/sanidad-comienza-la-campana-de-vacunacion-contra-la-gripe-en-mula\/","og_site_name":"Ayuntamiento de Mula","article_published_time":"2025-10-14T11:21:31+00:00","og_image":[{"width":1080,"height":1080,"url":"https:\/\/mula.es\/web\/wp-content\/uploads\/2023\/02\/instagram-22.png","type":"image\/png"}],"author":"Laura Salas Orcajada","twitter_card":"summary_large_image","twitter_creator":"@AyuntamientMula","twitter_site":"@AyuntamientMula","twitter_misc":{"Escrito por":"Laura Salas Orcajada","Tiempo de lectura":"2 minutos"},"schema":{"@context":"https:\/\/schema.org","@graph":[{"@type":"Article","@id":"https:\/\/mula.es\/web\/sanidad-comienza-la-campana-de-vacunacion-contra-la-gripe-en-mula\/#article","isPartOf":{"@id":"https:\/\/mula.es\/web\/sanidad-comienza-la-campana-de-vacunacion-contra-la-gripe-en-mula\/"},"author":{"name":"Laura Salas Orcajada","@id":"https:\/\/mula.es\/web\/#\/schema\/person\/4f10179bd364f40dceed361e61e4033f"},"headline":"SANIDAD | Comienza la campa\u00f1a de vacunaci\u00f3n contra la gripe en Mula \u00a0","datePublished":"2025-10-14T11:21:31+00:00","mainEntityOfPage":{"@id":"https:\/\/mula.es\/web\/sanidad-comienza-la-campana-de-vacunacion-contra-la-gripe-en-mula\/"},"wordCount":288,"image":{"@id":"https:\/\/mula.es\/web\/sanidad-comienza-la-campana-de-vacunacion-contra-la-gripe-en-mula\/#primaryimage"},"thumbnailUrl":"https:\/\/mula.es\/web\/wp-content\/uploads\/2023\/02\/instagram-22.png","articleSection":["festejos"],"inLanguage":"es"},{"@type":"WebPage","@id":"https:\/\/mula.es\/web\/sanidad-comienza-la-campana-de-vacunacion-contra-la-gripe-en-mula\/","url":"https:\/\/mula.es\/web\/sanidad-comienza-la-campana-de-vacunacion-contra-la-gripe-en-mula\/","name":"SANIDAD | Comienza la campa\u00f1a de vacunaci\u00f3n contra la gripe en Mula \u00a0 - Ayuntamiento de Mula","isPartOf":{"@id":"https:\/\/mula.es\/web\/#website"},"primaryImageOfPage":{"@id":"https:\/\/mula.es\/web\/sanidad-comienza-la-campana-de-vacunacion-contra-la-gripe-en-mula\/#primaryimage"},"image":{"@id":"https:\/\/mula.es\/web\/sanidad-comienza-la-campana-de-vacunacion-contra-la-gripe-en-mula\/#primaryimage"},"thumbnailUrl":"https:\/\/mula.es\/web\/wp-content\/uploads\/2023\/02\/instagram-22.png","datePublished":"2025-10-14T11:21:31+00:00","author":{"@id":"https:\/\/mula.es\/web\/#\/schema\/person\/4f10179bd364f40dceed361e61e4033f"},"breadcrumb":{"@id":"https:\/\/mula.es\/web\/sanidad-comienza-la-campana-de-vacunacion-contra-la-gripe-en-mula\/#breadcrumb"},"inLanguage":"es","potentialAction":[{"@type":"ReadAction","target":["https:\/\/mula.es\/web\/sanidad-comienza-la-campana-de-vacunacion-contra-la-gripe-en-mula\/"]}]},{"@type":"ImageObject","inLanguage":"es","@id":"https:\/\/mula.es\/web\/sanidad-comienza-la-campana-de-vacunacion-contra-la-gripe-en-mula\/#primaryimage","url":"https:\/\/mula.es\/web\/wp-content\/uploads\/2023\/02\/instagram-22.png","contentUrl":"https:\/\/mula.es\/web\/wp-content\/uploads\/2023\/02\/instagram-22.png","width":1080,"height":1080,"caption":"escudo mula"},{"@type":"BreadcrumbList","@id":"https:\/\/mula.es\/web\/sanidad-comienza-la-campana-de-vacunacion-contra-la-gripe-en-mula\/#breadcrumb","itemListElement":[{"@type":"ListItem","position":1,"name":"Portada","item":"https:\/\/mula.es\/web\/"},{"@type":"ListItem","position":2,"name":"SANIDAD | Comienza la campa\u00f1a de vacunaci\u00f3n contra la gripe en Mula \u00a0"}]},{"@type":"WebSite","@id":"https:\/\/mula.es\/web\/#website","url":"https:\/\/mula.es\/web\/","name":"Ayuntamiento de Mula","description":"P\u00e1gina web del Ayuntamiento de Mula (Regi\u00f3n de Murcia)","potentialAction":[{"@type":"SearchAction","target":{"@type":"EntryPoint","urlTemplate":"https:\/\/mula.es\/web\/?s={search_term_string}"},"query-input":{"@type":"PropertyValueSpecification","valueRequired":true,"valueName":"search_term_string"}}],"inLanguage":"es"},{"@type":"Person","@id":"https:\/\/mula.es\/web\/#\/schema\/person\/4f10179bd364f40dceed361e61e4033f","name":"Laura Salas Orcajada","image":{"@type":"ImageObject","inLanguage":"es","@id":"https:\/\/secure.gravatar.com\/avatar\/786f2a223d9a455e2a448f78b5dcc1117207ef56ef3d9a04df338c0f775cd403?s=96&d=mm&r=g","url":"https:\/\/secure.gravatar.com\/avatar\/786f2a223d9a455e2a448f78b5dcc1117207ef56ef3d9a04df338c0f775cd403?s=96&d=mm&r=g","contentUrl":"https:\/\/secure.gravatar.com\/avatar\/786f2a223d9a455e2a448f78b5dcc1117207ef56ef3d9a04df338c0f775cd403?s=96&d=mm&r=g","caption":"Laura Salas Orcajada"},"url":"https:\/\/mula.es\/web\/author\/lsalas\/"}]}},"jetpack_publicize_connections":[],"jetpack_featured_media_url":"https:\/\/mula.es\/web\/wp-content\/uploads\/2023\/02\/instagram-22.png","jetpack_sharing_enabled":true,"jetpack_shortlink":"https:\/\/wp.me\/pa9DMY-fzb","jetpack-related-posts":[],"_links":{"self":[{"href":"https:\/\/mula.es\/web\/wp-json\/wp\/v2\/posts\/59841","targetHints":{"allow":["GET"]}}],"collection":[{"href":"https:\/\/mula.es\/web\/wp-json\/wp\/v2\/posts"}],"about":[{"href":"https:\/\/mula.es\/web\/wp-json\/wp\/v2\/types\/post"}],"author":[{"embeddable":true,"href":"https:\/\/mula.es\/web\/wp-json\/wp\/v2\/users\/13"}],"replies":[{"embeddable":true,"href":"https:\/\/mula.es\/web\/wp-json\/wp\/v2\/comments?post=59841"}],"version-history":[{"count":1,"href":"https:\/\/mula.es\/web\/wp-json\/wp\/v2\/posts\/59841\/revisions"}],"predecessor-version":[{"id":59842,"href":"https:\/\/mula.es\/web\/wp-json\/wp\/v2\/posts\/59841\/revisions\/59842"}],"wp:featuredmedia":[{"embeddable":true,"href":"https:\/\/mula.es\/web\/wp-json\/wp\/v2\/media\/47365"}],"wp:attachment":[{"href":"https:\/\/mula.es\/web\/wp-json\/wp\/v2\/media?parent=59841"}],"wp:term":[{"taxonomy":"category","embeddable":true,"href":"https:\/\/mula.es\/web\/wp-json\/wp\/v2\/categories?post=59841"},{"taxonomy":"post_tag","embeddable":true,"href":"https:\/\/mula.es\/web\/wp-json\/wp\/v2\/tags?post=59841"}],"curies":[{"name":"wp","href":"https:\/\/api.w.org\/{rel}","templated":true}]}}