{"id":59861,"date":"2025-10-15T09:25:28","date_gmt":"2025-10-15T07:25:28","guid":{"rendered":"https:\/\/mula.es\/web\/?p=59861"},"modified":"2025-10-15T09:25:28","modified_gmt":"2025-10-15T07:25:28","slug":"cultura-nueva-edicion-del-curso-sobre-historia-de-la-ciudad-de-mula%e2%81%a3","status":"publish","type":"post","link":"https:\/\/mula.es\/web\/cultura-nueva-edicion-del-curso-sobre-historia-de-la-ciudad-de-mula%e2%81%a3\/","title":{"rendered":"CULTURA | \u00a0Nueva edici\u00f3n del Curso sobre Historia de la ciudad de Mula\u2063"},"content":{"rendered":"<p><div class=\"fusion-fullwidth fullwidth-box fusion-builder-row-1 fusion-flex-container nonhundred-percent-fullwidth non-hundred-percent-height-scrolling\" style=\"--awb-border-radius-top-left:0px;--awb-border-radius-top-right:0px;--awb-border-radius-bottom-right:0px;--awb-border-radius-bottom-left:0px;--awb-flex-wrap:wrap;\" ><div class=\"fusion-builder-row fusion-row fusion-flex-align-items-flex-start fusion-flex-content-wrap\" style=\"max-width:1144px;margin-left: calc(-4% \/ 2 );margin-right: calc(-4% \/ 2 );\"><div class=\"fusion-layout-column fusion_builder_column fusion-builder-column-0 fusion_builder_column_1_1 1_1 fusion-flex-column\" style=\"--awb-bg-size:cover;--awb-width-large:100%;--awb-margin-top-large:0px;--awb-spacing-right-large:1.92%;--awb-margin-bottom-large:0px;--awb-spacing-left-large:1.92%;--awb-width-medium:100%;--awb-spacing-right-medium:1.92%;--awb-spacing-left-medium:1.92%;--awb-width-small:100%;--awb-spacing-right-small:1.92%;--awb-spacing-left-small:1.92%;\"><div class=\"fusion-column-wrapper fusion-flex-justify-content-flex-start fusion-content-layout-column\"><div class=\"fusion-text fusion-text-1\"><p><br class=\"html-br\" \/>\u2063<br class=\"html-br\" \/><span class=\"html-span xexx8yu xyri2b x18d9i69 x1c1uobl x1hl2dhg x16tdsg8 x1vvkbs x3nfvp2 x1j61x8r x1fcty0u xdj266r xat24cr xm2jcoa x1mpyi22 xxymvpz xlup9mm x1kky2od\"><img decoding=\"async\" class=\"xz74otr x15mokao x1ga7v0g x16uus16 xbiv7yw\" src=\"https:\/\/static.xx.fbcdn.net\/images\/emoji.php\/v9\/t6e\/1\/16\/1f534.png\" alt=\"\" width=\"16\" height=\"16\" \/><\/span>\u00a0La concejal\u00eda de Cultura y Patrimonio Hist\u00f3rico del Ayuntamiento de Mula anuncia la celebraci\u00f3n de una nueva edici\u00f3n del Curso sobre Historia de la ciudad de Mula, que ser\u00e1 impartido por el doctor en Historia Moderna y Cronista Oficial de la Ciudad, don Juan Gonz\u00e1lez Casta\u00f1o, en colaboraci\u00f3n con el Ayuntamiento de Mula.\u2063<br class=\"html-br\" \/>\u2063<br class=\"html-br\" \/><span class=\"html-span xexx8yu xyri2b x18d9i69 x1c1uobl x1hl2dhg x16tdsg8 x1vvkbs x3nfvp2 x1j61x8r x1fcty0u xdj266r xat24cr xm2jcoa x1mpyi22 xxymvpz xlup9mm x1kky2od\"><img decoding=\"async\" class=\"xz74otr x15mokao x1ga7v0g x16uus16 xbiv7yw\" src=\"https:\/\/static.xx.fbcdn.net\/images\/emoji.php\/v9\/t51\/1\/16\/1f449.png\" alt=\"\" width=\"16\" height=\"16\" \/><\/span>\u00a0El curso se desarrollar\u00e1 los d\u00edas 25 de octubre y 8, 15, 22 y 29 de noviembre de 2025, e incluir\u00e1 paseos y visitas guiadas por distintos escenarios hist\u00f3ricos y emblem\u00e1ticos de la ciudad y sus pedan\u00edas. Entre las tem\u00e1ticas que se abordar\u00e1n figuran la evoluci\u00f3n urbana de Mula (siglos XII-XX), el castillo de La Puebla y su entorno, las parroquias y ermitas mule\u00f1as, el yacimiento ib\u00e9rico de El Cigarralejo y la ciudad de los canteros romanos y sus alrededores.\u2063<br class=\"html-br\" \/>\u2063<br class=\"html-br\" \/>Se trata de un curso abierto y gratuito, dirigido a todas aquellas personas interesadas en conocer mejor la historia y el patrimonio local. No se requiere inscripci\u00f3n previa y el punto de encuentro ser\u00e1 a las 9:00 horas en la puerta del Instituto de Bachillerato \u201cOrtega y Rubio\u201d, en la Gran V\u00eda de Mula.\u2063<br class=\"html-br\" \/>\u2063<br class=\"html-br\" \/>Con esta iniciativa, el Ayuntamiento de Mula reafirma su compromiso con la divulgaci\u00f3n del patrimonio hist\u00f3rico y cultural, promoviendo actividades que acerquen la historia local a la ciudadan\u00eda y fortalezcan la identidad del municipio.<\/p>\n<\/div><\/div><\/div><\/div><\/div><div class=\"fusion-fullwidth fullwidth-box fusion-builder-row-2 fusion-flex-container has-pattern-background has-mask-background nonhundred-percent-fullwidth non-hundred-percent-height-scrolling\" style=\"--awb-border-radius-top-left:0px;--awb-border-radius-top-right:0px;--awb-border-radius-bottom-right:0px;--awb-border-radius-bottom-left:0px;--awb-flex-wrap:wrap;\" ><div class=\"fusion-builder-row fusion-row fusion-flex-align-items-flex-start fusion-flex-content-wrap\" style=\"max-width:1144px;margin-left: calc(-4% \/ 2 );margin-right: calc(-4% \/ 2 );\"><div class=\"fusion-layout-column fusion_builder_column fusion-builder-column-1 fusion_builder_column_1_1 1_1 fusion-flex-column\" style=\"--awb-bg-size:cover;--awb-width-large:100%;--awb-margin-top-large:0px;--awb-spacing-right-large:1.92%;--awb-margin-bottom-large:20px;--awb-spacing-left-large:1.92%;--awb-width-medium:100%;--awb-order-medium:0;--awb-spacing-right-medium:1.92%;--awb-spacing-left-medium:1.92%;--awb-width-small:100%;--awb-order-small:0;--awb-spacing-right-small:1.92%;--awb-spacing-left-small:1.92%;\"><div class=\"fusion-column-wrapper fusion-column-has-shadow fusion-flex-justify-content-flex-start fusion-content-layout-column\"><div class=\"fusion-image-element \" style=\"--awb-caption-title-font-family:var(--h2_typography-font-family);--awb-caption-title-font-weight:var(--h2_typography-font-weight);--awb-caption-title-font-style:var(--h2_typography-font-style);--awb-caption-title-size:var(--h2_typography-font-size);--awb-caption-title-transform:var(--h2_typography-text-transform);--awb-caption-title-line-height:var(--h2_typography-line-height);--awb-caption-title-letter-spacing:var(--h2_typography-letter-spacing);\"><span class=\" fusion-imageframe imageframe-none imageframe-1 hover-type-none\"><a class=\"fusion-no-lightbox\" href=\"https:\/\/mula.es\/web\/wp-content\/uploads\/2025\/10\/cursohistoria2025.jpg\" target=\"_self\" aria-label=\"cursohistoria2025\"><img decoding=\"async\" width=\"819\" height=\"1024\" src=\"https:\/\/mula.es\/web\/wp-content\/uploads\/2025\/10\/cursohistoria2025-819x1024.jpg\" alt class=\"img-responsive wp-image-59862\" srcset=\"https:\/\/mula.es\/web\/wp-content\/uploads\/2025\/10\/cursohistoria2025-200x250.jpg 200w, https:\/\/mula.es\/web\/wp-content\/uploads\/2025\/10\/cursohistoria2025-400x500.jpg 400w, https:\/\/mula.es\/web\/wp-content\/uploads\/2025\/10\/cursohistoria2025-600x750.jpg 600w, https:\/\/mula.es\/web\/wp-content\/uploads\/2025\/10\/cursohistoria2025-800x1000.jpg 800w, https:\/\/mula.es\/web\/wp-content\/uploads\/2025\/10\/cursohistoria2025.jpg 1080w\" sizes=\"(max-width: 640px) 100vw, 819px\" \/><\/a><\/span><\/div><\/div><\/div><\/div><\/div><\/p>\n","protected":false},"excerpt":{"rendered":"","protected":false},"author":9,"featured_media":33512,"comment_status":"closed","ping_status":"closed","sticky":false,"template":"","format":"standard","meta":{"jetpack_post_was_ever_published":false,"_jetpack_newsletter_access":"","_jetpack_dont_email_post_to_subs":false,"_jetpack_newsletter_tier_id":0,"_jetpack_memberships_contains_paywalled_content":false,"_jetpack_memberships_contains_paid_content":false,"footnotes":"","jetpack_publicize_message":"","jetpack_publicize_feature_enabled":true,"jetpack_social_post_already_shared":true,"jetpack_social_options":{"image_generator_settings":{"template":"highway","default_image_id":0,"font":"","enabled":false},"version":2}},"categories":[97],"tags":[],"class_list":["post-59861","post","type-post","status-publish","format-standard","has-post-thumbnail","hentry","category-cultura"],"yoast_head":"<!-- This site is optimized with the Yoast SEO plugin v27.5 - https:\/\/yoast.com\/product\/yoast-seo-wordpress\/ -->\n<title>CULTURA | \u00a0Nueva edici\u00f3n del Curso sobre Historia de la ciudad de Mula\u2063 - Ayuntamiento de Mula<\/title>\n<meta name=\"robots\" content=\"index, follow, max-snippet:-1, max-image-preview:large, max-video-preview:-1\" \/>\n<link rel=\"canonical\" href=\"https:\/\/mula.es\/web\/cultura-nueva-edicion-del-curso-sobre-historia-de-la-ciudad-de-mula\u2063\/\" \/>\n<meta property=\"og:locale\" content=\"es_ES\" \/>\n<meta property=\"og:type\" content=\"article\" \/>\n<meta property=\"og:title\" content=\"CULTURA | \u00a0Nueva edici\u00f3n del Curso sobre Historia de la ciudad de Mula\u2063 - Ayuntamiento de Mula\" \/>\n<meta property=\"og:url\" content=\"https:\/\/mula.es\/web\/cultura-nueva-edicion-del-curso-sobre-historia-de-la-ciudad-de-mula\u2063\/\" \/>\n<meta property=\"og:site_name\" content=\"Ayuntamiento de Mula\" \/>\n<meta property=\"article:published_time\" content=\"2025-10-15T07:25:28+00:00\" \/>\n<meta property=\"og:image\" content=\"https:\/\/mula.es\/web\/wp-content\/uploads\/2020\/06\/escudo-cuadrado-e1591045058235.jpg\" \/>\n\t<meta property=\"og:image:width\" content=\"200\" \/>\n\t<meta property=\"og:image:height\" content=\"218\" \/>\n\t<meta property=\"og:image:type\" content=\"image\/jpeg\" \/>\n<meta name=\"author\" content=\"Rosario Mart\u00ednez\" \/>\n<meta name=\"twitter:card\" content=\"summary_large_image\" \/>\n<meta name=\"twitter:creator\" content=\"@AyuntamientMula\" \/>\n<meta name=\"twitter:site\" content=\"@AyuntamientMula\" \/>\n<meta name=\"twitter:label1\" content=\"Escrito por\" \/>\n\t<meta name=\"twitter:data1\" content=\"Rosario Mart\u00ednez\" \/>\n\t<meta name=\"twitter:label2\" content=\"Tiempo de lectura\" \/>\n\t<meta name=\"twitter:data2\" content=\"2 minutos\" \/>\n<script type=\"application\/ld+json\" class=\"yoast-schema-graph\">{\"@context\":\"https:\\\/\\\/schema.org\",\"@graph\":[{\"@type\":\"Article\",\"@id\":\"https:\\\/\\\/mula.es\\\/web\\\/cultura-nueva-edicion-del-curso-sobre-historia-de-la-ciudad-de-mula%e2%81%a3\\\/#article\",\"isPartOf\":{\"@id\":\"https:\\\/\\\/mula.es\\\/web\\\/cultura-nueva-edicion-del-curso-sobre-historia-de-la-ciudad-de-mula%e2%81%a3\\\/\"},\"author\":{\"name\":\"Rosario Mart\u00ednez\",\"@id\":\"https:\\\/\\\/mula.es\\\/web\\\/#\\\/schema\\\/person\\\/f8d63bd3ab6e7b025268b909b7ab0771\"},\"headline\":\"CULTURA | \u00a0Nueva edici\u00f3n del Curso sobre Historia de la ciudad de Mula\u2063\",\"datePublished\":\"2025-10-15T07:25:28+00:00\",\"mainEntityOfPage\":{\"@id\":\"https:\\\/\\\/mula.es\\\/web\\\/cultura-nueva-edicion-del-curso-sobre-historia-de-la-ciudad-de-mula%e2%81%a3\\\/\"},\"wordCount\":1676,\"image\":{\"@id\":\"https:\\\/\\\/mula.es\\\/web\\\/cultura-nueva-edicion-del-curso-sobre-historia-de-la-ciudad-de-mula%e2%81%a3\\\/#primaryimage\"},\"thumbnailUrl\":\"https:\\\/\\\/mula.es\\\/web\\\/wp-content\\\/uploads\\\/2020\\\/06\\\/escudo-cuadrado-e1591045058235.jpg\",\"articleSection\":[\"cultura\"],\"inLanguage\":\"es\"},{\"@type\":\"WebPage\",\"@id\":\"https:\\\/\\\/mula.es\\\/web\\\/cultura-nueva-edicion-del-curso-sobre-historia-de-la-ciudad-de-mula%e2%81%a3\\\/\",\"url\":\"https:\\\/\\\/mula.es\\\/web\\\/cultura-nueva-edicion-del-curso-sobre-historia-de-la-ciudad-de-mula%e2%81%a3\\\/\",\"name\":\"CULTURA | \u00a0Nueva edici\u00f3n del Curso sobre Historia de la ciudad de Mula\u2063 - Ayuntamiento de Mula\",\"isPartOf\":{\"@id\":\"https:\\\/\\\/mula.es\\\/web\\\/#website\"},\"primaryImageOfPage\":{\"@id\":\"https:\\\/\\\/mula.es\\\/web\\\/cultura-nueva-edicion-del-curso-sobre-historia-de-la-ciudad-de-mula%e2%81%a3\\\/#primaryimage\"},\"image\":{\"@id\":\"https:\\\/\\\/mula.es\\\/web\\\/cultura-nueva-edicion-del-curso-sobre-historia-de-la-ciudad-de-mula%e2%81%a3\\\/#primaryimage\"},\"thumbnailUrl\":\"https:\\\/\\\/mula.es\\\/web\\\/wp-content\\\/uploads\\\/2020\\\/06\\\/escudo-cuadrado-e1591045058235.jpg\",\"datePublished\":\"2025-10-15T07:25:28+00:00\",\"author\":{\"@id\":\"https:\\\/\\\/mula.es\\\/web\\\/#\\\/schema\\\/person\\\/f8d63bd3ab6e7b025268b909b7ab0771\"},\"breadcrumb\":{\"@id\":\"https:\\\/\\\/mula.es\\\/web\\\/cultura-nueva-edicion-del-curso-sobre-historia-de-la-ciudad-de-mula%e2%81%a3\\\/#breadcrumb\"},\"inLanguage\":\"es\",\"potentialAction\":[{\"@type\":\"ReadAction\",\"target\":[\"https:\\\/\\\/mula.es\\\/web\\\/cultura-nueva-edicion-del-curso-sobre-historia-de-la-ciudad-de-mula%e2%81%a3\\\/\"]}]},{\"@type\":\"ImageObject\",\"inLanguage\":\"es\",\"@id\":\"https:\\\/\\\/mula.es\\\/web\\\/cultura-nueva-edicion-del-curso-sobre-historia-de-la-ciudad-de-mula%e2%81%a3\\\/#primaryimage\",\"url\":\"https:\\\/\\\/mula.es\\\/web\\\/wp-content\\\/uploads\\\/2020\\\/06\\\/escudo-cuadrado-e1591045058235.jpg\",\"contentUrl\":\"https:\\\/\\\/mula.es\\\/web\\\/wp-content\\\/uploads\\\/2020\\\/06\\\/escudo-cuadrado-e1591045058235.jpg\",\"width\":200,\"height\":218},{\"@type\":\"BreadcrumbList\",\"@id\":\"https:\\\/\\\/mula.es\\\/web\\\/cultura-nueva-edicion-del-curso-sobre-historia-de-la-ciudad-de-mula%e2%81%a3\\\/#breadcrumb\",\"itemListElement\":[{\"@type\":\"ListItem\",\"position\":1,\"name\":\"Portada\",\"item\":\"https:\\\/\\\/mula.es\\\/web\\\/\"},{\"@type\":\"ListItem\",\"position\":2,\"name\":\"CULTURA | \u00a0Nueva edici\u00f3n del Curso sobre Historia de la ciudad de Mula\u2063\"}]},{\"@type\":\"WebSite\",\"@id\":\"https:\\\/\\\/mula.es\\\/web\\\/#website\",\"url\":\"https:\\\/\\\/mula.es\\\/web\\\/\",\"name\":\"Ayuntamiento de Mula\",\"description\":\"P\u00e1gina web del Ayuntamiento de Mula (Regi\u00f3n de Murcia)\",\"potentialAction\":[{\"@type\":\"SearchAction\",\"target\":{\"@type\":\"EntryPoint\",\"urlTemplate\":\"https:\\\/\\\/mula.es\\\/web\\\/?s={search_term_string}\"},\"query-input\":{\"@type\":\"PropertyValueSpecification\",\"valueRequired\":true,\"valueName\":\"search_term_string\"}}],\"inLanguage\":\"es\"},{\"@type\":\"Person\",\"@id\":\"https:\\\/\\\/mula.es\\\/web\\\/#\\\/schema\\\/person\\\/f8d63bd3ab6e7b025268b909b7ab0771\",\"name\":\"Rosario Mart\u00ednez\",\"image\":{\"@type\":\"ImageObject\",\"inLanguage\":\"es\",\"@id\":\"https:\\\/\\\/secure.gravatar.com\\\/avatar\\\/ce916b980ac93e5b1d36e6068357675d4e089a572ebc8789fcb807c2fb2edfef?s=96&d=mm&r=g\",\"url\":\"https:\\\/\\\/secure.gravatar.com\\\/avatar\\\/ce916b980ac93e5b1d36e6068357675d4e089a572ebc8789fcb807c2fb2edfef?s=96&d=mm&r=g\",\"contentUrl\":\"https:\\\/\\\/secure.gravatar.com\\\/avatar\\\/ce916b980ac93e5b1d36e6068357675d4e089a572ebc8789fcb807c2fb2edfef?s=96&d=mm&r=g\",\"caption\":\"Rosario Mart\u00ednez\"},\"url\":\"https:\\\/\\\/mula.es\\\/web\\\/author\\\/rmartinez\\\/\"}]}<\/script>\n<!-- \/ Yoast SEO plugin. -->","yoast_head_json":{"title":"CULTURA | \u00a0Nueva edici\u00f3n del Curso sobre Historia de la ciudad de Mula\u2063 - Ayuntamiento de Mula","robots":{"index":"index","follow":"follow","max-snippet":"max-snippet:-1","max-image-preview":"max-image-preview:large","max-video-preview":"max-video-preview:-1"},"canonical":"https:\/\/mula.es\/web\/cultura-nueva-edicion-del-curso-sobre-historia-de-la-ciudad-de-mula\u2063\/","og_locale":"es_ES","og_type":"article","og_title":"CULTURA | \u00a0Nueva edici\u00f3n del Curso sobre Historia de la ciudad de Mula\u2063 - Ayuntamiento de Mula","og_url":"https:\/\/mula.es\/web\/cultura-nueva-edicion-del-curso-sobre-historia-de-la-ciudad-de-mula\u2063\/","og_site_name":"Ayuntamiento de Mula","article_published_time":"2025-10-15T07:25:28+00:00","og_image":[{"width":200,"height":218,"url":"https:\/\/mula.es\/web\/wp-content\/uploads\/2020\/06\/escudo-cuadrado-e1591045058235.jpg","type":"image\/jpeg"}],"author":"Rosario Mart\u00ednez","twitter_card":"summary_large_image","twitter_creator":"@AyuntamientMula","twitter_site":"@AyuntamientMula","twitter_misc":{"Escrito por":"Rosario Mart\u00ednez","Tiempo de lectura":"2 minutos"},"schema":{"@context":"https:\/\/schema.org","@graph":[{"@type":"Article","@id":"https:\/\/mula.es\/web\/cultura-nueva-edicion-del-curso-sobre-historia-de-la-ciudad-de-mula%e2%81%a3\/#article","isPartOf":{"@id":"https:\/\/mula.es\/web\/cultura-nueva-edicion-del-curso-sobre-historia-de-la-ciudad-de-mula%e2%81%a3\/"},"author":{"name":"Rosario Mart\u00ednez","@id":"https:\/\/mula.es\/web\/#\/schema\/person\/f8d63bd3ab6e7b025268b909b7ab0771"},"headline":"CULTURA | \u00a0Nueva edici\u00f3n del Curso sobre Historia de la ciudad de Mula\u2063","datePublished":"2025-10-15T07:25:28+00:00","mainEntityOfPage":{"@id":"https:\/\/mula.es\/web\/cultura-nueva-edicion-del-curso-sobre-historia-de-la-ciudad-de-mula%e2%81%a3\/"},"wordCount":1676,"image":{"@id":"https:\/\/mula.es\/web\/cultura-nueva-edicion-del-curso-sobre-historia-de-la-ciudad-de-mula%e2%81%a3\/#primaryimage"},"thumbnailUrl":"https:\/\/mula.es\/web\/wp-content\/uploads\/2020\/06\/escudo-cuadrado-e1591045058235.jpg","articleSection":["cultura"],"inLanguage":"es"},{"@type":"WebPage","@id":"https:\/\/mula.es\/web\/cultura-nueva-edicion-del-curso-sobre-historia-de-la-ciudad-de-mula%e2%81%a3\/","url":"https:\/\/mula.es\/web\/cultura-nueva-edicion-del-curso-sobre-historia-de-la-ciudad-de-mula%e2%81%a3\/","name":"CULTURA | \u00a0Nueva edici\u00f3n del Curso sobre Historia de la ciudad de Mula\u2063 - Ayuntamiento de Mula","isPartOf":{"@id":"https:\/\/mula.es\/web\/#website"},"primaryImageOfPage":{"@id":"https:\/\/mula.es\/web\/cultura-nueva-edicion-del-curso-sobre-historia-de-la-ciudad-de-mula%e2%81%a3\/#primaryimage"},"image":{"@id":"https:\/\/mula.es\/web\/cultura-nueva-edicion-del-curso-sobre-historia-de-la-ciudad-de-mula%e2%81%a3\/#primaryimage"},"thumbnailUrl":"https:\/\/mula.es\/web\/wp-content\/uploads\/2020\/06\/escudo-cuadrado-e1591045058235.jpg","datePublished":"2025-10-15T07:25:28+00:00","author":{"@id":"https:\/\/mula.es\/web\/#\/schema\/person\/f8d63bd3ab6e7b025268b909b7ab0771"},"breadcrumb":{"@id":"https:\/\/mula.es\/web\/cultura-nueva-edicion-del-curso-sobre-historia-de-la-ciudad-de-mula%e2%81%a3\/#breadcrumb"},"inLanguage":"es","potentialAction":[{"@type":"ReadAction","target":["https:\/\/mula.es\/web\/cultura-nueva-edicion-del-curso-sobre-historia-de-la-ciudad-de-mula%e2%81%a3\/"]}]},{"@type":"ImageObject","inLanguage":"es","@id":"https:\/\/mula.es\/web\/cultura-nueva-edicion-del-curso-sobre-historia-de-la-ciudad-de-mula%e2%81%a3\/#primaryimage","url":"https:\/\/mula.es\/web\/wp-content\/uploads\/2020\/06\/escudo-cuadrado-e1591045058235.jpg","contentUrl":"https:\/\/mula.es\/web\/wp-content\/uploads\/2020\/06\/escudo-cuadrado-e1591045058235.jpg","width":200,"height":218},{"@type":"BreadcrumbList","@id":"https:\/\/mula.es\/web\/cultura-nueva-edicion-del-curso-sobre-historia-de-la-ciudad-de-mula%e2%81%a3\/#breadcrumb","itemListElement":[{"@type":"ListItem","position":1,"name":"Portada","item":"https:\/\/mula.es\/web\/"},{"@type":"ListItem","position":2,"name":"CULTURA | \u00a0Nueva edici\u00f3n del Curso sobre Historia de la ciudad de Mula\u2063"}]},{"@type":"WebSite","@id":"https:\/\/mula.es\/web\/#website","url":"https:\/\/mula.es\/web\/","name":"Ayuntamiento de Mula","description":"P\u00e1gina web del Ayuntamiento de Mula (Regi\u00f3n de Murcia)","potentialAction":[{"@type":"SearchAction","target":{"@type":"EntryPoint","urlTemplate":"https:\/\/mula.es\/web\/?s={search_term_string}"},"query-input":{"@type":"PropertyValueSpecification","valueRequired":true,"valueName":"search_term_string"}}],"inLanguage":"es"},{"@type":"Person","@id":"https:\/\/mula.es\/web\/#\/schema\/person\/f8d63bd3ab6e7b025268b909b7ab0771","name":"Rosario Mart\u00ednez","image":{"@type":"ImageObject","inLanguage":"es","@id":"https:\/\/secure.gravatar.com\/avatar\/ce916b980ac93e5b1d36e6068357675d4e089a572ebc8789fcb807c2fb2edfef?s=96&d=mm&r=g","url":"https:\/\/secure.gravatar.com\/avatar\/ce916b980ac93e5b1d36e6068357675d4e089a572ebc8789fcb807c2fb2edfef?s=96&d=mm&r=g","contentUrl":"https:\/\/secure.gravatar.com\/avatar\/ce916b980ac93e5b1d36e6068357675d4e089a572ebc8789fcb807c2fb2edfef?s=96&d=mm&r=g","caption":"Rosario Mart\u00ednez"},"url":"https:\/\/mula.es\/web\/author\/rmartinez\/"}]}},"jetpack_publicize_connections":[],"jetpack_featured_media_url":"https:\/\/mula.es\/web\/wp-content\/uploads\/2020\/06\/escudo-cuadrado-e1591045058235.jpg","jetpack_sharing_enabled":true,"jetpack_shortlink":"https:\/\/wp.me\/pa9DMY-fzv","jetpack-related-posts":[],"_links":{"self":[{"href":"https:\/\/mula.es\/web\/wp-json\/wp\/v2\/posts\/59861","targetHints":{"allow":["GET"]}}],"collection":[{"href":"https:\/\/mula.es\/web\/wp-json\/wp\/v2\/posts"}],"about":[{"href":"https:\/\/mula.es\/web\/wp-json\/wp\/v2\/types\/post"}],"author":[{"embeddable":true,"href":"https:\/\/mula.es\/web\/wp-json\/wp\/v2\/users\/9"}],"replies":[{"embeddable":true,"href":"https:\/\/mula.es\/web\/wp-json\/wp\/v2\/comments?post=59861"}],"version-history":[{"count":1,"href":"https:\/\/mula.es\/web\/wp-json\/wp\/v2\/posts\/59861\/revisions"}],"predecessor-version":[{"id":59863,"href":"https:\/\/mula.es\/web\/wp-json\/wp\/v2\/posts\/59861\/revisions\/59863"}],"wp:featuredmedia":[{"embeddable":true,"href":"https:\/\/mula.es\/web\/wp-json\/wp\/v2\/media\/33512"}],"wp:attachment":[{"href":"https:\/\/mula.es\/web\/wp-json\/wp\/v2\/media?parent=59861"}],"wp:term":[{"taxonomy":"category","embeddable":true,"href":"https:\/\/mula.es\/web\/wp-json\/wp\/v2\/categories?post=59861"},{"taxonomy":"post_tag","embeddable":true,"href":"https:\/\/mula.es\/web\/wp-json\/wp\/v2\/tags?post=59861"}],"curies":[{"name":"wp","href":"https:\/\/api.w.org\/{rel}","templated":true}]}}