{"id":59870,"date":"2025-10-16T08:28:57","date_gmt":"2025-10-16T06:28:57","guid":{"rendered":"https:\/\/mula.es\/web\/?p=59870"},"modified":"2025-10-16T08:29:07","modified_gmt":"2025-10-16T06:29:07","slug":"juventud-la-concejalia-de-juventud-propone-a-varios-mulenos-y-entidades-locales-a-los-premios-juventud-2025","status":"publish","type":"post","link":"https:\/\/mula.es\/web\/juventud-la-concejalia-de-juventud-propone-a-varios-mulenos-y-entidades-locales-a-los-premios-juventud-2025\/","title":{"rendered":"JUVENTUD | La concejal\u00eda de Juventud propone a varios mule\u00f1os y entidades locales a los Premios Juventud 2025"},"content":{"rendered":"<p><strong>\u00a0<\/strong><\/p>\n<p><strong>NOTA DE PRENSA &#8211; 16 DE OCTUBRE DE 2025<\/strong><\/p>\n<p><strong>\u00a0<\/strong><\/p>\n<h2><strong>\u00a0<\/strong><\/h2>\n<h2><strong>La concejal\u00eda de Juventud propone a varios mule\u00f1os y entidades locales a los Premios Juventud 2025<\/strong><\/h2>\n<h2><strong>\u00a0<\/strong><\/h2>\n<p>&nbsp;<\/p>\n<p>La <strong>concejal\u00eda de Juventud del Ayuntamiento de Mula<\/strong> ha presentado las candidaturas de varios j\u00f3venes, colectivos y asociaciones del municipio a los <strong>Premios Juventud 2025<\/strong>, organizados por la <strong>Direcci\u00f3n General de Juventud de la Regi\u00f3n de Murcia<\/strong>, con el objetivo de reconocer la labor de quienes destacan por su compromiso social, deportivo, cultural y ambiental.<\/p>\n<p>El concejal de Juventud, <strong>Toni Ruiz<\/strong>, ha destacado que \u201c<strong>en Mula tenemos un enorme talento joven que demuestra d\u00eda a d\u00eda su implicaci\u00f3n con el municipio. Con estas candidaturas queremos visibilizar su esfuerzo, su compromiso y su ejemplo para las nuevas generaciones<\/strong>\u201d.<\/p>\n<p>A continuaci\u00f3n, se detallan las propuestas presentadas por la concejal\u00eda de Juventud en las diferentes modalidades:<\/p>\n<p><strong>Premio Participaci\u00f3n: Asociaci\u00f3n Pe\u00f1a El K-OS de Mula<\/strong><br \/>\nCreada en 2011 y constituida como asociaci\u00f3n formal en 2020, esta entidad cuenta con un amplio n\u00famero de j\u00f3venes asociados. Adem\u00e1s de sus actividades internas, organiza eventos abiertos al p\u00fablico como las <strong>24 horas de f\u00fatbol sala femenino<\/strong> en mayo y el <strong>Campeonato de Nataci\u00f3n<\/strong> a finales de agosto, eventos que forman parte del motor participativo de Mula y tambi\u00e9n de la Regi\u00f3n de Murcia.<\/p>\n<p><strong>Premio Igualdad: Club Voleibol Mula<\/strong><br \/>\nFundado en 1983, el club cuenta con m\u00e1s de 120 deportistas distribuidos en equipos desde categor\u00eda prebenjam\u00edn hasta senior, mayoritariamente femeninos. Su labor fomenta valores de <strong>identidad, cohesi\u00f3n social, autoestima y control emocional<\/strong>, y en los \u00faltimos a\u00f1os ha logrado destacados campeonatos regionales.<\/p>\n<p><strong>Premio Sostenibilidad: Protectora Vida<\/strong><br \/>\nCon una trayectoria consolidada en el municipio, la Protectora Vida desarrolla una importante labor de <strong>recogida, protecci\u00f3n y cuidado de animales<\/strong>, a la que suma la <strong>regeneraci\u00f3n del entorno<\/strong> donde se ubican sus instalaciones y la gesti\u00f3n de una <strong>tienda solidaria de segunda mano<\/strong>. Adem\u00e1s, organiza galas y eventos para recaudar fondos y sensibilizar a la ciudadan\u00eda sobre el bienestar animal.<\/p>\n<p><strong>Premio Inclusi\u00f3n Social: INTEDIS<\/strong><br \/>\nConstituida en 1979, esta asociaci\u00f3n trabaja con <strong>m\u00e1s de 60 personas con discapacidad intelectual o enfermedad mental<\/strong>, ofreciendo atenci\u00f3n en su centro de d\u00eda y viviendas tuteladas. A trav\u00e9s de convenios con el Ayuntamiento y otras entidades, desarrolla labores de <strong>jardiner\u00eda, pintura o reparto de prensa<\/strong>, favoreciendo la inclusi\u00f3n laboral y social de sus usuarios.<\/p>\n<p><strong>Premio Solidaridad: Consejo Local de la Juventud de Mula<\/strong><br \/>\nCreado en 1995, el Consejo Local de la Juventud es la plataforma de representaci\u00f3n y participaci\u00f3n juvenil del municipio. Promueve <strong>la solidaridad, la formaci<\/strong><strong>\u00f3<\/strong><strong>n, el asociacionismo y la cultura, <\/strong>organizando y colaborando en diversas\u00a0 actividades anuales como el Festival de Charangas, Autos Locos, Txapurrao Fest, rutas senderistas, entre otras.<\/p>\n<p><strong>Premio Joven del A\u00f1o: Felipe Cabrera de la Cruz<\/strong><br \/>\nNatural de Mula, es atleta de la <strong>Federaci\u00f3n de Culturismo Natural (WNBF)<\/strong>. Desde 2022 compite a nivel internacional, habi\u00e9ndose proclamado <strong>Campe\u00f3n Nacional y de Europa<\/strong> en 2022. En 2025 ha conseguido la <strong>medalla de oro en el Campeonato Internacional de Portugal<\/strong> y la <strong>medalla de bronce en el de Holanda en culturismo natural<\/strong>, una modalidad que promueve los h\u00e1bitos de vida saludables. Adem\u00e1s, imparte clases de fitness en un centro deportivo que gestiona junto a su hermano.<\/p>\n<p>El concejal ha subrayado que \u201c<strong>todas estas candidaturas reflejan la diversidad y la fuerza del tejido juvenil mule\u00f1o, un colectivo que impulsa el presente y el futuro de nuestro municipio<\/strong>\u201d.<\/p>\n<p>&nbsp;<\/p>\n<p><a href=\"https:\/\/mula.es\/web\/wp-content\/uploads\/2025\/10\/ok-1.jpg\"><img decoding=\"async\" data-attachment-id=\"59871\" data-permalink=\"https:\/\/mula.es\/web\/juventud-la-concejalia-de-juventud-propone-a-varios-mulenos-y-entidades-locales-a-los-premios-juventud-2025\/ok-1\/\" data-orig-file=\"https:\/\/mula.es\/web\/wp-content\/uploads\/2025\/10\/ok-1.jpg\" data-orig-size=\"1080,1080\" data-comments-opened=\"0\" data-image-meta=\"{&quot;aperture&quot;:&quot;0&quot;,&quot;credit&quot;:&quot;&quot;,&quot;camera&quot;:&quot;&quot;,&quot;caption&quot;:&quot;&quot;,&quot;created_timestamp&quot;:&quot;0&quot;,&quot;copyright&quot;:&quot;&quot;,&quot;focal_length&quot;:&quot;0&quot;,&quot;iso&quot;:&quot;0&quot;,&quot;shutter_speed&quot;:&quot;0&quot;,&quot;title&quot;:&quot;&quot;,&quot;orientation&quot;:&quot;1&quot;}\" data-image-title=\"ok (1)\" data-image-description=\"\" data-image-caption=\"\" data-large-file=\"https:\/\/mula.es\/web\/wp-content\/uploads\/2025\/10\/ok-1-1024x1024.jpg\" class=\"alignnone size-medium wp-image-59871\" src=\"https:\/\/mula.es\/web\/wp-content\/uploads\/2025\/10\/ok-1-300x300.jpg\" alt=\"\" width=\"300\" height=\"300\" srcset=\"https:\/\/mula.es\/web\/wp-content\/uploads\/2025\/10\/ok-1-66x66.jpg 66w, https:\/\/mula.es\/web\/wp-content\/uploads\/2025\/10\/ok-1-150x150.jpg 150w, https:\/\/mula.es\/web\/wp-content\/uploads\/2025\/10\/ok-1-200x200.jpg 200w, https:\/\/mula.es\/web\/wp-content\/uploads\/2025\/10\/ok-1-300x300.jpg 300w, https:\/\/mula.es\/web\/wp-content\/uploads\/2025\/10\/ok-1-400x400.jpg 400w, https:\/\/mula.es\/web\/wp-content\/uploads\/2025\/10\/ok-1-600x600.jpg 600w, https:\/\/mula.es\/web\/wp-content\/uploads\/2025\/10\/ok-1-768x768.jpg 768w, https:\/\/mula.es\/web\/wp-content\/uploads\/2025\/10\/ok-1-800x800.jpg 800w, https:\/\/mula.es\/web\/wp-content\/uploads\/2025\/10\/ok-1-1024x1024.jpg 1024w, https:\/\/mula.es\/web\/wp-content\/uploads\/2025\/10\/ok-1.jpg 1080w\" sizes=\"(max-width: 300px) 100vw, 300px\" \/><\/a><\/p>\n","protected":false},"excerpt":{"rendered":"<p>\u00a0 NOTA DE PRENSA &#8211; 16 DE OCTUBRE DE 2025 \u00a0 \u00a0 La concejal\u00eda de Juventud propone a varios mule\u00f1os y entidades locales a los Premios Juventud 2025 \u00a0 &nbsp; La concejal\u00eda de Juventud del Ayuntamiento de Mula ha presentado las candidaturas de varios j\u00f3venes, colectivos y asociaciones del municipio a los Premios Juventud 2025,  [&#8230;]<\/p>\n","protected":false},"author":13,"featured_media":33512,"comment_status":"closed","ping_status":"closed","sticky":false,"template":"","format":"standard","meta":{"jetpack_post_was_ever_published":false,"_jetpack_newsletter_access":"","_jetpack_dont_email_post_to_subs":false,"_jetpack_newsletter_tier_id":0,"_jetpack_memberships_contains_paywalled_content":false,"_jetpack_memberships_contains_paid_content":false,"footnotes":"","jetpack_publicize_message":"","jetpack_publicize_feature_enabled":true,"jetpack_social_post_already_shared":true,"jetpack_social_options":{"image_generator_settings":{"template":"highway","default_image_id":0,"font":"","enabled":false},"version":2}},"categories":[87],"tags":[],"class_list":["post-59870","post","type-post","status-publish","format-standard","has-post-thumbnail","hentry","category-juventud-y-adolescencia"],"yoast_head":"<!-- This site is optimized with the Yoast SEO plugin v27.5 - https:\/\/yoast.com\/product\/yoast-seo-wordpress\/ -->\n<title>JUVENTUD | La concejal\u00eda de Juventud propone a varios mule\u00f1os y entidades locales a los Premios Juventud 2025 - Ayuntamiento de Mula<\/title>\n<meta name=\"robots\" content=\"index, follow, max-snippet:-1, max-image-preview:large, max-video-preview:-1\" \/>\n<link rel=\"canonical\" href=\"https:\/\/mula.es\/web\/juventud-la-concejalia-de-juventud-propone-a-varios-mulenos-y-entidades-locales-a-los-premios-juventud-2025\/\" \/>\n<meta property=\"og:locale\" content=\"es_ES\" \/>\n<meta property=\"og:type\" content=\"article\" \/>\n<meta property=\"og:title\" content=\"JUVENTUD | La concejal\u00eda de Juventud propone a varios mule\u00f1os y entidades locales a los Premios Juventud 2025 - Ayuntamiento de Mula\" \/>\n<meta property=\"og:description\" content=\"\u00a0 NOTA DE PRENSA &#8211; 16 DE OCTUBRE DE 2025 \u00a0 \u00a0 La concejal\u00eda de Juventud propone a varios mule\u00f1os y entidades locales a los Premios Juventud 2025 \u00a0 &nbsp; La concejal\u00eda de Juventud del Ayuntamiento de Mula ha presentado las candidaturas de varios j\u00f3venes, colectivos y asociaciones del municipio a los Premios Juventud 2025, [...]\" \/>\n<meta property=\"og:url\" content=\"https:\/\/mula.es\/web\/juventud-la-concejalia-de-juventud-propone-a-varios-mulenos-y-entidades-locales-a-los-premios-juventud-2025\/\" \/>\n<meta property=\"og:site_name\" content=\"Ayuntamiento de Mula\" \/>\n<meta property=\"article:published_time\" content=\"2025-10-16T06:28:57+00:00\" \/>\n<meta property=\"article:modified_time\" content=\"2025-10-16T06:29:07+00:00\" \/>\n<meta property=\"og:image\" content=\"https:\/\/mula.es\/web\/wp-content\/uploads\/2020\/06\/escudo-cuadrado-e1591045058235.jpg\" \/>\n\t<meta property=\"og:image:width\" content=\"200\" \/>\n\t<meta property=\"og:image:height\" content=\"218\" \/>\n\t<meta property=\"og:image:type\" content=\"image\/jpeg\" \/>\n<meta name=\"author\" content=\"Laura Salas Orcajada\" \/>\n<meta name=\"twitter:card\" content=\"summary_large_image\" \/>\n<meta name=\"twitter:creator\" content=\"@AyuntamientMula\" \/>\n<meta name=\"twitter:site\" content=\"@AyuntamientMula\" \/>\n<meta name=\"twitter:label1\" content=\"Escrito por\" \/>\n\t<meta name=\"twitter:data1\" content=\"Laura Salas Orcajada\" \/>\n\t<meta name=\"twitter:label2\" content=\"Tiempo de lectura\" \/>\n\t<meta name=\"twitter:data2\" content=\"3 minutos\" \/>\n<script type=\"application\/ld+json\" class=\"yoast-schema-graph\">{\"@context\":\"https:\\\/\\\/schema.org\",\"@graph\":[{\"@type\":\"Article\",\"@id\":\"https:\\\/\\\/mula.es\\\/web\\\/juventud-la-concejalia-de-juventud-propone-a-varios-mulenos-y-entidades-locales-a-los-premios-juventud-2025\\\/#article\",\"isPartOf\":{\"@id\":\"https:\\\/\\\/mula.es\\\/web\\\/juventud-la-concejalia-de-juventud-propone-a-varios-mulenos-y-entidades-locales-a-los-premios-juventud-2025\\\/\"},\"author\":{\"name\":\"Laura Salas Orcajada\",\"@id\":\"https:\\\/\\\/mula.es\\\/web\\\/#\\\/schema\\\/person\\\/4f10179bd364f40dceed361e61e4033f\"},\"headline\":\"JUVENTUD | La concejal\u00eda de Juventud propone a varios mule\u00f1os y entidades locales a los Premios Juventud 2025\",\"datePublished\":\"2025-10-16T06:28:57+00:00\",\"dateModified\":\"2025-10-16T06:29:07+00:00\",\"mainEntityOfPage\":{\"@id\":\"https:\\\/\\\/mula.es\\\/web\\\/juventud-la-concejalia-de-juventud-propone-a-varios-mulenos-y-entidades-locales-a-los-premios-juventud-2025\\\/\"},\"wordCount\":613,\"image\":{\"@id\":\"https:\\\/\\\/mula.es\\\/web\\\/juventud-la-concejalia-de-juventud-propone-a-varios-mulenos-y-entidades-locales-a-los-premios-juventud-2025\\\/#primaryimage\"},\"thumbnailUrl\":\"https:\\\/\\\/mula.es\\\/web\\\/wp-content\\\/uploads\\\/2020\\\/06\\\/escudo-cuadrado-e1591045058235.jpg\",\"articleSection\":[\"juventud y adolescencia\"],\"inLanguage\":\"es\"},{\"@type\":\"WebPage\",\"@id\":\"https:\\\/\\\/mula.es\\\/web\\\/juventud-la-concejalia-de-juventud-propone-a-varios-mulenos-y-entidades-locales-a-los-premios-juventud-2025\\\/\",\"url\":\"https:\\\/\\\/mula.es\\\/web\\\/juventud-la-concejalia-de-juventud-propone-a-varios-mulenos-y-entidades-locales-a-los-premios-juventud-2025\\\/\",\"name\":\"JUVENTUD | La concejal\u00eda de Juventud propone a varios mule\u00f1os y entidades locales a los Premios Juventud 2025 - Ayuntamiento de Mula\",\"isPartOf\":{\"@id\":\"https:\\\/\\\/mula.es\\\/web\\\/#website\"},\"primaryImageOfPage\":{\"@id\":\"https:\\\/\\\/mula.es\\\/web\\\/juventud-la-concejalia-de-juventud-propone-a-varios-mulenos-y-entidades-locales-a-los-premios-juventud-2025\\\/#primaryimage\"},\"image\":{\"@id\":\"https:\\\/\\\/mula.es\\\/web\\\/juventud-la-concejalia-de-juventud-propone-a-varios-mulenos-y-entidades-locales-a-los-premios-juventud-2025\\\/#primaryimage\"},\"thumbnailUrl\":\"https:\\\/\\\/mula.es\\\/web\\\/wp-content\\\/uploads\\\/2020\\\/06\\\/escudo-cuadrado-e1591045058235.jpg\",\"datePublished\":\"2025-10-16T06:28:57+00:00\",\"dateModified\":\"2025-10-16T06:29:07+00:00\",\"author\":{\"@id\":\"https:\\\/\\\/mula.es\\\/web\\\/#\\\/schema\\\/person\\\/4f10179bd364f40dceed361e61e4033f\"},\"breadcrumb\":{\"@id\":\"https:\\\/\\\/mula.es\\\/web\\\/juventud-la-concejalia-de-juventud-propone-a-varios-mulenos-y-entidades-locales-a-los-premios-juventud-2025\\\/#breadcrumb\"},\"inLanguage\":\"es\",\"potentialAction\":[{\"@type\":\"ReadAction\",\"target\":[\"https:\\\/\\\/mula.es\\\/web\\\/juventud-la-concejalia-de-juventud-propone-a-varios-mulenos-y-entidades-locales-a-los-premios-juventud-2025\\\/\"]}]},{\"@type\":\"ImageObject\",\"inLanguage\":\"es\",\"@id\":\"https:\\\/\\\/mula.es\\\/web\\\/juventud-la-concejalia-de-juventud-propone-a-varios-mulenos-y-entidades-locales-a-los-premios-juventud-2025\\\/#primaryimage\",\"url\":\"https:\\\/\\\/mula.es\\\/web\\\/wp-content\\\/uploads\\\/2020\\\/06\\\/escudo-cuadrado-e1591045058235.jpg\",\"contentUrl\":\"https:\\\/\\\/mula.es\\\/web\\\/wp-content\\\/uploads\\\/2020\\\/06\\\/escudo-cuadrado-e1591045058235.jpg\",\"width\":200,\"height\":218},{\"@type\":\"BreadcrumbList\",\"@id\":\"https:\\\/\\\/mula.es\\\/web\\\/juventud-la-concejalia-de-juventud-propone-a-varios-mulenos-y-entidades-locales-a-los-premios-juventud-2025\\\/#breadcrumb\",\"itemListElement\":[{\"@type\":\"ListItem\",\"position\":1,\"name\":\"Portada\",\"item\":\"https:\\\/\\\/mula.es\\\/web\\\/\"},{\"@type\":\"ListItem\",\"position\":2,\"name\":\"JUVENTUD | La concejal\u00eda de Juventud propone a varios mule\u00f1os y entidades locales a los Premios Juventud 2025\"}]},{\"@type\":\"WebSite\",\"@id\":\"https:\\\/\\\/mula.es\\\/web\\\/#website\",\"url\":\"https:\\\/\\\/mula.es\\\/web\\\/\",\"name\":\"Ayuntamiento de Mula\",\"description\":\"P\u00e1gina web del Ayuntamiento de Mula (Regi\u00f3n de Murcia)\",\"potentialAction\":[{\"@type\":\"SearchAction\",\"target\":{\"@type\":\"EntryPoint\",\"urlTemplate\":\"https:\\\/\\\/mula.es\\\/web\\\/?s={search_term_string}\"},\"query-input\":{\"@type\":\"PropertyValueSpecification\",\"valueRequired\":true,\"valueName\":\"search_term_string\"}}],\"inLanguage\":\"es\"},{\"@type\":\"Person\",\"@id\":\"https:\\\/\\\/mula.es\\\/web\\\/#\\\/schema\\\/person\\\/4f10179bd364f40dceed361e61e4033f\",\"name\":\"Laura Salas Orcajada\",\"image\":{\"@type\":\"ImageObject\",\"inLanguage\":\"es\",\"@id\":\"https:\\\/\\\/secure.gravatar.com\\\/avatar\\\/786f2a223d9a455e2a448f78b5dcc1117207ef56ef3d9a04df338c0f775cd403?s=96&d=mm&r=g\",\"url\":\"https:\\\/\\\/secure.gravatar.com\\\/avatar\\\/786f2a223d9a455e2a448f78b5dcc1117207ef56ef3d9a04df338c0f775cd403?s=96&d=mm&r=g\",\"contentUrl\":\"https:\\\/\\\/secure.gravatar.com\\\/avatar\\\/786f2a223d9a455e2a448f78b5dcc1117207ef56ef3d9a04df338c0f775cd403?s=96&d=mm&r=g\",\"caption\":\"Laura Salas Orcajada\"},\"url\":\"https:\\\/\\\/mula.es\\\/web\\\/author\\\/lsalas\\\/\"}]}<\/script>\n<!-- \/ Yoast SEO plugin. -->","yoast_head_json":{"title":"JUVENTUD | La concejal\u00eda de Juventud propone a varios mule\u00f1os y entidades locales a los Premios Juventud 2025 - Ayuntamiento de Mula","robots":{"index":"index","follow":"follow","max-snippet":"max-snippet:-1","max-image-preview":"max-image-preview:large","max-video-preview":"max-video-preview:-1"},"canonical":"https:\/\/mula.es\/web\/juventud-la-concejalia-de-juventud-propone-a-varios-mulenos-y-entidades-locales-a-los-premios-juventud-2025\/","og_locale":"es_ES","og_type":"article","og_title":"JUVENTUD | La concejal\u00eda de Juventud propone a varios mule\u00f1os y entidades locales a los Premios Juventud 2025 - Ayuntamiento de Mula","og_description":"\u00a0 NOTA DE PRENSA &#8211; 16 DE OCTUBRE DE 2025 \u00a0 \u00a0 La concejal\u00eda de Juventud propone a varios mule\u00f1os y entidades locales a los Premios Juventud 2025 \u00a0 &nbsp; La concejal\u00eda de Juventud del Ayuntamiento de Mula ha presentado las candidaturas de varios j\u00f3venes, colectivos y asociaciones del municipio a los Premios Juventud 2025, [...]","og_url":"https:\/\/mula.es\/web\/juventud-la-concejalia-de-juventud-propone-a-varios-mulenos-y-entidades-locales-a-los-premios-juventud-2025\/","og_site_name":"Ayuntamiento de Mula","article_published_time":"2025-10-16T06:28:57+00:00","article_modified_time":"2025-10-16T06:29:07+00:00","og_image":[{"width":200,"height":218,"url":"https:\/\/mula.es\/web\/wp-content\/uploads\/2020\/06\/escudo-cuadrado-e1591045058235.jpg","type":"image\/jpeg"}],"author":"Laura Salas Orcajada","twitter_card":"summary_large_image","twitter_creator":"@AyuntamientMula","twitter_site":"@AyuntamientMula","twitter_misc":{"Escrito por":"Laura Salas Orcajada","Tiempo de lectura":"3 minutos"},"schema":{"@context":"https:\/\/schema.org","@graph":[{"@type":"Article","@id":"https:\/\/mula.es\/web\/juventud-la-concejalia-de-juventud-propone-a-varios-mulenos-y-entidades-locales-a-los-premios-juventud-2025\/#article","isPartOf":{"@id":"https:\/\/mula.es\/web\/juventud-la-concejalia-de-juventud-propone-a-varios-mulenos-y-entidades-locales-a-los-premios-juventud-2025\/"},"author":{"name":"Laura Salas Orcajada","@id":"https:\/\/mula.es\/web\/#\/schema\/person\/4f10179bd364f40dceed361e61e4033f"},"headline":"JUVENTUD | La concejal\u00eda de Juventud propone a varios mule\u00f1os y entidades locales a los Premios Juventud 2025","datePublished":"2025-10-16T06:28:57+00:00","dateModified":"2025-10-16T06:29:07+00:00","mainEntityOfPage":{"@id":"https:\/\/mula.es\/web\/juventud-la-concejalia-de-juventud-propone-a-varios-mulenos-y-entidades-locales-a-los-premios-juventud-2025\/"},"wordCount":613,"image":{"@id":"https:\/\/mula.es\/web\/juventud-la-concejalia-de-juventud-propone-a-varios-mulenos-y-entidades-locales-a-los-premios-juventud-2025\/#primaryimage"},"thumbnailUrl":"https:\/\/mula.es\/web\/wp-content\/uploads\/2020\/06\/escudo-cuadrado-e1591045058235.jpg","articleSection":["juventud y adolescencia"],"inLanguage":"es"},{"@type":"WebPage","@id":"https:\/\/mula.es\/web\/juventud-la-concejalia-de-juventud-propone-a-varios-mulenos-y-entidades-locales-a-los-premios-juventud-2025\/","url":"https:\/\/mula.es\/web\/juventud-la-concejalia-de-juventud-propone-a-varios-mulenos-y-entidades-locales-a-los-premios-juventud-2025\/","name":"JUVENTUD | La concejal\u00eda de Juventud propone a varios mule\u00f1os y entidades locales a los Premios Juventud 2025 - Ayuntamiento de Mula","isPartOf":{"@id":"https:\/\/mula.es\/web\/#website"},"primaryImageOfPage":{"@id":"https:\/\/mula.es\/web\/juventud-la-concejalia-de-juventud-propone-a-varios-mulenos-y-entidades-locales-a-los-premios-juventud-2025\/#primaryimage"},"image":{"@id":"https:\/\/mula.es\/web\/juventud-la-concejalia-de-juventud-propone-a-varios-mulenos-y-entidades-locales-a-los-premios-juventud-2025\/#primaryimage"},"thumbnailUrl":"https:\/\/mula.es\/web\/wp-content\/uploads\/2020\/06\/escudo-cuadrado-e1591045058235.jpg","datePublished":"2025-10-16T06:28:57+00:00","dateModified":"2025-10-16T06:29:07+00:00","author":{"@id":"https:\/\/mula.es\/web\/#\/schema\/person\/4f10179bd364f40dceed361e61e4033f"},"breadcrumb":{"@id":"https:\/\/mula.es\/web\/juventud-la-concejalia-de-juventud-propone-a-varios-mulenos-y-entidades-locales-a-los-premios-juventud-2025\/#breadcrumb"},"inLanguage":"es","potentialAction":[{"@type":"ReadAction","target":["https:\/\/mula.es\/web\/juventud-la-concejalia-de-juventud-propone-a-varios-mulenos-y-entidades-locales-a-los-premios-juventud-2025\/"]}]},{"@type":"ImageObject","inLanguage":"es","@id":"https:\/\/mula.es\/web\/juventud-la-concejalia-de-juventud-propone-a-varios-mulenos-y-entidades-locales-a-los-premios-juventud-2025\/#primaryimage","url":"https:\/\/mula.es\/web\/wp-content\/uploads\/2020\/06\/escudo-cuadrado-e1591045058235.jpg","contentUrl":"https:\/\/mula.es\/web\/wp-content\/uploads\/2020\/06\/escudo-cuadrado-e1591045058235.jpg","width":200,"height":218},{"@type":"BreadcrumbList","@id":"https:\/\/mula.es\/web\/juventud-la-concejalia-de-juventud-propone-a-varios-mulenos-y-entidades-locales-a-los-premios-juventud-2025\/#breadcrumb","itemListElement":[{"@type":"ListItem","position":1,"name":"Portada","item":"https:\/\/mula.es\/web\/"},{"@type":"ListItem","position":2,"name":"JUVENTUD | La concejal\u00eda de Juventud propone a varios mule\u00f1os y entidades locales a los Premios Juventud 2025"}]},{"@type":"WebSite","@id":"https:\/\/mula.es\/web\/#website","url":"https:\/\/mula.es\/web\/","name":"Ayuntamiento de Mula","description":"P\u00e1gina web del Ayuntamiento de Mula (Regi\u00f3n de Murcia)","potentialAction":[{"@type":"SearchAction","target":{"@type":"EntryPoint","urlTemplate":"https:\/\/mula.es\/web\/?s={search_term_string}"},"query-input":{"@type":"PropertyValueSpecification","valueRequired":true,"valueName":"search_term_string"}}],"inLanguage":"es"},{"@type":"Person","@id":"https:\/\/mula.es\/web\/#\/schema\/person\/4f10179bd364f40dceed361e61e4033f","name":"Laura Salas Orcajada","image":{"@type":"ImageObject","inLanguage":"es","@id":"https:\/\/secure.gravatar.com\/avatar\/786f2a223d9a455e2a448f78b5dcc1117207ef56ef3d9a04df338c0f775cd403?s=96&d=mm&r=g","url":"https:\/\/secure.gravatar.com\/avatar\/786f2a223d9a455e2a448f78b5dcc1117207ef56ef3d9a04df338c0f775cd403?s=96&d=mm&r=g","contentUrl":"https:\/\/secure.gravatar.com\/avatar\/786f2a223d9a455e2a448f78b5dcc1117207ef56ef3d9a04df338c0f775cd403?s=96&d=mm&r=g","caption":"Laura Salas Orcajada"},"url":"https:\/\/mula.es\/web\/author\/lsalas\/"}]}},"jetpack_publicize_connections":[],"jetpack_featured_media_url":"https:\/\/mula.es\/web\/wp-content\/uploads\/2020\/06\/escudo-cuadrado-e1591045058235.jpg","jetpack_sharing_enabled":true,"jetpack_shortlink":"https:\/\/wp.me\/pa9DMY-fzE","jetpack-related-posts":[],"_links":{"self":[{"href":"https:\/\/mula.es\/web\/wp-json\/wp\/v2\/posts\/59870","targetHints":{"allow":["GET"]}}],"collection":[{"href":"https:\/\/mula.es\/web\/wp-json\/wp\/v2\/posts"}],"about":[{"href":"https:\/\/mula.es\/web\/wp-json\/wp\/v2\/types\/post"}],"author":[{"embeddable":true,"href":"https:\/\/mula.es\/web\/wp-json\/wp\/v2\/users\/13"}],"replies":[{"embeddable":true,"href":"https:\/\/mula.es\/web\/wp-json\/wp\/v2\/comments?post=59870"}],"version-history":[{"count":2,"href":"https:\/\/mula.es\/web\/wp-json\/wp\/v2\/posts\/59870\/revisions"}],"predecessor-version":[{"id":59874,"href":"https:\/\/mula.es\/web\/wp-json\/wp\/v2\/posts\/59870\/revisions\/59874"}],"wp:featuredmedia":[{"embeddable":true,"href":"https:\/\/mula.es\/web\/wp-json\/wp\/v2\/media\/33512"}],"wp:attachment":[{"href":"https:\/\/mula.es\/web\/wp-json\/wp\/v2\/media?parent=59870"}],"wp:term":[{"taxonomy":"category","embeddable":true,"href":"https:\/\/mula.es\/web\/wp-json\/wp\/v2\/categories?post=59870"},{"taxonomy":"post_tag","embeddable":true,"href":"https:\/\/mula.es\/web\/wp-json\/wp\/v2\/tags?post=59870"}],"curies":[{"name":"wp","href":"https:\/\/api.w.org\/{rel}","templated":true}]}}