{"id":59878,"date":"2025-10-17T13:53:52","date_gmt":"2025-10-17T11:53:52","guid":{"rendered":"https:\/\/mula.es\/web\/?p=59878"},"modified":"2025-10-17T14:02:36","modified_gmt":"2025-10-17T12:02:36","slug":"patrimonio-la-creacion-de-la-red-de-conjuntos-historicos-de-la-region-de-murcia-se-consolida-en-lorca-con-el-impulso-inicial-del-ayuntamiento-de-mula","status":"publish","type":"post","link":"https:\/\/mula.es\/web\/patrimonio-la-creacion-de-la-red-de-conjuntos-historicos-de-la-region-de-murcia-se-consolida-en-lorca-con-el-impulso-inicial-del-ayuntamiento-de-mula\/","title":{"rendered":"PATRIMONIO | La creaci\u00f3n de la Red de Conjuntos Hist\u00f3ricos de la Regi\u00f3n de Murcia se consolida en Lorca con el impulso inicial del Ayuntamiento de Mula"},"content":{"rendered":"<p><strong>\u00a0<\/strong><\/p>\n<p><strong>NOTA DE PRENSA &#8211; 17 DE OCTUBRE DE 2025<\/strong><\/p>\n<p><strong>\u00a0<\/strong><\/p>\n<h2><strong>\u00a0<\/strong><\/h2>\n<h2><strong>La creaci\u00f3n de la Red de Conjuntos Hist\u00f3ricos de la Regi\u00f3n de Murcia se consolida en Lorca con el impulso inicial del Ayuntamiento de Mula<\/strong><\/h2>\n<h2><strong>\u00a0<\/strong><\/h2>\n<p>El Palacio Guevara de Lorca ha acogido hoy el acto de constituci\u00f3n oficial de la <strong>Red de Conjuntos Hist\u00f3ricos de la Regi\u00f3n de Murcia<\/strong>, una iniciativa pionera que nace con el objetivo de <strong>proteger, poner en valor y coordinar acciones conjuntas<\/strong> de conservaci\u00f3n, promoci\u00f3n y gesti\u00f3n del patrimonio urbano e hist\u00f3rico de los municipios murcianos declarados conjuntos hist\u00f3ricos.<\/p>\n<p>La Red est\u00e1 integrada por los municipios de <strong>Mula, Beniel, Jumilla, Caravaca de la Cruz, Cartagena, Murcia, Lorca, Aledo y Ceheg\u00edn<\/strong>, todos ellos con una notable riqueza patrimonial que refleja la diversidad hist\u00f3rica, arquitect\u00f3nica y cultural de la Regi\u00f3n.<\/p>\n<p>El <strong>Ayuntamiento de Mula<\/strong> fue el impulsor de esta iniciativa en el a\u00f1o <strong>2022<\/strong>, cuando promovi\u00f3 un primer encuentro entre las localidades con conjuntos hist\u00f3ricos reconocidos. En aquel encuentro, celebrado en el <strong>Convento de San Francisco de Mula<\/strong>, se puso de manifiesto la necesidad de crear un \u00f3rgano de colaboraci\u00f3n que sirviera como foro de di\u00e1logo, coordinaci\u00f3n t\u00e9cnica y defensa del patrimonio urbano frente a los retos comunes de los cascos antiguos.<\/p>\n<p>Desde entonces, el trabajo conjunto entre los municipios y el impulso de la <strong>Asociaci\u00f3n en Defensa del Casco Hist\u00f3rico de Lorca<\/strong> han hecho posible que esta Red se convierta hoy en una realidad consolidada.<\/p>\n<p>Durante el acto celebrado en Lorca, los alcaldes de los distintos municipios han coincidido en destacar la importancia de <strong>unir esfuerzos y estrategias<\/strong> para garantizar la conservaci\u00f3n de los entornos hist\u00f3ricos, fomentar la rehabilitaci\u00f3n de viviendas, impulsar el turismo cultural y mantener viva la identidad de las ciudades y pueblos de la Regi\u00f3n.<\/p>\n<p>Por otra parte, tambi\u00e9n se ha reconocido a <strong>Mula<\/strong> como una ciudad destacada en el trabajo orientado a la <strong>recuperaci\u00f3n y rehabilitaci\u00f3n del patrimonio<\/strong>.<\/p>\n<p>El alcalde de Mula, <strong>Juan Jes\u00fas Moreno<\/strong>, ha expresado \u201cel orgullo de que Mula haya sido el punto de partida de este proyecto colectivo que hoy da sus primeros pasos oficiales. Nuestra ciudad cuenta con uno de los conjuntos hist\u00f3ricos m\u00e1s singulares de la Regi\u00f3n, y creemos firmemente que la colaboraci\u00f3n entre municipios es el camino m\u00e1s eficaz para proteger lo que nos identifica y nos hace \u00fanicos\u201d.<\/p>\n<p>Adem\u00e1s, ha recordado que <strong>Mula es la \u00fanica ciudad de la Regi\u00f3n<\/strong> que cuenta con un <strong>Consejo Municipal de Patrimonio Hist\u00f3rico-Art\u00edstico<\/strong> constituido.<\/p>\n<p>La <strong>Red de Conjuntos Hist\u00f3ricos de la Regi\u00f3n de Murcia<\/strong> nace con la vocaci\u00f3n de convertirse en un <strong>instrumento permanente de cooperaci\u00f3n institucional<\/strong>, promoviendo proyectos comunes, jornadas formativas, campa\u00f1as de sensibilizaci\u00f3n ciudadana y la b\u00fasqueda conjunta de financiaci\u00f3n auton\u00f3mica, estatal y europea para la recuperaci\u00f3n del patrimonio.<\/p>\n<p>En el encuentro tambi\u00e9n han estado presentes los <strong>directores generales de Patrimonio Cultural y de Turismo<\/strong>, cuya participaci\u00f3n resulta fundamental para el impulso y la revitalizaci\u00f3n de los entornos hist\u00f3ricos.<\/p>\n<p>Con este acto, la <strong>Regi\u00f3n de Murcia<\/strong> da un paso firme hacia una <strong>pol\u00edtica patrimonial compartida<\/strong>, en la que <strong>Mula se consolida como ciudad impulsora y referente en la defensa del legado hist\u00f3rico y cultural.<\/strong><\/p>\n<p>&nbsp;<\/p>\n<p><a href=\"https:\/\/mula.es\/web\/wp-content\/uploads\/2025\/10\/1-4-scaled.jpg\"><img decoding=\"async\" data-attachment-id=\"59880\" data-permalink=\"https:\/\/mula.es\/web\/patrimonio-la-creacion-de-la-red-de-conjuntos-historicos-de-la-region-de-murcia-se-consolida-en-lorca-con-el-impulso-inicial-del-ayuntamiento-de-mula\/1-348\/\" data-orig-file=\"https:\/\/mula.es\/web\/wp-content\/uploads\/2025\/10\/1-4-scaled.jpg\" data-orig-size=\"2560,1707\" data-comments-opened=\"0\" data-image-meta=\"{&quot;aperture&quot;:&quot;0&quot;,&quot;credit&quot;:&quot;&quot;,&quot;camera&quot;:&quot;&quot;,&quot;caption&quot;:&quot;&quot;,&quot;created_timestamp&quot;:&quot;0&quot;,&quot;copyright&quot;:&quot;&quot;,&quot;focal_length&quot;:&quot;0&quot;,&quot;iso&quot;:&quot;0&quot;,&quot;shutter_speed&quot;:&quot;0&quot;,&quot;title&quot;:&quot;&quot;,&quot;orientation&quot;:&quot;1&quot;}\" data-image-title=\"1\" data-image-description=\"\" data-image-caption=\"\" data-large-file=\"https:\/\/mula.es\/web\/wp-content\/uploads\/2025\/10\/1-4-1024x683.jpg\" class=\"alignnone size-medium wp-image-59880\" src=\"https:\/\/mula.es\/web\/wp-content\/uploads\/2025\/10\/1-4-300x200.jpg\" alt=\"\" width=\"300\" height=\"200\" srcset=\"https:\/\/mula.es\/web\/wp-content\/uploads\/2025\/10\/1-4-200x133.jpg 200w, https:\/\/mula.es\/web\/wp-content\/uploads\/2025\/10\/1-4-300x200.jpg 300w, https:\/\/mula.es\/web\/wp-content\/uploads\/2025\/10\/1-4-400x267.jpg 400w, https:\/\/mula.es\/web\/wp-content\/uploads\/2025\/10\/1-4-600x400.jpg 600w, https:\/\/mula.es\/web\/wp-content\/uploads\/2025\/10\/1-4-768x512.jpg 768w, https:\/\/mula.es\/web\/wp-content\/uploads\/2025\/10\/1-4-800x533.jpg 800w, https:\/\/mula.es\/web\/wp-content\/uploads\/2025\/10\/1-4-1024x683.jpg 1024w, https:\/\/mula.es\/web\/wp-content\/uploads\/2025\/10\/1-4-1200x800.jpg 1200w, https:\/\/mula.es\/web\/wp-content\/uploads\/2025\/10\/1-4-1536x1024.jpg 1536w\" sizes=\"(max-width: 300px) 100vw, 300px\" \/><\/a> <a href=\"https:\/\/mula.es\/web\/wp-content\/uploads\/2025\/10\/2-4-scaled.jpg\"><img decoding=\"async\" data-attachment-id=\"59881\" data-permalink=\"https:\/\/mula.es\/web\/patrimonio-la-creacion-de-la-red-de-conjuntos-historicos-de-la-region-de-murcia-se-consolida-en-lorca-con-el-impulso-inicial-del-ayuntamiento-de-mula\/2-325\/\" data-orig-file=\"https:\/\/mula.es\/web\/wp-content\/uploads\/2025\/10\/2-4-scaled.jpg\" data-orig-size=\"2560,1707\" data-comments-opened=\"0\" data-image-meta=\"{&quot;aperture&quot;:&quot;0&quot;,&quot;credit&quot;:&quot;&quot;,&quot;camera&quot;:&quot;&quot;,&quot;caption&quot;:&quot;&quot;,&quot;created_timestamp&quot;:&quot;0&quot;,&quot;copyright&quot;:&quot;&quot;,&quot;focal_length&quot;:&quot;0&quot;,&quot;iso&quot;:&quot;0&quot;,&quot;shutter_speed&quot;:&quot;0&quot;,&quot;title&quot;:&quot;&quot;,&quot;orientation&quot;:&quot;1&quot;}\" data-image-title=\"2\" data-image-description=\"\" data-image-caption=\"\" data-large-file=\"https:\/\/mula.es\/web\/wp-content\/uploads\/2025\/10\/2-4-1024x683.jpg\" class=\"alignnone size-medium wp-image-59881\" src=\"https:\/\/mula.es\/web\/wp-content\/uploads\/2025\/10\/2-4-300x200.jpg\" alt=\"\" width=\"300\" height=\"200\" srcset=\"https:\/\/mula.es\/web\/wp-content\/uploads\/2025\/10\/2-4-200x133.jpg 200w, https:\/\/mula.es\/web\/wp-content\/uploads\/2025\/10\/2-4-300x200.jpg 300w, https:\/\/mula.es\/web\/wp-content\/uploads\/2025\/10\/2-4-400x267.jpg 400w, https:\/\/mula.es\/web\/wp-content\/uploads\/2025\/10\/2-4-600x400.jpg 600w, https:\/\/mula.es\/web\/wp-content\/uploads\/2025\/10\/2-4-768x512.jpg 768w, https:\/\/mula.es\/web\/wp-content\/uploads\/2025\/10\/2-4-800x533.jpg 800w, https:\/\/mula.es\/web\/wp-content\/uploads\/2025\/10\/2-4-1024x683.jpg 1024w, https:\/\/mula.es\/web\/wp-content\/uploads\/2025\/10\/2-4-1200x800.jpg 1200w, https:\/\/mula.es\/web\/wp-content\/uploads\/2025\/10\/2-4-1536x1024.jpg 1536w\" sizes=\"(max-width: 300px) 100vw, 300px\" \/><\/a> <a href=\"https:\/\/mula.es\/web\/wp-content\/uploads\/2025\/10\/3-4-scaled.jpg\"><img decoding=\"async\" data-attachment-id=\"59882\" data-permalink=\"https:\/\/mula.es\/web\/patrimonio-la-creacion-de-la-red-de-conjuntos-historicos-de-la-region-de-murcia-se-consolida-en-lorca-con-el-impulso-inicial-del-ayuntamiento-de-mula\/3-279\/\" data-orig-file=\"https:\/\/mula.es\/web\/wp-content\/uploads\/2025\/10\/3-4-scaled.jpg\" data-orig-size=\"2560,1707\" data-comments-opened=\"0\" data-image-meta=\"{&quot;aperture&quot;:&quot;0&quot;,&quot;credit&quot;:&quot;&quot;,&quot;camera&quot;:&quot;&quot;,&quot;caption&quot;:&quot;&quot;,&quot;created_timestamp&quot;:&quot;0&quot;,&quot;copyright&quot;:&quot;&quot;,&quot;focal_length&quot;:&quot;0&quot;,&quot;iso&quot;:&quot;0&quot;,&quot;shutter_speed&quot;:&quot;0&quot;,&quot;title&quot;:&quot;&quot;,&quot;orientation&quot;:&quot;1&quot;}\" data-image-title=\"3\" data-image-description=\"\" data-image-caption=\"\" data-large-file=\"https:\/\/mula.es\/web\/wp-content\/uploads\/2025\/10\/3-4-1024x683.jpg\" class=\"alignnone size-medium wp-image-59882\" src=\"https:\/\/mula.es\/web\/wp-content\/uploads\/2025\/10\/3-4-300x200.jpg\" alt=\"\" width=\"300\" height=\"200\" srcset=\"https:\/\/mula.es\/web\/wp-content\/uploads\/2025\/10\/3-4-200x133.jpg 200w, https:\/\/mula.es\/web\/wp-content\/uploads\/2025\/10\/3-4-300x200.jpg 300w, https:\/\/mula.es\/web\/wp-content\/uploads\/2025\/10\/3-4-400x267.jpg 400w, https:\/\/mula.es\/web\/wp-content\/uploads\/2025\/10\/3-4-600x400.jpg 600w, https:\/\/mula.es\/web\/wp-content\/uploads\/2025\/10\/3-4-768x512.jpg 768w, https:\/\/mula.es\/web\/wp-content\/uploads\/2025\/10\/3-4-800x533.jpg 800w, https:\/\/mula.es\/web\/wp-content\/uploads\/2025\/10\/3-4-1024x683.jpg 1024w, https:\/\/mula.es\/web\/wp-content\/uploads\/2025\/10\/3-4-1200x800.jpg 1200w, https:\/\/mula.es\/web\/wp-content\/uploads\/2025\/10\/3-4-1536x1024.jpg 1536w\" sizes=\"(max-width: 300px) 100vw, 300px\" \/><\/a> <a href=\"https:\/\/mula.es\/web\/wp-content\/uploads\/2025\/10\/4-2-scaled.jpg\"><img decoding=\"async\" data-attachment-id=\"59883\" data-permalink=\"https:\/\/mula.es\/web\/patrimonio-la-creacion-de-la-red-de-conjuntos-historicos-de-la-region-de-murcia-se-consolida-en-lorca-con-el-impulso-inicial-del-ayuntamiento-de-mula\/4-207\/\" data-orig-file=\"https:\/\/mula.es\/web\/wp-content\/uploads\/2025\/10\/4-2-scaled.jpg\" data-orig-size=\"2560,1707\" data-comments-opened=\"0\" data-image-meta=\"{&quot;aperture&quot;:&quot;0&quot;,&quot;credit&quot;:&quot;&quot;,&quot;camera&quot;:&quot;&quot;,&quot;caption&quot;:&quot;&quot;,&quot;created_timestamp&quot;:&quot;0&quot;,&quot;copyright&quot;:&quot;&quot;,&quot;focal_length&quot;:&quot;0&quot;,&quot;iso&quot;:&quot;0&quot;,&quot;shutter_speed&quot;:&quot;0&quot;,&quot;title&quot;:&quot;&quot;,&quot;orientation&quot;:&quot;1&quot;}\" data-image-title=\"4\" data-image-description=\"\" data-image-caption=\"\" data-large-file=\"https:\/\/mula.es\/web\/wp-content\/uploads\/2025\/10\/4-2-1024x683.jpg\" class=\"alignnone size-medium wp-image-59883\" src=\"https:\/\/mula.es\/web\/wp-content\/uploads\/2025\/10\/4-2-300x200.jpg\" alt=\"\" width=\"300\" height=\"200\" srcset=\"https:\/\/mula.es\/web\/wp-content\/uploads\/2025\/10\/4-2-200x133.jpg 200w, https:\/\/mula.es\/web\/wp-content\/uploads\/2025\/10\/4-2-300x200.jpg 300w, https:\/\/mula.es\/web\/wp-content\/uploads\/2025\/10\/4-2-400x267.jpg 400w, https:\/\/mula.es\/web\/wp-content\/uploads\/2025\/10\/4-2-600x400.jpg 600w, https:\/\/mula.es\/web\/wp-content\/uploads\/2025\/10\/4-2-768x512.jpg 768w, https:\/\/mula.es\/web\/wp-content\/uploads\/2025\/10\/4-2-800x533.jpg 800w, https:\/\/mula.es\/web\/wp-content\/uploads\/2025\/10\/4-2-1024x683.jpg 1024w, https:\/\/mula.es\/web\/wp-content\/uploads\/2025\/10\/4-2-1200x800.jpg 1200w, https:\/\/mula.es\/web\/wp-content\/uploads\/2025\/10\/4-2-1536x1024.jpg 1536w\" sizes=\"(max-width: 300px) 100vw, 300px\" \/><\/a> <a href=\"https:\/\/mula.es\/web\/wp-content\/uploads\/2025\/10\/5-2-scaled.jpg\"><img decoding=\"async\" data-attachment-id=\"59884\" data-permalink=\"https:\/\/mula.es\/web\/patrimonio-la-creacion-de-la-red-de-conjuntos-historicos-de-la-region-de-murcia-se-consolida-en-lorca-con-el-impulso-inicial-del-ayuntamiento-de-mula\/5-155\/\" data-orig-file=\"https:\/\/mula.es\/web\/wp-content\/uploads\/2025\/10\/5-2-scaled.jpg\" data-orig-size=\"2560,1707\" data-comments-opened=\"0\" data-image-meta=\"{&quot;aperture&quot;:&quot;0&quot;,&quot;credit&quot;:&quot;&quot;,&quot;camera&quot;:&quot;&quot;,&quot;caption&quot;:&quot;&quot;,&quot;created_timestamp&quot;:&quot;0&quot;,&quot;copyright&quot;:&quot;&quot;,&quot;focal_length&quot;:&quot;0&quot;,&quot;iso&quot;:&quot;0&quot;,&quot;shutter_speed&quot;:&quot;0&quot;,&quot;title&quot;:&quot;&quot;,&quot;orientation&quot;:&quot;1&quot;}\" data-image-title=\"5\" data-image-description=\"\" data-image-caption=\"\" data-large-file=\"https:\/\/mula.es\/web\/wp-content\/uploads\/2025\/10\/5-2-1024x683.jpg\" class=\"alignnone size-medium wp-image-59884\" src=\"https:\/\/mula.es\/web\/wp-content\/uploads\/2025\/10\/5-2-300x200.jpg\" alt=\"\" width=\"300\" height=\"200\" srcset=\"https:\/\/mula.es\/web\/wp-content\/uploads\/2025\/10\/5-2-200x133.jpg 200w, https:\/\/mula.es\/web\/wp-content\/uploads\/2025\/10\/5-2-300x200.jpg 300w, https:\/\/mula.es\/web\/wp-content\/uploads\/2025\/10\/5-2-400x267.jpg 400w, https:\/\/mula.es\/web\/wp-content\/uploads\/2025\/10\/5-2-600x400.jpg 600w, https:\/\/mula.es\/web\/wp-content\/uploads\/2025\/10\/5-2-768x512.jpg 768w, https:\/\/mula.es\/web\/wp-content\/uploads\/2025\/10\/5-2-800x533.jpg 800w, https:\/\/mula.es\/web\/wp-content\/uploads\/2025\/10\/5-2-1024x683.jpg 1024w, https:\/\/mula.es\/web\/wp-content\/uploads\/2025\/10\/5-2-1200x800.jpg 1200w, https:\/\/mula.es\/web\/wp-content\/uploads\/2025\/10\/5-2-1536x1024.jpg 1536w\" sizes=\"(max-width: 300px) 100vw, 300px\" \/><\/a> <a href=\"https:\/\/mula.es\/web\/wp-content\/uploads\/2025\/10\/6-2-scaled.jpg\"><img decoding=\"async\" data-attachment-id=\"59885\" data-permalink=\"https:\/\/mula.es\/web\/patrimonio-la-creacion-de-la-red-de-conjuntos-historicos-de-la-region-de-murcia-se-consolida-en-lorca-con-el-impulso-inicial-del-ayuntamiento-de-mula\/6-104\/\" data-orig-file=\"https:\/\/mula.es\/web\/wp-content\/uploads\/2025\/10\/6-2-scaled.jpg\" data-orig-size=\"2560,1707\" data-comments-opened=\"0\" data-image-meta=\"{&quot;aperture&quot;:&quot;0&quot;,&quot;credit&quot;:&quot;&quot;,&quot;camera&quot;:&quot;&quot;,&quot;caption&quot;:&quot;&quot;,&quot;created_timestamp&quot;:&quot;0&quot;,&quot;copyright&quot;:&quot;&quot;,&quot;focal_length&quot;:&quot;0&quot;,&quot;iso&quot;:&quot;0&quot;,&quot;shutter_speed&quot;:&quot;0&quot;,&quot;title&quot;:&quot;&quot;,&quot;orientation&quot;:&quot;1&quot;}\" data-image-title=\"6\" data-image-description=\"\" data-image-caption=\"\" data-large-file=\"https:\/\/mula.es\/web\/wp-content\/uploads\/2025\/10\/6-2-1024x683.jpg\" class=\"alignnone size-medium wp-image-59885\" src=\"https:\/\/mula.es\/web\/wp-content\/uploads\/2025\/10\/6-2-300x200.jpg\" alt=\"\" width=\"300\" height=\"200\" srcset=\"https:\/\/mula.es\/web\/wp-content\/uploads\/2025\/10\/6-2-200x133.jpg 200w, https:\/\/mula.es\/web\/wp-content\/uploads\/2025\/10\/6-2-300x200.jpg 300w, https:\/\/mula.es\/web\/wp-content\/uploads\/2025\/10\/6-2-400x267.jpg 400w, https:\/\/mula.es\/web\/wp-content\/uploads\/2025\/10\/6-2-600x400.jpg 600w, https:\/\/mula.es\/web\/wp-content\/uploads\/2025\/10\/6-2-768x512.jpg 768w, https:\/\/mula.es\/web\/wp-content\/uploads\/2025\/10\/6-2-800x533.jpg 800w, https:\/\/mula.es\/web\/wp-content\/uploads\/2025\/10\/6-2-1024x683.jpg 1024w, https:\/\/mula.es\/web\/wp-content\/uploads\/2025\/10\/6-2-1200x800.jpg 1200w, https:\/\/mula.es\/web\/wp-content\/uploads\/2025\/10\/6-2-1536x1024.jpg 1536w\" sizes=\"(max-width: 300px) 100vw, 300px\" \/><\/a> <a href=\"https:\/\/mula.es\/web\/wp-content\/uploads\/2025\/10\/7-scaled.jpg\"><img decoding=\"async\" data-attachment-id=\"59886\" data-permalink=\"https:\/\/mula.es\/web\/patrimonio-la-creacion-de-la-red-de-conjuntos-historicos-de-la-region-de-murcia-se-consolida-en-lorca-con-el-impulso-inicial-del-ayuntamiento-de-mula\/7-86\/\" data-orig-file=\"https:\/\/mula.es\/web\/wp-content\/uploads\/2025\/10\/7-scaled.jpg\" data-orig-size=\"2560,1707\" data-comments-opened=\"0\" data-image-meta=\"{&quot;aperture&quot;:&quot;0&quot;,&quot;credit&quot;:&quot;&quot;,&quot;camera&quot;:&quot;&quot;,&quot;caption&quot;:&quot;&quot;,&quot;created_timestamp&quot;:&quot;0&quot;,&quot;copyright&quot;:&quot;&quot;,&quot;focal_length&quot;:&quot;0&quot;,&quot;iso&quot;:&quot;0&quot;,&quot;shutter_speed&quot;:&quot;0&quot;,&quot;title&quot;:&quot;&quot;,&quot;orientation&quot;:&quot;1&quot;}\" data-image-title=\"7\" data-image-description=\"\" data-image-caption=\"\" data-large-file=\"https:\/\/mula.es\/web\/wp-content\/uploads\/2025\/10\/7-1024x683.jpg\" class=\"alignnone size-medium wp-image-59886\" src=\"https:\/\/mula.es\/web\/wp-content\/uploads\/2025\/10\/7-300x200.jpg\" alt=\"\" width=\"300\" height=\"200\" srcset=\"https:\/\/mula.es\/web\/wp-content\/uploads\/2025\/10\/7-200x133.jpg 200w, https:\/\/mula.es\/web\/wp-content\/uploads\/2025\/10\/7-300x200.jpg 300w, https:\/\/mula.es\/web\/wp-content\/uploads\/2025\/10\/7-400x267.jpg 400w, https:\/\/mula.es\/web\/wp-content\/uploads\/2025\/10\/7-600x400.jpg 600w, https:\/\/mula.es\/web\/wp-content\/uploads\/2025\/10\/7-768x512.jpg 768w, https:\/\/mula.es\/web\/wp-content\/uploads\/2025\/10\/7-800x533.jpg 800w, https:\/\/mula.es\/web\/wp-content\/uploads\/2025\/10\/7-1024x683.jpg 1024w, https:\/\/mula.es\/web\/wp-content\/uploads\/2025\/10\/7-1200x800.jpg 1200w, https:\/\/mula.es\/web\/wp-content\/uploads\/2025\/10\/7-1536x1024.jpg 1536w\" sizes=\"(max-width: 300px) 100vw, 300px\" \/><\/a> <a href=\"https:\/\/mula.es\/web\/wp-content\/uploads\/2025\/10\/8-scaled.jpg\"><img decoding=\"async\" data-attachment-id=\"59887\" data-permalink=\"https:\/\/mula.es\/web\/patrimonio-la-creacion-de-la-red-de-conjuntos-historicos-de-la-region-de-murcia-se-consolida-en-lorca-con-el-impulso-inicial-del-ayuntamiento-de-mula\/8-65\/\" data-orig-file=\"https:\/\/mula.es\/web\/wp-content\/uploads\/2025\/10\/8-scaled.jpg\" data-orig-size=\"2560,1707\" data-comments-opened=\"0\" data-image-meta=\"{&quot;aperture&quot;:&quot;0&quot;,&quot;credit&quot;:&quot;&quot;,&quot;camera&quot;:&quot;&quot;,&quot;caption&quot;:&quot;&quot;,&quot;created_timestamp&quot;:&quot;0&quot;,&quot;copyright&quot;:&quot;&quot;,&quot;focal_length&quot;:&quot;0&quot;,&quot;iso&quot;:&quot;0&quot;,&quot;shutter_speed&quot;:&quot;0&quot;,&quot;title&quot;:&quot;&quot;,&quot;orientation&quot;:&quot;1&quot;}\" data-image-title=\"8\" data-image-description=\"\" data-image-caption=\"\" data-large-file=\"https:\/\/mula.es\/web\/wp-content\/uploads\/2025\/10\/8-1024x683.jpg\" class=\"alignnone size-medium wp-image-59887\" src=\"https:\/\/mula.es\/web\/wp-content\/uploads\/2025\/10\/8-300x200.jpg\" alt=\"\" width=\"300\" height=\"200\" srcset=\"https:\/\/mula.es\/web\/wp-content\/uploads\/2025\/10\/8-200x133.jpg 200w, https:\/\/mula.es\/web\/wp-content\/uploads\/2025\/10\/8-300x200.jpg 300w, https:\/\/mula.es\/web\/wp-content\/uploads\/2025\/10\/8-400x267.jpg 400w, https:\/\/mula.es\/web\/wp-content\/uploads\/2025\/10\/8-600x400.jpg 600w, https:\/\/mula.es\/web\/wp-content\/uploads\/2025\/10\/8-768x512.jpg 768w, https:\/\/mula.es\/web\/wp-content\/uploads\/2025\/10\/8-800x533.jpg 800w, https:\/\/mula.es\/web\/wp-content\/uploads\/2025\/10\/8-1024x683.jpg 1024w, https:\/\/mula.es\/web\/wp-content\/uploads\/2025\/10\/8-1200x800.jpg 1200w, https:\/\/mula.es\/web\/wp-content\/uploads\/2025\/10\/8-1536x1024.jpg 1536w\" sizes=\"(max-width: 300px) 100vw, 300px\" \/><\/a> <a href=\"https:\/\/mula.es\/web\/wp-content\/uploads\/2025\/10\/9-scaled.jpg\"><img decoding=\"async\" data-attachment-id=\"59888\" data-permalink=\"https:\/\/mula.es\/web\/patrimonio-la-creacion-de-la-red-de-conjuntos-historicos-de-la-region-de-murcia-se-consolida-en-lorca-con-el-impulso-inicial-del-ayuntamiento-de-mula\/9-40\/\" data-orig-file=\"https:\/\/mula.es\/web\/wp-content\/uploads\/2025\/10\/9-scaled.jpg\" data-orig-size=\"2560,1707\" data-comments-opened=\"0\" data-image-meta=\"{&quot;aperture&quot;:&quot;0&quot;,&quot;credit&quot;:&quot;&quot;,&quot;camera&quot;:&quot;&quot;,&quot;caption&quot;:&quot;&quot;,&quot;created_timestamp&quot;:&quot;0&quot;,&quot;copyright&quot;:&quot;&quot;,&quot;focal_length&quot;:&quot;0&quot;,&quot;iso&quot;:&quot;0&quot;,&quot;shutter_speed&quot;:&quot;0&quot;,&quot;title&quot;:&quot;&quot;,&quot;orientation&quot;:&quot;1&quot;}\" data-image-title=\"9\" data-image-description=\"\" data-image-caption=\"\" data-large-file=\"https:\/\/mula.es\/web\/wp-content\/uploads\/2025\/10\/9-1024x683.jpg\" class=\"alignnone size-medium wp-image-59888\" src=\"https:\/\/mula.es\/web\/wp-content\/uploads\/2025\/10\/9-300x200.jpg\" alt=\"\" width=\"300\" height=\"200\" srcset=\"https:\/\/mula.es\/web\/wp-content\/uploads\/2025\/10\/9-200x133.jpg 200w, https:\/\/mula.es\/web\/wp-content\/uploads\/2025\/10\/9-300x200.jpg 300w, https:\/\/mula.es\/web\/wp-content\/uploads\/2025\/10\/9-400x267.jpg 400w, https:\/\/mula.es\/web\/wp-content\/uploads\/2025\/10\/9-600x400.jpg 600w, https:\/\/mula.es\/web\/wp-content\/uploads\/2025\/10\/9-768x512.jpg 768w, https:\/\/mula.es\/web\/wp-content\/uploads\/2025\/10\/9-800x533.jpg 800w, https:\/\/mula.es\/web\/wp-content\/uploads\/2025\/10\/9-1024x683.jpg 1024w, https:\/\/mula.es\/web\/wp-content\/uploads\/2025\/10\/9-1200x800.jpg 1200w, https:\/\/mula.es\/web\/wp-content\/uploads\/2025\/10\/9-1536x1024.jpg 1536w\" sizes=\"(max-width: 300px) 100vw, 300px\" \/><\/a> <a href=\"https:\/\/mula.es\/web\/wp-content\/uploads\/2025\/10\/10-scaled.jpg\"><img decoding=\"async\" data-attachment-id=\"59889\" data-permalink=\"https:\/\/mula.es\/web\/patrimonio-la-creacion-de-la-red-de-conjuntos-historicos-de-la-region-de-murcia-se-consolida-en-lorca-con-el-impulso-inicial-del-ayuntamiento-de-mula\/10-32\/\" data-orig-file=\"https:\/\/mula.es\/web\/wp-content\/uploads\/2025\/10\/10-scaled.jpg\" data-orig-size=\"2560,1707\" data-comments-opened=\"0\" data-image-meta=\"{&quot;aperture&quot;:&quot;0&quot;,&quot;credit&quot;:&quot;&quot;,&quot;camera&quot;:&quot;&quot;,&quot;caption&quot;:&quot;&quot;,&quot;created_timestamp&quot;:&quot;0&quot;,&quot;copyright&quot;:&quot;&quot;,&quot;focal_length&quot;:&quot;0&quot;,&quot;iso&quot;:&quot;0&quot;,&quot;shutter_speed&quot;:&quot;0&quot;,&quot;title&quot;:&quot;&quot;,&quot;orientation&quot;:&quot;1&quot;}\" data-image-title=\"10\" data-image-description=\"\" data-image-caption=\"\" data-large-file=\"https:\/\/mula.es\/web\/wp-content\/uploads\/2025\/10\/10-1024x683.jpg\" class=\"alignnone size-medium wp-image-59889\" src=\"https:\/\/mula.es\/web\/wp-content\/uploads\/2025\/10\/10-300x200.jpg\" alt=\"\" width=\"300\" height=\"200\" srcset=\"https:\/\/mula.es\/web\/wp-content\/uploads\/2025\/10\/10-200x133.jpg 200w, https:\/\/mula.es\/web\/wp-content\/uploads\/2025\/10\/10-300x200.jpg 300w, https:\/\/mula.es\/web\/wp-content\/uploads\/2025\/10\/10-400x267.jpg 400w, https:\/\/mula.es\/web\/wp-content\/uploads\/2025\/10\/10-600x400.jpg 600w, https:\/\/mula.es\/web\/wp-content\/uploads\/2025\/10\/10-768x512.jpg 768w, https:\/\/mula.es\/web\/wp-content\/uploads\/2025\/10\/10-800x533.jpg 800w, https:\/\/mula.es\/web\/wp-content\/uploads\/2025\/10\/10-1024x683.jpg 1024w, https:\/\/mula.es\/web\/wp-content\/uploads\/2025\/10\/10-1200x800.jpg 1200w, https:\/\/mula.es\/web\/wp-content\/uploads\/2025\/10\/10-1536x1024.jpg 1536w\" sizes=\"(max-width: 300px) 100vw, 300px\" \/><\/a><\/p>\n","protected":false},"excerpt":{"rendered":"<p>\u00a0 NOTA DE PRENSA &#8211; 17 DE OCTUBRE DE 2025 \u00a0 \u00a0 La creaci\u00f3n de la Red de Conjuntos Hist\u00f3ricos de la Regi\u00f3n de Murcia se consolida en Lorca con el impulso inicial del Ayuntamiento de Mula \u00a0 El Palacio Guevara de Lorca ha acogido hoy el acto de constituci\u00f3n oficial de la Red de  [&#8230;]<\/p>\n","protected":false},"author":13,"featured_media":33512,"comment_status":"closed","ping_status":"closed","sticky":false,"template":"","format":"standard","meta":{"jetpack_post_was_ever_published":false,"_jetpack_newsletter_access":"","_jetpack_dont_email_post_to_subs":false,"_jetpack_newsletter_tier_id":0,"_jetpack_memberships_contains_paywalled_content":false,"_jetpack_memberships_contains_paid_content":false,"footnotes":"","jetpack_publicize_message":"","jetpack_publicize_feature_enabled":true,"jetpack_social_post_already_shared":true,"jetpack_social_options":{"image_generator_settings":{"template":"highway","default_image_id":0,"font":"","enabled":false},"version":2}},"categories":[127,179,694,606],"tags":[],"class_list":["post-59878","post","type-post","status-publish","format-standard","has-post-thumbnail","hentry","category-alcalde","category-desarrollo-local","category-desarrollo-sostenible","category-kairos"],"yoast_head":"<!-- This site is optimized with the Yoast SEO plugin v27.5 - https:\/\/yoast.com\/product\/yoast-seo-wordpress\/ -->\n<title>PATRIMONIO | La creaci\u00f3n de la Red de Conjuntos Hist\u00f3ricos de la Regi\u00f3n de Murcia se consolida en Lorca con el impulso inicial del Ayuntamiento de Mula - Ayuntamiento de Mula<\/title>\n<meta name=\"robots\" content=\"index, follow, max-snippet:-1, max-image-preview:large, max-video-preview:-1\" \/>\n<link rel=\"canonical\" href=\"https:\/\/mula.es\/web\/patrimonio-la-creacion-de-la-red-de-conjuntos-historicos-de-la-region-de-murcia-se-consolida-en-lorca-con-el-impulso-inicial-del-ayuntamiento-de-mula\/\" \/>\n<meta property=\"og:locale\" content=\"es_ES\" \/>\n<meta property=\"og:type\" content=\"article\" \/>\n<meta property=\"og:title\" content=\"PATRIMONIO | La creaci\u00f3n de la Red de Conjuntos Hist\u00f3ricos de la Regi\u00f3n de Murcia se consolida en Lorca con el impulso inicial del Ayuntamiento de Mula - Ayuntamiento de Mula\" \/>\n<meta property=\"og:description\" content=\"\u00a0 NOTA DE PRENSA &#8211; 17 DE OCTUBRE DE 2025 \u00a0 \u00a0 La creaci\u00f3n de la Red de Conjuntos Hist\u00f3ricos de la Regi\u00f3n de Murcia se consolida en Lorca con el impulso inicial del Ayuntamiento de Mula \u00a0 El Palacio Guevara de Lorca ha acogido hoy el acto de constituci\u00f3n oficial de la Red de [...]\" \/>\n<meta property=\"og:url\" content=\"https:\/\/mula.es\/web\/patrimonio-la-creacion-de-la-red-de-conjuntos-historicos-de-la-region-de-murcia-se-consolida-en-lorca-con-el-impulso-inicial-del-ayuntamiento-de-mula\/\" \/>\n<meta property=\"og:site_name\" content=\"Ayuntamiento de Mula\" \/>\n<meta property=\"article:published_time\" content=\"2025-10-17T11:53:52+00:00\" \/>\n<meta property=\"article:modified_time\" content=\"2025-10-17T12:02:36+00:00\" \/>\n<meta property=\"og:image\" content=\"https:\/\/mula.es\/web\/wp-content\/uploads\/2020\/06\/escudo-cuadrado-e1591045058235.jpg\" \/>\n\t<meta property=\"og:image:width\" content=\"200\" \/>\n\t<meta property=\"og:image:height\" content=\"218\" \/>\n\t<meta property=\"og:image:type\" content=\"image\/jpeg\" \/>\n<meta name=\"author\" content=\"Laura Salas Orcajada\" \/>\n<meta name=\"twitter:card\" content=\"summary_large_image\" \/>\n<meta name=\"twitter:creator\" content=\"@AyuntamientMula\" \/>\n<meta name=\"twitter:site\" content=\"@AyuntamientMula\" \/>\n<meta name=\"twitter:label1\" content=\"Escrito por\" \/>\n\t<meta name=\"twitter:data1\" content=\"Laura Salas Orcajada\" \/>\n\t<meta name=\"twitter:label2\" content=\"Tiempo de lectura\" \/>\n\t<meta name=\"twitter:data2\" content=\"3 minutos\" \/>\n<script type=\"application\/ld+json\" class=\"yoast-schema-graph\">{\"@context\":\"https:\\\/\\\/schema.org\",\"@graph\":[{\"@type\":\"Article\",\"@id\":\"https:\\\/\\\/mula.es\\\/web\\\/patrimonio-la-creacion-de-la-red-de-conjuntos-historicos-de-la-region-de-murcia-se-consolida-en-lorca-con-el-impulso-inicial-del-ayuntamiento-de-mula\\\/#article\",\"isPartOf\":{\"@id\":\"https:\\\/\\\/mula.es\\\/web\\\/patrimonio-la-creacion-de-la-red-de-conjuntos-historicos-de-la-region-de-murcia-se-consolida-en-lorca-con-el-impulso-inicial-del-ayuntamiento-de-mula\\\/\"},\"author\":{\"name\":\"Laura Salas Orcajada\",\"@id\":\"https:\\\/\\\/mula.es\\\/web\\\/#\\\/schema\\\/person\\\/4f10179bd364f40dceed361e61e4033f\"},\"headline\":\"PATRIMONIO | La creaci\u00f3n de la Red de Conjuntos Hist\u00f3ricos de la Regi\u00f3n de Murcia se consolida en Lorca con el impulso inicial del Ayuntamiento de Mula\",\"datePublished\":\"2025-10-17T11:53:52+00:00\",\"dateModified\":\"2025-10-17T12:02:36+00:00\",\"mainEntityOfPage\":{\"@id\":\"https:\\\/\\\/mula.es\\\/web\\\/patrimonio-la-creacion-de-la-red-de-conjuntos-historicos-de-la-region-de-murcia-se-consolida-en-lorca-con-el-impulso-inicial-del-ayuntamiento-de-mula\\\/\"},\"wordCount\":600,\"image\":{\"@id\":\"https:\\\/\\\/mula.es\\\/web\\\/patrimonio-la-creacion-de-la-red-de-conjuntos-historicos-de-la-region-de-murcia-se-consolida-en-lorca-con-el-impulso-inicial-del-ayuntamiento-de-mula\\\/#primaryimage\"},\"thumbnailUrl\":\"https:\\\/\\\/mula.es\\\/web\\\/wp-content\\\/uploads\\\/2020\\\/06\\\/escudo-cuadrado-e1591045058235.jpg\",\"articleSection\":[\"alcalde\",\"desarrollo local\",\"desarrollo sostenible\",\"Kair\u00f3s\"],\"inLanguage\":\"es\"},{\"@type\":\"WebPage\",\"@id\":\"https:\\\/\\\/mula.es\\\/web\\\/patrimonio-la-creacion-de-la-red-de-conjuntos-historicos-de-la-region-de-murcia-se-consolida-en-lorca-con-el-impulso-inicial-del-ayuntamiento-de-mula\\\/\",\"url\":\"https:\\\/\\\/mula.es\\\/web\\\/patrimonio-la-creacion-de-la-red-de-conjuntos-historicos-de-la-region-de-murcia-se-consolida-en-lorca-con-el-impulso-inicial-del-ayuntamiento-de-mula\\\/\",\"name\":\"PATRIMONIO | La creaci\u00f3n de la Red de Conjuntos Hist\u00f3ricos de la Regi\u00f3n de Murcia se consolida en Lorca con el impulso inicial del Ayuntamiento de Mula - Ayuntamiento de Mula\",\"isPartOf\":{\"@id\":\"https:\\\/\\\/mula.es\\\/web\\\/#website\"},\"primaryImageOfPage\":{\"@id\":\"https:\\\/\\\/mula.es\\\/web\\\/patrimonio-la-creacion-de-la-red-de-conjuntos-historicos-de-la-region-de-murcia-se-consolida-en-lorca-con-el-impulso-inicial-del-ayuntamiento-de-mula\\\/#primaryimage\"},\"image\":{\"@id\":\"https:\\\/\\\/mula.es\\\/web\\\/patrimonio-la-creacion-de-la-red-de-conjuntos-historicos-de-la-region-de-murcia-se-consolida-en-lorca-con-el-impulso-inicial-del-ayuntamiento-de-mula\\\/#primaryimage\"},\"thumbnailUrl\":\"https:\\\/\\\/mula.es\\\/web\\\/wp-content\\\/uploads\\\/2020\\\/06\\\/escudo-cuadrado-e1591045058235.jpg\",\"datePublished\":\"2025-10-17T11:53:52+00:00\",\"dateModified\":\"2025-10-17T12:02:36+00:00\",\"author\":{\"@id\":\"https:\\\/\\\/mula.es\\\/web\\\/#\\\/schema\\\/person\\\/4f10179bd364f40dceed361e61e4033f\"},\"breadcrumb\":{\"@id\":\"https:\\\/\\\/mula.es\\\/web\\\/patrimonio-la-creacion-de-la-red-de-conjuntos-historicos-de-la-region-de-murcia-se-consolida-en-lorca-con-el-impulso-inicial-del-ayuntamiento-de-mula\\\/#breadcrumb\"},\"inLanguage\":\"es\",\"potentialAction\":[{\"@type\":\"ReadAction\",\"target\":[\"https:\\\/\\\/mula.es\\\/web\\\/patrimonio-la-creacion-de-la-red-de-conjuntos-historicos-de-la-region-de-murcia-se-consolida-en-lorca-con-el-impulso-inicial-del-ayuntamiento-de-mula\\\/\"]}]},{\"@type\":\"ImageObject\",\"inLanguage\":\"es\",\"@id\":\"https:\\\/\\\/mula.es\\\/web\\\/patrimonio-la-creacion-de-la-red-de-conjuntos-historicos-de-la-region-de-murcia-se-consolida-en-lorca-con-el-impulso-inicial-del-ayuntamiento-de-mula\\\/#primaryimage\",\"url\":\"https:\\\/\\\/mula.es\\\/web\\\/wp-content\\\/uploads\\\/2020\\\/06\\\/escudo-cuadrado-e1591045058235.jpg\",\"contentUrl\":\"https:\\\/\\\/mula.es\\\/web\\\/wp-content\\\/uploads\\\/2020\\\/06\\\/escudo-cuadrado-e1591045058235.jpg\",\"width\":200,\"height\":218},{\"@type\":\"BreadcrumbList\",\"@id\":\"https:\\\/\\\/mula.es\\\/web\\\/patrimonio-la-creacion-de-la-red-de-conjuntos-historicos-de-la-region-de-murcia-se-consolida-en-lorca-con-el-impulso-inicial-del-ayuntamiento-de-mula\\\/#breadcrumb\",\"itemListElement\":[{\"@type\":\"ListItem\",\"position\":1,\"name\":\"Portada\",\"item\":\"https:\\\/\\\/mula.es\\\/web\\\/\"},{\"@type\":\"ListItem\",\"position\":2,\"name\":\"PATRIMONIO | La creaci\u00f3n de la Red de Conjuntos Hist\u00f3ricos de la Regi\u00f3n de Murcia se consolida en Lorca con el impulso inicial del Ayuntamiento de Mula\"}]},{\"@type\":\"WebSite\",\"@id\":\"https:\\\/\\\/mula.es\\\/web\\\/#website\",\"url\":\"https:\\\/\\\/mula.es\\\/web\\\/\",\"name\":\"Ayuntamiento de Mula\",\"description\":\"P\u00e1gina web del Ayuntamiento de Mula (Regi\u00f3n de Murcia)\",\"potentialAction\":[{\"@type\":\"SearchAction\",\"target\":{\"@type\":\"EntryPoint\",\"urlTemplate\":\"https:\\\/\\\/mula.es\\\/web\\\/?s={search_term_string}\"},\"query-input\":{\"@type\":\"PropertyValueSpecification\",\"valueRequired\":true,\"valueName\":\"search_term_string\"}}],\"inLanguage\":\"es\"},{\"@type\":\"Person\",\"@id\":\"https:\\\/\\\/mula.es\\\/web\\\/#\\\/schema\\\/person\\\/4f10179bd364f40dceed361e61e4033f\",\"name\":\"Laura Salas Orcajada\",\"image\":{\"@type\":\"ImageObject\",\"inLanguage\":\"es\",\"@id\":\"https:\\\/\\\/secure.gravatar.com\\\/avatar\\\/786f2a223d9a455e2a448f78b5dcc1117207ef56ef3d9a04df338c0f775cd403?s=96&d=mm&r=g\",\"url\":\"https:\\\/\\\/secure.gravatar.com\\\/avatar\\\/786f2a223d9a455e2a448f78b5dcc1117207ef56ef3d9a04df338c0f775cd403?s=96&d=mm&r=g\",\"contentUrl\":\"https:\\\/\\\/secure.gravatar.com\\\/avatar\\\/786f2a223d9a455e2a448f78b5dcc1117207ef56ef3d9a04df338c0f775cd403?s=96&d=mm&r=g\",\"caption\":\"Laura Salas Orcajada\"},\"url\":\"https:\\\/\\\/mula.es\\\/web\\\/author\\\/lsalas\\\/\"}]}<\/script>\n<!-- \/ Yoast SEO plugin. -->","yoast_head_json":{"title":"PATRIMONIO | La creaci\u00f3n de la Red de Conjuntos Hist\u00f3ricos de la Regi\u00f3n de Murcia se consolida en Lorca con el impulso inicial del Ayuntamiento de Mula - Ayuntamiento de Mula","robots":{"index":"index","follow":"follow","max-snippet":"max-snippet:-1","max-image-preview":"max-image-preview:large","max-video-preview":"max-video-preview:-1"},"canonical":"https:\/\/mula.es\/web\/patrimonio-la-creacion-de-la-red-de-conjuntos-historicos-de-la-region-de-murcia-se-consolida-en-lorca-con-el-impulso-inicial-del-ayuntamiento-de-mula\/","og_locale":"es_ES","og_type":"article","og_title":"PATRIMONIO | La creaci\u00f3n de la Red de Conjuntos Hist\u00f3ricos de la Regi\u00f3n de Murcia se consolida en Lorca con el impulso inicial del Ayuntamiento de Mula - Ayuntamiento de Mula","og_description":"\u00a0 NOTA DE PRENSA &#8211; 17 DE OCTUBRE DE 2025 \u00a0 \u00a0 La creaci\u00f3n de la Red de Conjuntos Hist\u00f3ricos de la Regi\u00f3n de Murcia se consolida en Lorca con el impulso inicial del Ayuntamiento de Mula \u00a0 El Palacio Guevara de Lorca ha acogido hoy el acto de constituci\u00f3n oficial de la Red de [...]","og_url":"https:\/\/mula.es\/web\/patrimonio-la-creacion-de-la-red-de-conjuntos-historicos-de-la-region-de-murcia-se-consolida-en-lorca-con-el-impulso-inicial-del-ayuntamiento-de-mula\/","og_site_name":"Ayuntamiento de Mula","article_published_time":"2025-10-17T11:53:52+00:00","article_modified_time":"2025-10-17T12:02:36+00:00","og_image":[{"width":200,"height":218,"url":"https:\/\/mula.es\/web\/wp-content\/uploads\/2020\/06\/escudo-cuadrado-e1591045058235.jpg","type":"image\/jpeg"}],"author":"Laura Salas Orcajada","twitter_card":"summary_large_image","twitter_creator":"@AyuntamientMula","twitter_site":"@AyuntamientMula","twitter_misc":{"Escrito por":"Laura Salas Orcajada","Tiempo de lectura":"3 minutos"},"schema":{"@context":"https:\/\/schema.org","@graph":[{"@type":"Article","@id":"https:\/\/mula.es\/web\/patrimonio-la-creacion-de-la-red-de-conjuntos-historicos-de-la-region-de-murcia-se-consolida-en-lorca-con-el-impulso-inicial-del-ayuntamiento-de-mula\/#article","isPartOf":{"@id":"https:\/\/mula.es\/web\/patrimonio-la-creacion-de-la-red-de-conjuntos-historicos-de-la-region-de-murcia-se-consolida-en-lorca-con-el-impulso-inicial-del-ayuntamiento-de-mula\/"},"author":{"name":"Laura Salas Orcajada","@id":"https:\/\/mula.es\/web\/#\/schema\/person\/4f10179bd364f40dceed361e61e4033f"},"headline":"PATRIMONIO | La creaci\u00f3n de la Red de Conjuntos Hist\u00f3ricos de la Regi\u00f3n de Murcia se consolida en Lorca con el impulso inicial del Ayuntamiento de Mula","datePublished":"2025-10-17T11:53:52+00:00","dateModified":"2025-10-17T12:02:36+00:00","mainEntityOfPage":{"@id":"https:\/\/mula.es\/web\/patrimonio-la-creacion-de-la-red-de-conjuntos-historicos-de-la-region-de-murcia-se-consolida-en-lorca-con-el-impulso-inicial-del-ayuntamiento-de-mula\/"},"wordCount":600,"image":{"@id":"https:\/\/mula.es\/web\/patrimonio-la-creacion-de-la-red-de-conjuntos-historicos-de-la-region-de-murcia-se-consolida-en-lorca-con-el-impulso-inicial-del-ayuntamiento-de-mula\/#primaryimage"},"thumbnailUrl":"https:\/\/mula.es\/web\/wp-content\/uploads\/2020\/06\/escudo-cuadrado-e1591045058235.jpg","articleSection":["alcalde","desarrollo local","desarrollo sostenible","Kair\u00f3s"],"inLanguage":"es"},{"@type":"WebPage","@id":"https:\/\/mula.es\/web\/patrimonio-la-creacion-de-la-red-de-conjuntos-historicos-de-la-region-de-murcia-se-consolida-en-lorca-con-el-impulso-inicial-del-ayuntamiento-de-mula\/","url":"https:\/\/mula.es\/web\/patrimonio-la-creacion-de-la-red-de-conjuntos-historicos-de-la-region-de-murcia-se-consolida-en-lorca-con-el-impulso-inicial-del-ayuntamiento-de-mula\/","name":"PATRIMONIO | La creaci\u00f3n de la Red de Conjuntos Hist\u00f3ricos de la Regi\u00f3n de Murcia se consolida en Lorca con el impulso inicial del Ayuntamiento de Mula - Ayuntamiento de Mula","isPartOf":{"@id":"https:\/\/mula.es\/web\/#website"},"primaryImageOfPage":{"@id":"https:\/\/mula.es\/web\/patrimonio-la-creacion-de-la-red-de-conjuntos-historicos-de-la-region-de-murcia-se-consolida-en-lorca-con-el-impulso-inicial-del-ayuntamiento-de-mula\/#primaryimage"},"image":{"@id":"https:\/\/mula.es\/web\/patrimonio-la-creacion-de-la-red-de-conjuntos-historicos-de-la-region-de-murcia-se-consolida-en-lorca-con-el-impulso-inicial-del-ayuntamiento-de-mula\/#primaryimage"},"thumbnailUrl":"https:\/\/mula.es\/web\/wp-content\/uploads\/2020\/06\/escudo-cuadrado-e1591045058235.jpg","datePublished":"2025-10-17T11:53:52+00:00","dateModified":"2025-10-17T12:02:36+00:00","author":{"@id":"https:\/\/mula.es\/web\/#\/schema\/person\/4f10179bd364f40dceed361e61e4033f"},"breadcrumb":{"@id":"https:\/\/mula.es\/web\/patrimonio-la-creacion-de-la-red-de-conjuntos-historicos-de-la-region-de-murcia-se-consolida-en-lorca-con-el-impulso-inicial-del-ayuntamiento-de-mula\/#breadcrumb"},"inLanguage":"es","potentialAction":[{"@type":"ReadAction","target":["https:\/\/mula.es\/web\/patrimonio-la-creacion-de-la-red-de-conjuntos-historicos-de-la-region-de-murcia-se-consolida-en-lorca-con-el-impulso-inicial-del-ayuntamiento-de-mula\/"]}]},{"@type":"ImageObject","inLanguage":"es","@id":"https:\/\/mula.es\/web\/patrimonio-la-creacion-de-la-red-de-conjuntos-historicos-de-la-region-de-murcia-se-consolida-en-lorca-con-el-impulso-inicial-del-ayuntamiento-de-mula\/#primaryimage","url":"https:\/\/mula.es\/web\/wp-content\/uploads\/2020\/06\/escudo-cuadrado-e1591045058235.jpg","contentUrl":"https:\/\/mula.es\/web\/wp-content\/uploads\/2020\/06\/escudo-cuadrado-e1591045058235.jpg","width":200,"height":218},{"@type":"BreadcrumbList","@id":"https:\/\/mula.es\/web\/patrimonio-la-creacion-de-la-red-de-conjuntos-historicos-de-la-region-de-murcia-se-consolida-en-lorca-con-el-impulso-inicial-del-ayuntamiento-de-mula\/#breadcrumb","itemListElement":[{"@type":"ListItem","position":1,"name":"Portada","item":"https:\/\/mula.es\/web\/"},{"@type":"ListItem","position":2,"name":"PATRIMONIO | La creaci\u00f3n de la Red de Conjuntos Hist\u00f3ricos de la Regi\u00f3n de Murcia se consolida en Lorca con el impulso inicial del Ayuntamiento de Mula"}]},{"@type":"WebSite","@id":"https:\/\/mula.es\/web\/#website","url":"https:\/\/mula.es\/web\/","name":"Ayuntamiento de Mula","description":"P\u00e1gina web del Ayuntamiento de Mula (Regi\u00f3n de Murcia)","potentialAction":[{"@type":"SearchAction","target":{"@type":"EntryPoint","urlTemplate":"https:\/\/mula.es\/web\/?s={search_term_string}"},"query-input":{"@type":"PropertyValueSpecification","valueRequired":true,"valueName":"search_term_string"}}],"inLanguage":"es"},{"@type":"Person","@id":"https:\/\/mula.es\/web\/#\/schema\/person\/4f10179bd364f40dceed361e61e4033f","name":"Laura Salas Orcajada","image":{"@type":"ImageObject","inLanguage":"es","@id":"https:\/\/secure.gravatar.com\/avatar\/786f2a223d9a455e2a448f78b5dcc1117207ef56ef3d9a04df338c0f775cd403?s=96&d=mm&r=g","url":"https:\/\/secure.gravatar.com\/avatar\/786f2a223d9a455e2a448f78b5dcc1117207ef56ef3d9a04df338c0f775cd403?s=96&d=mm&r=g","contentUrl":"https:\/\/secure.gravatar.com\/avatar\/786f2a223d9a455e2a448f78b5dcc1117207ef56ef3d9a04df338c0f775cd403?s=96&d=mm&r=g","caption":"Laura Salas Orcajada"},"url":"https:\/\/mula.es\/web\/author\/lsalas\/"}]}},"jetpack_publicize_connections":[],"jetpack_featured_media_url":"https:\/\/mula.es\/web\/wp-content\/uploads\/2020\/06\/escudo-cuadrado-e1591045058235.jpg","jetpack_sharing_enabled":true,"jetpack_shortlink":"https:\/\/wp.me\/pa9DMY-fzM","jetpack-related-posts":[],"_links":{"self":[{"href":"https:\/\/mula.es\/web\/wp-json\/wp\/v2\/posts\/59878","targetHints":{"allow":["GET"]}}],"collection":[{"href":"https:\/\/mula.es\/web\/wp-json\/wp\/v2\/posts"}],"about":[{"href":"https:\/\/mula.es\/web\/wp-json\/wp\/v2\/types\/post"}],"author":[{"embeddable":true,"href":"https:\/\/mula.es\/web\/wp-json\/wp\/v2\/users\/13"}],"replies":[{"embeddable":true,"href":"https:\/\/mula.es\/web\/wp-json\/wp\/v2\/comments?post=59878"}],"version-history":[{"count":3,"href":"https:\/\/mula.es\/web\/wp-json\/wp\/v2\/posts\/59878\/revisions"}],"predecessor-version":[{"id":59891,"href":"https:\/\/mula.es\/web\/wp-json\/wp\/v2\/posts\/59878\/revisions\/59891"}],"wp:featuredmedia":[{"embeddable":true,"href":"https:\/\/mula.es\/web\/wp-json\/wp\/v2\/media\/33512"}],"wp:attachment":[{"href":"https:\/\/mula.es\/web\/wp-json\/wp\/v2\/media?parent=59878"}],"wp:term":[{"taxonomy":"category","embeddable":true,"href":"https:\/\/mula.es\/web\/wp-json\/wp\/v2\/categories?post=59878"},{"taxonomy":"post_tag","embeddable":true,"href":"https:\/\/mula.es\/web\/wp-json\/wp\/v2\/tags?post=59878"}],"curies":[{"name":"wp","href":"https:\/\/api.w.org\/{rel}","templated":true}]}}