{"id":59892,"date":"2025-10-18T11:04:37","date_gmt":"2025-10-18T09:04:37","guid":{"rendered":"https:\/\/mula.es\/web\/?p=59892"},"modified":"2025-10-18T11:04:37","modified_gmt":"2025-10-18T09:04:37","slug":"patrimonio-mula-acoge-el-lvii-dia-nacional-de-los-castillos-con-reconocimiento-a-la-plataforma-ciudadana-mula-por-su-castillo","status":"publish","type":"post","link":"https:\/\/mula.es\/web\/patrimonio-mula-acoge-el-lvii-dia-nacional-de-los-castillos-con-reconocimiento-a-la-plataforma-ciudadana-mula-por-su-castillo\/","title":{"rendered":"PATRIMONIO | Mula acoge el LVII D\u00eda Nacional de los Castillos con reconocimiento a la Plataforma Ciudadana \u201cMula por su Castillo\u201d"},"content":{"rendered":"<p><strong>\u00a0<\/strong><\/p>\n<p><strong>NOTA DE PRENSA &#8211; 18 DE OCTUBRE DE 2025<\/strong><\/p>\n<p><strong>\u00a0<\/strong><\/p>\n<h2><strong>\u00a0<\/strong><\/h2>\n<h2><strong>Mula acoge el LVII D\u00eda Nacional de los Castillos con reconocimiento a la Plataforma Ciudadana \u201cMula por su Castillo\u201d<\/strong><\/h2>\n<p><strong>\u00a0<\/strong><\/p>\n<p>La ciudad de Mula celebra esta semana el <strong>LVII D\u00eda Nacional de los Castillos<\/strong>, organizado por la <strong>Delegaci\u00f3n del Reyno de Murcia de la Asociaci\u00f3n Espa\u00f1ola de Amigos de los Castillos (A.E.A.C.)<\/strong>, que tiene lugar del <strong>13 al 19 de octubre<\/strong>.<\/p>\n<p>Esta ma\u00f1ana, los participantes han sido recibidos en el <strong>Convento de San Francisco<\/strong> por el <strong>alcalde de Mula<\/strong>, <strong>Juan Jes\u00fas Moreno<\/strong>, junto al <strong>concejal de Patrimonio, Diego Boluda<\/strong>, la <strong>concejala de Turismo, Alejandra Mart\u00ednez<\/strong>, y el <strong>concejal de Obras y Servicios, Vicente L\u00f3pez<\/strong>.<\/p>\n<p>Durante el encuentro, el alcalde ha dirigido un <strong>agradecimiento especial a Magdalena P\u00e9rez<\/strong>, presidenta de la Asociaci\u00f3n Espa\u00f1ola de Amigos de los Castillos, por su <strong>trabajo constante junto a las administraciones p\u00fablicas en la defensa del patrimonio hist\u00f3rico<\/strong>.<\/p>\n<p>El alcalde ha recordado que <em>\u201cMula ha luchado mucho por su castillo. La sociedad civil, a trav\u00e9s de la Plataforma Ciudadana \u2018Mula por su Castillo\u2019, fue clave en este proceso. Aquel asalto simb\u00f3lico al castillo en 2015, y el posterior abrazo a la fortaleza en 2016, marcaron el inicio de una lucha leal por recuperar lo que siempre fue nuestro, y hoy podemos decir con orgullo que el castillo es 100% de Mula\u201d<\/em>.<\/p>\n<p>Asimismo, ha destacado que, <strong>gracias a una subvenci\u00f3n de 3,5 millones de euros del Gobierno de Espa\u00f1a<\/strong>, se espera que, de cara al verano de 2026, comiencen las obras de rehabilitaci\u00f3n que permitir\u00e1n <strong>abrir el castillo al p\u00fablico<\/strong>, poniendo en valor un enclave \u00fanico que representa <em>\u201cnuestro buque insignia; no hay una fortaleza como la nuestra\u201d<\/em>.<\/p>\n<p>Tambi\u00e9n se ha puesto en valor el <strong>reconocimiento que esta noche recibir\u00e1 la Plataforma \u201cMula por su Castillo\u201d<\/strong> es un ejemplo de que <em>\u201cuniendo fuerzas, se pueden conseguir grandes logros para enriquecer nuestro patrimonio\u201d<\/em>, y ha agradecido la presencia de todos los participantes en la bella ciudad de Mula.<\/p>\n<p>Tras la recepci\u00f3n oficial, los asistentes han realizado una <strong>visita guiada por la ciudad<\/strong> acompa\u00f1ados por el <strong>arque\u00f3logo municipal y director del Museo Ciudad de Mula, Jos\u00e9 Antonio Zapata Parra<\/strong>, y posteriormente disfrutar\u00e1n de un <strong>almuerzo gastron\u00f3mico<\/strong> en la ciudad.<\/p>\n<p>Como cierre de la jornada, esta noche se celebrar\u00e1 la <strong>gala de entrega de los galardones A.E.A.C. 2025<\/strong> en el <strong>Real Casino de Murcia<\/strong>, donde se reconocer\u00e1 a cinco personas y entidades destacadas por su labor en la defensa del patrimonio fortificado. Entre ellos, la <strong>Plataforma Ciudadana \u201cMula por su Castillo\u201d<\/strong>, cuya trayectoria desde 2015 ha sido esencial para impulsar la <strong>concienciaci\u00f3n, visibilidad y protecci\u00f3n del patrimonio hist\u00f3rico-art\u00edstico de la fortaleza mule\u00f1a<\/strong>.<\/p>\n<p>El galard\u00f3n pone en valor el <strong>logro alcanzado en 2024<\/strong>, cuando se consigui\u00f3 la <strong>propiedad municipal del castillo<\/strong>, y el trabajo continuado de la plataforma en favor de su <strong>conservaci\u00f3n, restauraci\u00f3n y difusi\u00f3n<\/strong>, contribuyendo de forma ejemplar al <strong>desarrollo tur\u00edstico, educativo y cultural del municipio de Mula<\/strong>.<\/p>\n<p><a href=\"https:\/\/mula.es\/web\/wp-content\/uploads\/2025\/10\/1-5-scaled.jpg\"><img decoding=\"async\" data-attachment-id=\"59893\" data-permalink=\"https:\/\/mula.es\/web\/patrimonio-mula-acoge-el-lvii-dia-nacional-de-los-castillos-con-reconocimiento-a-la-plataforma-ciudadana-mula-por-su-castillo\/1-349\/\" data-orig-file=\"https:\/\/mula.es\/web\/wp-content\/uploads\/2025\/10\/1-5-scaled.jpg\" data-orig-size=\"2560,1707\" data-comments-opened=\"0\" data-image-meta=\"{&quot;aperture&quot;:&quot;0&quot;,&quot;credit&quot;:&quot;&quot;,&quot;camera&quot;:&quot;&quot;,&quot;caption&quot;:&quot;&quot;,&quot;created_timestamp&quot;:&quot;0&quot;,&quot;copyright&quot;:&quot;&quot;,&quot;focal_length&quot;:&quot;0&quot;,&quot;iso&quot;:&quot;0&quot;,&quot;shutter_speed&quot;:&quot;0&quot;,&quot;title&quot;:&quot;&quot;,&quot;orientation&quot;:&quot;1&quot;}\" data-image-title=\"1\" data-image-description=\"\" data-image-caption=\"\" data-large-file=\"https:\/\/mula.es\/web\/wp-content\/uploads\/2025\/10\/1-5-1024x683.jpg\" class=\"alignnone size-medium wp-image-59893\" src=\"https:\/\/mula.es\/web\/wp-content\/uploads\/2025\/10\/1-5-300x200.jpg\" alt=\"\" width=\"300\" height=\"200\" srcset=\"https:\/\/mula.es\/web\/wp-content\/uploads\/2025\/10\/1-5-200x133.jpg 200w, https:\/\/mula.es\/web\/wp-content\/uploads\/2025\/10\/1-5-300x200.jpg 300w, https:\/\/mula.es\/web\/wp-content\/uploads\/2025\/10\/1-5-400x267.jpg 400w, https:\/\/mula.es\/web\/wp-content\/uploads\/2025\/10\/1-5-600x400.jpg 600w, https:\/\/mula.es\/web\/wp-content\/uploads\/2025\/10\/1-5-768x512.jpg 768w, https:\/\/mula.es\/web\/wp-content\/uploads\/2025\/10\/1-5-800x533.jpg 800w, https:\/\/mula.es\/web\/wp-content\/uploads\/2025\/10\/1-5-1024x683.jpg 1024w, https:\/\/mula.es\/web\/wp-content\/uploads\/2025\/10\/1-5-1200x800.jpg 1200w, https:\/\/mula.es\/web\/wp-content\/uploads\/2025\/10\/1-5-1536x1024.jpg 1536w\" sizes=\"(max-width: 300px) 100vw, 300px\" \/><\/a> <a href=\"https:\/\/mula.es\/web\/wp-content\/uploads\/2025\/10\/2-5-scaled.jpg\"><img decoding=\"async\" data-attachment-id=\"59894\" data-permalink=\"https:\/\/mula.es\/web\/patrimonio-mula-acoge-el-lvii-dia-nacional-de-los-castillos-con-reconocimiento-a-la-plataforma-ciudadana-mula-por-su-castillo\/2-326\/\" data-orig-file=\"https:\/\/mula.es\/web\/wp-content\/uploads\/2025\/10\/2-5-scaled.jpg\" data-orig-size=\"2560,1707\" data-comments-opened=\"0\" data-image-meta=\"{&quot;aperture&quot;:&quot;0&quot;,&quot;credit&quot;:&quot;&quot;,&quot;camera&quot;:&quot;&quot;,&quot;caption&quot;:&quot;&quot;,&quot;created_timestamp&quot;:&quot;0&quot;,&quot;copyright&quot;:&quot;&quot;,&quot;focal_length&quot;:&quot;0&quot;,&quot;iso&quot;:&quot;0&quot;,&quot;shutter_speed&quot;:&quot;0&quot;,&quot;title&quot;:&quot;&quot;,&quot;orientation&quot;:&quot;1&quot;}\" data-image-title=\"2\" data-image-description=\"\" data-image-caption=\"\" data-large-file=\"https:\/\/mula.es\/web\/wp-content\/uploads\/2025\/10\/2-5-1024x683.jpg\" class=\"alignnone size-medium wp-image-59894\" src=\"https:\/\/mula.es\/web\/wp-content\/uploads\/2025\/10\/2-5-300x200.jpg\" alt=\"\" width=\"300\" height=\"200\" srcset=\"https:\/\/mula.es\/web\/wp-content\/uploads\/2025\/10\/2-5-200x133.jpg 200w, https:\/\/mula.es\/web\/wp-content\/uploads\/2025\/10\/2-5-300x200.jpg 300w, https:\/\/mula.es\/web\/wp-content\/uploads\/2025\/10\/2-5-400x267.jpg 400w, https:\/\/mula.es\/web\/wp-content\/uploads\/2025\/10\/2-5-600x400.jpg 600w, https:\/\/mula.es\/web\/wp-content\/uploads\/2025\/10\/2-5-768x512.jpg 768w, https:\/\/mula.es\/web\/wp-content\/uploads\/2025\/10\/2-5-800x533.jpg 800w, https:\/\/mula.es\/web\/wp-content\/uploads\/2025\/10\/2-5-1024x683.jpg 1024w, https:\/\/mula.es\/web\/wp-content\/uploads\/2025\/10\/2-5-1200x800.jpg 1200w, https:\/\/mula.es\/web\/wp-content\/uploads\/2025\/10\/2-5-1536x1024.jpg 1536w\" sizes=\"(max-width: 300px) 100vw, 300px\" \/><\/a> <a href=\"https:\/\/mula.es\/web\/wp-content\/uploads\/2025\/10\/3-5-scaled.jpg\"><img decoding=\"async\" data-attachment-id=\"59895\" data-permalink=\"https:\/\/mula.es\/web\/patrimonio-mula-acoge-el-lvii-dia-nacional-de-los-castillos-con-reconocimiento-a-la-plataforma-ciudadana-mula-por-su-castillo\/3-280\/\" data-orig-file=\"https:\/\/mula.es\/web\/wp-content\/uploads\/2025\/10\/3-5-scaled.jpg\" data-orig-size=\"2560,1707\" data-comments-opened=\"0\" data-image-meta=\"{&quot;aperture&quot;:&quot;0&quot;,&quot;credit&quot;:&quot;&quot;,&quot;camera&quot;:&quot;&quot;,&quot;caption&quot;:&quot;&quot;,&quot;created_timestamp&quot;:&quot;0&quot;,&quot;copyright&quot;:&quot;&quot;,&quot;focal_length&quot;:&quot;0&quot;,&quot;iso&quot;:&quot;0&quot;,&quot;shutter_speed&quot;:&quot;0&quot;,&quot;title&quot;:&quot;&quot;,&quot;orientation&quot;:&quot;1&quot;}\" data-image-title=\"3\" data-image-description=\"\" data-image-caption=\"\" data-large-file=\"https:\/\/mula.es\/web\/wp-content\/uploads\/2025\/10\/3-5-1024x683.jpg\" class=\"alignnone size-medium wp-image-59895\" src=\"https:\/\/mula.es\/web\/wp-content\/uploads\/2025\/10\/3-5-300x200.jpg\" alt=\"\" width=\"300\" height=\"200\" srcset=\"https:\/\/mula.es\/web\/wp-content\/uploads\/2025\/10\/3-5-200x133.jpg 200w, https:\/\/mula.es\/web\/wp-content\/uploads\/2025\/10\/3-5-300x200.jpg 300w, https:\/\/mula.es\/web\/wp-content\/uploads\/2025\/10\/3-5-400x267.jpg 400w, https:\/\/mula.es\/web\/wp-content\/uploads\/2025\/10\/3-5-600x400.jpg 600w, https:\/\/mula.es\/web\/wp-content\/uploads\/2025\/10\/3-5-768x512.jpg 768w, https:\/\/mula.es\/web\/wp-content\/uploads\/2025\/10\/3-5-800x533.jpg 800w, https:\/\/mula.es\/web\/wp-content\/uploads\/2025\/10\/3-5-1024x683.jpg 1024w, https:\/\/mula.es\/web\/wp-content\/uploads\/2025\/10\/3-5-1200x800.jpg 1200w, https:\/\/mula.es\/web\/wp-content\/uploads\/2025\/10\/3-5-1536x1024.jpg 1536w\" sizes=\"(max-width: 300px) 100vw, 300px\" \/><\/a> <a href=\"https:\/\/mula.es\/web\/wp-content\/uploads\/2025\/10\/4-3-scaled.jpg\"><img decoding=\"async\" data-attachment-id=\"59896\" data-permalink=\"https:\/\/mula.es\/web\/patrimonio-mula-acoge-el-lvii-dia-nacional-de-los-castillos-con-reconocimiento-a-la-plataforma-ciudadana-mula-por-su-castillo\/4-208\/\" data-orig-file=\"https:\/\/mula.es\/web\/wp-content\/uploads\/2025\/10\/4-3-scaled.jpg\" data-orig-size=\"2560,1707\" data-comments-opened=\"0\" data-image-meta=\"{&quot;aperture&quot;:&quot;0&quot;,&quot;credit&quot;:&quot;&quot;,&quot;camera&quot;:&quot;&quot;,&quot;caption&quot;:&quot;&quot;,&quot;created_timestamp&quot;:&quot;0&quot;,&quot;copyright&quot;:&quot;&quot;,&quot;focal_length&quot;:&quot;0&quot;,&quot;iso&quot;:&quot;0&quot;,&quot;shutter_speed&quot;:&quot;0&quot;,&quot;title&quot;:&quot;&quot;,&quot;orientation&quot;:&quot;1&quot;}\" data-image-title=\"4\" data-image-description=\"\" data-image-caption=\"\" data-large-file=\"https:\/\/mula.es\/web\/wp-content\/uploads\/2025\/10\/4-3-1024x683.jpg\" class=\"alignnone size-medium wp-image-59896\" src=\"https:\/\/mula.es\/web\/wp-content\/uploads\/2025\/10\/4-3-300x200.jpg\" alt=\"\" width=\"300\" height=\"200\" srcset=\"https:\/\/mula.es\/web\/wp-content\/uploads\/2025\/10\/4-3-200x133.jpg 200w, https:\/\/mula.es\/web\/wp-content\/uploads\/2025\/10\/4-3-300x200.jpg 300w, https:\/\/mula.es\/web\/wp-content\/uploads\/2025\/10\/4-3-400x267.jpg 400w, https:\/\/mula.es\/web\/wp-content\/uploads\/2025\/10\/4-3-600x400.jpg 600w, https:\/\/mula.es\/web\/wp-content\/uploads\/2025\/10\/4-3-768x512.jpg 768w, https:\/\/mula.es\/web\/wp-content\/uploads\/2025\/10\/4-3-800x533.jpg 800w, https:\/\/mula.es\/web\/wp-content\/uploads\/2025\/10\/4-3-1024x683.jpg 1024w, https:\/\/mula.es\/web\/wp-content\/uploads\/2025\/10\/4-3-1200x800.jpg 1200w, https:\/\/mula.es\/web\/wp-content\/uploads\/2025\/10\/4-3-1536x1024.jpg 1536w\" sizes=\"(max-width: 300px) 100vw, 300px\" \/><\/a> <a href=\"https:\/\/mula.es\/web\/wp-content\/uploads\/2025\/10\/5-3-scaled.jpg\"><img decoding=\"async\" data-attachment-id=\"59897\" data-permalink=\"https:\/\/mula.es\/web\/patrimonio-mula-acoge-el-lvii-dia-nacional-de-los-castillos-con-reconocimiento-a-la-plataforma-ciudadana-mula-por-su-castillo\/5-156\/\" data-orig-file=\"https:\/\/mula.es\/web\/wp-content\/uploads\/2025\/10\/5-3-scaled.jpg\" data-orig-size=\"2560,1707\" data-comments-opened=\"0\" data-image-meta=\"{&quot;aperture&quot;:&quot;0&quot;,&quot;credit&quot;:&quot;&quot;,&quot;camera&quot;:&quot;&quot;,&quot;caption&quot;:&quot;&quot;,&quot;created_timestamp&quot;:&quot;0&quot;,&quot;copyright&quot;:&quot;&quot;,&quot;focal_length&quot;:&quot;0&quot;,&quot;iso&quot;:&quot;0&quot;,&quot;shutter_speed&quot;:&quot;0&quot;,&quot;title&quot;:&quot;&quot;,&quot;orientation&quot;:&quot;1&quot;}\" data-image-title=\"5\" data-image-description=\"\" data-image-caption=\"\" data-large-file=\"https:\/\/mula.es\/web\/wp-content\/uploads\/2025\/10\/5-3-1024x683.jpg\" class=\"alignnone size-medium wp-image-59897\" src=\"https:\/\/mula.es\/web\/wp-content\/uploads\/2025\/10\/5-3-300x200.jpg\" alt=\"\" width=\"300\" height=\"200\" srcset=\"https:\/\/mula.es\/web\/wp-content\/uploads\/2025\/10\/5-3-200x133.jpg 200w, https:\/\/mula.es\/web\/wp-content\/uploads\/2025\/10\/5-3-300x200.jpg 300w, https:\/\/mula.es\/web\/wp-content\/uploads\/2025\/10\/5-3-400x267.jpg 400w, https:\/\/mula.es\/web\/wp-content\/uploads\/2025\/10\/5-3-600x400.jpg 600w, https:\/\/mula.es\/web\/wp-content\/uploads\/2025\/10\/5-3-768x512.jpg 768w, https:\/\/mula.es\/web\/wp-content\/uploads\/2025\/10\/5-3-800x533.jpg 800w, https:\/\/mula.es\/web\/wp-content\/uploads\/2025\/10\/5-3-1024x683.jpg 1024w, https:\/\/mula.es\/web\/wp-content\/uploads\/2025\/10\/5-3-1200x800.jpg 1200w, https:\/\/mula.es\/web\/wp-content\/uploads\/2025\/10\/5-3-1536x1024.jpg 1536w\" sizes=\"(max-width: 300px) 100vw, 300px\" \/><\/a> <a href=\"https:\/\/mula.es\/web\/wp-content\/uploads\/2025\/10\/6-3-scaled.jpg\"><img decoding=\"async\" data-attachment-id=\"59898\" data-permalink=\"https:\/\/mula.es\/web\/patrimonio-mula-acoge-el-lvii-dia-nacional-de-los-castillos-con-reconocimiento-a-la-plataforma-ciudadana-mula-por-su-castillo\/6-105\/\" data-orig-file=\"https:\/\/mula.es\/web\/wp-content\/uploads\/2025\/10\/6-3-scaled.jpg\" data-orig-size=\"2560,1707\" data-comments-opened=\"0\" data-image-meta=\"{&quot;aperture&quot;:&quot;0&quot;,&quot;credit&quot;:&quot;&quot;,&quot;camera&quot;:&quot;&quot;,&quot;caption&quot;:&quot;&quot;,&quot;created_timestamp&quot;:&quot;0&quot;,&quot;copyright&quot;:&quot;&quot;,&quot;focal_length&quot;:&quot;0&quot;,&quot;iso&quot;:&quot;0&quot;,&quot;shutter_speed&quot;:&quot;0&quot;,&quot;title&quot;:&quot;&quot;,&quot;orientation&quot;:&quot;1&quot;}\" data-image-title=\"6\" data-image-description=\"\" data-image-caption=\"\" data-large-file=\"https:\/\/mula.es\/web\/wp-content\/uploads\/2025\/10\/6-3-1024x683.jpg\" class=\"alignnone size-medium wp-image-59898\" src=\"https:\/\/mula.es\/web\/wp-content\/uploads\/2025\/10\/6-3-300x200.jpg\" alt=\"\" width=\"300\" height=\"200\" srcset=\"https:\/\/mula.es\/web\/wp-content\/uploads\/2025\/10\/6-3-200x133.jpg 200w, https:\/\/mula.es\/web\/wp-content\/uploads\/2025\/10\/6-3-300x200.jpg 300w, https:\/\/mula.es\/web\/wp-content\/uploads\/2025\/10\/6-3-400x267.jpg 400w, https:\/\/mula.es\/web\/wp-content\/uploads\/2025\/10\/6-3-600x400.jpg 600w, https:\/\/mula.es\/web\/wp-content\/uploads\/2025\/10\/6-3-768x512.jpg 768w, https:\/\/mula.es\/web\/wp-content\/uploads\/2025\/10\/6-3-800x533.jpg 800w, https:\/\/mula.es\/web\/wp-content\/uploads\/2025\/10\/6-3-1024x683.jpg 1024w, https:\/\/mula.es\/web\/wp-content\/uploads\/2025\/10\/6-3-1200x800.jpg 1200w, https:\/\/mula.es\/web\/wp-content\/uploads\/2025\/10\/6-3-1536x1024.jpg 1536w\" sizes=\"(max-width: 300px) 100vw, 300px\" \/><\/a> <a href=\"https:\/\/mula.es\/web\/wp-content\/uploads\/2025\/10\/7-1-scaled.jpg\"><img decoding=\"async\" data-attachment-id=\"59899\" data-permalink=\"https:\/\/mula.es\/web\/patrimonio-mula-acoge-el-lvii-dia-nacional-de-los-castillos-con-reconocimiento-a-la-plataforma-ciudadana-mula-por-su-castillo\/7-87\/\" data-orig-file=\"https:\/\/mula.es\/web\/wp-content\/uploads\/2025\/10\/7-1-scaled.jpg\" data-orig-size=\"2560,1707\" data-comments-opened=\"0\" data-image-meta=\"{&quot;aperture&quot;:&quot;0&quot;,&quot;credit&quot;:&quot;&quot;,&quot;camera&quot;:&quot;&quot;,&quot;caption&quot;:&quot;&quot;,&quot;created_timestamp&quot;:&quot;0&quot;,&quot;copyright&quot;:&quot;&quot;,&quot;focal_length&quot;:&quot;0&quot;,&quot;iso&quot;:&quot;0&quot;,&quot;shutter_speed&quot;:&quot;0&quot;,&quot;title&quot;:&quot;&quot;,&quot;orientation&quot;:&quot;1&quot;}\" data-image-title=\"7\" data-image-description=\"\" data-image-caption=\"\" data-large-file=\"https:\/\/mula.es\/web\/wp-content\/uploads\/2025\/10\/7-1-1024x683.jpg\" class=\"alignnone size-medium wp-image-59899\" src=\"https:\/\/mula.es\/web\/wp-content\/uploads\/2025\/10\/7-1-300x200.jpg\" alt=\"\" width=\"300\" height=\"200\" srcset=\"https:\/\/mula.es\/web\/wp-content\/uploads\/2025\/10\/7-1-200x133.jpg 200w, https:\/\/mula.es\/web\/wp-content\/uploads\/2025\/10\/7-1-300x200.jpg 300w, https:\/\/mula.es\/web\/wp-content\/uploads\/2025\/10\/7-1-400x267.jpg 400w, https:\/\/mula.es\/web\/wp-content\/uploads\/2025\/10\/7-1-600x400.jpg 600w, https:\/\/mula.es\/web\/wp-content\/uploads\/2025\/10\/7-1-768x512.jpg 768w, https:\/\/mula.es\/web\/wp-content\/uploads\/2025\/10\/7-1-800x533.jpg 800w, https:\/\/mula.es\/web\/wp-content\/uploads\/2025\/10\/7-1-1024x683.jpg 1024w, https:\/\/mula.es\/web\/wp-content\/uploads\/2025\/10\/7-1-1200x800.jpg 1200w, https:\/\/mula.es\/web\/wp-content\/uploads\/2025\/10\/7-1-1536x1024.jpg 1536w\" sizes=\"(max-width: 300px) 100vw, 300px\" \/><\/a> <a href=\"https:\/\/mula.es\/web\/wp-content\/uploads\/2025\/10\/8-1-scaled.jpg\"><img decoding=\"async\" data-attachment-id=\"59900\" data-permalink=\"https:\/\/mula.es\/web\/patrimonio-mula-acoge-el-lvii-dia-nacional-de-los-castillos-con-reconocimiento-a-la-plataforma-ciudadana-mula-por-su-castillo\/8-66\/\" data-orig-file=\"https:\/\/mula.es\/web\/wp-content\/uploads\/2025\/10\/8-1-scaled.jpg\" data-orig-size=\"2560,1707\" data-comments-opened=\"0\" data-image-meta=\"{&quot;aperture&quot;:&quot;0&quot;,&quot;credit&quot;:&quot;&quot;,&quot;camera&quot;:&quot;&quot;,&quot;caption&quot;:&quot;&quot;,&quot;created_timestamp&quot;:&quot;0&quot;,&quot;copyright&quot;:&quot;&quot;,&quot;focal_length&quot;:&quot;0&quot;,&quot;iso&quot;:&quot;0&quot;,&quot;shutter_speed&quot;:&quot;0&quot;,&quot;title&quot;:&quot;&quot;,&quot;orientation&quot;:&quot;1&quot;}\" data-image-title=\"8\" data-image-description=\"\" data-image-caption=\"\" data-large-file=\"https:\/\/mula.es\/web\/wp-content\/uploads\/2025\/10\/8-1-1024x683.jpg\" class=\"alignnone size-medium wp-image-59900\" src=\"https:\/\/mula.es\/web\/wp-content\/uploads\/2025\/10\/8-1-300x200.jpg\" alt=\"\" width=\"300\" height=\"200\" srcset=\"https:\/\/mula.es\/web\/wp-content\/uploads\/2025\/10\/8-1-200x133.jpg 200w, https:\/\/mula.es\/web\/wp-content\/uploads\/2025\/10\/8-1-300x200.jpg 300w, https:\/\/mula.es\/web\/wp-content\/uploads\/2025\/10\/8-1-400x267.jpg 400w, https:\/\/mula.es\/web\/wp-content\/uploads\/2025\/10\/8-1-600x400.jpg 600w, https:\/\/mula.es\/web\/wp-content\/uploads\/2025\/10\/8-1-768x512.jpg 768w, https:\/\/mula.es\/web\/wp-content\/uploads\/2025\/10\/8-1-800x533.jpg 800w, https:\/\/mula.es\/web\/wp-content\/uploads\/2025\/10\/8-1-1024x683.jpg 1024w, https:\/\/mula.es\/web\/wp-content\/uploads\/2025\/10\/8-1-1200x800.jpg 1200w, https:\/\/mula.es\/web\/wp-content\/uploads\/2025\/10\/8-1-1536x1024.jpg 1536w\" sizes=\"(max-width: 300px) 100vw, 300px\" \/><\/a> <a href=\"https:\/\/mula.es\/web\/wp-content\/uploads\/2025\/10\/9-1-scaled.jpg\"><img decoding=\"async\" data-attachment-id=\"59901\" data-permalink=\"https:\/\/mula.es\/web\/patrimonio-mula-acoge-el-lvii-dia-nacional-de-los-castillos-con-reconocimiento-a-la-plataforma-ciudadana-mula-por-su-castillo\/9-41\/\" data-orig-file=\"https:\/\/mula.es\/web\/wp-content\/uploads\/2025\/10\/9-1-scaled.jpg\" data-orig-size=\"2560,1707\" data-comments-opened=\"0\" data-image-meta=\"{&quot;aperture&quot;:&quot;0&quot;,&quot;credit&quot;:&quot;&quot;,&quot;camera&quot;:&quot;&quot;,&quot;caption&quot;:&quot;&quot;,&quot;created_timestamp&quot;:&quot;0&quot;,&quot;copyright&quot;:&quot;&quot;,&quot;focal_length&quot;:&quot;0&quot;,&quot;iso&quot;:&quot;0&quot;,&quot;shutter_speed&quot;:&quot;0&quot;,&quot;title&quot;:&quot;&quot;,&quot;orientation&quot;:&quot;1&quot;}\" data-image-title=\"9\" data-image-description=\"\" data-image-caption=\"\" data-large-file=\"https:\/\/mula.es\/web\/wp-content\/uploads\/2025\/10\/9-1-1024x683.jpg\" class=\"alignnone size-medium wp-image-59901\" src=\"https:\/\/mula.es\/web\/wp-content\/uploads\/2025\/10\/9-1-300x200.jpg\" alt=\"\" width=\"300\" height=\"200\" srcset=\"https:\/\/mula.es\/web\/wp-content\/uploads\/2025\/10\/9-1-200x133.jpg 200w, https:\/\/mula.es\/web\/wp-content\/uploads\/2025\/10\/9-1-300x200.jpg 300w, https:\/\/mula.es\/web\/wp-content\/uploads\/2025\/10\/9-1-400x267.jpg 400w, https:\/\/mula.es\/web\/wp-content\/uploads\/2025\/10\/9-1-600x400.jpg 600w, https:\/\/mula.es\/web\/wp-content\/uploads\/2025\/10\/9-1-768x512.jpg 768w, https:\/\/mula.es\/web\/wp-content\/uploads\/2025\/10\/9-1-800x533.jpg 800w, https:\/\/mula.es\/web\/wp-content\/uploads\/2025\/10\/9-1-1024x683.jpg 1024w, https:\/\/mula.es\/web\/wp-content\/uploads\/2025\/10\/9-1-1200x800.jpg 1200w, https:\/\/mula.es\/web\/wp-content\/uploads\/2025\/10\/9-1-1536x1024.jpg 1536w\" sizes=\"(max-width: 300px) 100vw, 300px\" \/><\/a> <a href=\"https:\/\/mula.es\/web\/wp-content\/uploads\/2025\/10\/10-1-scaled.jpg\"><img decoding=\"async\" data-attachment-id=\"59902\" data-permalink=\"https:\/\/mula.es\/web\/patrimonio-mula-acoge-el-lvii-dia-nacional-de-los-castillos-con-reconocimiento-a-la-plataforma-ciudadana-mula-por-su-castillo\/10-33\/\" data-orig-file=\"https:\/\/mula.es\/web\/wp-content\/uploads\/2025\/10\/10-1-scaled.jpg\" data-orig-size=\"2560,1707\" data-comments-opened=\"0\" data-image-meta=\"{&quot;aperture&quot;:&quot;0&quot;,&quot;credit&quot;:&quot;&quot;,&quot;camera&quot;:&quot;&quot;,&quot;caption&quot;:&quot;&quot;,&quot;created_timestamp&quot;:&quot;0&quot;,&quot;copyright&quot;:&quot;&quot;,&quot;focal_length&quot;:&quot;0&quot;,&quot;iso&quot;:&quot;0&quot;,&quot;shutter_speed&quot;:&quot;0&quot;,&quot;title&quot;:&quot;&quot;,&quot;orientation&quot;:&quot;1&quot;}\" data-image-title=\"10\" data-image-description=\"\" data-image-caption=\"\" data-large-file=\"https:\/\/mula.es\/web\/wp-content\/uploads\/2025\/10\/10-1-1024x683.jpg\" class=\"alignnone size-medium wp-image-59902\" src=\"https:\/\/mula.es\/web\/wp-content\/uploads\/2025\/10\/10-1-300x200.jpg\" alt=\"\" width=\"300\" height=\"200\" srcset=\"https:\/\/mula.es\/web\/wp-content\/uploads\/2025\/10\/10-1-200x133.jpg 200w, https:\/\/mula.es\/web\/wp-content\/uploads\/2025\/10\/10-1-300x200.jpg 300w, https:\/\/mula.es\/web\/wp-content\/uploads\/2025\/10\/10-1-400x267.jpg 400w, https:\/\/mula.es\/web\/wp-content\/uploads\/2025\/10\/10-1-600x400.jpg 600w, https:\/\/mula.es\/web\/wp-content\/uploads\/2025\/10\/10-1-768x512.jpg 768w, https:\/\/mula.es\/web\/wp-content\/uploads\/2025\/10\/10-1-800x533.jpg 800w, https:\/\/mula.es\/web\/wp-content\/uploads\/2025\/10\/10-1-1024x683.jpg 1024w, https:\/\/mula.es\/web\/wp-content\/uploads\/2025\/10\/10-1-1200x800.jpg 1200w, https:\/\/mula.es\/web\/wp-content\/uploads\/2025\/10\/10-1-1536x1024.jpg 1536w\" sizes=\"(max-width: 300px) 100vw, 300px\" \/><\/a><\/p>\n","protected":false},"excerpt":{"rendered":"<p>\u00a0 NOTA DE PRENSA &#8211; 18 DE OCTUBRE DE 2025 \u00a0 \u00a0 Mula acoge el LVII D\u00eda Nacional de los Castillos con reconocimiento a la Plataforma Ciudadana \u201cMula por su Castillo\u201d \u00a0 La ciudad de Mula celebra esta semana el LVII D\u00eda Nacional de los Castillos, organizado por la Delegaci\u00f3n del Reyno de Murcia de  [&#8230;]<\/p>\n","protected":false},"author":13,"featured_media":33512,"comment_status":"closed","ping_status":"closed","sticky":false,"template":"","format":"standard","meta":{"jetpack_post_was_ever_published":false,"_jetpack_newsletter_access":"","_jetpack_dont_email_post_to_subs":false,"_jetpack_newsletter_tier_id":0,"_jetpack_memberships_contains_paywalled_content":false,"_jetpack_memberships_contains_paid_content":false,"footnotes":"","jetpack_publicize_message":"","jetpack_publicize_feature_enabled":true,"jetpack_social_post_already_shared":true,"jetpack_social_options":{"image_generator_settings":{"template":"highway","default_image_id":0,"font":"","enabled":false},"version":2}},"categories":[127,179,694,606],"tags":[],"class_list":["post-59892","post","type-post","status-publish","format-standard","has-post-thumbnail","hentry","category-alcalde","category-desarrollo-local","category-desarrollo-sostenible","category-kairos"],"yoast_head":"<!-- This site is optimized with the Yoast SEO plugin v27.5 - https:\/\/yoast.com\/product\/yoast-seo-wordpress\/ -->\n<title>PATRIMONIO | Mula acoge el LVII D\u00eda Nacional de los Castillos con reconocimiento a la Plataforma Ciudadana \u201cMula por su Castillo\u201d - Ayuntamiento de Mula<\/title>\n<meta name=\"robots\" content=\"index, follow, max-snippet:-1, max-image-preview:large, max-video-preview:-1\" \/>\n<link rel=\"canonical\" href=\"https:\/\/mula.es\/web\/patrimonio-mula-acoge-el-lvii-dia-nacional-de-los-castillos-con-reconocimiento-a-la-plataforma-ciudadana-mula-por-su-castillo\/\" \/>\n<meta property=\"og:locale\" content=\"es_ES\" \/>\n<meta property=\"og:type\" content=\"article\" \/>\n<meta property=\"og:title\" content=\"PATRIMONIO | Mula acoge el LVII D\u00eda Nacional de los Castillos con reconocimiento a la Plataforma Ciudadana \u201cMula por su Castillo\u201d - Ayuntamiento de Mula\" \/>\n<meta property=\"og:description\" content=\"\u00a0 NOTA DE PRENSA &#8211; 18 DE OCTUBRE DE 2025 \u00a0 \u00a0 Mula acoge el LVII D\u00eda Nacional de los Castillos con reconocimiento a la Plataforma Ciudadana \u201cMula por su Castillo\u201d \u00a0 La ciudad de Mula celebra esta semana el LVII D\u00eda Nacional de los Castillos, organizado por la Delegaci\u00f3n del Reyno de Murcia de [...]\" \/>\n<meta property=\"og:url\" content=\"https:\/\/mula.es\/web\/patrimonio-mula-acoge-el-lvii-dia-nacional-de-los-castillos-con-reconocimiento-a-la-plataforma-ciudadana-mula-por-su-castillo\/\" \/>\n<meta property=\"og:site_name\" content=\"Ayuntamiento de Mula\" \/>\n<meta property=\"article:published_time\" content=\"2025-10-18T09:04:37+00:00\" \/>\n<meta property=\"og:image\" content=\"https:\/\/mula.es\/web\/wp-content\/uploads\/2020\/06\/escudo-cuadrado-e1591045058235.jpg\" \/>\n\t<meta property=\"og:image:width\" content=\"200\" \/>\n\t<meta property=\"og:image:height\" content=\"218\" \/>\n\t<meta property=\"og:image:type\" content=\"image\/jpeg\" \/>\n<meta name=\"author\" content=\"Laura Salas Orcajada\" \/>\n<meta name=\"twitter:card\" content=\"summary_large_image\" \/>\n<meta name=\"twitter:creator\" content=\"@AyuntamientMula\" \/>\n<meta name=\"twitter:site\" content=\"@AyuntamientMula\" \/>\n<meta name=\"twitter:label1\" content=\"Escrito por\" \/>\n\t<meta name=\"twitter:data1\" content=\"Laura Salas Orcajada\" \/>\n\t<meta name=\"twitter:label2\" content=\"Tiempo de lectura\" \/>\n\t<meta name=\"twitter:data2\" content=\"5 minutos\" \/>\n<script type=\"application\/ld+json\" class=\"yoast-schema-graph\">{\"@context\":\"https:\\\/\\\/schema.org\",\"@graph\":[{\"@type\":\"Article\",\"@id\":\"https:\\\/\\\/mula.es\\\/web\\\/patrimonio-mula-acoge-el-lvii-dia-nacional-de-los-castillos-con-reconocimiento-a-la-plataforma-ciudadana-mula-por-su-castillo\\\/#article\",\"isPartOf\":{\"@id\":\"https:\\\/\\\/mula.es\\\/web\\\/patrimonio-mula-acoge-el-lvii-dia-nacional-de-los-castillos-con-reconocimiento-a-la-plataforma-ciudadana-mula-por-su-castillo\\\/\"},\"author\":{\"name\":\"Laura Salas Orcajada\",\"@id\":\"https:\\\/\\\/mula.es\\\/web\\\/#\\\/schema\\\/person\\\/4f10179bd364f40dceed361e61e4033f\"},\"headline\":\"PATRIMONIO | Mula acoge el LVII D\u00eda Nacional de los Castillos con reconocimiento a la Plataforma Ciudadana \u201cMula por su Castillo\u201d\",\"datePublished\":\"2025-10-18T09:04:37+00:00\",\"mainEntityOfPage\":{\"@id\":\"https:\\\/\\\/mula.es\\\/web\\\/patrimonio-mula-acoge-el-lvii-dia-nacional-de-los-castillos-con-reconocimiento-a-la-plataforma-ciudadana-mula-por-su-castillo\\\/\"},\"wordCount\":539,\"image\":{\"@id\":\"https:\\\/\\\/mula.es\\\/web\\\/patrimonio-mula-acoge-el-lvii-dia-nacional-de-los-castillos-con-reconocimiento-a-la-plataforma-ciudadana-mula-por-su-castillo\\\/#primaryimage\"},\"thumbnailUrl\":\"https:\\\/\\\/mula.es\\\/web\\\/wp-content\\\/uploads\\\/2020\\\/06\\\/escudo-cuadrado-e1591045058235.jpg\",\"articleSection\":[\"alcalde\",\"desarrollo local\",\"desarrollo sostenible\",\"Kair\u00f3s\"],\"inLanguage\":\"es\"},{\"@type\":\"WebPage\",\"@id\":\"https:\\\/\\\/mula.es\\\/web\\\/patrimonio-mula-acoge-el-lvii-dia-nacional-de-los-castillos-con-reconocimiento-a-la-plataforma-ciudadana-mula-por-su-castillo\\\/\",\"url\":\"https:\\\/\\\/mula.es\\\/web\\\/patrimonio-mula-acoge-el-lvii-dia-nacional-de-los-castillos-con-reconocimiento-a-la-plataforma-ciudadana-mula-por-su-castillo\\\/\",\"name\":\"PATRIMONIO | Mula acoge el LVII D\u00eda Nacional de los Castillos con reconocimiento a la Plataforma Ciudadana \u201cMula por su Castillo\u201d - Ayuntamiento de Mula\",\"isPartOf\":{\"@id\":\"https:\\\/\\\/mula.es\\\/web\\\/#website\"},\"primaryImageOfPage\":{\"@id\":\"https:\\\/\\\/mula.es\\\/web\\\/patrimonio-mula-acoge-el-lvii-dia-nacional-de-los-castillos-con-reconocimiento-a-la-plataforma-ciudadana-mula-por-su-castillo\\\/#primaryimage\"},\"image\":{\"@id\":\"https:\\\/\\\/mula.es\\\/web\\\/patrimonio-mula-acoge-el-lvii-dia-nacional-de-los-castillos-con-reconocimiento-a-la-plataforma-ciudadana-mula-por-su-castillo\\\/#primaryimage\"},\"thumbnailUrl\":\"https:\\\/\\\/mula.es\\\/web\\\/wp-content\\\/uploads\\\/2020\\\/06\\\/escudo-cuadrado-e1591045058235.jpg\",\"datePublished\":\"2025-10-18T09:04:37+00:00\",\"author\":{\"@id\":\"https:\\\/\\\/mula.es\\\/web\\\/#\\\/schema\\\/person\\\/4f10179bd364f40dceed361e61e4033f\"},\"breadcrumb\":{\"@id\":\"https:\\\/\\\/mula.es\\\/web\\\/patrimonio-mula-acoge-el-lvii-dia-nacional-de-los-castillos-con-reconocimiento-a-la-plataforma-ciudadana-mula-por-su-castillo\\\/#breadcrumb\"},\"inLanguage\":\"es\",\"potentialAction\":[{\"@type\":\"ReadAction\",\"target\":[\"https:\\\/\\\/mula.es\\\/web\\\/patrimonio-mula-acoge-el-lvii-dia-nacional-de-los-castillos-con-reconocimiento-a-la-plataforma-ciudadana-mula-por-su-castillo\\\/\"]}]},{\"@type\":\"ImageObject\",\"inLanguage\":\"es\",\"@id\":\"https:\\\/\\\/mula.es\\\/web\\\/patrimonio-mula-acoge-el-lvii-dia-nacional-de-los-castillos-con-reconocimiento-a-la-plataforma-ciudadana-mula-por-su-castillo\\\/#primaryimage\",\"url\":\"https:\\\/\\\/mula.es\\\/web\\\/wp-content\\\/uploads\\\/2020\\\/06\\\/escudo-cuadrado-e1591045058235.jpg\",\"contentUrl\":\"https:\\\/\\\/mula.es\\\/web\\\/wp-content\\\/uploads\\\/2020\\\/06\\\/escudo-cuadrado-e1591045058235.jpg\",\"width\":200,\"height\":218},{\"@type\":\"BreadcrumbList\",\"@id\":\"https:\\\/\\\/mula.es\\\/web\\\/patrimonio-mula-acoge-el-lvii-dia-nacional-de-los-castillos-con-reconocimiento-a-la-plataforma-ciudadana-mula-por-su-castillo\\\/#breadcrumb\",\"itemListElement\":[{\"@type\":\"ListItem\",\"position\":1,\"name\":\"Portada\",\"item\":\"https:\\\/\\\/mula.es\\\/web\\\/\"},{\"@type\":\"ListItem\",\"position\":2,\"name\":\"PATRIMONIO | Mula acoge el LVII D\u00eda Nacional de los Castillos con reconocimiento a la Plataforma Ciudadana \u201cMula por su Castillo\u201d\"}]},{\"@type\":\"WebSite\",\"@id\":\"https:\\\/\\\/mula.es\\\/web\\\/#website\",\"url\":\"https:\\\/\\\/mula.es\\\/web\\\/\",\"name\":\"Ayuntamiento de Mula\",\"description\":\"P\u00e1gina web del Ayuntamiento de Mula (Regi\u00f3n de Murcia)\",\"potentialAction\":[{\"@type\":\"SearchAction\",\"target\":{\"@type\":\"EntryPoint\",\"urlTemplate\":\"https:\\\/\\\/mula.es\\\/web\\\/?s={search_term_string}\"},\"query-input\":{\"@type\":\"PropertyValueSpecification\",\"valueRequired\":true,\"valueName\":\"search_term_string\"}}],\"inLanguage\":\"es\"},{\"@type\":\"Person\",\"@id\":\"https:\\\/\\\/mula.es\\\/web\\\/#\\\/schema\\\/person\\\/4f10179bd364f40dceed361e61e4033f\",\"name\":\"Laura Salas Orcajada\",\"image\":{\"@type\":\"ImageObject\",\"inLanguage\":\"es\",\"@id\":\"https:\\\/\\\/secure.gravatar.com\\\/avatar\\\/786f2a223d9a455e2a448f78b5dcc1117207ef56ef3d9a04df338c0f775cd403?s=96&d=mm&r=g\",\"url\":\"https:\\\/\\\/secure.gravatar.com\\\/avatar\\\/786f2a223d9a455e2a448f78b5dcc1117207ef56ef3d9a04df338c0f775cd403?s=96&d=mm&r=g\",\"contentUrl\":\"https:\\\/\\\/secure.gravatar.com\\\/avatar\\\/786f2a223d9a455e2a448f78b5dcc1117207ef56ef3d9a04df338c0f775cd403?s=96&d=mm&r=g\",\"caption\":\"Laura Salas Orcajada\"},\"url\":\"https:\\\/\\\/mula.es\\\/web\\\/author\\\/lsalas\\\/\"}]}<\/script>\n<!-- \/ Yoast SEO plugin. -->","yoast_head_json":{"title":"PATRIMONIO | Mula acoge el LVII D\u00eda Nacional de los Castillos con reconocimiento a la Plataforma Ciudadana \u201cMula por su Castillo\u201d - Ayuntamiento de Mula","robots":{"index":"index","follow":"follow","max-snippet":"max-snippet:-1","max-image-preview":"max-image-preview:large","max-video-preview":"max-video-preview:-1"},"canonical":"https:\/\/mula.es\/web\/patrimonio-mula-acoge-el-lvii-dia-nacional-de-los-castillos-con-reconocimiento-a-la-plataforma-ciudadana-mula-por-su-castillo\/","og_locale":"es_ES","og_type":"article","og_title":"PATRIMONIO | Mula acoge el LVII D\u00eda Nacional de los Castillos con reconocimiento a la Plataforma Ciudadana \u201cMula por su Castillo\u201d - Ayuntamiento de Mula","og_description":"\u00a0 NOTA DE PRENSA &#8211; 18 DE OCTUBRE DE 2025 \u00a0 \u00a0 Mula acoge el LVII D\u00eda Nacional de los Castillos con reconocimiento a la Plataforma Ciudadana \u201cMula por su Castillo\u201d \u00a0 La ciudad de Mula celebra esta semana el LVII D\u00eda Nacional de los Castillos, organizado por la Delegaci\u00f3n del Reyno de Murcia de [...]","og_url":"https:\/\/mula.es\/web\/patrimonio-mula-acoge-el-lvii-dia-nacional-de-los-castillos-con-reconocimiento-a-la-plataforma-ciudadana-mula-por-su-castillo\/","og_site_name":"Ayuntamiento de Mula","article_published_time":"2025-10-18T09:04:37+00:00","og_image":[{"width":200,"height":218,"url":"https:\/\/mula.es\/web\/wp-content\/uploads\/2020\/06\/escudo-cuadrado-e1591045058235.jpg","type":"image\/jpeg"}],"author":"Laura Salas Orcajada","twitter_card":"summary_large_image","twitter_creator":"@AyuntamientMula","twitter_site":"@AyuntamientMula","twitter_misc":{"Escrito por":"Laura Salas Orcajada","Tiempo de lectura":"5 minutos"},"schema":{"@context":"https:\/\/schema.org","@graph":[{"@type":"Article","@id":"https:\/\/mula.es\/web\/patrimonio-mula-acoge-el-lvii-dia-nacional-de-los-castillos-con-reconocimiento-a-la-plataforma-ciudadana-mula-por-su-castillo\/#article","isPartOf":{"@id":"https:\/\/mula.es\/web\/patrimonio-mula-acoge-el-lvii-dia-nacional-de-los-castillos-con-reconocimiento-a-la-plataforma-ciudadana-mula-por-su-castillo\/"},"author":{"name":"Laura Salas Orcajada","@id":"https:\/\/mula.es\/web\/#\/schema\/person\/4f10179bd364f40dceed361e61e4033f"},"headline":"PATRIMONIO | Mula acoge el LVII D\u00eda Nacional de los Castillos con reconocimiento a la Plataforma Ciudadana \u201cMula por su Castillo\u201d","datePublished":"2025-10-18T09:04:37+00:00","mainEntityOfPage":{"@id":"https:\/\/mula.es\/web\/patrimonio-mula-acoge-el-lvii-dia-nacional-de-los-castillos-con-reconocimiento-a-la-plataforma-ciudadana-mula-por-su-castillo\/"},"wordCount":539,"image":{"@id":"https:\/\/mula.es\/web\/patrimonio-mula-acoge-el-lvii-dia-nacional-de-los-castillos-con-reconocimiento-a-la-plataforma-ciudadana-mula-por-su-castillo\/#primaryimage"},"thumbnailUrl":"https:\/\/mula.es\/web\/wp-content\/uploads\/2020\/06\/escudo-cuadrado-e1591045058235.jpg","articleSection":["alcalde","desarrollo local","desarrollo sostenible","Kair\u00f3s"],"inLanguage":"es"},{"@type":"WebPage","@id":"https:\/\/mula.es\/web\/patrimonio-mula-acoge-el-lvii-dia-nacional-de-los-castillos-con-reconocimiento-a-la-plataforma-ciudadana-mula-por-su-castillo\/","url":"https:\/\/mula.es\/web\/patrimonio-mula-acoge-el-lvii-dia-nacional-de-los-castillos-con-reconocimiento-a-la-plataforma-ciudadana-mula-por-su-castillo\/","name":"PATRIMONIO | Mula acoge el LVII D\u00eda Nacional de los Castillos con reconocimiento a la Plataforma Ciudadana \u201cMula por su Castillo\u201d - Ayuntamiento de Mula","isPartOf":{"@id":"https:\/\/mula.es\/web\/#website"},"primaryImageOfPage":{"@id":"https:\/\/mula.es\/web\/patrimonio-mula-acoge-el-lvii-dia-nacional-de-los-castillos-con-reconocimiento-a-la-plataforma-ciudadana-mula-por-su-castillo\/#primaryimage"},"image":{"@id":"https:\/\/mula.es\/web\/patrimonio-mula-acoge-el-lvii-dia-nacional-de-los-castillos-con-reconocimiento-a-la-plataforma-ciudadana-mula-por-su-castillo\/#primaryimage"},"thumbnailUrl":"https:\/\/mula.es\/web\/wp-content\/uploads\/2020\/06\/escudo-cuadrado-e1591045058235.jpg","datePublished":"2025-10-18T09:04:37+00:00","author":{"@id":"https:\/\/mula.es\/web\/#\/schema\/person\/4f10179bd364f40dceed361e61e4033f"},"breadcrumb":{"@id":"https:\/\/mula.es\/web\/patrimonio-mula-acoge-el-lvii-dia-nacional-de-los-castillos-con-reconocimiento-a-la-plataforma-ciudadana-mula-por-su-castillo\/#breadcrumb"},"inLanguage":"es","potentialAction":[{"@type":"ReadAction","target":["https:\/\/mula.es\/web\/patrimonio-mula-acoge-el-lvii-dia-nacional-de-los-castillos-con-reconocimiento-a-la-plataforma-ciudadana-mula-por-su-castillo\/"]}]},{"@type":"ImageObject","inLanguage":"es","@id":"https:\/\/mula.es\/web\/patrimonio-mula-acoge-el-lvii-dia-nacional-de-los-castillos-con-reconocimiento-a-la-plataforma-ciudadana-mula-por-su-castillo\/#primaryimage","url":"https:\/\/mula.es\/web\/wp-content\/uploads\/2020\/06\/escudo-cuadrado-e1591045058235.jpg","contentUrl":"https:\/\/mula.es\/web\/wp-content\/uploads\/2020\/06\/escudo-cuadrado-e1591045058235.jpg","width":200,"height":218},{"@type":"BreadcrumbList","@id":"https:\/\/mula.es\/web\/patrimonio-mula-acoge-el-lvii-dia-nacional-de-los-castillos-con-reconocimiento-a-la-plataforma-ciudadana-mula-por-su-castillo\/#breadcrumb","itemListElement":[{"@type":"ListItem","position":1,"name":"Portada","item":"https:\/\/mula.es\/web\/"},{"@type":"ListItem","position":2,"name":"PATRIMONIO | Mula acoge el LVII D\u00eda Nacional de los Castillos con reconocimiento a la Plataforma Ciudadana \u201cMula por su Castillo\u201d"}]},{"@type":"WebSite","@id":"https:\/\/mula.es\/web\/#website","url":"https:\/\/mula.es\/web\/","name":"Ayuntamiento de Mula","description":"P\u00e1gina web del Ayuntamiento de Mula (Regi\u00f3n de Murcia)","potentialAction":[{"@type":"SearchAction","target":{"@type":"EntryPoint","urlTemplate":"https:\/\/mula.es\/web\/?s={search_term_string}"},"query-input":{"@type":"PropertyValueSpecification","valueRequired":true,"valueName":"search_term_string"}}],"inLanguage":"es"},{"@type":"Person","@id":"https:\/\/mula.es\/web\/#\/schema\/person\/4f10179bd364f40dceed361e61e4033f","name":"Laura Salas Orcajada","image":{"@type":"ImageObject","inLanguage":"es","@id":"https:\/\/secure.gravatar.com\/avatar\/786f2a223d9a455e2a448f78b5dcc1117207ef56ef3d9a04df338c0f775cd403?s=96&d=mm&r=g","url":"https:\/\/secure.gravatar.com\/avatar\/786f2a223d9a455e2a448f78b5dcc1117207ef56ef3d9a04df338c0f775cd403?s=96&d=mm&r=g","contentUrl":"https:\/\/secure.gravatar.com\/avatar\/786f2a223d9a455e2a448f78b5dcc1117207ef56ef3d9a04df338c0f775cd403?s=96&d=mm&r=g","caption":"Laura Salas Orcajada"},"url":"https:\/\/mula.es\/web\/author\/lsalas\/"}]}},"jetpack_publicize_connections":[],"jetpack_featured_media_url":"https:\/\/mula.es\/web\/wp-content\/uploads\/2020\/06\/escudo-cuadrado-e1591045058235.jpg","jetpack_sharing_enabled":true,"jetpack_shortlink":"https:\/\/wp.me\/pa9DMY-fA0","jetpack-related-posts":[],"_links":{"self":[{"href":"https:\/\/mula.es\/web\/wp-json\/wp\/v2\/posts\/59892","targetHints":{"allow":["GET"]}}],"collection":[{"href":"https:\/\/mula.es\/web\/wp-json\/wp\/v2\/posts"}],"about":[{"href":"https:\/\/mula.es\/web\/wp-json\/wp\/v2\/types\/post"}],"author":[{"embeddable":true,"href":"https:\/\/mula.es\/web\/wp-json\/wp\/v2\/users\/13"}],"replies":[{"embeddable":true,"href":"https:\/\/mula.es\/web\/wp-json\/wp\/v2\/comments?post=59892"}],"version-history":[{"count":1,"href":"https:\/\/mula.es\/web\/wp-json\/wp\/v2\/posts\/59892\/revisions"}],"predecessor-version":[{"id":59903,"href":"https:\/\/mula.es\/web\/wp-json\/wp\/v2\/posts\/59892\/revisions\/59903"}],"wp:featuredmedia":[{"embeddable":true,"href":"https:\/\/mula.es\/web\/wp-json\/wp\/v2\/media\/33512"}],"wp:attachment":[{"href":"https:\/\/mula.es\/web\/wp-json\/wp\/v2\/media?parent=59892"}],"wp:term":[{"taxonomy":"category","embeddable":true,"href":"https:\/\/mula.es\/web\/wp-json\/wp\/v2\/categories?post=59892"},{"taxonomy":"post_tag","embeddable":true,"href":"https:\/\/mula.es\/web\/wp-json\/wp\/v2\/tags?post=59892"}],"curies":[{"name":"wp","href":"https:\/\/api.w.org\/{rel}","templated":true}]}}