{"id":59907,"date":"2025-10-21T18:43:17","date_gmt":"2025-10-21T16:43:17","guid":{"rendered":"https:\/\/mula.es\/web\/?p=59907"},"modified":"2025-10-21T18:43:17","modified_gmt":"2025-10-21T16:43:17","slug":"patrimonio-presentado-el-acuerdo-de-los-municipios-para-la-creacion-de-la-red-de-conjuntos-historicos-de-la-region-de-murcia","status":"publish","type":"post","link":"https:\/\/mula.es\/web\/patrimonio-presentado-el-acuerdo-de-los-municipios-para-la-creacion-de-la-red-de-conjuntos-historicos-de-la-region-de-murcia\/","title":{"rendered":"PATRIMONIO | Presentado el Acuerdo de los Municipios para la creaci\u00f3n de la Red de Conjuntos Hist\u00f3ricos de la Regi\u00f3n de Murcia"},"content":{"rendered":"<p>NOTA DE PRENSA &#8211; 21 DE OCTUBRE DE 2025<\/p>\n<h2>\nPresentado el Acuerdo de los Municipios para la creaci\u00f3n de la Red de Conjuntos Hist\u00f3ricos de la Regi\u00f3n de Murcia<\/h2>\n<p>&nbsp;<\/p>\n<p>El alcalde de Mula, Juan Jes\u00fas Moreno, junto al director de la Fundaci\u00f3n del Casco Hist\u00f3rico de Lorca, Jes\u00fas L\u00f3pez, ha presentado esta ma\u00f1ana el Acuerdo de los Municipios para la creaci\u00f3n de la Red de Conjuntos Hist\u00f3ricos de la Regi\u00f3n de Murcia, firmado en Lorca por todos los municipios participantes el pasado viernes. Se trata de una iniciativa pionera que busca proteger, poner en valor y promover de manera conjunta el patrimonio hist\u00f3rico y cultural de la Regi\u00f3n.<\/p>\n<p>El proyecto nace del compromiso compartido de las administraciones locales con la conservaci\u00f3n del legado hist\u00f3rico, la dinamizaci\u00f3n del turismo cultural y el fortalecimiento de la identidad territorial.<\/p>\n<p>La Red de Conjuntos Hist\u00f3ricos estar\u00e1 integrada, en una primera fase, por los municipios de Mula, Beniel, Jumilla, Caravaca de la Cruz, Cartagena, Murcia, Lorca, Aledo y Ceheg\u00edn, todos ellos con destacados valores patrimoniales y urbanos.<\/p>\n<p>Entre los objetivos principales de esta colaboraci\u00f3n se encuentran la coordinaci\u00f3n de pol\u00edticas municipales en materia de patrimonio, turismo y cultura, la puesta en valor de los conjuntos hist\u00f3ricos, el impulso de proyectos conjuntos de investigaci\u00f3n, restauraci\u00f3n y difusi\u00f3n, y la promoci\u00f3n de un turismo sostenible y cultural bajo una marca territorial com\u00fan.<\/p>\n<p>Durante la presentaci\u00f3n, el alcalde ha subrayado que \u201ceste acuerdo supone un paso firme hacia una gesti\u00f3n compartida de nuestro patrimonio hist\u00f3rico, capaz de unir esfuerzos y generar oportunidades de desarrollo local y regional\u201d.<\/p>\n<p>El encuentro, celebrado en el Convento de San Francisco, marca el punto de partida de una colaboraci\u00f3n institucional in\u00e9dita en la Regi\u00f3n de Murcia, que aspira a consolidar una red din\u00e1mica, innovadora y sostenible, proyectando el valor cultural de los municipios dentro y fuera de sus fronteras.<\/p>\n<p><a href=\"https:\/\/mula.es\/web\/wp-content\/uploads\/2025\/10\/1-6-scaled.jpg\"><img decoding=\"async\" data-attachment-id=\"59908\" data-permalink=\"https:\/\/mula.es\/web\/patrimonio-presentado-el-acuerdo-de-los-municipios-para-la-creacion-de-la-red-de-conjuntos-historicos-de-la-region-de-murcia\/1-350\/\" data-orig-file=\"https:\/\/mula.es\/web\/wp-content\/uploads\/2025\/10\/1-6-scaled.jpg\" data-orig-size=\"2560,1707\" data-comments-opened=\"0\" data-image-meta=\"{&quot;aperture&quot;:&quot;0&quot;,&quot;credit&quot;:&quot;&quot;,&quot;camera&quot;:&quot;&quot;,&quot;caption&quot;:&quot;&quot;,&quot;created_timestamp&quot;:&quot;0&quot;,&quot;copyright&quot;:&quot;&quot;,&quot;focal_length&quot;:&quot;0&quot;,&quot;iso&quot;:&quot;0&quot;,&quot;shutter_speed&quot;:&quot;0&quot;,&quot;title&quot;:&quot;&quot;,&quot;orientation&quot;:&quot;1&quot;}\" data-image-title=\"1\" data-image-description=\"\" data-image-caption=\"\" data-large-file=\"https:\/\/mula.es\/web\/wp-content\/uploads\/2025\/10\/1-6-1024x683.jpg\" class=\"alignnone size-medium wp-image-59908\" src=\"https:\/\/mula.es\/web\/wp-content\/uploads\/2025\/10\/1-6-300x200.jpg\" alt=\"\" width=\"300\" height=\"200\" srcset=\"https:\/\/mula.es\/web\/wp-content\/uploads\/2025\/10\/1-6-200x133.jpg 200w, https:\/\/mula.es\/web\/wp-content\/uploads\/2025\/10\/1-6-300x200.jpg 300w, https:\/\/mula.es\/web\/wp-content\/uploads\/2025\/10\/1-6-400x267.jpg 400w, https:\/\/mula.es\/web\/wp-content\/uploads\/2025\/10\/1-6-600x400.jpg 600w, https:\/\/mula.es\/web\/wp-content\/uploads\/2025\/10\/1-6-768x512.jpg 768w, https:\/\/mula.es\/web\/wp-content\/uploads\/2025\/10\/1-6-800x533.jpg 800w, https:\/\/mula.es\/web\/wp-content\/uploads\/2025\/10\/1-6-1024x683.jpg 1024w, https:\/\/mula.es\/web\/wp-content\/uploads\/2025\/10\/1-6-1200x800.jpg 1200w, https:\/\/mula.es\/web\/wp-content\/uploads\/2025\/10\/1-6-1536x1024.jpg 1536w\" sizes=\"(max-width: 300px) 100vw, 300px\" \/><\/a> <a href=\"https:\/\/mula.es\/web\/wp-content\/uploads\/2025\/10\/2-6-scaled.jpg\"><img decoding=\"async\" data-attachment-id=\"59909\" data-permalink=\"https:\/\/mula.es\/web\/patrimonio-presentado-el-acuerdo-de-los-municipios-para-la-creacion-de-la-red-de-conjuntos-historicos-de-la-region-de-murcia\/2-327\/\" data-orig-file=\"https:\/\/mula.es\/web\/wp-content\/uploads\/2025\/10\/2-6-scaled.jpg\" data-orig-size=\"2560,1707\" data-comments-opened=\"0\" data-image-meta=\"{&quot;aperture&quot;:&quot;0&quot;,&quot;credit&quot;:&quot;&quot;,&quot;camera&quot;:&quot;&quot;,&quot;caption&quot;:&quot;&quot;,&quot;created_timestamp&quot;:&quot;0&quot;,&quot;copyright&quot;:&quot;&quot;,&quot;focal_length&quot;:&quot;0&quot;,&quot;iso&quot;:&quot;0&quot;,&quot;shutter_speed&quot;:&quot;0&quot;,&quot;title&quot;:&quot;&quot;,&quot;orientation&quot;:&quot;1&quot;}\" data-image-title=\"2\" data-image-description=\"\" data-image-caption=\"\" data-large-file=\"https:\/\/mula.es\/web\/wp-content\/uploads\/2025\/10\/2-6-1024x683.jpg\" class=\"alignnone size-medium wp-image-59909\" src=\"https:\/\/mula.es\/web\/wp-content\/uploads\/2025\/10\/2-6-300x200.jpg\" alt=\"\" width=\"300\" height=\"200\" srcset=\"https:\/\/mula.es\/web\/wp-content\/uploads\/2025\/10\/2-6-200x133.jpg 200w, https:\/\/mula.es\/web\/wp-content\/uploads\/2025\/10\/2-6-300x200.jpg 300w, https:\/\/mula.es\/web\/wp-content\/uploads\/2025\/10\/2-6-400x267.jpg 400w, https:\/\/mula.es\/web\/wp-content\/uploads\/2025\/10\/2-6-600x400.jpg 600w, https:\/\/mula.es\/web\/wp-content\/uploads\/2025\/10\/2-6-768x512.jpg 768w, https:\/\/mula.es\/web\/wp-content\/uploads\/2025\/10\/2-6-800x533.jpg 800w, https:\/\/mula.es\/web\/wp-content\/uploads\/2025\/10\/2-6-1024x683.jpg 1024w, https:\/\/mula.es\/web\/wp-content\/uploads\/2025\/10\/2-6-1200x800.jpg 1200w, https:\/\/mula.es\/web\/wp-content\/uploads\/2025\/10\/2-6-1536x1024.jpg 1536w\" sizes=\"(max-width: 300px) 100vw, 300px\" \/><\/a><\/p>\n","protected":false},"excerpt":{"rendered":"<p>NOTA DE PRENSA &#8211; 21 DE OCTUBRE DE 2025 Presentado el Acuerdo de los Municipios para la creaci\u00f3n de la Red de Conjuntos Hist\u00f3ricos de la Regi\u00f3n de Murcia &nbsp; El alcalde de Mula, Juan Jes\u00fas Moreno, junto al director de la Fundaci\u00f3n del Casco Hist\u00f3rico de Lorca, Jes\u00fas L\u00f3pez, ha presentado esta ma\u00f1ana el  [&#8230;]<\/p>\n","protected":false},"author":13,"featured_media":33512,"comment_status":"closed","ping_status":"closed","sticky":false,"template":"","format":"standard","meta":{"jetpack_post_was_ever_published":false,"_jetpack_newsletter_access":"","_jetpack_dont_email_post_to_subs":false,"_jetpack_newsletter_tier_id":0,"_jetpack_memberships_contains_paywalled_content":false,"_jetpack_memberships_contains_paid_content":false,"footnotes":"","jetpack_publicize_message":"","jetpack_publicize_feature_enabled":true,"jetpack_social_post_already_shared":true,"jetpack_social_options":{"image_generator_settings":{"template":"highway","default_image_id":0,"font":"","enabled":false},"version":2}},"categories":[127,179,694,606],"tags":[],"class_list":["post-59907","post","type-post","status-publish","format-standard","has-post-thumbnail","hentry","category-alcalde","category-desarrollo-local","category-desarrollo-sostenible","category-kairos"],"yoast_head":"<!-- This site is optimized with the Yoast SEO plugin v27.5 - https:\/\/yoast.com\/product\/yoast-seo-wordpress\/ -->\n<title>PATRIMONIO | Presentado el Acuerdo de los Municipios para la creaci\u00f3n de la Red de Conjuntos Hist\u00f3ricos de la Regi\u00f3n de Murcia - Ayuntamiento de Mula<\/title>\n<meta name=\"robots\" content=\"index, follow, max-snippet:-1, max-image-preview:large, max-video-preview:-1\" \/>\n<link rel=\"canonical\" href=\"https:\/\/mula.es\/web\/patrimonio-presentado-el-acuerdo-de-los-municipios-para-la-creacion-de-la-red-de-conjuntos-historicos-de-la-region-de-murcia\/\" \/>\n<meta property=\"og:locale\" content=\"es_ES\" \/>\n<meta property=\"og:type\" content=\"article\" \/>\n<meta property=\"og:title\" content=\"PATRIMONIO | Presentado el Acuerdo de los Municipios para la creaci\u00f3n de la Red de Conjuntos Hist\u00f3ricos de la Regi\u00f3n de Murcia - Ayuntamiento de Mula\" \/>\n<meta property=\"og:description\" content=\"NOTA DE PRENSA &#8211; 21 DE OCTUBRE DE 2025 Presentado el Acuerdo de los Municipios para la creaci\u00f3n de la Red de Conjuntos Hist\u00f3ricos de la Regi\u00f3n de Murcia &nbsp; El alcalde de Mula, Juan Jes\u00fas Moreno, junto al director de la Fundaci\u00f3n del Casco Hist\u00f3rico de Lorca, Jes\u00fas L\u00f3pez, ha presentado esta ma\u00f1ana el [...]\" \/>\n<meta property=\"og:url\" content=\"https:\/\/mula.es\/web\/patrimonio-presentado-el-acuerdo-de-los-municipios-para-la-creacion-de-la-red-de-conjuntos-historicos-de-la-region-de-murcia\/\" \/>\n<meta property=\"og:site_name\" content=\"Ayuntamiento de Mula\" \/>\n<meta property=\"article:published_time\" content=\"2025-10-21T16:43:17+00:00\" \/>\n<meta property=\"og:image\" content=\"https:\/\/mula.es\/web\/wp-content\/uploads\/2020\/06\/escudo-cuadrado-e1591045058235.jpg\" \/>\n\t<meta property=\"og:image:width\" content=\"200\" \/>\n\t<meta property=\"og:image:height\" content=\"218\" \/>\n\t<meta property=\"og:image:type\" content=\"image\/jpeg\" \/>\n<meta name=\"author\" content=\"Laura Salas Orcajada\" \/>\n<meta name=\"twitter:card\" content=\"summary_large_image\" \/>\n<meta name=\"twitter:creator\" content=\"@AyuntamientMula\" \/>\n<meta name=\"twitter:site\" content=\"@AyuntamientMula\" \/>\n<meta name=\"twitter:label1\" content=\"Escrito por\" \/>\n\t<meta name=\"twitter:data1\" content=\"Laura Salas Orcajada\" \/>\n\t<meta name=\"twitter:label2\" content=\"Tiempo de lectura\" \/>\n\t<meta name=\"twitter:data2\" content=\"5 minutos\" \/>\n<script type=\"application\/ld+json\" class=\"yoast-schema-graph\">{\"@context\":\"https:\\\/\\\/schema.org\",\"@graph\":[{\"@type\":\"Article\",\"@id\":\"https:\\\/\\\/mula.es\\\/web\\\/patrimonio-presentado-el-acuerdo-de-los-municipios-para-la-creacion-de-la-red-de-conjuntos-historicos-de-la-region-de-murcia\\\/#article\",\"isPartOf\":{\"@id\":\"https:\\\/\\\/mula.es\\\/web\\\/patrimonio-presentado-el-acuerdo-de-los-municipios-para-la-creacion-de-la-red-de-conjuntos-historicos-de-la-region-de-murcia\\\/\"},\"author\":{\"name\":\"Laura Salas Orcajada\",\"@id\":\"https:\\\/\\\/mula.es\\\/web\\\/#\\\/schema\\\/person\\\/4f10179bd364f40dceed361e61e4033f\"},\"headline\":\"PATRIMONIO | Presentado el Acuerdo de los Municipios para la creaci\u00f3n de la Red de Conjuntos Hist\u00f3ricos de la Regi\u00f3n de Murcia\",\"datePublished\":\"2025-10-21T16:43:17+00:00\",\"mainEntityOfPage\":{\"@id\":\"https:\\\/\\\/mula.es\\\/web\\\/patrimonio-presentado-el-acuerdo-de-los-municipios-para-la-creacion-de-la-red-de-conjuntos-historicos-de-la-region-de-murcia\\\/\"},\"wordCount\":364,\"image\":{\"@id\":\"https:\\\/\\\/mula.es\\\/web\\\/patrimonio-presentado-el-acuerdo-de-los-municipios-para-la-creacion-de-la-red-de-conjuntos-historicos-de-la-region-de-murcia\\\/#primaryimage\"},\"thumbnailUrl\":\"https:\\\/\\\/mula.es\\\/web\\\/wp-content\\\/uploads\\\/2020\\\/06\\\/escudo-cuadrado-e1591045058235.jpg\",\"articleSection\":[\"alcalde\",\"desarrollo local\",\"desarrollo sostenible\",\"Kair\u00f3s\"],\"inLanguage\":\"es\"},{\"@type\":\"WebPage\",\"@id\":\"https:\\\/\\\/mula.es\\\/web\\\/patrimonio-presentado-el-acuerdo-de-los-municipios-para-la-creacion-de-la-red-de-conjuntos-historicos-de-la-region-de-murcia\\\/\",\"url\":\"https:\\\/\\\/mula.es\\\/web\\\/patrimonio-presentado-el-acuerdo-de-los-municipios-para-la-creacion-de-la-red-de-conjuntos-historicos-de-la-region-de-murcia\\\/\",\"name\":\"PATRIMONIO | Presentado el Acuerdo de los Municipios para la creaci\u00f3n de la Red de Conjuntos Hist\u00f3ricos de la Regi\u00f3n de Murcia - Ayuntamiento de Mula\",\"isPartOf\":{\"@id\":\"https:\\\/\\\/mula.es\\\/web\\\/#website\"},\"primaryImageOfPage\":{\"@id\":\"https:\\\/\\\/mula.es\\\/web\\\/patrimonio-presentado-el-acuerdo-de-los-municipios-para-la-creacion-de-la-red-de-conjuntos-historicos-de-la-region-de-murcia\\\/#primaryimage\"},\"image\":{\"@id\":\"https:\\\/\\\/mula.es\\\/web\\\/patrimonio-presentado-el-acuerdo-de-los-municipios-para-la-creacion-de-la-red-de-conjuntos-historicos-de-la-region-de-murcia\\\/#primaryimage\"},\"thumbnailUrl\":\"https:\\\/\\\/mula.es\\\/web\\\/wp-content\\\/uploads\\\/2020\\\/06\\\/escudo-cuadrado-e1591045058235.jpg\",\"datePublished\":\"2025-10-21T16:43:17+00:00\",\"author\":{\"@id\":\"https:\\\/\\\/mula.es\\\/web\\\/#\\\/schema\\\/person\\\/4f10179bd364f40dceed361e61e4033f\"},\"breadcrumb\":{\"@id\":\"https:\\\/\\\/mula.es\\\/web\\\/patrimonio-presentado-el-acuerdo-de-los-municipios-para-la-creacion-de-la-red-de-conjuntos-historicos-de-la-region-de-murcia\\\/#breadcrumb\"},\"inLanguage\":\"es\",\"potentialAction\":[{\"@type\":\"ReadAction\",\"target\":[\"https:\\\/\\\/mula.es\\\/web\\\/patrimonio-presentado-el-acuerdo-de-los-municipios-para-la-creacion-de-la-red-de-conjuntos-historicos-de-la-region-de-murcia\\\/\"]}]},{\"@type\":\"ImageObject\",\"inLanguage\":\"es\",\"@id\":\"https:\\\/\\\/mula.es\\\/web\\\/patrimonio-presentado-el-acuerdo-de-los-municipios-para-la-creacion-de-la-red-de-conjuntos-historicos-de-la-region-de-murcia\\\/#primaryimage\",\"url\":\"https:\\\/\\\/mula.es\\\/web\\\/wp-content\\\/uploads\\\/2020\\\/06\\\/escudo-cuadrado-e1591045058235.jpg\",\"contentUrl\":\"https:\\\/\\\/mula.es\\\/web\\\/wp-content\\\/uploads\\\/2020\\\/06\\\/escudo-cuadrado-e1591045058235.jpg\",\"width\":200,\"height\":218},{\"@type\":\"BreadcrumbList\",\"@id\":\"https:\\\/\\\/mula.es\\\/web\\\/patrimonio-presentado-el-acuerdo-de-los-municipios-para-la-creacion-de-la-red-de-conjuntos-historicos-de-la-region-de-murcia\\\/#breadcrumb\",\"itemListElement\":[{\"@type\":\"ListItem\",\"position\":1,\"name\":\"Portada\",\"item\":\"https:\\\/\\\/mula.es\\\/web\\\/\"},{\"@type\":\"ListItem\",\"position\":2,\"name\":\"PATRIMONIO | Presentado el Acuerdo de los Municipios para la creaci\u00f3n de la Red de Conjuntos Hist\u00f3ricos de la Regi\u00f3n de Murcia\"}]},{\"@type\":\"WebSite\",\"@id\":\"https:\\\/\\\/mula.es\\\/web\\\/#website\",\"url\":\"https:\\\/\\\/mula.es\\\/web\\\/\",\"name\":\"Ayuntamiento de Mula\",\"description\":\"P\u00e1gina web del Ayuntamiento de Mula (Regi\u00f3n de Murcia)\",\"potentialAction\":[{\"@type\":\"SearchAction\",\"target\":{\"@type\":\"EntryPoint\",\"urlTemplate\":\"https:\\\/\\\/mula.es\\\/web\\\/?s={search_term_string}\"},\"query-input\":{\"@type\":\"PropertyValueSpecification\",\"valueRequired\":true,\"valueName\":\"search_term_string\"}}],\"inLanguage\":\"es\"},{\"@type\":\"Person\",\"@id\":\"https:\\\/\\\/mula.es\\\/web\\\/#\\\/schema\\\/person\\\/4f10179bd364f40dceed361e61e4033f\",\"name\":\"Laura Salas Orcajada\",\"image\":{\"@type\":\"ImageObject\",\"inLanguage\":\"es\",\"@id\":\"https:\\\/\\\/secure.gravatar.com\\\/avatar\\\/786f2a223d9a455e2a448f78b5dcc1117207ef56ef3d9a04df338c0f775cd403?s=96&d=mm&r=g\",\"url\":\"https:\\\/\\\/secure.gravatar.com\\\/avatar\\\/786f2a223d9a455e2a448f78b5dcc1117207ef56ef3d9a04df338c0f775cd403?s=96&d=mm&r=g\",\"contentUrl\":\"https:\\\/\\\/secure.gravatar.com\\\/avatar\\\/786f2a223d9a455e2a448f78b5dcc1117207ef56ef3d9a04df338c0f775cd403?s=96&d=mm&r=g\",\"caption\":\"Laura Salas Orcajada\"},\"url\":\"https:\\\/\\\/mula.es\\\/web\\\/author\\\/lsalas\\\/\"}]}<\/script>\n<!-- \/ Yoast SEO plugin. -->","yoast_head_json":{"title":"PATRIMONIO | Presentado el Acuerdo de los Municipios para la creaci\u00f3n de la Red de Conjuntos Hist\u00f3ricos de la Regi\u00f3n de Murcia - Ayuntamiento de Mula","robots":{"index":"index","follow":"follow","max-snippet":"max-snippet:-1","max-image-preview":"max-image-preview:large","max-video-preview":"max-video-preview:-1"},"canonical":"https:\/\/mula.es\/web\/patrimonio-presentado-el-acuerdo-de-los-municipios-para-la-creacion-de-la-red-de-conjuntos-historicos-de-la-region-de-murcia\/","og_locale":"es_ES","og_type":"article","og_title":"PATRIMONIO | Presentado el Acuerdo de los Municipios para la creaci\u00f3n de la Red de Conjuntos Hist\u00f3ricos de la Regi\u00f3n de Murcia - Ayuntamiento de Mula","og_description":"NOTA DE PRENSA &#8211; 21 DE OCTUBRE DE 2025 Presentado el Acuerdo de los Municipios para la creaci\u00f3n de la Red de Conjuntos Hist\u00f3ricos de la Regi\u00f3n de Murcia &nbsp; El alcalde de Mula, Juan Jes\u00fas Moreno, junto al director de la Fundaci\u00f3n del Casco Hist\u00f3rico de Lorca, Jes\u00fas L\u00f3pez, ha presentado esta ma\u00f1ana el [...]","og_url":"https:\/\/mula.es\/web\/patrimonio-presentado-el-acuerdo-de-los-municipios-para-la-creacion-de-la-red-de-conjuntos-historicos-de-la-region-de-murcia\/","og_site_name":"Ayuntamiento de Mula","article_published_time":"2025-10-21T16:43:17+00:00","og_image":[{"width":200,"height":218,"url":"https:\/\/mula.es\/web\/wp-content\/uploads\/2020\/06\/escudo-cuadrado-e1591045058235.jpg","type":"image\/jpeg"}],"author":"Laura Salas Orcajada","twitter_card":"summary_large_image","twitter_creator":"@AyuntamientMula","twitter_site":"@AyuntamientMula","twitter_misc":{"Escrito por":"Laura Salas Orcajada","Tiempo de lectura":"5 minutos"},"schema":{"@context":"https:\/\/schema.org","@graph":[{"@type":"Article","@id":"https:\/\/mula.es\/web\/patrimonio-presentado-el-acuerdo-de-los-municipios-para-la-creacion-de-la-red-de-conjuntos-historicos-de-la-region-de-murcia\/#article","isPartOf":{"@id":"https:\/\/mula.es\/web\/patrimonio-presentado-el-acuerdo-de-los-municipios-para-la-creacion-de-la-red-de-conjuntos-historicos-de-la-region-de-murcia\/"},"author":{"name":"Laura Salas Orcajada","@id":"https:\/\/mula.es\/web\/#\/schema\/person\/4f10179bd364f40dceed361e61e4033f"},"headline":"PATRIMONIO | Presentado el Acuerdo de los Municipios para la creaci\u00f3n de la Red de Conjuntos Hist\u00f3ricos de la Regi\u00f3n de Murcia","datePublished":"2025-10-21T16:43:17+00:00","mainEntityOfPage":{"@id":"https:\/\/mula.es\/web\/patrimonio-presentado-el-acuerdo-de-los-municipios-para-la-creacion-de-la-red-de-conjuntos-historicos-de-la-region-de-murcia\/"},"wordCount":364,"image":{"@id":"https:\/\/mula.es\/web\/patrimonio-presentado-el-acuerdo-de-los-municipios-para-la-creacion-de-la-red-de-conjuntos-historicos-de-la-region-de-murcia\/#primaryimage"},"thumbnailUrl":"https:\/\/mula.es\/web\/wp-content\/uploads\/2020\/06\/escudo-cuadrado-e1591045058235.jpg","articleSection":["alcalde","desarrollo local","desarrollo sostenible","Kair\u00f3s"],"inLanguage":"es"},{"@type":"WebPage","@id":"https:\/\/mula.es\/web\/patrimonio-presentado-el-acuerdo-de-los-municipios-para-la-creacion-de-la-red-de-conjuntos-historicos-de-la-region-de-murcia\/","url":"https:\/\/mula.es\/web\/patrimonio-presentado-el-acuerdo-de-los-municipios-para-la-creacion-de-la-red-de-conjuntos-historicos-de-la-region-de-murcia\/","name":"PATRIMONIO | Presentado el Acuerdo de los Municipios para la creaci\u00f3n de la Red de Conjuntos Hist\u00f3ricos de la Regi\u00f3n de Murcia - Ayuntamiento de Mula","isPartOf":{"@id":"https:\/\/mula.es\/web\/#website"},"primaryImageOfPage":{"@id":"https:\/\/mula.es\/web\/patrimonio-presentado-el-acuerdo-de-los-municipios-para-la-creacion-de-la-red-de-conjuntos-historicos-de-la-region-de-murcia\/#primaryimage"},"image":{"@id":"https:\/\/mula.es\/web\/patrimonio-presentado-el-acuerdo-de-los-municipios-para-la-creacion-de-la-red-de-conjuntos-historicos-de-la-region-de-murcia\/#primaryimage"},"thumbnailUrl":"https:\/\/mula.es\/web\/wp-content\/uploads\/2020\/06\/escudo-cuadrado-e1591045058235.jpg","datePublished":"2025-10-21T16:43:17+00:00","author":{"@id":"https:\/\/mula.es\/web\/#\/schema\/person\/4f10179bd364f40dceed361e61e4033f"},"breadcrumb":{"@id":"https:\/\/mula.es\/web\/patrimonio-presentado-el-acuerdo-de-los-municipios-para-la-creacion-de-la-red-de-conjuntos-historicos-de-la-region-de-murcia\/#breadcrumb"},"inLanguage":"es","potentialAction":[{"@type":"ReadAction","target":["https:\/\/mula.es\/web\/patrimonio-presentado-el-acuerdo-de-los-municipios-para-la-creacion-de-la-red-de-conjuntos-historicos-de-la-region-de-murcia\/"]}]},{"@type":"ImageObject","inLanguage":"es","@id":"https:\/\/mula.es\/web\/patrimonio-presentado-el-acuerdo-de-los-municipios-para-la-creacion-de-la-red-de-conjuntos-historicos-de-la-region-de-murcia\/#primaryimage","url":"https:\/\/mula.es\/web\/wp-content\/uploads\/2020\/06\/escudo-cuadrado-e1591045058235.jpg","contentUrl":"https:\/\/mula.es\/web\/wp-content\/uploads\/2020\/06\/escudo-cuadrado-e1591045058235.jpg","width":200,"height":218},{"@type":"BreadcrumbList","@id":"https:\/\/mula.es\/web\/patrimonio-presentado-el-acuerdo-de-los-municipios-para-la-creacion-de-la-red-de-conjuntos-historicos-de-la-region-de-murcia\/#breadcrumb","itemListElement":[{"@type":"ListItem","position":1,"name":"Portada","item":"https:\/\/mula.es\/web\/"},{"@type":"ListItem","position":2,"name":"PATRIMONIO | Presentado el Acuerdo de los Municipios para la creaci\u00f3n de la Red de Conjuntos Hist\u00f3ricos de la Regi\u00f3n de Murcia"}]},{"@type":"WebSite","@id":"https:\/\/mula.es\/web\/#website","url":"https:\/\/mula.es\/web\/","name":"Ayuntamiento de Mula","description":"P\u00e1gina web del Ayuntamiento de Mula (Regi\u00f3n de Murcia)","potentialAction":[{"@type":"SearchAction","target":{"@type":"EntryPoint","urlTemplate":"https:\/\/mula.es\/web\/?s={search_term_string}"},"query-input":{"@type":"PropertyValueSpecification","valueRequired":true,"valueName":"search_term_string"}}],"inLanguage":"es"},{"@type":"Person","@id":"https:\/\/mula.es\/web\/#\/schema\/person\/4f10179bd364f40dceed361e61e4033f","name":"Laura Salas Orcajada","image":{"@type":"ImageObject","inLanguage":"es","@id":"https:\/\/secure.gravatar.com\/avatar\/786f2a223d9a455e2a448f78b5dcc1117207ef56ef3d9a04df338c0f775cd403?s=96&d=mm&r=g","url":"https:\/\/secure.gravatar.com\/avatar\/786f2a223d9a455e2a448f78b5dcc1117207ef56ef3d9a04df338c0f775cd403?s=96&d=mm&r=g","contentUrl":"https:\/\/secure.gravatar.com\/avatar\/786f2a223d9a455e2a448f78b5dcc1117207ef56ef3d9a04df338c0f775cd403?s=96&d=mm&r=g","caption":"Laura Salas Orcajada"},"url":"https:\/\/mula.es\/web\/author\/lsalas\/"}]}},"jetpack_publicize_connections":[],"jetpack_featured_media_url":"https:\/\/mula.es\/web\/wp-content\/uploads\/2020\/06\/escudo-cuadrado-e1591045058235.jpg","jetpack_sharing_enabled":true,"jetpack_shortlink":"https:\/\/wp.me\/pa9DMY-fAf","jetpack-related-posts":[],"_links":{"self":[{"href":"https:\/\/mula.es\/web\/wp-json\/wp\/v2\/posts\/59907","targetHints":{"allow":["GET"]}}],"collection":[{"href":"https:\/\/mula.es\/web\/wp-json\/wp\/v2\/posts"}],"about":[{"href":"https:\/\/mula.es\/web\/wp-json\/wp\/v2\/types\/post"}],"author":[{"embeddable":true,"href":"https:\/\/mula.es\/web\/wp-json\/wp\/v2\/users\/13"}],"replies":[{"embeddable":true,"href":"https:\/\/mula.es\/web\/wp-json\/wp\/v2\/comments?post=59907"}],"version-history":[{"count":1,"href":"https:\/\/mula.es\/web\/wp-json\/wp\/v2\/posts\/59907\/revisions"}],"predecessor-version":[{"id":59910,"href":"https:\/\/mula.es\/web\/wp-json\/wp\/v2\/posts\/59907\/revisions\/59910"}],"wp:featuredmedia":[{"embeddable":true,"href":"https:\/\/mula.es\/web\/wp-json\/wp\/v2\/media\/33512"}],"wp:attachment":[{"href":"https:\/\/mula.es\/web\/wp-json\/wp\/v2\/media?parent=59907"}],"wp:term":[{"taxonomy":"category","embeddable":true,"href":"https:\/\/mula.es\/web\/wp-json\/wp\/v2\/categories?post=59907"},{"taxonomy":"post_tag","embeddable":true,"href":"https:\/\/mula.es\/web\/wp-json\/wp\/v2\/tags?post=59907"}],"curies":[{"name":"wp","href":"https:\/\/api.w.org\/{rel}","templated":true}]}}