{"id":59914,"date":"2025-10-22T19:04:06","date_gmt":"2025-10-22T17:04:06","guid":{"rendered":"https:\/\/mula.es\/web\/?p=59914"},"modified":"2025-10-22T19:04:06","modified_gmt":"2025-10-22T17:04:06","slug":"juventud-el-concejal-de-juventud-de-mula-participa-en-la-comision-de-consumo-de-la-femp-celebrada-en-madrid","status":"publish","type":"post","link":"https:\/\/mula.es\/web\/juventud-el-concejal-de-juventud-de-mula-participa-en-la-comision-de-consumo-de-la-femp-celebrada-en-madrid\/","title":{"rendered":"JUVENTUD | El concejal de Juventud de Mula participa en la Comisi\u00f3n de Consumo de la FEMP celebrada en Madrid"},"content":{"rendered":"<p><strong>\u00a0<\/strong><\/p>\n<p><strong>NOTA DE PRENSA \u2013 22 DE OCTUBRE DE 2025<\/strong><\/p>\n<p><strong>\u00a0<\/strong><\/p>\n<h2><strong>\u00a0<\/strong><\/h2>\n<h2><strong>El concejal de Juventud de Mula participa en la Comisi\u00f3n de Consumo de la FEMP celebrada en Madrid<\/strong><\/h2>\n<p><strong>\u00a0<\/strong><\/p>\n<p>El <strong>concejal de Juventud del Ayuntamiento de Mula, Toni Ruiz<\/strong>, se ha desplazado esta semana hasta <strong>Madrid<\/strong> para participar en la <strong>Comisi\u00f3n de Consumo de la Federaci\u00f3n Espa\u00f1ola de Municipios y Provincias (FEMP)<\/strong>, en la que se ha analizado el <strong>Informe de Buenas Pr\u00e1cticas en la Atenci\u00f3n al Consumidor en el \u00c1mbito Local<\/strong>.<\/p>\n<p>Durante la sesi\u00f3n se puso de manifiesto la importancia de <strong>reducir la brecha existente en la atenci\u00f3n al consumidor en zonas rurales<\/strong>, especialmente en <strong>pedan\u00edas y peque\u00f1os n\u00facleos de poblaci\u00f3n<\/strong>, como las de Mula, donde el acceso a la informaci\u00f3n y a los servicios de consumo resulta m\u00e1s limitado.<\/p>\n<p>Asimismo, la comisi\u00f3n abord\u00f3 el debate sobre <strong>dos anteproyectos de ley<\/strong> de especial relevancia: el <strong>Anteproyecto de Ley de Consumo Sostenible<\/strong>, orientado a fomentar h\u00e1bitos responsables y la econom\u00eda circular, y el <strong>Anteproyecto de medidas sanitarias frente al tabaquismo<\/strong>, que busca reforzar las pol\u00edticas de salud p\u00fablica.<\/p>\n<p>El concejal ha destacado la relevancia de este espacio de trabajo \u201ccomo punto de encuentro entre administraciones locales para avanzar hacia una protecci\u00f3n m\u00e1s justa, sostenible y cercana a la ciudadan\u00eda\u201d.<\/p>\n<p><a href=\"https:\/\/mula.es\/web\/wp-content\/uploads\/2025\/10\/WhatsApp-Image-2025-10-21-at-14.26.57-1.jpeg\"><img decoding=\"async\" data-attachment-id=\"59915\" data-permalink=\"https:\/\/mula.es\/web\/juventud-el-concejal-de-juventud-de-mula-participa-en-la-comision-de-consumo-de-la-femp-celebrada-en-madrid\/whatsapp-image-2025-10-21-at-14-26-57-1\/\" data-orig-file=\"https:\/\/mula.es\/web\/wp-content\/uploads\/2025\/10\/WhatsApp-Image-2025-10-21-at-14.26.57-1.jpeg\" data-orig-size=\"1600,1200\" data-comments-opened=\"0\" data-image-meta=\"{&quot;aperture&quot;:&quot;0&quot;,&quot;credit&quot;:&quot;&quot;,&quot;camera&quot;:&quot;&quot;,&quot;caption&quot;:&quot;&quot;,&quot;created_timestamp&quot;:&quot;0&quot;,&quot;copyright&quot;:&quot;&quot;,&quot;focal_length&quot;:&quot;0&quot;,&quot;iso&quot;:&quot;0&quot;,&quot;shutter_speed&quot;:&quot;0&quot;,&quot;title&quot;:&quot;&quot;,&quot;orientation&quot;:&quot;0&quot;}\" data-image-title=\"WhatsApp Image 2025-10-21 at 14.26.57 (1)\" data-image-description=\"\" data-image-caption=\"\" data-large-file=\"https:\/\/mula.es\/web\/wp-content\/uploads\/2025\/10\/WhatsApp-Image-2025-10-21-at-14.26.57-1-1024x768.jpeg\" class=\"alignnone size-medium wp-image-59915\" src=\"https:\/\/mula.es\/web\/wp-content\/uploads\/2025\/10\/WhatsApp-Image-2025-10-21-at-14.26.57-1-300x225.jpeg\" alt=\"\" width=\"300\" height=\"225\" srcset=\"https:\/\/mula.es\/web\/wp-content\/uploads\/2025\/10\/WhatsApp-Image-2025-10-21-at-14.26.57-1-200x150.jpeg 200w, https:\/\/mula.es\/web\/wp-content\/uploads\/2025\/10\/WhatsApp-Image-2025-10-21-at-14.26.57-1-300x225.jpeg 300w, https:\/\/mula.es\/web\/wp-content\/uploads\/2025\/10\/WhatsApp-Image-2025-10-21-at-14.26.57-1-400x300.jpeg 400w, https:\/\/mula.es\/web\/wp-content\/uploads\/2025\/10\/WhatsApp-Image-2025-10-21-at-14.26.57-1-600x450.jpeg 600w, https:\/\/mula.es\/web\/wp-content\/uploads\/2025\/10\/WhatsApp-Image-2025-10-21-at-14.26.57-1-768x576.jpeg 768w, https:\/\/mula.es\/web\/wp-content\/uploads\/2025\/10\/WhatsApp-Image-2025-10-21-at-14.26.57-1-800x600.jpeg 800w, https:\/\/mula.es\/web\/wp-content\/uploads\/2025\/10\/WhatsApp-Image-2025-10-21-at-14.26.57-1-1024x768.jpeg 1024w, https:\/\/mula.es\/web\/wp-content\/uploads\/2025\/10\/WhatsApp-Image-2025-10-21-at-14.26.57-1-1200x900.jpeg 1200w, https:\/\/mula.es\/web\/wp-content\/uploads\/2025\/10\/WhatsApp-Image-2025-10-21-at-14.26.57-1-1536x1152.jpeg 1536w, https:\/\/mula.es\/web\/wp-content\/uploads\/2025\/10\/WhatsApp-Image-2025-10-21-at-14.26.57-1.jpeg 1600w\" sizes=\"(max-width: 300px) 100vw, 300px\" \/><\/a> <a href=\"https:\/\/mula.es\/web\/wp-content\/uploads\/2025\/10\/WhatsApp-Image-2025-10-21-at-14.26.57.jpeg\"><img decoding=\"async\" data-attachment-id=\"59916\" data-permalink=\"https:\/\/mula.es\/web\/juventud-el-concejal-de-juventud-de-mula-participa-en-la-comision-de-consumo-de-la-femp-celebrada-en-madrid\/whatsapp-image-2025-10-21-at-14-26-57\/\" data-orig-file=\"https:\/\/mula.es\/web\/wp-content\/uploads\/2025\/10\/WhatsApp-Image-2025-10-21-at-14.26.57.jpeg\" data-orig-size=\"1600,1200\" data-comments-opened=\"0\" data-image-meta=\"{&quot;aperture&quot;:&quot;0&quot;,&quot;credit&quot;:&quot;&quot;,&quot;camera&quot;:&quot;&quot;,&quot;caption&quot;:&quot;&quot;,&quot;created_timestamp&quot;:&quot;0&quot;,&quot;copyright&quot;:&quot;&quot;,&quot;focal_length&quot;:&quot;0&quot;,&quot;iso&quot;:&quot;0&quot;,&quot;shutter_speed&quot;:&quot;0&quot;,&quot;title&quot;:&quot;&quot;,&quot;orientation&quot;:&quot;0&quot;}\" data-image-title=\"WhatsApp Image 2025-10-21 at 14.26.57\" data-image-description=\"\" data-image-caption=\"\" data-large-file=\"https:\/\/mula.es\/web\/wp-content\/uploads\/2025\/10\/WhatsApp-Image-2025-10-21-at-14.26.57-1024x768.jpeg\" class=\"alignnone size-medium wp-image-59916\" src=\"https:\/\/mula.es\/web\/wp-content\/uploads\/2025\/10\/WhatsApp-Image-2025-10-21-at-14.26.57-300x225.jpeg\" alt=\"\" width=\"300\" height=\"225\" srcset=\"https:\/\/mula.es\/web\/wp-content\/uploads\/2025\/10\/WhatsApp-Image-2025-10-21-at-14.26.57-200x150.jpeg 200w, https:\/\/mula.es\/web\/wp-content\/uploads\/2025\/10\/WhatsApp-Image-2025-10-21-at-14.26.57-300x225.jpeg 300w, https:\/\/mula.es\/web\/wp-content\/uploads\/2025\/10\/WhatsApp-Image-2025-10-21-at-14.26.57-400x300.jpeg 400w, https:\/\/mula.es\/web\/wp-content\/uploads\/2025\/10\/WhatsApp-Image-2025-10-21-at-14.26.57-600x450.jpeg 600w, https:\/\/mula.es\/web\/wp-content\/uploads\/2025\/10\/WhatsApp-Image-2025-10-21-at-14.26.57-768x576.jpeg 768w, https:\/\/mula.es\/web\/wp-content\/uploads\/2025\/10\/WhatsApp-Image-2025-10-21-at-14.26.57-800x600.jpeg 800w, https:\/\/mula.es\/web\/wp-content\/uploads\/2025\/10\/WhatsApp-Image-2025-10-21-at-14.26.57-1024x768.jpeg 1024w, https:\/\/mula.es\/web\/wp-content\/uploads\/2025\/10\/WhatsApp-Image-2025-10-21-at-14.26.57-1200x900.jpeg 1200w, https:\/\/mula.es\/web\/wp-content\/uploads\/2025\/10\/WhatsApp-Image-2025-10-21-at-14.26.57-1536x1152.jpeg 1536w, https:\/\/mula.es\/web\/wp-content\/uploads\/2025\/10\/WhatsApp-Image-2025-10-21-at-14.26.57.jpeg 1600w\" sizes=\"(max-width: 300px) 100vw, 300px\" \/><\/a><\/p>\n","protected":false},"excerpt":{"rendered":"<p>\u00a0 NOTA DE PRENSA \u2013 22 DE OCTUBRE DE 2025 \u00a0 \u00a0 El concejal de Juventud de Mula participa en la Comisi\u00f3n de Consumo de la FEMP celebrada en Madrid \u00a0 El concejal de Juventud del Ayuntamiento de Mula, Toni Ruiz, se ha desplazado esta semana hasta Madrid para participar en la Comisi\u00f3n de Consumo  [&#8230;]<\/p>\n","protected":false},"author":13,"featured_media":33512,"comment_status":"closed","ping_status":"closed","sticky":false,"template":"","format":"standard","meta":{"jetpack_post_was_ever_published":false,"_jetpack_newsletter_access":"","_jetpack_dont_email_post_to_subs":false,"_jetpack_newsletter_tier_id":0,"_jetpack_memberships_contains_paywalled_content":false,"_jetpack_memberships_contains_paid_content":false,"footnotes":"","jetpack_publicize_message":"","jetpack_publicize_feature_enabled":true,"jetpack_social_post_already_shared":true,"jetpack_social_options":{"image_generator_settings":{"template":"highway","default_image_id":0,"font":"","enabled":false},"version":2}},"categories":[87],"tags":[],"class_list":["post-59914","post","type-post","status-publish","format-standard","has-post-thumbnail","hentry","category-juventud-y-adolescencia"],"yoast_head":"<!-- This site is optimized with the Yoast SEO plugin v27.5 - https:\/\/yoast.com\/product\/yoast-seo-wordpress\/ -->\n<title>JUVENTUD | El concejal de Juventud de Mula participa en la Comisi\u00f3n de Consumo de la FEMP celebrada en Madrid - Ayuntamiento de Mula<\/title>\n<meta name=\"robots\" content=\"index, follow, max-snippet:-1, max-image-preview:large, max-video-preview:-1\" \/>\n<link rel=\"canonical\" href=\"https:\/\/mula.es\/web\/juventud-el-concejal-de-juventud-de-mula-participa-en-la-comision-de-consumo-de-la-femp-celebrada-en-madrid\/\" \/>\n<meta property=\"og:locale\" content=\"es_ES\" \/>\n<meta property=\"og:type\" content=\"article\" \/>\n<meta property=\"og:title\" content=\"JUVENTUD | El concejal de Juventud de Mula participa en la Comisi\u00f3n de Consumo de la FEMP celebrada en Madrid - Ayuntamiento de Mula\" \/>\n<meta property=\"og:description\" content=\"\u00a0 NOTA DE PRENSA \u2013 22 DE OCTUBRE DE 2025 \u00a0 \u00a0 El concejal de Juventud de Mula participa en la Comisi\u00f3n de Consumo de la FEMP celebrada en Madrid \u00a0 El concejal de Juventud del Ayuntamiento de Mula, Toni Ruiz, se ha desplazado esta semana hasta Madrid para participar en la Comisi\u00f3n de Consumo [...]\" \/>\n<meta property=\"og:url\" content=\"https:\/\/mula.es\/web\/juventud-el-concejal-de-juventud-de-mula-participa-en-la-comision-de-consumo-de-la-femp-celebrada-en-madrid\/\" \/>\n<meta property=\"og:site_name\" content=\"Ayuntamiento de Mula\" \/>\n<meta property=\"article:published_time\" content=\"2025-10-22T17:04:06+00:00\" \/>\n<meta property=\"og:image\" content=\"https:\/\/mula.es\/web\/wp-content\/uploads\/2020\/06\/escudo-cuadrado-e1591045058235.jpg\" \/>\n\t<meta property=\"og:image:width\" content=\"200\" \/>\n\t<meta property=\"og:image:height\" content=\"218\" \/>\n\t<meta property=\"og:image:type\" content=\"image\/jpeg\" \/>\n<meta name=\"author\" content=\"Laura Salas Orcajada\" \/>\n<meta name=\"twitter:card\" content=\"summary_large_image\" \/>\n<meta name=\"twitter:creator\" content=\"@AyuntamientMula\" \/>\n<meta name=\"twitter:site\" content=\"@AyuntamientMula\" \/>\n<meta name=\"twitter:label1\" content=\"Escrito por\" \/>\n\t<meta name=\"twitter:data1\" content=\"Laura Salas Orcajada\" \/>\n\t<meta name=\"twitter:label2\" content=\"Tiempo de lectura\" \/>\n\t<meta name=\"twitter:data2\" content=\"3 minutos\" \/>\n<script type=\"application\/ld+json\" class=\"yoast-schema-graph\">{\"@context\":\"https:\\\/\\\/schema.org\",\"@graph\":[{\"@type\":\"Article\",\"@id\":\"https:\\\/\\\/mula.es\\\/web\\\/juventud-el-concejal-de-juventud-de-mula-participa-en-la-comision-de-consumo-de-la-femp-celebrada-en-madrid\\\/#article\",\"isPartOf\":{\"@id\":\"https:\\\/\\\/mula.es\\\/web\\\/juventud-el-concejal-de-juventud-de-mula-participa-en-la-comision-de-consumo-de-la-femp-celebrada-en-madrid\\\/\"},\"author\":{\"name\":\"Laura Salas Orcajada\",\"@id\":\"https:\\\/\\\/mula.es\\\/web\\\/#\\\/schema\\\/person\\\/4f10179bd364f40dceed361e61e4033f\"},\"headline\":\"JUVENTUD | El concejal de Juventud de Mula participa en la Comisi\u00f3n de Consumo de la FEMP celebrada en Madrid\",\"datePublished\":\"2025-10-22T17:04:06+00:00\",\"mainEntityOfPage\":{\"@id\":\"https:\\\/\\\/mula.es\\\/web\\\/juventud-el-concejal-de-juventud-de-mula-participa-en-la-comision-de-consumo-de-la-femp-celebrada-en-madrid\\\/\"},\"wordCount\":246,\"image\":{\"@id\":\"https:\\\/\\\/mula.es\\\/web\\\/juventud-el-concejal-de-juventud-de-mula-participa-en-la-comision-de-consumo-de-la-femp-celebrada-en-madrid\\\/#primaryimage\"},\"thumbnailUrl\":\"https:\\\/\\\/mula.es\\\/web\\\/wp-content\\\/uploads\\\/2020\\\/06\\\/escudo-cuadrado-e1591045058235.jpg\",\"articleSection\":[\"juventud y adolescencia\"],\"inLanguage\":\"es\"},{\"@type\":\"WebPage\",\"@id\":\"https:\\\/\\\/mula.es\\\/web\\\/juventud-el-concejal-de-juventud-de-mula-participa-en-la-comision-de-consumo-de-la-femp-celebrada-en-madrid\\\/\",\"url\":\"https:\\\/\\\/mula.es\\\/web\\\/juventud-el-concejal-de-juventud-de-mula-participa-en-la-comision-de-consumo-de-la-femp-celebrada-en-madrid\\\/\",\"name\":\"JUVENTUD | El concejal de Juventud de Mula participa en la Comisi\u00f3n de Consumo de la FEMP celebrada en Madrid - Ayuntamiento de Mula\",\"isPartOf\":{\"@id\":\"https:\\\/\\\/mula.es\\\/web\\\/#website\"},\"primaryImageOfPage\":{\"@id\":\"https:\\\/\\\/mula.es\\\/web\\\/juventud-el-concejal-de-juventud-de-mula-participa-en-la-comision-de-consumo-de-la-femp-celebrada-en-madrid\\\/#primaryimage\"},\"image\":{\"@id\":\"https:\\\/\\\/mula.es\\\/web\\\/juventud-el-concejal-de-juventud-de-mula-participa-en-la-comision-de-consumo-de-la-femp-celebrada-en-madrid\\\/#primaryimage\"},\"thumbnailUrl\":\"https:\\\/\\\/mula.es\\\/web\\\/wp-content\\\/uploads\\\/2020\\\/06\\\/escudo-cuadrado-e1591045058235.jpg\",\"datePublished\":\"2025-10-22T17:04:06+00:00\",\"author\":{\"@id\":\"https:\\\/\\\/mula.es\\\/web\\\/#\\\/schema\\\/person\\\/4f10179bd364f40dceed361e61e4033f\"},\"breadcrumb\":{\"@id\":\"https:\\\/\\\/mula.es\\\/web\\\/juventud-el-concejal-de-juventud-de-mula-participa-en-la-comision-de-consumo-de-la-femp-celebrada-en-madrid\\\/#breadcrumb\"},\"inLanguage\":\"es\",\"potentialAction\":[{\"@type\":\"ReadAction\",\"target\":[\"https:\\\/\\\/mula.es\\\/web\\\/juventud-el-concejal-de-juventud-de-mula-participa-en-la-comision-de-consumo-de-la-femp-celebrada-en-madrid\\\/\"]}]},{\"@type\":\"ImageObject\",\"inLanguage\":\"es\",\"@id\":\"https:\\\/\\\/mula.es\\\/web\\\/juventud-el-concejal-de-juventud-de-mula-participa-en-la-comision-de-consumo-de-la-femp-celebrada-en-madrid\\\/#primaryimage\",\"url\":\"https:\\\/\\\/mula.es\\\/web\\\/wp-content\\\/uploads\\\/2020\\\/06\\\/escudo-cuadrado-e1591045058235.jpg\",\"contentUrl\":\"https:\\\/\\\/mula.es\\\/web\\\/wp-content\\\/uploads\\\/2020\\\/06\\\/escudo-cuadrado-e1591045058235.jpg\",\"width\":200,\"height\":218},{\"@type\":\"BreadcrumbList\",\"@id\":\"https:\\\/\\\/mula.es\\\/web\\\/juventud-el-concejal-de-juventud-de-mula-participa-en-la-comision-de-consumo-de-la-femp-celebrada-en-madrid\\\/#breadcrumb\",\"itemListElement\":[{\"@type\":\"ListItem\",\"position\":1,\"name\":\"Portada\",\"item\":\"https:\\\/\\\/mula.es\\\/web\\\/\"},{\"@type\":\"ListItem\",\"position\":2,\"name\":\"JUVENTUD | El concejal de Juventud de Mula participa en la Comisi\u00f3n de Consumo de la FEMP celebrada en Madrid\"}]},{\"@type\":\"WebSite\",\"@id\":\"https:\\\/\\\/mula.es\\\/web\\\/#website\",\"url\":\"https:\\\/\\\/mula.es\\\/web\\\/\",\"name\":\"Ayuntamiento de Mula\",\"description\":\"P\u00e1gina web del Ayuntamiento de Mula (Regi\u00f3n de Murcia)\",\"potentialAction\":[{\"@type\":\"SearchAction\",\"target\":{\"@type\":\"EntryPoint\",\"urlTemplate\":\"https:\\\/\\\/mula.es\\\/web\\\/?s={search_term_string}\"},\"query-input\":{\"@type\":\"PropertyValueSpecification\",\"valueRequired\":true,\"valueName\":\"search_term_string\"}}],\"inLanguage\":\"es\"},{\"@type\":\"Person\",\"@id\":\"https:\\\/\\\/mula.es\\\/web\\\/#\\\/schema\\\/person\\\/4f10179bd364f40dceed361e61e4033f\",\"name\":\"Laura Salas Orcajada\",\"image\":{\"@type\":\"ImageObject\",\"inLanguage\":\"es\",\"@id\":\"https:\\\/\\\/secure.gravatar.com\\\/avatar\\\/786f2a223d9a455e2a448f78b5dcc1117207ef56ef3d9a04df338c0f775cd403?s=96&d=mm&r=g\",\"url\":\"https:\\\/\\\/secure.gravatar.com\\\/avatar\\\/786f2a223d9a455e2a448f78b5dcc1117207ef56ef3d9a04df338c0f775cd403?s=96&d=mm&r=g\",\"contentUrl\":\"https:\\\/\\\/secure.gravatar.com\\\/avatar\\\/786f2a223d9a455e2a448f78b5dcc1117207ef56ef3d9a04df338c0f775cd403?s=96&d=mm&r=g\",\"caption\":\"Laura Salas Orcajada\"},\"url\":\"https:\\\/\\\/mula.es\\\/web\\\/author\\\/lsalas\\\/\"}]}<\/script>\n<!-- \/ Yoast SEO plugin. -->","yoast_head_json":{"title":"JUVENTUD | El concejal de Juventud de Mula participa en la Comisi\u00f3n de Consumo de la FEMP celebrada en Madrid - Ayuntamiento de Mula","robots":{"index":"index","follow":"follow","max-snippet":"max-snippet:-1","max-image-preview":"max-image-preview:large","max-video-preview":"max-video-preview:-1"},"canonical":"https:\/\/mula.es\/web\/juventud-el-concejal-de-juventud-de-mula-participa-en-la-comision-de-consumo-de-la-femp-celebrada-en-madrid\/","og_locale":"es_ES","og_type":"article","og_title":"JUVENTUD | El concejal de Juventud de Mula participa en la Comisi\u00f3n de Consumo de la FEMP celebrada en Madrid - Ayuntamiento de Mula","og_description":"\u00a0 NOTA DE PRENSA \u2013 22 DE OCTUBRE DE 2025 \u00a0 \u00a0 El concejal de Juventud de Mula participa en la Comisi\u00f3n de Consumo de la FEMP celebrada en Madrid \u00a0 El concejal de Juventud del Ayuntamiento de Mula, Toni Ruiz, se ha desplazado esta semana hasta Madrid para participar en la Comisi\u00f3n de Consumo [...]","og_url":"https:\/\/mula.es\/web\/juventud-el-concejal-de-juventud-de-mula-participa-en-la-comision-de-consumo-de-la-femp-celebrada-en-madrid\/","og_site_name":"Ayuntamiento de Mula","article_published_time":"2025-10-22T17:04:06+00:00","og_image":[{"width":200,"height":218,"url":"https:\/\/mula.es\/web\/wp-content\/uploads\/2020\/06\/escudo-cuadrado-e1591045058235.jpg","type":"image\/jpeg"}],"author":"Laura Salas Orcajada","twitter_card":"summary_large_image","twitter_creator":"@AyuntamientMula","twitter_site":"@AyuntamientMula","twitter_misc":{"Escrito por":"Laura Salas Orcajada","Tiempo de lectura":"3 minutos"},"schema":{"@context":"https:\/\/schema.org","@graph":[{"@type":"Article","@id":"https:\/\/mula.es\/web\/juventud-el-concejal-de-juventud-de-mula-participa-en-la-comision-de-consumo-de-la-femp-celebrada-en-madrid\/#article","isPartOf":{"@id":"https:\/\/mula.es\/web\/juventud-el-concejal-de-juventud-de-mula-participa-en-la-comision-de-consumo-de-la-femp-celebrada-en-madrid\/"},"author":{"name":"Laura Salas Orcajada","@id":"https:\/\/mula.es\/web\/#\/schema\/person\/4f10179bd364f40dceed361e61e4033f"},"headline":"JUVENTUD | El concejal de Juventud de Mula participa en la Comisi\u00f3n de Consumo de la FEMP celebrada en Madrid","datePublished":"2025-10-22T17:04:06+00:00","mainEntityOfPage":{"@id":"https:\/\/mula.es\/web\/juventud-el-concejal-de-juventud-de-mula-participa-en-la-comision-de-consumo-de-la-femp-celebrada-en-madrid\/"},"wordCount":246,"image":{"@id":"https:\/\/mula.es\/web\/juventud-el-concejal-de-juventud-de-mula-participa-en-la-comision-de-consumo-de-la-femp-celebrada-en-madrid\/#primaryimage"},"thumbnailUrl":"https:\/\/mula.es\/web\/wp-content\/uploads\/2020\/06\/escudo-cuadrado-e1591045058235.jpg","articleSection":["juventud y adolescencia"],"inLanguage":"es"},{"@type":"WebPage","@id":"https:\/\/mula.es\/web\/juventud-el-concejal-de-juventud-de-mula-participa-en-la-comision-de-consumo-de-la-femp-celebrada-en-madrid\/","url":"https:\/\/mula.es\/web\/juventud-el-concejal-de-juventud-de-mula-participa-en-la-comision-de-consumo-de-la-femp-celebrada-en-madrid\/","name":"JUVENTUD | El concejal de Juventud de Mula participa en la Comisi\u00f3n de Consumo de la FEMP celebrada en Madrid - Ayuntamiento de Mula","isPartOf":{"@id":"https:\/\/mula.es\/web\/#website"},"primaryImageOfPage":{"@id":"https:\/\/mula.es\/web\/juventud-el-concejal-de-juventud-de-mula-participa-en-la-comision-de-consumo-de-la-femp-celebrada-en-madrid\/#primaryimage"},"image":{"@id":"https:\/\/mula.es\/web\/juventud-el-concejal-de-juventud-de-mula-participa-en-la-comision-de-consumo-de-la-femp-celebrada-en-madrid\/#primaryimage"},"thumbnailUrl":"https:\/\/mula.es\/web\/wp-content\/uploads\/2020\/06\/escudo-cuadrado-e1591045058235.jpg","datePublished":"2025-10-22T17:04:06+00:00","author":{"@id":"https:\/\/mula.es\/web\/#\/schema\/person\/4f10179bd364f40dceed361e61e4033f"},"breadcrumb":{"@id":"https:\/\/mula.es\/web\/juventud-el-concejal-de-juventud-de-mula-participa-en-la-comision-de-consumo-de-la-femp-celebrada-en-madrid\/#breadcrumb"},"inLanguage":"es","potentialAction":[{"@type":"ReadAction","target":["https:\/\/mula.es\/web\/juventud-el-concejal-de-juventud-de-mula-participa-en-la-comision-de-consumo-de-la-femp-celebrada-en-madrid\/"]}]},{"@type":"ImageObject","inLanguage":"es","@id":"https:\/\/mula.es\/web\/juventud-el-concejal-de-juventud-de-mula-participa-en-la-comision-de-consumo-de-la-femp-celebrada-en-madrid\/#primaryimage","url":"https:\/\/mula.es\/web\/wp-content\/uploads\/2020\/06\/escudo-cuadrado-e1591045058235.jpg","contentUrl":"https:\/\/mula.es\/web\/wp-content\/uploads\/2020\/06\/escudo-cuadrado-e1591045058235.jpg","width":200,"height":218},{"@type":"BreadcrumbList","@id":"https:\/\/mula.es\/web\/juventud-el-concejal-de-juventud-de-mula-participa-en-la-comision-de-consumo-de-la-femp-celebrada-en-madrid\/#breadcrumb","itemListElement":[{"@type":"ListItem","position":1,"name":"Portada","item":"https:\/\/mula.es\/web\/"},{"@type":"ListItem","position":2,"name":"JUVENTUD | El concejal de Juventud de Mula participa en la Comisi\u00f3n de Consumo de la FEMP celebrada en Madrid"}]},{"@type":"WebSite","@id":"https:\/\/mula.es\/web\/#website","url":"https:\/\/mula.es\/web\/","name":"Ayuntamiento de Mula","description":"P\u00e1gina web del Ayuntamiento de Mula (Regi\u00f3n de Murcia)","potentialAction":[{"@type":"SearchAction","target":{"@type":"EntryPoint","urlTemplate":"https:\/\/mula.es\/web\/?s={search_term_string}"},"query-input":{"@type":"PropertyValueSpecification","valueRequired":true,"valueName":"search_term_string"}}],"inLanguage":"es"},{"@type":"Person","@id":"https:\/\/mula.es\/web\/#\/schema\/person\/4f10179bd364f40dceed361e61e4033f","name":"Laura Salas Orcajada","image":{"@type":"ImageObject","inLanguage":"es","@id":"https:\/\/secure.gravatar.com\/avatar\/786f2a223d9a455e2a448f78b5dcc1117207ef56ef3d9a04df338c0f775cd403?s=96&d=mm&r=g","url":"https:\/\/secure.gravatar.com\/avatar\/786f2a223d9a455e2a448f78b5dcc1117207ef56ef3d9a04df338c0f775cd403?s=96&d=mm&r=g","contentUrl":"https:\/\/secure.gravatar.com\/avatar\/786f2a223d9a455e2a448f78b5dcc1117207ef56ef3d9a04df338c0f775cd403?s=96&d=mm&r=g","caption":"Laura Salas Orcajada"},"url":"https:\/\/mula.es\/web\/author\/lsalas\/"}]}},"jetpack_publicize_connections":[],"jetpack_featured_media_url":"https:\/\/mula.es\/web\/wp-content\/uploads\/2020\/06\/escudo-cuadrado-e1591045058235.jpg","jetpack_sharing_enabled":true,"jetpack_shortlink":"https:\/\/wp.me\/pa9DMY-fAm","jetpack-related-posts":[],"_links":{"self":[{"href":"https:\/\/mula.es\/web\/wp-json\/wp\/v2\/posts\/59914","targetHints":{"allow":["GET"]}}],"collection":[{"href":"https:\/\/mula.es\/web\/wp-json\/wp\/v2\/posts"}],"about":[{"href":"https:\/\/mula.es\/web\/wp-json\/wp\/v2\/types\/post"}],"author":[{"embeddable":true,"href":"https:\/\/mula.es\/web\/wp-json\/wp\/v2\/users\/13"}],"replies":[{"embeddable":true,"href":"https:\/\/mula.es\/web\/wp-json\/wp\/v2\/comments?post=59914"}],"version-history":[{"count":1,"href":"https:\/\/mula.es\/web\/wp-json\/wp\/v2\/posts\/59914\/revisions"}],"predecessor-version":[{"id":59917,"href":"https:\/\/mula.es\/web\/wp-json\/wp\/v2\/posts\/59914\/revisions\/59917"}],"wp:featuredmedia":[{"embeddable":true,"href":"https:\/\/mula.es\/web\/wp-json\/wp\/v2\/media\/33512"}],"wp:attachment":[{"href":"https:\/\/mula.es\/web\/wp-json\/wp\/v2\/media?parent=59914"}],"wp:term":[{"taxonomy":"category","embeddable":true,"href":"https:\/\/mula.es\/web\/wp-json\/wp\/v2\/categories?post=59914"},{"taxonomy":"post_tag","embeddable":true,"href":"https:\/\/mula.es\/web\/wp-json\/wp\/v2\/tags?post=59914"}],"curies":[{"name":"wp","href":"https:\/\/api.w.org\/{rel}","templated":true}]}}