{"id":59919,"date":"2025-10-23T10:44:06","date_gmt":"2025-10-23T08:44:06","guid":{"rendered":"https:\/\/mula.es\/web\/?p=59919"},"modified":"2025-10-23T10:44:06","modified_gmt":"2025-10-23T08:44:06","slug":"deportes-el-alcalde-recibe-a-la-campeona-del-mundial-de-agility-del-club-agility-rio-mula","status":"publish","type":"post","link":"https:\/\/mula.es\/web\/deportes-el-alcalde-recibe-a-la-campeona-del-mundial-de-agility-del-club-agility-rio-mula\/","title":{"rendered":"DEPORTES | El alcalde recibe a la campeona del Mundial de Agility del Club Agility R\u00edo Mula"},"content":{"rendered":"<p><strong>\u00a0<\/strong><\/p>\n<p><strong>NOTA DE PRENSA &#8211; 23 DE OCTUBRE DE 2025<\/strong><\/p>\n<p><strong>\u00a0<\/strong><\/p>\n<p><strong>\u00a0<\/strong><\/p>\n<h2><strong>El alcalde recibe a la campeona del Mundial de Agility del Club Agility R\u00edo Mula<\/strong><\/h2>\n<p><strong>\u00a0<\/strong><\/p>\n<p>En la tarde de ayer, el <strong>alcalde de Mula, Juan Jes\u00fas Moreno<\/strong>, junto al <strong>concejal de Deportes, Vicente L\u00f3pez<\/strong>, recibi\u00f3 en el Ayuntamiento a los deportistas del Club Agility R\u00edo Mula, <strong>Miriam Garc\u00eda G\u00f3mez<\/strong> y <strong>Jos\u00e9 Antonio Guti\u00e9rrez<\/strong>, en reconocimiento a su participaci\u00f3n en el <strong>Campeonato del Mundo de Agility<\/strong>, celebrado en <strong>Portugal los d\u00edas 12, 13 y 14 de julio de 2025<\/strong>, representando a <strong>Espa\u00f1a con la selecci\u00f3n nacional<\/strong>.<\/p>\n<p>En esta cita internacional, <strong>Miriam Garc\u00eda<\/strong> consigui\u00f3 un <strong>resultado excepcional<\/strong>, al alzarse con <strong>tres medallas de oro<\/strong> y proclamarse <strong>campeona del mundo, al igual que ya lo hizo como campeona de Espa\u00f1a por quinta vez.<\/strong><\/p>\n<p>Su entrenador, <strong>Jos\u00e9 Antonio Guti\u00e9rrez<\/strong>, tambi\u00e9n competidor en el Mundial, obtuvo una <strong>d\u00e9cima posici\u00f3n<\/strong> y suma ya <strong>ocho t\u00edtulos nacionales.<\/strong><\/p>\n<p>El alcalde destac\u00f3 el <strong>orgullo que supone para Mula contar con deportistas de este nivel<\/strong>, subrayando su esfuerzo, dedicaci\u00f3n y compromiso como ejemplo de superaci\u00f3n y excelencia deportiva.<\/p>\n<p><a href=\"https:\/\/mula.es\/web\/wp-content\/uploads\/2025\/10\/1-7-scaled.jpg\"><img decoding=\"async\" data-attachment-id=\"59920\" data-permalink=\"https:\/\/mula.es\/web\/deportes-el-alcalde-recibe-a-la-campeona-del-mundial-de-agility-del-club-agility-rio-mula\/1-351\/\" data-orig-file=\"https:\/\/mula.es\/web\/wp-content\/uploads\/2025\/10\/1-7-scaled.jpg\" data-orig-size=\"2560,1707\" data-comments-opened=\"0\" data-image-meta=\"{&quot;aperture&quot;:&quot;0&quot;,&quot;credit&quot;:&quot;&quot;,&quot;camera&quot;:&quot;&quot;,&quot;caption&quot;:&quot;&quot;,&quot;created_timestamp&quot;:&quot;0&quot;,&quot;copyright&quot;:&quot;&quot;,&quot;focal_length&quot;:&quot;0&quot;,&quot;iso&quot;:&quot;0&quot;,&quot;shutter_speed&quot;:&quot;0&quot;,&quot;title&quot;:&quot;&quot;,&quot;orientation&quot;:&quot;1&quot;}\" data-image-title=\"1\" data-image-description=\"\" data-image-caption=\"\" data-large-file=\"https:\/\/mula.es\/web\/wp-content\/uploads\/2025\/10\/1-7-1024x683.jpg\" class=\"alignnone size-medium wp-image-59920\" src=\"https:\/\/mula.es\/web\/wp-content\/uploads\/2025\/10\/1-7-300x200.jpg\" alt=\"\" width=\"300\" height=\"200\" srcset=\"https:\/\/mula.es\/web\/wp-content\/uploads\/2025\/10\/1-7-200x133.jpg 200w, https:\/\/mula.es\/web\/wp-content\/uploads\/2025\/10\/1-7-300x200.jpg 300w, https:\/\/mula.es\/web\/wp-content\/uploads\/2025\/10\/1-7-400x267.jpg 400w, https:\/\/mula.es\/web\/wp-content\/uploads\/2025\/10\/1-7-600x400.jpg 600w, https:\/\/mula.es\/web\/wp-content\/uploads\/2025\/10\/1-7-768x512.jpg 768w, https:\/\/mula.es\/web\/wp-content\/uploads\/2025\/10\/1-7-800x533.jpg 800w, https:\/\/mula.es\/web\/wp-content\/uploads\/2025\/10\/1-7-1024x683.jpg 1024w, https:\/\/mula.es\/web\/wp-content\/uploads\/2025\/10\/1-7-1200x800.jpg 1200w, https:\/\/mula.es\/web\/wp-content\/uploads\/2025\/10\/1-7-1536x1024.jpg 1536w\" sizes=\"(max-width: 300px) 100vw, 300px\" \/><\/a><a href=\"https:\/\/mula.es\/web\/wp-content\/uploads\/2025\/10\/2-7-scaled.jpg\"><img decoding=\"async\" data-attachment-id=\"59921\" data-permalink=\"https:\/\/mula.es\/web\/deportes-el-alcalde-recibe-a-la-campeona-del-mundial-de-agility-del-club-agility-rio-mula\/2-328\/\" data-orig-file=\"https:\/\/mula.es\/web\/wp-content\/uploads\/2025\/10\/2-7-scaled.jpg\" data-orig-size=\"2560,1707\" data-comments-opened=\"0\" data-image-meta=\"{&quot;aperture&quot;:&quot;0&quot;,&quot;credit&quot;:&quot;&quot;,&quot;camera&quot;:&quot;&quot;,&quot;caption&quot;:&quot;&quot;,&quot;created_timestamp&quot;:&quot;0&quot;,&quot;copyright&quot;:&quot;&quot;,&quot;focal_length&quot;:&quot;0&quot;,&quot;iso&quot;:&quot;0&quot;,&quot;shutter_speed&quot;:&quot;0&quot;,&quot;title&quot;:&quot;&quot;,&quot;orientation&quot;:&quot;1&quot;}\" data-image-title=\"2\" data-image-description=\"\" data-image-caption=\"\" data-large-file=\"https:\/\/mula.es\/web\/wp-content\/uploads\/2025\/10\/2-7-1024x683.jpg\" class=\"alignnone size-medium wp-image-59921\" src=\"https:\/\/mula.es\/web\/wp-content\/uploads\/2025\/10\/2-7-300x200.jpg\" alt=\"\" width=\"300\" height=\"200\" srcset=\"https:\/\/mula.es\/web\/wp-content\/uploads\/2025\/10\/2-7-200x133.jpg 200w, https:\/\/mula.es\/web\/wp-content\/uploads\/2025\/10\/2-7-300x200.jpg 300w, https:\/\/mula.es\/web\/wp-content\/uploads\/2025\/10\/2-7-400x267.jpg 400w, https:\/\/mula.es\/web\/wp-content\/uploads\/2025\/10\/2-7-600x400.jpg 600w, https:\/\/mula.es\/web\/wp-content\/uploads\/2025\/10\/2-7-768x512.jpg 768w, https:\/\/mula.es\/web\/wp-content\/uploads\/2025\/10\/2-7-800x533.jpg 800w, https:\/\/mula.es\/web\/wp-content\/uploads\/2025\/10\/2-7-1024x683.jpg 1024w, https:\/\/mula.es\/web\/wp-content\/uploads\/2025\/10\/2-7-1200x800.jpg 1200w, https:\/\/mula.es\/web\/wp-content\/uploads\/2025\/10\/2-7-1536x1024.jpg 1536w\" sizes=\"(max-width: 300px) 100vw, 300px\" \/><\/a><\/p>\n","protected":false},"excerpt":{"rendered":"<p>\u00a0 NOTA DE PRENSA &#8211; 23 DE OCTUBRE DE 2025 \u00a0 \u00a0 El alcalde recibe a la campeona del Mundial de Agility del Club Agility R\u00edo Mula \u00a0 En la tarde de ayer, el alcalde de Mula, Juan Jes\u00fas Moreno, junto al concejal de Deportes, Vicente L\u00f3pez, recibi\u00f3 en el Ayuntamiento a los deportistas del  [&#8230;]<\/p>\n","protected":false},"author":13,"featured_media":33512,"comment_status":"closed","ping_status":"closed","sticky":false,"template":"","format":"standard","meta":{"jetpack_post_was_ever_published":false,"_jetpack_newsletter_access":"","_jetpack_dont_email_post_to_subs":false,"_jetpack_newsletter_tier_id":0,"_jetpack_memberships_contains_paywalled_content":false,"_jetpack_memberships_contains_paid_content":false,"footnotes":"","jetpack_publicize_message":"","jetpack_publicize_feature_enabled":true,"jetpack_social_post_already_shared":true,"jetpack_social_options":{"image_generator_settings":{"template":"highway","default_image_id":0,"font":"","enabled":false},"version":2}},"categories":[88],"tags":[],"class_list":["post-59919","post","type-post","status-publish","format-standard","has-post-thumbnail","hentry","category-deportes"],"yoast_head":"<!-- This site is optimized with the Yoast SEO plugin v27.5 - https:\/\/yoast.com\/product\/yoast-seo-wordpress\/ -->\n<title>DEPORTES | El alcalde recibe a la campeona del Mundial de Agility del Club Agility R\u00edo Mula - Ayuntamiento de Mula<\/title>\n<meta name=\"robots\" content=\"index, follow, max-snippet:-1, max-image-preview:large, max-video-preview:-1\" \/>\n<link rel=\"canonical\" href=\"https:\/\/mula.es\/web\/deportes-el-alcalde-recibe-a-la-campeona-del-mundial-de-agility-del-club-agility-rio-mula\/\" \/>\n<meta property=\"og:locale\" content=\"es_ES\" \/>\n<meta property=\"og:type\" content=\"article\" \/>\n<meta property=\"og:title\" content=\"DEPORTES | El alcalde recibe a la campeona del Mundial de Agility del Club Agility R\u00edo Mula - Ayuntamiento de Mula\" \/>\n<meta property=\"og:description\" content=\"\u00a0 NOTA DE PRENSA &#8211; 23 DE OCTUBRE DE 2025 \u00a0 \u00a0 El alcalde recibe a la campeona del Mundial de Agility del Club Agility R\u00edo Mula \u00a0 En la tarde de ayer, el alcalde de Mula, Juan Jes\u00fas Moreno, junto al concejal de Deportes, Vicente L\u00f3pez, recibi\u00f3 en el Ayuntamiento a los deportistas del [...]\" \/>\n<meta property=\"og:url\" content=\"https:\/\/mula.es\/web\/deportes-el-alcalde-recibe-a-la-campeona-del-mundial-de-agility-del-club-agility-rio-mula\/\" \/>\n<meta property=\"og:site_name\" content=\"Ayuntamiento de Mula\" \/>\n<meta property=\"article:published_time\" content=\"2025-10-23T08:44:06+00:00\" \/>\n<meta property=\"og:image\" content=\"https:\/\/mula.es\/web\/wp-content\/uploads\/2020\/06\/escudo-cuadrado-e1591045058235.jpg\" \/>\n\t<meta property=\"og:image:width\" content=\"200\" \/>\n\t<meta property=\"og:image:height\" content=\"218\" \/>\n\t<meta property=\"og:image:type\" content=\"image\/jpeg\" \/>\n<meta name=\"author\" content=\"Laura Salas Orcajada\" \/>\n<meta name=\"twitter:card\" content=\"summary_large_image\" \/>\n<meta name=\"twitter:creator\" content=\"@AyuntamientMula\" \/>\n<meta name=\"twitter:site\" content=\"@AyuntamientMula\" \/>\n<meta name=\"twitter:label1\" content=\"Escrito por\" \/>\n\t<meta name=\"twitter:data1\" content=\"Laura Salas Orcajada\" \/>\n\t<meta name=\"twitter:label2\" content=\"Tiempo de lectura\" \/>\n\t<meta name=\"twitter:data2\" content=\"2 minutos\" \/>\n<script type=\"application\/ld+json\" class=\"yoast-schema-graph\">{\"@context\":\"https:\\\/\\\/schema.org\",\"@graph\":[{\"@type\":\"Article\",\"@id\":\"https:\\\/\\\/mula.es\\\/web\\\/deportes-el-alcalde-recibe-a-la-campeona-del-mundial-de-agility-del-club-agility-rio-mula\\\/#article\",\"isPartOf\":{\"@id\":\"https:\\\/\\\/mula.es\\\/web\\\/deportes-el-alcalde-recibe-a-la-campeona-del-mundial-de-agility-del-club-agility-rio-mula\\\/\"},\"author\":{\"name\":\"Laura Salas Orcajada\",\"@id\":\"https:\\\/\\\/mula.es\\\/web\\\/#\\\/schema\\\/person\\\/4f10179bd364f40dceed361e61e4033f\"},\"headline\":\"DEPORTES | El alcalde recibe a la campeona del Mundial de Agility del Club Agility R\u00edo Mula\",\"datePublished\":\"2025-10-23T08:44:06+00:00\",\"mainEntityOfPage\":{\"@id\":\"https:\\\/\\\/mula.es\\\/web\\\/deportes-el-alcalde-recibe-a-la-campeona-del-mundial-de-agility-del-club-agility-rio-mula\\\/\"},\"wordCount\":208,\"image\":{\"@id\":\"https:\\\/\\\/mula.es\\\/web\\\/deportes-el-alcalde-recibe-a-la-campeona-del-mundial-de-agility-del-club-agility-rio-mula\\\/#primaryimage\"},\"thumbnailUrl\":\"https:\\\/\\\/mula.es\\\/web\\\/wp-content\\\/uploads\\\/2020\\\/06\\\/escudo-cuadrado-e1591045058235.jpg\",\"articleSection\":[\"deportes\"],\"inLanguage\":\"es\"},{\"@type\":\"WebPage\",\"@id\":\"https:\\\/\\\/mula.es\\\/web\\\/deportes-el-alcalde-recibe-a-la-campeona-del-mundial-de-agility-del-club-agility-rio-mula\\\/\",\"url\":\"https:\\\/\\\/mula.es\\\/web\\\/deportes-el-alcalde-recibe-a-la-campeona-del-mundial-de-agility-del-club-agility-rio-mula\\\/\",\"name\":\"DEPORTES | El alcalde recibe a la campeona del Mundial de Agility del Club Agility R\u00edo Mula - Ayuntamiento de Mula\",\"isPartOf\":{\"@id\":\"https:\\\/\\\/mula.es\\\/web\\\/#website\"},\"primaryImageOfPage\":{\"@id\":\"https:\\\/\\\/mula.es\\\/web\\\/deportes-el-alcalde-recibe-a-la-campeona-del-mundial-de-agility-del-club-agility-rio-mula\\\/#primaryimage\"},\"image\":{\"@id\":\"https:\\\/\\\/mula.es\\\/web\\\/deportes-el-alcalde-recibe-a-la-campeona-del-mundial-de-agility-del-club-agility-rio-mula\\\/#primaryimage\"},\"thumbnailUrl\":\"https:\\\/\\\/mula.es\\\/web\\\/wp-content\\\/uploads\\\/2020\\\/06\\\/escudo-cuadrado-e1591045058235.jpg\",\"datePublished\":\"2025-10-23T08:44:06+00:00\",\"author\":{\"@id\":\"https:\\\/\\\/mula.es\\\/web\\\/#\\\/schema\\\/person\\\/4f10179bd364f40dceed361e61e4033f\"},\"breadcrumb\":{\"@id\":\"https:\\\/\\\/mula.es\\\/web\\\/deportes-el-alcalde-recibe-a-la-campeona-del-mundial-de-agility-del-club-agility-rio-mula\\\/#breadcrumb\"},\"inLanguage\":\"es\",\"potentialAction\":[{\"@type\":\"ReadAction\",\"target\":[\"https:\\\/\\\/mula.es\\\/web\\\/deportes-el-alcalde-recibe-a-la-campeona-del-mundial-de-agility-del-club-agility-rio-mula\\\/\"]}]},{\"@type\":\"ImageObject\",\"inLanguage\":\"es\",\"@id\":\"https:\\\/\\\/mula.es\\\/web\\\/deportes-el-alcalde-recibe-a-la-campeona-del-mundial-de-agility-del-club-agility-rio-mula\\\/#primaryimage\",\"url\":\"https:\\\/\\\/mula.es\\\/web\\\/wp-content\\\/uploads\\\/2020\\\/06\\\/escudo-cuadrado-e1591045058235.jpg\",\"contentUrl\":\"https:\\\/\\\/mula.es\\\/web\\\/wp-content\\\/uploads\\\/2020\\\/06\\\/escudo-cuadrado-e1591045058235.jpg\",\"width\":200,\"height\":218},{\"@type\":\"BreadcrumbList\",\"@id\":\"https:\\\/\\\/mula.es\\\/web\\\/deportes-el-alcalde-recibe-a-la-campeona-del-mundial-de-agility-del-club-agility-rio-mula\\\/#breadcrumb\",\"itemListElement\":[{\"@type\":\"ListItem\",\"position\":1,\"name\":\"Portada\",\"item\":\"https:\\\/\\\/mula.es\\\/web\\\/\"},{\"@type\":\"ListItem\",\"position\":2,\"name\":\"DEPORTES | El alcalde recibe a la campeona del Mundial de Agility del Club Agility R\u00edo Mula\"}]},{\"@type\":\"WebSite\",\"@id\":\"https:\\\/\\\/mula.es\\\/web\\\/#website\",\"url\":\"https:\\\/\\\/mula.es\\\/web\\\/\",\"name\":\"Ayuntamiento de Mula\",\"description\":\"P\u00e1gina web del Ayuntamiento de Mula (Regi\u00f3n de Murcia)\",\"potentialAction\":[{\"@type\":\"SearchAction\",\"target\":{\"@type\":\"EntryPoint\",\"urlTemplate\":\"https:\\\/\\\/mula.es\\\/web\\\/?s={search_term_string}\"},\"query-input\":{\"@type\":\"PropertyValueSpecification\",\"valueRequired\":true,\"valueName\":\"search_term_string\"}}],\"inLanguage\":\"es\"},{\"@type\":\"Person\",\"@id\":\"https:\\\/\\\/mula.es\\\/web\\\/#\\\/schema\\\/person\\\/4f10179bd364f40dceed361e61e4033f\",\"name\":\"Laura Salas Orcajada\",\"image\":{\"@type\":\"ImageObject\",\"inLanguage\":\"es\",\"@id\":\"https:\\\/\\\/secure.gravatar.com\\\/avatar\\\/786f2a223d9a455e2a448f78b5dcc1117207ef56ef3d9a04df338c0f775cd403?s=96&d=mm&r=g\",\"url\":\"https:\\\/\\\/secure.gravatar.com\\\/avatar\\\/786f2a223d9a455e2a448f78b5dcc1117207ef56ef3d9a04df338c0f775cd403?s=96&d=mm&r=g\",\"contentUrl\":\"https:\\\/\\\/secure.gravatar.com\\\/avatar\\\/786f2a223d9a455e2a448f78b5dcc1117207ef56ef3d9a04df338c0f775cd403?s=96&d=mm&r=g\",\"caption\":\"Laura Salas Orcajada\"},\"url\":\"https:\\\/\\\/mula.es\\\/web\\\/author\\\/lsalas\\\/\"}]}<\/script>\n<!-- \/ Yoast SEO plugin. -->","yoast_head_json":{"title":"DEPORTES | El alcalde recibe a la campeona del Mundial de Agility del Club Agility R\u00edo Mula - Ayuntamiento de Mula","robots":{"index":"index","follow":"follow","max-snippet":"max-snippet:-1","max-image-preview":"max-image-preview:large","max-video-preview":"max-video-preview:-1"},"canonical":"https:\/\/mula.es\/web\/deportes-el-alcalde-recibe-a-la-campeona-del-mundial-de-agility-del-club-agility-rio-mula\/","og_locale":"es_ES","og_type":"article","og_title":"DEPORTES | El alcalde recibe a la campeona del Mundial de Agility del Club Agility R\u00edo Mula - Ayuntamiento de Mula","og_description":"\u00a0 NOTA DE PRENSA &#8211; 23 DE OCTUBRE DE 2025 \u00a0 \u00a0 El alcalde recibe a la campeona del Mundial de Agility del Club Agility R\u00edo Mula \u00a0 En la tarde de ayer, el alcalde de Mula, Juan Jes\u00fas Moreno, junto al concejal de Deportes, Vicente L\u00f3pez, recibi\u00f3 en el Ayuntamiento a los deportistas del [...]","og_url":"https:\/\/mula.es\/web\/deportes-el-alcalde-recibe-a-la-campeona-del-mundial-de-agility-del-club-agility-rio-mula\/","og_site_name":"Ayuntamiento de Mula","article_published_time":"2025-10-23T08:44:06+00:00","og_image":[{"width":200,"height":218,"url":"https:\/\/mula.es\/web\/wp-content\/uploads\/2020\/06\/escudo-cuadrado-e1591045058235.jpg","type":"image\/jpeg"}],"author":"Laura Salas Orcajada","twitter_card":"summary_large_image","twitter_creator":"@AyuntamientMula","twitter_site":"@AyuntamientMula","twitter_misc":{"Escrito por":"Laura Salas Orcajada","Tiempo de lectura":"2 minutos"},"schema":{"@context":"https:\/\/schema.org","@graph":[{"@type":"Article","@id":"https:\/\/mula.es\/web\/deportes-el-alcalde-recibe-a-la-campeona-del-mundial-de-agility-del-club-agility-rio-mula\/#article","isPartOf":{"@id":"https:\/\/mula.es\/web\/deportes-el-alcalde-recibe-a-la-campeona-del-mundial-de-agility-del-club-agility-rio-mula\/"},"author":{"name":"Laura Salas Orcajada","@id":"https:\/\/mula.es\/web\/#\/schema\/person\/4f10179bd364f40dceed361e61e4033f"},"headline":"DEPORTES | El alcalde recibe a la campeona del Mundial de Agility del Club Agility R\u00edo Mula","datePublished":"2025-10-23T08:44:06+00:00","mainEntityOfPage":{"@id":"https:\/\/mula.es\/web\/deportes-el-alcalde-recibe-a-la-campeona-del-mundial-de-agility-del-club-agility-rio-mula\/"},"wordCount":208,"image":{"@id":"https:\/\/mula.es\/web\/deportes-el-alcalde-recibe-a-la-campeona-del-mundial-de-agility-del-club-agility-rio-mula\/#primaryimage"},"thumbnailUrl":"https:\/\/mula.es\/web\/wp-content\/uploads\/2020\/06\/escudo-cuadrado-e1591045058235.jpg","articleSection":["deportes"],"inLanguage":"es"},{"@type":"WebPage","@id":"https:\/\/mula.es\/web\/deportes-el-alcalde-recibe-a-la-campeona-del-mundial-de-agility-del-club-agility-rio-mula\/","url":"https:\/\/mula.es\/web\/deportes-el-alcalde-recibe-a-la-campeona-del-mundial-de-agility-del-club-agility-rio-mula\/","name":"DEPORTES | El alcalde recibe a la campeona del Mundial de Agility del Club Agility R\u00edo Mula - Ayuntamiento de Mula","isPartOf":{"@id":"https:\/\/mula.es\/web\/#website"},"primaryImageOfPage":{"@id":"https:\/\/mula.es\/web\/deportes-el-alcalde-recibe-a-la-campeona-del-mundial-de-agility-del-club-agility-rio-mula\/#primaryimage"},"image":{"@id":"https:\/\/mula.es\/web\/deportes-el-alcalde-recibe-a-la-campeona-del-mundial-de-agility-del-club-agility-rio-mula\/#primaryimage"},"thumbnailUrl":"https:\/\/mula.es\/web\/wp-content\/uploads\/2020\/06\/escudo-cuadrado-e1591045058235.jpg","datePublished":"2025-10-23T08:44:06+00:00","author":{"@id":"https:\/\/mula.es\/web\/#\/schema\/person\/4f10179bd364f40dceed361e61e4033f"},"breadcrumb":{"@id":"https:\/\/mula.es\/web\/deportes-el-alcalde-recibe-a-la-campeona-del-mundial-de-agility-del-club-agility-rio-mula\/#breadcrumb"},"inLanguage":"es","potentialAction":[{"@type":"ReadAction","target":["https:\/\/mula.es\/web\/deportes-el-alcalde-recibe-a-la-campeona-del-mundial-de-agility-del-club-agility-rio-mula\/"]}]},{"@type":"ImageObject","inLanguage":"es","@id":"https:\/\/mula.es\/web\/deportes-el-alcalde-recibe-a-la-campeona-del-mundial-de-agility-del-club-agility-rio-mula\/#primaryimage","url":"https:\/\/mula.es\/web\/wp-content\/uploads\/2020\/06\/escudo-cuadrado-e1591045058235.jpg","contentUrl":"https:\/\/mula.es\/web\/wp-content\/uploads\/2020\/06\/escudo-cuadrado-e1591045058235.jpg","width":200,"height":218},{"@type":"BreadcrumbList","@id":"https:\/\/mula.es\/web\/deportes-el-alcalde-recibe-a-la-campeona-del-mundial-de-agility-del-club-agility-rio-mula\/#breadcrumb","itemListElement":[{"@type":"ListItem","position":1,"name":"Portada","item":"https:\/\/mula.es\/web\/"},{"@type":"ListItem","position":2,"name":"DEPORTES | El alcalde recibe a la campeona del Mundial de Agility del Club Agility R\u00edo Mula"}]},{"@type":"WebSite","@id":"https:\/\/mula.es\/web\/#website","url":"https:\/\/mula.es\/web\/","name":"Ayuntamiento de Mula","description":"P\u00e1gina web del Ayuntamiento de Mula (Regi\u00f3n de Murcia)","potentialAction":[{"@type":"SearchAction","target":{"@type":"EntryPoint","urlTemplate":"https:\/\/mula.es\/web\/?s={search_term_string}"},"query-input":{"@type":"PropertyValueSpecification","valueRequired":true,"valueName":"search_term_string"}}],"inLanguage":"es"},{"@type":"Person","@id":"https:\/\/mula.es\/web\/#\/schema\/person\/4f10179bd364f40dceed361e61e4033f","name":"Laura Salas Orcajada","image":{"@type":"ImageObject","inLanguage":"es","@id":"https:\/\/secure.gravatar.com\/avatar\/786f2a223d9a455e2a448f78b5dcc1117207ef56ef3d9a04df338c0f775cd403?s=96&d=mm&r=g","url":"https:\/\/secure.gravatar.com\/avatar\/786f2a223d9a455e2a448f78b5dcc1117207ef56ef3d9a04df338c0f775cd403?s=96&d=mm&r=g","contentUrl":"https:\/\/secure.gravatar.com\/avatar\/786f2a223d9a455e2a448f78b5dcc1117207ef56ef3d9a04df338c0f775cd403?s=96&d=mm&r=g","caption":"Laura Salas Orcajada"},"url":"https:\/\/mula.es\/web\/author\/lsalas\/"}]}},"jetpack_publicize_connections":[],"jetpack_featured_media_url":"https:\/\/mula.es\/web\/wp-content\/uploads\/2020\/06\/escudo-cuadrado-e1591045058235.jpg","jetpack_sharing_enabled":true,"jetpack_shortlink":"https:\/\/wp.me\/pa9DMY-fAr","jetpack-related-posts":[],"_links":{"self":[{"href":"https:\/\/mula.es\/web\/wp-json\/wp\/v2\/posts\/59919","targetHints":{"allow":["GET"]}}],"collection":[{"href":"https:\/\/mula.es\/web\/wp-json\/wp\/v2\/posts"}],"about":[{"href":"https:\/\/mula.es\/web\/wp-json\/wp\/v2\/types\/post"}],"author":[{"embeddable":true,"href":"https:\/\/mula.es\/web\/wp-json\/wp\/v2\/users\/13"}],"replies":[{"embeddable":true,"href":"https:\/\/mula.es\/web\/wp-json\/wp\/v2\/comments?post=59919"}],"version-history":[{"count":1,"href":"https:\/\/mula.es\/web\/wp-json\/wp\/v2\/posts\/59919\/revisions"}],"predecessor-version":[{"id":59922,"href":"https:\/\/mula.es\/web\/wp-json\/wp\/v2\/posts\/59919\/revisions\/59922"}],"wp:featuredmedia":[{"embeddable":true,"href":"https:\/\/mula.es\/web\/wp-json\/wp\/v2\/media\/33512"}],"wp:attachment":[{"href":"https:\/\/mula.es\/web\/wp-json\/wp\/v2\/media?parent=59919"}],"wp:term":[{"taxonomy":"category","embeddable":true,"href":"https:\/\/mula.es\/web\/wp-json\/wp\/v2\/categories?post=59919"},{"taxonomy":"post_tag","embeddable":true,"href":"https:\/\/mula.es\/web\/wp-json\/wp\/v2\/tags?post=59919"}],"curies":[{"name":"wp","href":"https:\/\/api.w.org\/{rel}","templated":true}]}}