{"id":59923,"date":"2025-10-23T11:42:48","date_gmt":"2025-10-23T09:42:48","guid":{"rendered":"https:\/\/mula.es\/web\/?p=59923"},"modified":"2025-10-23T11:45:05","modified_gmt":"2025-10-23T09:45:05","slug":"turismo-la-mancomunidad-tierras-de-la-vera-cruz-impulsa-tres-nuevos-proyectos-de-sostenibilidad-turistica-en-mula","status":"publish","type":"post","link":"https:\/\/mula.es\/web\/turismo-la-mancomunidad-tierras-de-la-vera-cruz-impulsa-tres-nuevos-proyectos-de-sostenibilidad-turistica-en-mula\/","title":{"rendered":"TURISMO | La Mancomunidad Tierras de la Vera Cruz impulsa tres nuevos proyectos de sostenibilidad tur\u00edstica en Mula"},"content":{"rendered":"<p><strong>\u00a0<\/strong><\/p>\n<p><strong>NOTA DE PRENSA &#8211; 23 DE OCTUBRE DE 2025<\/strong><\/p>\n<p><strong>\u00a0<\/strong><\/p>\n<h2><strong>\u00a0<\/strong><\/h2>\n<h2><strong>La Mancomunidad Tierras de la Vera Cruz impulsa tres nuevos proyectos de sostenibilidad tur\u00edstica en Mula<\/strong><\/h2>\n<p><strong>\u00a0<\/strong><\/p>\n<p>La semana pasada tuvo lugar una <strong>reuni\u00f3n de trabajo de la Mancomunidad Tierras de la Vera Cruz<\/strong>, presidida por el <strong>alcalde de Mula, Juan Jes\u00fas Moreno<\/strong>, y la <strong>concejala de Turismo, Alejandra Mart\u00ednez<\/strong>, con la participaci\u00f3n del <strong>presidente de la mancomunidad y el personal t\u00e9cnico de la <\/strong>en materia de turismo sostenible y desarrollo territorial.<\/p>\n<p>Durante el encuentro se abordaron los avances del <strong>Plan de Sostenibilidad Tur\u00edstica en Destinos<\/strong>, destacando que en los pr\u00f3ximos d\u00edas se pondr\u00e1 en marcha la <strong>licitaci\u00f3n de tres nuevos proyectos en Mula<\/strong>, centrados en la <strong>mejora del entorno natural y urbano<\/strong> y la <strong>eficiencia energ\u00e9tica<\/strong> dentro del marco de la Mancomunidad Tierras de la Vera Cruz.<\/p>\n<p>Las actuaciones previstas incluyen:<\/p>\n<ol>\n<li><strong> Mejora y se\u00f1alizaci\u00f3n del Sendero de los 10.000 Pasos<\/strong><br \/>\nCon un presupuesto de <strong>60.000 euros<\/strong>, este proyecto tiene como objetivo <strong>potenciar el uso p\u00fablico de los senderos urbanos y naturales<\/strong> del municipio y <strong>poner en valor el patrimonio paisaj\u00edstico y cultural<\/strong>.<br \/>\nEl recorrido conecta distintos puntos del casco urbano y del entorno natural de Mula, permitiendo a vecinos y visitantes descubrir sus recursos hist\u00f3ricos y ambientales.<br \/>\nEntre las actuaciones previstas destacan la <strong>reposic\u00f3n de talanqueras de madera<\/strong>, la <strong>instalaci\u00f3n de vallas r\u00fasticas con cuerda<\/strong> para reforzar la seguridad, el <strong>perfilado de cunetas<\/strong> para una correcta evacuaci\u00f3n de agua, y la <strong>colocaci\u00f3n de una pasarela de madera<\/strong> en las zonas m\u00e1s deterioradas. Adem\u00e1s, se instalar\u00e1n <strong>placas de bronce y se\u00f1al\u00e9tica vertical<\/strong> para mejorar la orientaci\u00f3n y visibilidad del itinerario.<br \/>\nEl sendero ser\u00e1 <strong>homologado conforme a los est\u00e1ndares oficiales<\/strong>, garantizando su accesibilidad y seguridad.<\/li>\n<li><strong> Mejora de la Senda de la Umbr\u00eda de Casas Nuevas<\/strong><br \/>\nCon una inversi\u00f3n de <strong>54.000 euros<\/strong>, este proyecto se centrar\u00e1 en la <strong>puesta en valor y adecuaci\u00f3n de la senda natural situada en el entorno de Casas Nuevas<\/strong>, uno de los enclaves m\u00e1s visitados del municipio.<br \/>\nLas actuaciones incluyen la <strong>mejora del firme, se\u00f1alizaci\u00f3n y adecuaci\u00f3n de los tramos deteriorados<\/strong>, contribuyendo al mantenimiento de los espacios naturales y al desarrollo del turismo activo y sostenible.<br \/>\nLa intervenci\u00f3n permitir\u00e1 reforzar la conexi\u00f3n entre el entorno natural y los recursos patrimoniales del municipio, favoreciendo el <strong>turismo de naturaleza y el desarrollo local<\/strong>.<\/li>\n<li><strong> Renovaci\u00f3n del alumbrado p\u00fablico en el casco hist\u00f3rico de Mula<\/strong><br \/>\nEl tercer proyecto contempla la <strong>sustituci\u00f3n de 276 luminarias por tecnolog\u00eda LED<\/strong> en distintas calles del casco hist\u00f3rico, con una inversi\u00f3n total de <strong>127.520 euros<\/strong>.<br \/>\nEsta actuaci\u00f3n, financiada por el <strong>Plan de Sostenibilidad Tur\u00edstica de la Mancomunidad de las Tierras de la Vera Cruz<\/strong> a trav\u00e9s del <strong>Plan de Recuperaci\u00f3n, Transformaci\u00f3n y Resiliencia (PAI)<\/strong>, se desarrollar\u00e1 en v\u00edas como la <strong>Plaza del Ayuntamiento, calle Boticas, Mart\u00edn Perea, Sastres, Moreras, Cuesta del Ca\u00f1o y Calle del Agua<\/strong>, entre otras.<br \/>\nLa renovaci\u00f3n permitir\u00e1 un <strong>ahorro energ\u00e9tico estimado de 10.000 euros anuales<\/strong>, adem\u00e1s de una <strong>reducci\u00f3n significativa de la huella de carbono<\/strong>, mejorando la <strong>eficiencia y est\u00e9tica del conjunto hist\u00f3rico<\/strong> y reforzando su atractivo tur\u00edstico.<\/li>\n<\/ol>\n<p>El alcalde de Mula, <strong>Juan Jes\u00fas Moreno<\/strong>, ha destacado que <em>\u201cestas actuaciones representan un paso importante en la estrategia de sostenibilidad que impulsa la Mancomunidad Tierras de la Vera Cruz, combinando la mejora del entorno natural con la eficiencia energ\u00e9tica y la conservaci\u00f3n del patrimonio\u201d<\/em>.<\/p>\n<p>Con estas iniciativas, <strong>Mula avanza hacia un modelo de desarrollo tur\u00edstico m\u00e1s sostenible, accesible y respetuoso con su entorno<\/strong>, reforzando su posici\u00f3n como destino clave en el interior de la Regi\u00f3n de Murcia.<\/p>\n<p>&nbsp;<\/p>\n<p><a href=\"https:\/\/mula.es\/web\/wp-content\/uploads\/2025\/10\/1-8-scaled.jpg\"><img decoding=\"async\" data-attachment-id=\"59924\" data-permalink=\"https:\/\/mula.es\/web\/turismo-la-mancomunidad-tierras-de-la-vera-cruz-impulsa-tres-nuevos-proyectos-de-sostenibilidad-turistica-en-mula\/1-352\/\" data-orig-file=\"https:\/\/mula.es\/web\/wp-content\/uploads\/2025\/10\/1-8-scaled.jpg\" data-orig-size=\"2560,1707\" data-comments-opened=\"0\" data-image-meta=\"{&quot;aperture&quot;:&quot;0&quot;,&quot;credit&quot;:&quot;&quot;,&quot;camera&quot;:&quot;&quot;,&quot;caption&quot;:&quot;&quot;,&quot;created_timestamp&quot;:&quot;0&quot;,&quot;copyright&quot;:&quot;&quot;,&quot;focal_length&quot;:&quot;0&quot;,&quot;iso&quot;:&quot;0&quot;,&quot;shutter_speed&quot;:&quot;0&quot;,&quot;title&quot;:&quot;&quot;,&quot;orientation&quot;:&quot;1&quot;}\" data-image-title=\"1\" data-image-description=\"\" data-image-caption=\"\" data-large-file=\"https:\/\/mula.es\/web\/wp-content\/uploads\/2025\/10\/1-8-1024x683.jpg\" class=\"alignnone size-medium wp-image-59924\" src=\"https:\/\/mula.es\/web\/wp-content\/uploads\/2025\/10\/1-8-300x200.jpg\" alt=\"\" width=\"300\" height=\"200\" srcset=\"https:\/\/mula.es\/web\/wp-content\/uploads\/2025\/10\/1-8-200x133.jpg 200w, https:\/\/mula.es\/web\/wp-content\/uploads\/2025\/10\/1-8-300x200.jpg 300w, https:\/\/mula.es\/web\/wp-content\/uploads\/2025\/10\/1-8-400x267.jpg 400w, https:\/\/mula.es\/web\/wp-content\/uploads\/2025\/10\/1-8-600x400.jpg 600w, https:\/\/mula.es\/web\/wp-content\/uploads\/2025\/10\/1-8-768x512.jpg 768w, https:\/\/mula.es\/web\/wp-content\/uploads\/2025\/10\/1-8-800x533.jpg 800w, https:\/\/mula.es\/web\/wp-content\/uploads\/2025\/10\/1-8-1024x683.jpg 1024w, https:\/\/mula.es\/web\/wp-content\/uploads\/2025\/10\/1-8-1200x800.jpg 1200w, https:\/\/mula.es\/web\/wp-content\/uploads\/2025\/10\/1-8-1536x1024.jpg 1536w\" sizes=\"(max-width: 300px) 100vw, 300px\" \/><\/a> <a href=\"https:\/\/mula.es\/web\/wp-content\/uploads\/2025\/10\/2-8-scaled.jpg\"><img decoding=\"async\" data-attachment-id=\"59925\" data-permalink=\"https:\/\/mula.es\/web\/turismo-la-mancomunidad-tierras-de-la-vera-cruz-impulsa-tres-nuevos-proyectos-de-sostenibilidad-turistica-en-mula\/2-329\/\" data-orig-file=\"https:\/\/mula.es\/web\/wp-content\/uploads\/2025\/10\/2-8-scaled.jpg\" data-orig-size=\"2560,1707\" data-comments-opened=\"0\" data-image-meta=\"{&quot;aperture&quot;:&quot;0&quot;,&quot;credit&quot;:&quot;&quot;,&quot;camera&quot;:&quot;&quot;,&quot;caption&quot;:&quot;&quot;,&quot;created_timestamp&quot;:&quot;0&quot;,&quot;copyright&quot;:&quot;&quot;,&quot;focal_length&quot;:&quot;0&quot;,&quot;iso&quot;:&quot;0&quot;,&quot;shutter_speed&quot;:&quot;0&quot;,&quot;title&quot;:&quot;&quot;,&quot;orientation&quot;:&quot;1&quot;}\" data-image-title=\"2\" data-image-description=\"\" data-image-caption=\"\" data-large-file=\"https:\/\/mula.es\/web\/wp-content\/uploads\/2025\/10\/2-8-1024x683.jpg\" class=\"alignnone size-medium wp-image-59925\" src=\"https:\/\/mula.es\/web\/wp-content\/uploads\/2025\/10\/2-8-300x200.jpg\" alt=\"\" width=\"300\" height=\"200\" srcset=\"https:\/\/mula.es\/web\/wp-content\/uploads\/2025\/10\/2-8-200x133.jpg 200w, https:\/\/mula.es\/web\/wp-content\/uploads\/2025\/10\/2-8-300x200.jpg 300w, https:\/\/mula.es\/web\/wp-content\/uploads\/2025\/10\/2-8-400x267.jpg 400w, https:\/\/mula.es\/web\/wp-content\/uploads\/2025\/10\/2-8-600x400.jpg 600w, https:\/\/mula.es\/web\/wp-content\/uploads\/2025\/10\/2-8-768x512.jpg 768w, https:\/\/mula.es\/web\/wp-content\/uploads\/2025\/10\/2-8-800x533.jpg 800w, https:\/\/mula.es\/web\/wp-content\/uploads\/2025\/10\/2-8-1024x683.jpg 1024w, https:\/\/mula.es\/web\/wp-content\/uploads\/2025\/10\/2-8-1200x800.jpg 1200w, https:\/\/mula.es\/web\/wp-content\/uploads\/2025\/10\/2-8-1536x1024.jpg 1536w\" sizes=\"(max-width: 300px) 100vw, 300px\" \/><\/a><\/p>\n","protected":false},"excerpt":{"rendered":"<p>\u00a0 NOTA DE PRENSA &#8211; 23 DE OCTUBRE DE 2025 \u00a0 \u00a0 La Mancomunidad Tierras de la Vera Cruz impulsa tres nuevos proyectos de sostenibilidad tur\u00edstica en Mula \u00a0 La semana pasada tuvo lugar una reuni\u00f3n de trabajo de la Mancomunidad Tierras de la Vera Cruz, presidida por el alcalde de Mula, Juan Jes\u00fas Moreno,  [&#8230;]<\/p>\n","protected":false},"author":13,"featured_media":33512,"comment_status":"closed","ping_status":"closed","sticky":false,"template":"","format":"standard","meta":{"jetpack_post_was_ever_published":false,"_jetpack_newsletter_access":"","_jetpack_dont_email_post_to_subs":false,"_jetpack_newsletter_tier_id":0,"_jetpack_memberships_contains_paywalled_content":false,"_jetpack_memberships_contains_paid_content":false,"footnotes":"","jetpack_publicize_message":"","jetpack_publicize_feature_enabled":true,"jetpack_social_post_already_shared":true,"jetpack_social_options":{"image_generator_settings":{"template":"highway","default_image_id":0,"font":"","enabled":false},"version":2}},"categories":[75],"tags":[],"class_list":["post-59923","post","type-post","status-publish","format-standard","has-post-thumbnail","hentry","category-turismo"],"yoast_head":"<!-- This site is optimized with the Yoast SEO plugin v27.5 - https:\/\/yoast.com\/product\/yoast-seo-wordpress\/ -->\n<title>TURISMO | La Mancomunidad Tierras de la Vera Cruz impulsa tres nuevos proyectos de sostenibilidad tur\u00edstica en Mula - Ayuntamiento de Mula<\/title>\n<meta name=\"robots\" content=\"index, follow, max-snippet:-1, max-image-preview:large, max-video-preview:-1\" \/>\n<link rel=\"canonical\" href=\"https:\/\/mula.es\/web\/turismo-la-mancomunidad-tierras-de-la-vera-cruz-impulsa-tres-nuevos-proyectos-de-sostenibilidad-turistica-en-mula\/\" \/>\n<meta property=\"og:locale\" content=\"es_ES\" \/>\n<meta property=\"og:type\" content=\"article\" \/>\n<meta property=\"og:title\" content=\"TURISMO | La Mancomunidad Tierras de la Vera Cruz impulsa tres nuevos proyectos de sostenibilidad tur\u00edstica en Mula - Ayuntamiento de Mula\" \/>\n<meta property=\"og:description\" content=\"\u00a0 NOTA DE PRENSA &#8211; 23 DE OCTUBRE DE 2025 \u00a0 \u00a0 La Mancomunidad Tierras de la Vera Cruz impulsa tres nuevos proyectos de sostenibilidad tur\u00edstica en Mula \u00a0 La semana pasada tuvo lugar una reuni\u00f3n de trabajo de la Mancomunidad Tierras de la Vera Cruz, presidida por el alcalde de Mula, Juan Jes\u00fas Moreno, [...]\" \/>\n<meta property=\"og:url\" content=\"https:\/\/mula.es\/web\/turismo-la-mancomunidad-tierras-de-la-vera-cruz-impulsa-tres-nuevos-proyectos-de-sostenibilidad-turistica-en-mula\/\" \/>\n<meta property=\"og:site_name\" content=\"Ayuntamiento de Mula\" \/>\n<meta property=\"article:published_time\" content=\"2025-10-23T09:42:48+00:00\" \/>\n<meta property=\"article:modified_time\" content=\"2025-10-23T09:45:05+00:00\" \/>\n<meta property=\"og:image\" content=\"https:\/\/mula.es\/web\/wp-content\/uploads\/2020\/06\/escudo-cuadrado-e1591045058235.jpg\" \/>\n\t<meta property=\"og:image:width\" content=\"200\" \/>\n\t<meta property=\"og:image:height\" content=\"218\" \/>\n\t<meta property=\"og:image:type\" content=\"image\/jpeg\" \/>\n<meta name=\"author\" content=\"Laura Salas Orcajada\" \/>\n<meta name=\"twitter:card\" content=\"summary_large_image\" \/>\n<meta name=\"twitter:creator\" content=\"@AyuntamientMula\" \/>\n<meta name=\"twitter:site\" content=\"@AyuntamientMula\" \/>\n<meta name=\"twitter:label1\" content=\"Escrito por\" \/>\n\t<meta name=\"twitter:data1\" content=\"Laura Salas Orcajada\" \/>\n\t<meta name=\"twitter:label2\" content=\"Tiempo de lectura\" \/>\n\t<meta name=\"twitter:data2\" content=\"4 minutos\" \/>\n<script type=\"application\/ld+json\" class=\"yoast-schema-graph\">{\"@context\":\"https:\\\/\\\/schema.org\",\"@graph\":[{\"@type\":\"Article\",\"@id\":\"https:\\\/\\\/mula.es\\\/web\\\/turismo-la-mancomunidad-tierras-de-la-vera-cruz-impulsa-tres-nuevos-proyectos-de-sostenibilidad-turistica-en-mula\\\/#article\",\"isPartOf\":{\"@id\":\"https:\\\/\\\/mula.es\\\/web\\\/turismo-la-mancomunidad-tierras-de-la-vera-cruz-impulsa-tres-nuevos-proyectos-de-sostenibilidad-turistica-en-mula\\\/\"},\"author\":{\"name\":\"Laura Salas Orcajada\",\"@id\":\"https:\\\/\\\/mula.es\\\/web\\\/#\\\/schema\\\/person\\\/4f10179bd364f40dceed361e61e4033f\"},\"headline\":\"TURISMO | La Mancomunidad Tierras de la Vera Cruz impulsa tres nuevos proyectos de sostenibilidad tur\u00edstica en Mula\",\"datePublished\":\"2025-10-23T09:42:48+00:00\",\"dateModified\":\"2025-10-23T09:45:05+00:00\",\"mainEntityOfPage\":{\"@id\":\"https:\\\/\\\/mula.es\\\/web\\\/turismo-la-mancomunidad-tierras-de-la-vera-cruz-impulsa-tres-nuevos-proyectos-de-sostenibilidad-turistica-en-mula\\\/\"},\"wordCount\":659,\"image\":{\"@id\":\"https:\\\/\\\/mula.es\\\/web\\\/turismo-la-mancomunidad-tierras-de-la-vera-cruz-impulsa-tres-nuevos-proyectos-de-sostenibilidad-turistica-en-mula\\\/#primaryimage\"},\"thumbnailUrl\":\"https:\\\/\\\/mula.es\\\/web\\\/wp-content\\\/uploads\\\/2020\\\/06\\\/escudo-cuadrado-e1591045058235.jpg\",\"articleSection\":[\"turismo\"],\"inLanguage\":\"es\"},{\"@type\":\"WebPage\",\"@id\":\"https:\\\/\\\/mula.es\\\/web\\\/turismo-la-mancomunidad-tierras-de-la-vera-cruz-impulsa-tres-nuevos-proyectos-de-sostenibilidad-turistica-en-mula\\\/\",\"url\":\"https:\\\/\\\/mula.es\\\/web\\\/turismo-la-mancomunidad-tierras-de-la-vera-cruz-impulsa-tres-nuevos-proyectos-de-sostenibilidad-turistica-en-mula\\\/\",\"name\":\"TURISMO | La Mancomunidad Tierras de la Vera Cruz impulsa tres nuevos proyectos de sostenibilidad tur\u00edstica en Mula - Ayuntamiento de Mula\",\"isPartOf\":{\"@id\":\"https:\\\/\\\/mula.es\\\/web\\\/#website\"},\"primaryImageOfPage\":{\"@id\":\"https:\\\/\\\/mula.es\\\/web\\\/turismo-la-mancomunidad-tierras-de-la-vera-cruz-impulsa-tres-nuevos-proyectos-de-sostenibilidad-turistica-en-mula\\\/#primaryimage\"},\"image\":{\"@id\":\"https:\\\/\\\/mula.es\\\/web\\\/turismo-la-mancomunidad-tierras-de-la-vera-cruz-impulsa-tres-nuevos-proyectos-de-sostenibilidad-turistica-en-mula\\\/#primaryimage\"},\"thumbnailUrl\":\"https:\\\/\\\/mula.es\\\/web\\\/wp-content\\\/uploads\\\/2020\\\/06\\\/escudo-cuadrado-e1591045058235.jpg\",\"datePublished\":\"2025-10-23T09:42:48+00:00\",\"dateModified\":\"2025-10-23T09:45:05+00:00\",\"author\":{\"@id\":\"https:\\\/\\\/mula.es\\\/web\\\/#\\\/schema\\\/person\\\/4f10179bd364f40dceed361e61e4033f\"},\"breadcrumb\":{\"@id\":\"https:\\\/\\\/mula.es\\\/web\\\/turismo-la-mancomunidad-tierras-de-la-vera-cruz-impulsa-tres-nuevos-proyectos-de-sostenibilidad-turistica-en-mula\\\/#breadcrumb\"},\"inLanguage\":\"es\",\"potentialAction\":[{\"@type\":\"ReadAction\",\"target\":[\"https:\\\/\\\/mula.es\\\/web\\\/turismo-la-mancomunidad-tierras-de-la-vera-cruz-impulsa-tres-nuevos-proyectos-de-sostenibilidad-turistica-en-mula\\\/\"]}]},{\"@type\":\"ImageObject\",\"inLanguage\":\"es\",\"@id\":\"https:\\\/\\\/mula.es\\\/web\\\/turismo-la-mancomunidad-tierras-de-la-vera-cruz-impulsa-tres-nuevos-proyectos-de-sostenibilidad-turistica-en-mula\\\/#primaryimage\",\"url\":\"https:\\\/\\\/mula.es\\\/web\\\/wp-content\\\/uploads\\\/2020\\\/06\\\/escudo-cuadrado-e1591045058235.jpg\",\"contentUrl\":\"https:\\\/\\\/mula.es\\\/web\\\/wp-content\\\/uploads\\\/2020\\\/06\\\/escudo-cuadrado-e1591045058235.jpg\",\"width\":200,\"height\":218},{\"@type\":\"BreadcrumbList\",\"@id\":\"https:\\\/\\\/mula.es\\\/web\\\/turismo-la-mancomunidad-tierras-de-la-vera-cruz-impulsa-tres-nuevos-proyectos-de-sostenibilidad-turistica-en-mula\\\/#breadcrumb\",\"itemListElement\":[{\"@type\":\"ListItem\",\"position\":1,\"name\":\"Portada\",\"item\":\"https:\\\/\\\/mula.es\\\/web\\\/\"},{\"@type\":\"ListItem\",\"position\":2,\"name\":\"TURISMO | La Mancomunidad Tierras de la Vera Cruz impulsa tres nuevos proyectos de sostenibilidad tur\u00edstica en Mula\"}]},{\"@type\":\"WebSite\",\"@id\":\"https:\\\/\\\/mula.es\\\/web\\\/#website\",\"url\":\"https:\\\/\\\/mula.es\\\/web\\\/\",\"name\":\"Ayuntamiento de Mula\",\"description\":\"P\u00e1gina web del Ayuntamiento de Mula (Regi\u00f3n de Murcia)\",\"potentialAction\":[{\"@type\":\"SearchAction\",\"target\":{\"@type\":\"EntryPoint\",\"urlTemplate\":\"https:\\\/\\\/mula.es\\\/web\\\/?s={search_term_string}\"},\"query-input\":{\"@type\":\"PropertyValueSpecification\",\"valueRequired\":true,\"valueName\":\"search_term_string\"}}],\"inLanguage\":\"es\"},{\"@type\":\"Person\",\"@id\":\"https:\\\/\\\/mula.es\\\/web\\\/#\\\/schema\\\/person\\\/4f10179bd364f40dceed361e61e4033f\",\"name\":\"Laura Salas Orcajada\",\"image\":{\"@type\":\"ImageObject\",\"inLanguage\":\"es\",\"@id\":\"https:\\\/\\\/secure.gravatar.com\\\/avatar\\\/786f2a223d9a455e2a448f78b5dcc1117207ef56ef3d9a04df338c0f775cd403?s=96&d=mm&r=g\",\"url\":\"https:\\\/\\\/secure.gravatar.com\\\/avatar\\\/786f2a223d9a455e2a448f78b5dcc1117207ef56ef3d9a04df338c0f775cd403?s=96&d=mm&r=g\",\"contentUrl\":\"https:\\\/\\\/secure.gravatar.com\\\/avatar\\\/786f2a223d9a455e2a448f78b5dcc1117207ef56ef3d9a04df338c0f775cd403?s=96&d=mm&r=g\",\"caption\":\"Laura Salas Orcajada\"},\"url\":\"https:\\\/\\\/mula.es\\\/web\\\/author\\\/lsalas\\\/\"}]}<\/script>\n<!-- \/ Yoast SEO plugin. -->","yoast_head_json":{"title":"TURISMO | La Mancomunidad Tierras de la Vera Cruz impulsa tres nuevos proyectos de sostenibilidad tur\u00edstica en Mula - Ayuntamiento de Mula","robots":{"index":"index","follow":"follow","max-snippet":"max-snippet:-1","max-image-preview":"max-image-preview:large","max-video-preview":"max-video-preview:-1"},"canonical":"https:\/\/mula.es\/web\/turismo-la-mancomunidad-tierras-de-la-vera-cruz-impulsa-tres-nuevos-proyectos-de-sostenibilidad-turistica-en-mula\/","og_locale":"es_ES","og_type":"article","og_title":"TURISMO | La Mancomunidad Tierras de la Vera Cruz impulsa tres nuevos proyectos de sostenibilidad tur\u00edstica en Mula - Ayuntamiento de Mula","og_description":"\u00a0 NOTA DE PRENSA &#8211; 23 DE OCTUBRE DE 2025 \u00a0 \u00a0 La Mancomunidad Tierras de la Vera Cruz impulsa tres nuevos proyectos de sostenibilidad tur\u00edstica en Mula \u00a0 La semana pasada tuvo lugar una reuni\u00f3n de trabajo de la Mancomunidad Tierras de la Vera Cruz, presidida por el alcalde de Mula, Juan Jes\u00fas Moreno, [...]","og_url":"https:\/\/mula.es\/web\/turismo-la-mancomunidad-tierras-de-la-vera-cruz-impulsa-tres-nuevos-proyectos-de-sostenibilidad-turistica-en-mula\/","og_site_name":"Ayuntamiento de Mula","article_published_time":"2025-10-23T09:42:48+00:00","article_modified_time":"2025-10-23T09:45:05+00:00","og_image":[{"width":200,"height":218,"url":"https:\/\/mula.es\/web\/wp-content\/uploads\/2020\/06\/escudo-cuadrado-e1591045058235.jpg","type":"image\/jpeg"}],"author":"Laura Salas Orcajada","twitter_card":"summary_large_image","twitter_creator":"@AyuntamientMula","twitter_site":"@AyuntamientMula","twitter_misc":{"Escrito por":"Laura Salas Orcajada","Tiempo de lectura":"4 minutos"},"schema":{"@context":"https:\/\/schema.org","@graph":[{"@type":"Article","@id":"https:\/\/mula.es\/web\/turismo-la-mancomunidad-tierras-de-la-vera-cruz-impulsa-tres-nuevos-proyectos-de-sostenibilidad-turistica-en-mula\/#article","isPartOf":{"@id":"https:\/\/mula.es\/web\/turismo-la-mancomunidad-tierras-de-la-vera-cruz-impulsa-tres-nuevos-proyectos-de-sostenibilidad-turistica-en-mula\/"},"author":{"name":"Laura Salas Orcajada","@id":"https:\/\/mula.es\/web\/#\/schema\/person\/4f10179bd364f40dceed361e61e4033f"},"headline":"TURISMO | La Mancomunidad Tierras de la Vera Cruz impulsa tres nuevos proyectos de sostenibilidad tur\u00edstica en Mula","datePublished":"2025-10-23T09:42:48+00:00","dateModified":"2025-10-23T09:45:05+00:00","mainEntityOfPage":{"@id":"https:\/\/mula.es\/web\/turismo-la-mancomunidad-tierras-de-la-vera-cruz-impulsa-tres-nuevos-proyectos-de-sostenibilidad-turistica-en-mula\/"},"wordCount":659,"image":{"@id":"https:\/\/mula.es\/web\/turismo-la-mancomunidad-tierras-de-la-vera-cruz-impulsa-tres-nuevos-proyectos-de-sostenibilidad-turistica-en-mula\/#primaryimage"},"thumbnailUrl":"https:\/\/mula.es\/web\/wp-content\/uploads\/2020\/06\/escudo-cuadrado-e1591045058235.jpg","articleSection":["turismo"],"inLanguage":"es"},{"@type":"WebPage","@id":"https:\/\/mula.es\/web\/turismo-la-mancomunidad-tierras-de-la-vera-cruz-impulsa-tres-nuevos-proyectos-de-sostenibilidad-turistica-en-mula\/","url":"https:\/\/mula.es\/web\/turismo-la-mancomunidad-tierras-de-la-vera-cruz-impulsa-tres-nuevos-proyectos-de-sostenibilidad-turistica-en-mula\/","name":"TURISMO | La Mancomunidad Tierras de la Vera Cruz impulsa tres nuevos proyectos de sostenibilidad tur\u00edstica en Mula - Ayuntamiento de Mula","isPartOf":{"@id":"https:\/\/mula.es\/web\/#website"},"primaryImageOfPage":{"@id":"https:\/\/mula.es\/web\/turismo-la-mancomunidad-tierras-de-la-vera-cruz-impulsa-tres-nuevos-proyectos-de-sostenibilidad-turistica-en-mula\/#primaryimage"},"image":{"@id":"https:\/\/mula.es\/web\/turismo-la-mancomunidad-tierras-de-la-vera-cruz-impulsa-tres-nuevos-proyectos-de-sostenibilidad-turistica-en-mula\/#primaryimage"},"thumbnailUrl":"https:\/\/mula.es\/web\/wp-content\/uploads\/2020\/06\/escudo-cuadrado-e1591045058235.jpg","datePublished":"2025-10-23T09:42:48+00:00","dateModified":"2025-10-23T09:45:05+00:00","author":{"@id":"https:\/\/mula.es\/web\/#\/schema\/person\/4f10179bd364f40dceed361e61e4033f"},"breadcrumb":{"@id":"https:\/\/mula.es\/web\/turismo-la-mancomunidad-tierras-de-la-vera-cruz-impulsa-tres-nuevos-proyectos-de-sostenibilidad-turistica-en-mula\/#breadcrumb"},"inLanguage":"es","potentialAction":[{"@type":"ReadAction","target":["https:\/\/mula.es\/web\/turismo-la-mancomunidad-tierras-de-la-vera-cruz-impulsa-tres-nuevos-proyectos-de-sostenibilidad-turistica-en-mula\/"]}]},{"@type":"ImageObject","inLanguage":"es","@id":"https:\/\/mula.es\/web\/turismo-la-mancomunidad-tierras-de-la-vera-cruz-impulsa-tres-nuevos-proyectos-de-sostenibilidad-turistica-en-mula\/#primaryimage","url":"https:\/\/mula.es\/web\/wp-content\/uploads\/2020\/06\/escudo-cuadrado-e1591045058235.jpg","contentUrl":"https:\/\/mula.es\/web\/wp-content\/uploads\/2020\/06\/escudo-cuadrado-e1591045058235.jpg","width":200,"height":218},{"@type":"BreadcrumbList","@id":"https:\/\/mula.es\/web\/turismo-la-mancomunidad-tierras-de-la-vera-cruz-impulsa-tres-nuevos-proyectos-de-sostenibilidad-turistica-en-mula\/#breadcrumb","itemListElement":[{"@type":"ListItem","position":1,"name":"Portada","item":"https:\/\/mula.es\/web\/"},{"@type":"ListItem","position":2,"name":"TURISMO | La Mancomunidad Tierras de la Vera Cruz impulsa tres nuevos proyectos de sostenibilidad tur\u00edstica en Mula"}]},{"@type":"WebSite","@id":"https:\/\/mula.es\/web\/#website","url":"https:\/\/mula.es\/web\/","name":"Ayuntamiento de Mula","description":"P\u00e1gina web del Ayuntamiento de Mula (Regi\u00f3n de Murcia)","potentialAction":[{"@type":"SearchAction","target":{"@type":"EntryPoint","urlTemplate":"https:\/\/mula.es\/web\/?s={search_term_string}"},"query-input":{"@type":"PropertyValueSpecification","valueRequired":true,"valueName":"search_term_string"}}],"inLanguage":"es"},{"@type":"Person","@id":"https:\/\/mula.es\/web\/#\/schema\/person\/4f10179bd364f40dceed361e61e4033f","name":"Laura Salas Orcajada","image":{"@type":"ImageObject","inLanguage":"es","@id":"https:\/\/secure.gravatar.com\/avatar\/786f2a223d9a455e2a448f78b5dcc1117207ef56ef3d9a04df338c0f775cd403?s=96&d=mm&r=g","url":"https:\/\/secure.gravatar.com\/avatar\/786f2a223d9a455e2a448f78b5dcc1117207ef56ef3d9a04df338c0f775cd403?s=96&d=mm&r=g","contentUrl":"https:\/\/secure.gravatar.com\/avatar\/786f2a223d9a455e2a448f78b5dcc1117207ef56ef3d9a04df338c0f775cd403?s=96&d=mm&r=g","caption":"Laura Salas Orcajada"},"url":"https:\/\/mula.es\/web\/author\/lsalas\/"}]}},"jetpack_publicize_connections":[],"jetpack_featured_media_url":"https:\/\/mula.es\/web\/wp-content\/uploads\/2020\/06\/escudo-cuadrado-e1591045058235.jpg","jetpack_sharing_enabled":true,"jetpack_shortlink":"https:\/\/wp.me\/pa9DMY-fAv","jetpack-related-posts":[],"_links":{"self":[{"href":"https:\/\/mula.es\/web\/wp-json\/wp\/v2\/posts\/59923","targetHints":{"allow":["GET"]}}],"collection":[{"href":"https:\/\/mula.es\/web\/wp-json\/wp\/v2\/posts"}],"about":[{"href":"https:\/\/mula.es\/web\/wp-json\/wp\/v2\/types\/post"}],"author":[{"embeddable":true,"href":"https:\/\/mula.es\/web\/wp-json\/wp\/v2\/users\/13"}],"replies":[{"embeddable":true,"href":"https:\/\/mula.es\/web\/wp-json\/wp\/v2\/comments?post=59923"}],"version-history":[{"count":1,"href":"https:\/\/mula.es\/web\/wp-json\/wp\/v2\/posts\/59923\/revisions"}],"predecessor-version":[{"id":59926,"href":"https:\/\/mula.es\/web\/wp-json\/wp\/v2\/posts\/59923\/revisions\/59926"}],"wp:featuredmedia":[{"embeddable":true,"href":"https:\/\/mula.es\/web\/wp-json\/wp\/v2\/media\/33512"}],"wp:attachment":[{"href":"https:\/\/mula.es\/web\/wp-json\/wp\/v2\/media?parent=59923"}],"wp:term":[{"taxonomy":"category","embeddable":true,"href":"https:\/\/mula.es\/web\/wp-json\/wp\/v2\/categories?post=59923"},{"taxonomy":"post_tag","embeddable":true,"href":"https:\/\/mula.es\/web\/wp-json\/wp\/v2\/tags?post=59923"}],"curies":[{"name":"wp","href":"https:\/\/api.w.org\/{rel}","templated":true}]}}