{"id":59943,"date":"2025-10-25T18:53:56","date_gmt":"2025-10-25T16:53:56","guid":{"rendered":"https:\/\/mula.es\/web\/?p=59943"},"modified":"2025-10-25T18:53:56","modified_gmt":"2025-10-25T16:53:56","slug":"calidad-de-vida-mula-se-une-a-la-lucha-contra-el-cancer-de-mama-con-la-tradicional-marcha-solidaria-organizada-por-la-aecc","status":"publish","type":"post","link":"https:\/\/mula.es\/web\/calidad-de-vida-mula-se-une-a-la-lucha-contra-el-cancer-de-mama-con-la-tradicional-marcha-solidaria-organizada-por-la-aecc\/","title":{"rendered":"CALIDAD DE VIDA | Mula se une a la lucha contra el c\u00e1ncer de mama con la tradicional marcha solidaria organizada por la AECC"},"content":{"rendered":"<p><strong>\u00a0<\/strong><\/p>\n<p><strong>NOTA DE PRENSA &#8211; 25 DE OCTUBRE DE 2025<\/strong><\/p>\n<p><strong>\u00a0<\/strong><\/p>\n<h2><strong>\u00a0<\/strong><\/h2>\n<h2><strong>Mula se une a la lucha contra el c<\/strong><strong>\u00e1<\/strong><strong>ncer de mama con la tradicional marcha solidaria organizada por la AECC<\/strong><\/h2>\n<p>&nbsp;<\/p>\n<p>La <strong>Plaza del Ayuntamiento de Mula<\/strong> ha acogido esta tarde la salida de la <strong>tradicional Marcha Pro Ayuda Contra el C\u00e1ncer de Mama<\/strong>, organizada por la <strong>Asociaci\u00f3n Espa\u00f1ola Contra el C\u00e1ncer (AECC) en Mula<\/strong>, con motivo del <strong>D\u00eda Mundial contra el C\u00e1ncer de Mama<\/strong>, conmemorado el pasado <strong>19 de octubre<\/strong>.<\/p>\n<p>Numerosos vecinos y vecinas se han sumado a esta cita solidaria que cada a\u00f1o ti\u00f1e de rosa las calles del municipio, mostrando su apoyo a todas las personas afectadas por la enfermedad y colaborando con la recaudaci\u00f3n destinada a la investigaci\u00f3n y el acompa\u00f1amiento de pacientes y familias.<\/p>\n<p>Durante el acto, se ha rendido un <strong>emotivo homenaje a dos integrantes muy queridas de la asociaci\u00f3n<\/strong>, <strong>\u00c1ngeles Rubio<\/strong> y <strong>Antonia Garc\u00eda<\/strong>, mujeres valientes, generosas y comprometidas, que dedicaron su tiempo y su cari\u00f1o a ayudar a los dem\u00e1s. Sus hijas han le\u00eddo unas palabras llenas de emoci\u00f3n y recuerdo, en las que han reivindicado la importancia de continuar con esta lucha.<\/p>\n<p>Tras el homenaje, ha dado comienzo la <strong>marcha solidaria desde la Plaza del Ayuntamiento hasta el Paseo<\/strong>, donde el grupo <strong>Diazul<\/strong> ha ofrecido una <strong>exhibici\u00f3n musical<\/strong> que ha puesto el broche final a una jornada llena de uni\u00f3n y esperanza.<\/p>\n<p>Desde el Ayuntamiento de Mula se ha querido reconocer p\u00fablicamente la <strong>labor incansable de la AECC en Mula<\/strong> y de todas las personas que colaboran cada a\u00f1o para mantener viva esta iniciativa solidaria que simboliza el compromiso de todo un pueblo con la salud y la vida.<\/p>\n<p><a href=\"https:\/\/mula.es\/web\/wp-content\/uploads\/2025\/10\/9-2-scaled.jpg\"><img decoding=\"async\" data-attachment-id=\"59944\" data-permalink=\"https:\/\/mula.es\/web\/calidad-de-vida-mula-se-une-a-la-lucha-contra-el-cancer-de-mama-con-la-tradicional-marcha-solidaria-organizada-por-la-aecc\/9-42\/\" data-orig-file=\"https:\/\/mula.es\/web\/wp-content\/uploads\/2025\/10\/9-2-scaled.jpg\" data-orig-size=\"2560,1707\" data-comments-opened=\"0\" data-image-meta=\"{&quot;aperture&quot;:&quot;0&quot;,&quot;credit&quot;:&quot;&quot;,&quot;camera&quot;:&quot;&quot;,&quot;caption&quot;:&quot;&quot;,&quot;created_timestamp&quot;:&quot;0&quot;,&quot;copyright&quot;:&quot;&quot;,&quot;focal_length&quot;:&quot;0&quot;,&quot;iso&quot;:&quot;0&quot;,&quot;shutter_speed&quot;:&quot;0&quot;,&quot;title&quot;:&quot;&quot;,&quot;orientation&quot;:&quot;1&quot;}\" data-image-title=\"9\" data-image-description=\"\" data-image-caption=\"\" data-large-file=\"https:\/\/mula.es\/web\/wp-content\/uploads\/2025\/10\/9-2-1024x683.jpg\" class=\"alignnone size-medium wp-image-59944\" src=\"https:\/\/mula.es\/web\/wp-content\/uploads\/2025\/10\/9-2-300x200.jpg\" alt=\"\" width=\"300\" height=\"200\" srcset=\"https:\/\/mula.es\/web\/wp-content\/uploads\/2025\/10\/9-2-200x133.jpg 200w, https:\/\/mula.es\/web\/wp-content\/uploads\/2025\/10\/9-2-300x200.jpg 300w, https:\/\/mula.es\/web\/wp-content\/uploads\/2025\/10\/9-2-400x267.jpg 400w, https:\/\/mula.es\/web\/wp-content\/uploads\/2025\/10\/9-2-600x400.jpg 600w, https:\/\/mula.es\/web\/wp-content\/uploads\/2025\/10\/9-2-768x512.jpg 768w, https:\/\/mula.es\/web\/wp-content\/uploads\/2025\/10\/9-2-800x533.jpg 800w, https:\/\/mula.es\/web\/wp-content\/uploads\/2025\/10\/9-2-1024x683.jpg 1024w, https:\/\/mula.es\/web\/wp-content\/uploads\/2025\/10\/9-2-1200x800.jpg 1200w, https:\/\/mula.es\/web\/wp-content\/uploads\/2025\/10\/9-2-1536x1024.jpg 1536w\" sizes=\"(max-width: 300px) 100vw, 300px\" \/><\/a> <a href=\"https:\/\/mula.es\/web\/wp-content\/uploads\/2025\/10\/1-9-scaled.jpg\"><img decoding=\"async\" data-attachment-id=\"59945\" data-permalink=\"https:\/\/mula.es\/web\/calidad-de-vida-mula-se-une-a-la-lucha-contra-el-cancer-de-mama-con-la-tradicional-marcha-solidaria-organizada-por-la-aecc\/1-353\/\" data-orig-file=\"https:\/\/mula.es\/web\/wp-content\/uploads\/2025\/10\/1-9-scaled.jpg\" data-orig-size=\"2560,1707\" data-comments-opened=\"0\" data-image-meta=\"{&quot;aperture&quot;:&quot;0&quot;,&quot;credit&quot;:&quot;&quot;,&quot;camera&quot;:&quot;&quot;,&quot;caption&quot;:&quot;&quot;,&quot;created_timestamp&quot;:&quot;0&quot;,&quot;copyright&quot;:&quot;&quot;,&quot;focal_length&quot;:&quot;0&quot;,&quot;iso&quot;:&quot;0&quot;,&quot;shutter_speed&quot;:&quot;0&quot;,&quot;title&quot;:&quot;&quot;,&quot;orientation&quot;:&quot;1&quot;}\" data-image-title=\"1\" data-image-description=\"\" data-image-caption=\"\" data-large-file=\"https:\/\/mula.es\/web\/wp-content\/uploads\/2025\/10\/1-9-1024x683.jpg\" class=\"alignnone size-medium wp-image-59945\" src=\"https:\/\/mula.es\/web\/wp-content\/uploads\/2025\/10\/1-9-300x200.jpg\" alt=\"\" width=\"300\" height=\"200\" srcset=\"https:\/\/mula.es\/web\/wp-content\/uploads\/2025\/10\/1-9-200x133.jpg 200w, https:\/\/mula.es\/web\/wp-content\/uploads\/2025\/10\/1-9-300x200.jpg 300w, https:\/\/mula.es\/web\/wp-content\/uploads\/2025\/10\/1-9-400x267.jpg 400w, https:\/\/mula.es\/web\/wp-content\/uploads\/2025\/10\/1-9-600x400.jpg 600w, https:\/\/mula.es\/web\/wp-content\/uploads\/2025\/10\/1-9-768x512.jpg 768w, https:\/\/mula.es\/web\/wp-content\/uploads\/2025\/10\/1-9-800x533.jpg 800w, https:\/\/mula.es\/web\/wp-content\/uploads\/2025\/10\/1-9-1024x683.jpg 1024w, https:\/\/mula.es\/web\/wp-content\/uploads\/2025\/10\/1-9-1200x800.jpg 1200w, https:\/\/mula.es\/web\/wp-content\/uploads\/2025\/10\/1-9-1536x1024.jpg 1536w\" sizes=\"(max-width: 300px) 100vw, 300px\" \/><\/a><\/p>\n","protected":false},"excerpt":{"rendered":"<p>\u00a0 NOTA DE PRENSA &#8211; 25 DE OCTUBRE DE 2025 \u00a0 \u00a0 Mula se une a la lucha contra el c\u00e1ncer de mama con la tradicional marcha solidaria organizada por la AECC &nbsp; La Plaza del Ayuntamiento de Mula ha acogido esta tarde la salida de la tradicional Marcha Pro Ayuda Contra el C\u00e1ncer de  [&#8230;]<\/p>\n","protected":false},"author":13,"featured_media":47365,"comment_status":"closed","ping_status":"closed","sticky":false,"template":"","format":"standard","meta":{"jetpack_post_was_ever_published":false,"_jetpack_newsletter_access":"","_jetpack_dont_email_post_to_subs":false,"_jetpack_newsletter_tier_id":0,"_jetpack_memberships_contains_paywalled_content":false,"_jetpack_memberships_contains_paid_content":false,"footnotes":"","jetpack_publicize_message":"","jetpack_publicize_feature_enabled":true,"jetpack_social_post_already_shared":true,"jetpack_social_options":{"image_generator_settings":{"template":"highway","default_image_id":0,"font":"","enabled":false},"version":2}},"categories":[171],"tags":[],"class_list":["post-59943","post","type-post","status-publish","format-standard","has-post-thumbnail","hentry","category-festejos"],"yoast_head":"<!-- This site is optimized with the Yoast SEO plugin v27.5 - https:\/\/yoast.com\/product\/yoast-seo-wordpress\/ -->\n<title>CALIDAD DE VIDA | Mula se une a la lucha contra el c\u00e1ncer de mama con la tradicional marcha solidaria organizada por la AECC - Ayuntamiento de Mula<\/title>\n<meta name=\"robots\" content=\"index, follow, max-snippet:-1, max-image-preview:large, max-video-preview:-1\" \/>\n<link rel=\"canonical\" href=\"https:\/\/mula.es\/web\/calidad-de-vida-mula-se-une-a-la-lucha-contra-el-cancer-de-mama-con-la-tradicional-marcha-solidaria-organizada-por-la-aecc\/\" \/>\n<meta property=\"og:locale\" content=\"es_ES\" \/>\n<meta property=\"og:type\" content=\"article\" \/>\n<meta property=\"og:title\" content=\"CALIDAD DE VIDA | Mula se une a la lucha contra el c\u00e1ncer de mama con la tradicional marcha solidaria organizada por la AECC - Ayuntamiento de Mula\" \/>\n<meta property=\"og:description\" content=\"\u00a0 NOTA DE PRENSA &#8211; 25 DE OCTUBRE DE 2025 \u00a0 \u00a0 Mula se une a la lucha contra el c\u00e1ncer de mama con la tradicional marcha solidaria organizada por la AECC &nbsp; La Plaza del Ayuntamiento de Mula ha acogido esta tarde la salida de la tradicional Marcha Pro Ayuda Contra el C\u00e1ncer de [...]\" \/>\n<meta property=\"og:url\" content=\"https:\/\/mula.es\/web\/calidad-de-vida-mula-se-une-a-la-lucha-contra-el-cancer-de-mama-con-la-tradicional-marcha-solidaria-organizada-por-la-aecc\/\" \/>\n<meta property=\"og:site_name\" content=\"Ayuntamiento de Mula\" \/>\n<meta property=\"article:published_time\" content=\"2025-10-25T16:53:56+00:00\" \/>\n<meta property=\"og:image\" content=\"https:\/\/mula.es\/web\/wp-content\/uploads\/2023\/02\/instagram-22.png\" \/>\n\t<meta property=\"og:image:width\" content=\"1080\" \/>\n\t<meta property=\"og:image:height\" content=\"1080\" \/>\n\t<meta property=\"og:image:type\" content=\"image\/png\" \/>\n<meta name=\"author\" content=\"Laura Salas Orcajada\" \/>\n<meta name=\"twitter:card\" content=\"summary_large_image\" \/>\n<meta name=\"twitter:creator\" content=\"@AyuntamientMula\" \/>\n<meta name=\"twitter:site\" content=\"@AyuntamientMula\" \/>\n<meta name=\"twitter:label1\" content=\"Escrito por\" \/>\n\t<meta name=\"twitter:data1\" content=\"Laura Salas Orcajada\" \/>\n\t<meta name=\"twitter:label2\" content=\"Tiempo de lectura\" \/>\n\t<meta name=\"twitter:data2\" content=\"2 minutos\" \/>\n<script type=\"application\/ld+json\" class=\"yoast-schema-graph\">{\"@context\":\"https:\\\/\\\/schema.org\",\"@graph\":[{\"@type\":\"Article\",\"@id\":\"https:\\\/\\\/mula.es\\\/web\\\/calidad-de-vida-mula-se-une-a-la-lucha-contra-el-cancer-de-mama-con-la-tradicional-marcha-solidaria-organizada-por-la-aecc\\\/#article\",\"isPartOf\":{\"@id\":\"https:\\\/\\\/mula.es\\\/web\\\/calidad-de-vida-mula-se-une-a-la-lucha-contra-el-cancer-de-mama-con-la-tradicional-marcha-solidaria-organizada-por-la-aecc\\\/\"},\"author\":{\"name\":\"Laura Salas Orcajada\",\"@id\":\"https:\\\/\\\/mula.es\\\/web\\\/#\\\/schema\\\/person\\\/4f10179bd364f40dceed361e61e4033f\"},\"headline\":\"CALIDAD DE VIDA | Mula se une a la lucha contra el c\u00e1ncer de mama con la tradicional marcha solidaria organizada por la AECC\",\"datePublished\":\"2025-10-25T16:53:56+00:00\",\"mainEntityOfPage\":{\"@id\":\"https:\\\/\\\/mula.es\\\/web\\\/calidad-de-vida-mula-se-une-a-la-lucha-contra-el-cancer-de-mama-con-la-tradicional-marcha-solidaria-organizada-por-la-aecc\\\/\"},\"wordCount\":320,\"image\":{\"@id\":\"https:\\\/\\\/mula.es\\\/web\\\/calidad-de-vida-mula-se-une-a-la-lucha-contra-el-cancer-de-mama-con-la-tradicional-marcha-solidaria-organizada-por-la-aecc\\\/#primaryimage\"},\"thumbnailUrl\":\"https:\\\/\\\/mula.es\\\/web\\\/wp-content\\\/uploads\\\/2023\\\/02\\\/instagram-22.png\",\"articleSection\":[\"festejos\"],\"inLanguage\":\"es\"},{\"@type\":\"WebPage\",\"@id\":\"https:\\\/\\\/mula.es\\\/web\\\/calidad-de-vida-mula-se-une-a-la-lucha-contra-el-cancer-de-mama-con-la-tradicional-marcha-solidaria-organizada-por-la-aecc\\\/\",\"url\":\"https:\\\/\\\/mula.es\\\/web\\\/calidad-de-vida-mula-se-une-a-la-lucha-contra-el-cancer-de-mama-con-la-tradicional-marcha-solidaria-organizada-por-la-aecc\\\/\",\"name\":\"CALIDAD DE VIDA | Mula se une a la lucha contra el c\u00e1ncer de mama con la tradicional marcha solidaria organizada por la AECC - Ayuntamiento de Mula\",\"isPartOf\":{\"@id\":\"https:\\\/\\\/mula.es\\\/web\\\/#website\"},\"primaryImageOfPage\":{\"@id\":\"https:\\\/\\\/mula.es\\\/web\\\/calidad-de-vida-mula-se-une-a-la-lucha-contra-el-cancer-de-mama-con-la-tradicional-marcha-solidaria-organizada-por-la-aecc\\\/#primaryimage\"},\"image\":{\"@id\":\"https:\\\/\\\/mula.es\\\/web\\\/calidad-de-vida-mula-se-une-a-la-lucha-contra-el-cancer-de-mama-con-la-tradicional-marcha-solidaria-organizada-por-la-aecc\\\/#primaryimage\"},\"thumbnailUrl\":\"https:\\\/\\\/mula.es\\\/web\\\/wp-content\\\/uploads\\\/2023\\\/02\\\/instagram-22.png\",\"datePublished\":\"2025-10-25T16:53:56+00:00\",\"author\":{\"@id\":\"https:\\\/\\\/mula.es\\\/web\\\/#\\\/schema\\\/person\\\/4f10179bd364f40dceed361e61e4033f\"},\"breadcrumb\":{\"@id\":\"https:\\\/\\\/mula.es\\\/web\\\/calidad-de-vida-mula-se-une-a-la-lucha-contra-el-cancer-de-mama-con-la-tradicional-marcha-solidaria-organizada-por-la-aecc\\\/#breadcrumb\"},\"inLanguage\":\"es\",\"potentialAction\":[{\"@type\":\"ReadAction\",\"target\":[\"https:\\\/\\\/mula.es\\\/web\\\/calidad-de-vida-mula-se-une-a-la-lucha-contra-el-cancer-de-mama-con-la-tradicional-marcha-solidaria-organizada-por-la-aecc\\\/\"]}]},{\"@type\":\"ImageObject\",\"inLanguage\":\"es\",\"@id\":\"https:\\\/\\\/mula.es\\\/web\\\/calidad-de-vida-mula-se-une-a-la-lucha-contra-el-cancer-de-mama-con-la-tradicional-marcha-solidaria-organizada-por-la-aecc\\\/#primaryimage\",\"url\":\"https:\\\/\\\/mula.es\\\/web\\\/wp-content\\\/uploads\\\/2023\\\/02\\\/instagram-22.png\",\"contentUrl\":\"https:\\\/\\\/mula.es\\\/web\\\/wp-content\\\/uploads\\\/2023\\\/02\\\/instagram-22.png\",\"width\":1080,\"height\":1080,\"caption\":\"escudo mula\"},{\"@type\":\"BreadcrumbList\",\"@id\":\"https:\\\/\\\/mula.es\\\/web\\\/calidad-de-vida-mula-se-une-a-la-lucha-contra-el-cancer-de-mama-con-la-tradicional-marcha-solidaria-organizada-por-la-aecc\\\/#breadcrumb\",\"itemListElement\":[{\"@type\":\"ListItem\",\"position\":1,\"name\":\"Portada\",\"item\":\"https:\\\/\\\/mula.es\\\/web\\\/\"},{\"@type\":\"ListItem\",\"position\":2,\"name\":\"CALIDAD DE VIDA | Mula se une a la lucha contra el c\u00e1ncer de mama con la tradicional marcha solidaria organizada por la AECC\"}]},{\"@type\":\"WebSite\",\"@id\":\"https:\\\/\\\/mula.es\\\/web\\\/#website\",\"url\":\"https:\\\/\\\/mula.es\\\/web\\\/\",\"name\":\"Ayuntamiento de Mula\",\"description\":\"P\u00e1gina web del Ayuntamiento de Mula (Regi\u00f3n de Murcia)\",\"potentialAction\":[{\"@type\":\"SearchAction\",\"target\":{\"@type\":\"EntryPoint\",\"urlTemplate\":\"https:\\\/\\\/mula.es\\\/web\\\/?s={search_term_string}\"},\"query-input\":{\"@type\":\"PropertyValueSpecification\",\"valueRequired\":true,\"valueName\":\"search_term_string\"}}],\"inLanguage\":\"es\"},{\"@type\":\"Person\",\"@id\":\"https:\\\/\\\/mula.es\\\/web\\\/#\\\/schema\\\/person\\\/4f10179bd364f40dceed361e61e4033f\",\"name\":\"Laura Salas Orcajada\",\"image\":{\"@type\":\"ImageObject\",\"inLanguage\":\"es\",\"@id\":\"https:\\\/\\\/secure.gravatar.com\\\/avatar\\\/786f2a223d9a455e2a448f78b5dcc1117207ef56ef3d9a04df338c0f775cd403?s=96&d=mm&r=g\",\"url\":\"https:\\\/\\\/secure.gravatar.com\\\/avatar\\\/786f2a223d9a455e2a448f78b5dcc1117207ef56ef3d9a04df338c0f775cd403?s=96&d=mm&r=g\",\"contentUrl\":\"https:\\\/\\\/secure.gravatar.com\\\/avatar\\\/786f2a223d9a455e2a448f78b5dcc1117207ef56ef3d9a04df338c0f775cd403?s=96&d=mm&r=g\",\"caption\":\"Laura Salas Orcajada\"},\"url\":\"https:\\\/\\\/mula.es\\\/web\\\/author\\\/lsalas\\\/\"}]}<\/script>\n<!-- \/ Yoast SEO plugin. -->","yoast_head_json":{"title":"CALIDAD DE VIDA | Mula se une a la lucha contra el c\u00e1ncer de mama con la tradicional marcha solidaria organizada por la AECC - Ayuntamiento de Mula","robots":{"index":"index","follow":"follow","max-snippet":"max-snippet:-1","max-image-preview":"max-image-preview:large","max-video-preview":"max-video-preview:-1"},"canonical":"https:\/\/mula.es\/web\/calidad-de-vida-mula-se-une-a-la-lucha-contra-el-cancer-de-mama-con-la-tradicional-marcha-solidaria-organizada-por-la-aecc\/","og_locale":"es_ES","og_type":"article","og_title":"CALIDAD DE VIDA | Mula se une a la lucha contra el c\u00e1ncer de mama con la tradicional marcha solidaria organizada por la AECC - Ayuntamiento de Mula","og_description":"\u00a0 NOTA DE PRENSA &#8211; 25 DE OCTUBRE DE 2025 \u00a0 \u00a0 Mula se une a la lucha contra el c\u00e1ncer de mama con la tradicional marcha solidaria organizada por la AECC &nbsp; La Plaza del Ayuntamiento de Mula ha acogido esta tarde la salida de la tradicional Marcha Pro Ayuda Contra el C\u00e1ncer de [...]","og_url":"https:\/\/mula.es\/web\/calidad-de-vida-mula-se-une-a-la-lucha-contra-el-cancer-de-mama-con-la-tradicional-marcha-solidaria-organizada-por-la-aecc\/","og_site_name":"Ayuntamiento de Mula","article_published_time":"2025-10-25T16:53:56+00:00","og_image":[{"width":1080,"height":1080,"url":"https:\/\/mula.es\/web\/wp-content\/uploads\/2023\/02\/instagram-22.png","type":"image\/png"}],"author":"Laura Salas Orcajada","twitter_card":"summary_large_image","twitter_creator":"@AyuntamientMula","twitter_site":"@AyuntamientMula","twitter_misc":{"Escrito por":"Laura Salas Orcajada","Tiempo de lectura":"2 minutos"},"schema":{"@context":"https:\/\/schema.org","@graph":[{"@type":"Article","@id":"https:\/\/mula.es\/web\/calidad-de-vida-mula-se-une-a-la-lucha-contra-el-cancer-de-mama-con-la-tradicional-marcha-solidaria-organizada-por-la-aecc\/#article","isPartOf":{"@id":"https:\/\/mula.es\/web\/calidad-de-vida-mula-se-une-a-la-lucha-contra-el-cancer-de-mama-con-la-tradicional-marcha-solidaria-organizada-por-la-aecc\/"},"author":{"name":"Laura Salas Orcajada","@id":"https:\/\/mula.es\/web\/#\/schema\/person\/4f10179bd364f40dceed361e61e4033f"},"headline":"CALIDAD DE VIDA | Mula se une a la lucha contra el c\u00e1ncer de mama con la tradicional marcha solidaria organizada por la AECC","datePublished":"2025-10-25T16:53:56+00:00","mainEntityOfPage":{"@id":"https:\/\/mula.es\/web\/calidad-de-vida-mula-se-une-a-la-lucha-contra-el-cancer-de-mama-con-la-tradicional-marcha-solidaria-organizada-por-la-aecc\/"},"wordCount":320,"image":{"@id":"https:\/\/mula.es\/web\/calidad-de-vida-mula-se-une-a-la-lucha-contra-el-cancer-de-mama-con-la-tradicional-marcha-solidaria-organizada-por-la-aecc\/#primaryimage"},"thumbnailUrl":"https:\/\/mula.es\/web\/wp-content\/uploads\/2023\/02\/instagram-22.png","articleSection":["festejos"],"inLanguage":"es"},{"@type":"WebPage","@id":"https:\/\/mula.es\/web\/calidad-de-vida-mula-se-une-a-la-lucha-contra-el-cancer-de-mama-con-la-tradicional-marcha-solidaria-organizada-por-la-aecc\/","url":"https:\/\/mula.es\/web\/calidad-de-vida-mula-se-une-a-la-lucha-contra-el-cancer-de-mama-con-la-tradicional-marcha-solidaria-organizada-por-la-aecc\/","name":"CALIDAD DE VIDA | Mula se une a la lucha contra el c\u00e1ncer de mama con la tradicional marcha solidaria organizada por la AECC - Ayuntamiento de Mula","isPartOf":{"@id":"https:\/\/mula.es\/web\/#website"},"primaryImageOfPage":{"@id":"https:\/\/mula.es\/web\/calidad-de-vida-mula-se-une-a-la-lucha-contra-el-cancer-de-mama-con-la-tradicional-marcha-solidaria-organizada-por-la-aecc\/#primaryimage"},"image":{"@id":"https:\/\/mula.es\/web\/calidad-de-vida-mula-se-une-a-la-lucha-contra-el-cancer-de-mama-con-la-tradicional-marcha-solidaria-organizada-por-la-aecc\/#primaryimage"},"thumbnailUrl":"https:\/\/mula.es\/web\/wp-content\/uploads\/2023\/02\/instagram-22.png","datePublished":"2025-10-25T16:53:56+00:00","author":{"@id":"https:\/\/mula.es\/web\/#\/schema\/person\/4f10179bd364f40dceed361e61e4033f"},"breadcrumb":{"@id":"https:\/\/mula.es\/web\/calidad-de-vida-mula-se-une-a-la-lucha-contra-el-cancer-de-mama-con-la-tradicional-marcha-solidaria-organizada-por-la-aecc\/#breadcrumb"},"inLanguage":"es","potentialAction":[{"@type":"ReadAction","target":["https:\/\/mula.es\/web\/calidad-de-vida-mula-se-une-a-la-lucha-contra-el-cancer-de-mama-con-la-tradicional-marcha-solidaria-organizada-por-la-aecc\/"]}]},{"@type":"ImageObject","inLanguage":"es","@id":"https:\/\/mula.es\/web\/calidad-de-vida-mula-se-une-a-la-lucha-contra-el-cancer-de-mama-con-la-tradicional-marcha-solidaria-organizada-por-la-aecc\/#primaryimage","url":"https:\/\/mula.es\/web\/wp-content\/uploads\/2023\/02\/instagram-22.png","contentUrl":"https:\/\/mula.es\/web\/wp-content\/uploads\/2023\/02\/instagram-22.png","width":1080,"height":1080,"caption":"escudo mula"},{"@type":"BreadcrumbList","@id":"https:\/\/mula.es\/web\/calidad-de-vida-mula-se-une-a-la-lucha-contra-el-cancer-de-mama-con-la-tradicional-marcha-solidaria-organizada-por-la-aecc\/#breadcrumb","itemListElement":[{"@type":"ListItem","position":1,"name":"Portada","item":"https:\/\/mula.es\/web\/"},{"@type":"ListItem","position":2,"name":"CALIDAD DE VIDA | Mula se une a la lucha contra el c\u00e1ncer de mama con la tradicional marcha solidaria organizada por la AECC"}]},{"@type":"WebSite","@id":"https:\/\/mula.es\/web\/#website","url":"https:\/\/mula.es\/web\/","name":"Ayuntamiento de Mula","description":"P\u00e1gina web del Ayuntamiento de Mula (Regi\u00f3n de Murcia)","potentialAction":[{"@type":"SearchAction","target":{"@type":"EntryPoint","urlTemplate":"https:\/\/mula.es\/web\/?s={search_term_string}"},"query-input":{"@type":"PropertyValueSpecification","valueRequired":true,"valueName":"search_term_string"}}],"inLanguage":"es"},{"@type":"Person","@id":"https:\/\/mula.es\/web\/#\/schema\/person\/4f10179bd364f40dceed361e61e4033f","name":"Laura Salas Orcajada","image":{"@type":"ImageObject","inLanguage":"es","@id":"https:\/\/secure.gravatar.com\/avatar\/786f2a223d9a455e2a448f78b5dcc1117207ef56ef3d9a04df338c0f775cd403?s=96&d=mm&r=g","url":"https:\/\/secure.gravatar.com\/avatar\/786f2a223d9a455e2a448f78b5dcc1117207ef56ef3d9a04df338c0f775cd403?s=96&d=mm&r=g","contentUrl":"https:\/\/secure.gravatar.com\/avatar\/786f2a223d9a455e2a448f78b5dcc1117207ef56ef3d9a04df338c0f775cd403?s=96&d=mm&r=g","caption":"Laura Salas Orcajada"},"url":"https:\/\/mula.es\/web\/author\/lsalas\/"}]}},"jetpack_publicize_connections":[],"jetpack_featured_media_url":"https:\/\/mula.es\/web\/wp-content\/uploads\/2023\/02\/instagram-22.png","jetpack_sharing_enabled":true,"jetpack_shortlink":"https:\/\/wp.me\/pa9DMY-fAP","jetpack-related-posts":[],"_links":{"self":[{"href":"https:\/\/mula.es\/web\/wp-json\/wp\/v2\/posts\/59943","targetHints":{"allow":["GET"]}}],"collection":[{"href":"https:\/\/mula.es\/web\/wp-json\/wp\/v2\/posts"}],"about":[{"href":"https:\/\/mula.es\/web\/wp-json\/wp\/v2\/types\/post"}],"author":[{"embeddable":true,"href":"https:\/\/mula.es\/web\/wp-json\/wp\/v2\/users\/13"}],"replies":[{"embeddable":true,"href":"https:\/\/mula.es\/web\/wp-json\/wp\/v2\/comments?post=59943"}],"version-history":[{"count":1,"href":"https:\/\/mula.es\/web\/wp-json\/wp\/v2\/posts\/59943\/revisions"}],"predecessor-version":[{"id":59946,"href":"https:\/\/mula.es\/web\/wp-json\/wp\/v2\/posts\/59943\/revisions\/59946"}],"wp:featuredmedia":[{"embeddable":true,"href":"https:\/\/mula.es\/web\/wp-json\/wp\/v2\/media\/47365"}],"wp:attachment":[{"href":"https:\/\/mula.es\/web\/wp-json\/wp\/v2\/media?parent=59943"}],"wp:term":[{"taxonomy":"category","embeddable":true,"href":"https:\/\/mula.es\/web\/wp-json\/wp\/v2\/categories?post=59943"},{"taxonomy":"post_tag","embeddable":true,"href":"https:\/\/mula.es\/web\/wp-json\/wp\/v2\/tags?post=59943"}],"curies":[{"name":"wp","href":"https:\/\/api.w.org\/{rel}","templated":true}]}}