{"id":59951,"date":"2025-10-27T10:32:16","date_gmt":"2025-10-27T09:32:16","guid":{"rendered":"https:\/\/mula.es\/web\/?p=59951"},"modified":"2025-10-27T11:19:27","modified_gmt":"2025-10-27T10:19:27","slug":"cultura-el-museo-ciudad-de-mula-inaugura-la-exposicion-retrospectiva-del-artista-muleno-jose-morata","status":"publish","type":"post","link":"https:\/\/mula.es\/web\/cultura-el-museo-ciudad-de-mula-inaugura-la-exposicion-retrospectiva-del-artista-muleno-jose-morata\/","title":{"rendered":"CULTURA | El Museo Ciudad de Mula inaugura la exposici\u00f3n \u201cRetrospectiva\u201d del artista mule\u00f1o Jos\u00e9 Morata"},"content":{"rendered":"<p><strong>\u00a0<\/strong><\/p>\n<p><strong>NOTA DE PRENSA &#8211; 27 DE OCTUBRE DE 2025<\/strong><\/p>\n<p><strong>\u00a0<\/strong><\/p>\n<p><strong>\u00a0<\/strong><\/p>\n<h2><strong>El Museo Ciudad de Mula inaugura la exposici\u00f3n \u201cRetrospectiva\u201d del artista mule\u00f1o Jos\u00e9 Morata<\/strong><\/h2>\n<p><strong>\u00a0<\/strong><\/p>\n<p>El <strong>Museo Ciudad de Mula<\/strong> inaugurar\u00e1 el pr\u00f3ximo <strong>jueves 7 de noviembre a las 19:00 horas<\/strong> la exposici\u00f3n <strong>\u201cRetrospectiva\u201d<\/strong>, una muestra dedicada al artista mule\u00f1o <strong>Jos\u00e9 Morata Moya<\/strong>, que recorre m\u00e1s de <strong>cinco d\u00e9cadas de trayectoria creativa<\/strong>.<\/p>\n<p>La exposici\u00f3n, organizada por la <strong>concejal\u00eda de Cultura del Ayuntamiento de Mula<\/strong>, re\u00fane una cuidada selecci\u00f3n de obras que abarcan desde 1972 \u2014a\u00f1o en que Morata inici\u00f3 sus estudios en la Escuela Superior de Bellas Artes de San Fernando de Madrid\u2014 hasta la actualidad. En ella, el visitante podr\u00e1 apreciar una evoluci\u00f3n art\u00edstica marcada por una <strong>figuraci\u00f3n on\u00edrica y social en sus primeros a\u00f1os<\/strong>, para despu\u00e9s adentrarse en tem\u00e1ticas como <strong>el carnaval, el circo, el erotismo o los paisajes de su vida<\/strong>, con un estilo que combina <strong>armon\u00eda, textura, luz y cromatismo<\/strong>.<\/p>\n<p>A trav\u00e9s de t\u00e9cnicas como el <strong>\u00f3leo, acr\u00edlico, acuarela, tinta o grafito<\/strong>, Jos\u00e9 Morata plasma una visi\u00f3n po\u00e9tica y personal de la realidad, buscando \u201cla belleza y relevancia de lo que nos rodea\u201d y convirtiendo cada obra en un encuentro entre la emoci\u00f3n y la forma.<\/p>\n<p>El <strong>concejal de Cultura, Diego Boluda<\/strong>, ha destacado que <em>\u201cesta exposici\u00f3n es un homenaje merecido a uno de los grandes creadores mule\u00f1os, cuya obra refleja sensibilidad, talento y una profunda conexi\u00f3n con nuestra tierra. Con \u2018Retrospectiva\u2019, el Museo Ciudad de Mula se consolida como espacio de encuentro con el arte y la memoria cultural del municipio\u201d<\/em>.<\/p>\n<p>La muestra <strong>permanecer\u00e1 abierta hasta el 31 de enero de 2026<\/strong> en el <strong>Museo Ciudad de Mula (C\/ Do\u00f1a Elvira, s\/n)<\/strong>, donde podr\u00e1 visitarse dentro del horario habitual.<\/p>\n<p>M\u00e1s informaci\u00f3n sobre su obra <strong><a href=\"https:\/\/mula.es\/web\/wp-content\/uploads\/2025\/10\/Flyer-Morata-br2.pdf\">aqu\u00ed.<\/a><\/strong><\/p>\n<p><a href=\"https:\/\/mula.es\/web\/wp-content\/uploads\/2025\/10\/Cartel-Morata-01.jpg\"><img decoding=\"async\" data-attachment-id=\"59954\" data-permalink=\"https:\/\/mula.es\/web\/cultura-el-museo-ciudad-de-mula-inaugura-la-exposicion-retrospectiva-del-artista-muleno-jose-morata\/cartel-morata-01\/\" data-orig-file=\"https:\/\/mula.es\/web\/wp-content\/uploads\/2025\/10\/Cartel-Morata-01.jpg\" data-orig-size=\"1135,1418\" data-comments-opened=\"0\" data-image-meta=\"{&quot;aperture&quot;:&quot;0&quot;,&quot;credit&quot;:&quot;&quot;,&quot;camera&quot;:&quot;&quot;,&quot;caption&quot;:&quot;&quot;,&quot;created_timestamp&quot;:&quot;0&quot;,&quot;copyright&quot;:&quot;&quot;,&quot;focal_length&quot;:&quot;0&quot;,&quot;iso&quot;:&quot;0&quot;,&quot;shutter_speed&quot;:&quot;0&quot;,&quot;title&quot;:&quot;&quot;,&quot;orientation&quot;:&quot;0&quot;}\" data-image-title=\"Cartel Morata-01\" data-image-description=\"\" data-image-caption=\"\" data-large-file=\"https:\/\/mula.es\/web\/wp-content\/uploads\/2025\/10\/Cartel-Morata-01-820x1024.jpg\" class=\"alignnone size-medium wp-image-59954\" src=\"https:\/\/mula.es\/web\/wp-content\/uploads\/2025\/10\/Cartel-Morata-01-240x300.jpg\" alt=\"\" width=\"240\" height=\"300\" srcset=\"https:\/\/mula.es\/web\/wp-content\/uploads\/2025\/10\/Cartel-Morata-01-200x250.jpg 200w, https:\/\/mula.es\/web\/wp-content\/uploads\/2025\/10\/Cartel-Morata-01-240x300.jpg 240w, https:\/\/mula.es\/web\/wp-content\/uploads\/2025\/10\/Cartel-Morata-01-400x500.jpg 400w, https:\/\/mula.es\/web\/wp-content\/uploads\/2025\/10\/Cartel-Morata-01-600x750.jpg 600w, https:\/\/mula.es\/web\/wp-content\/uploads\/2025\/10\/Cartel-Morata-01-768x959.jpg 768w, https:\/\/mula.es\/web\/wp-content\/uploads\/2025\/10\/Cartel-Morata-01-800x999.jpg 800w, https:\/\/mula.es\/web\/wp-content\/uploads\/2025\/10\/Cartel-Morata-01-820x1024.jpg 820w, https:\/\/mula.es\/web\/wp-content\/uploads\/2025\/10\/Cartel-Morata-01.jpg 1135w\" sizes=\"(max-width: 240px) 100vw, 240px\" \/><\/a><\/p>\n","protected":false},"excerpt":{"rendered":"<p>\u00a0 NOTA DE PRENSA &#8211; 27 DE OCTUBRE DE 2025 \u00a0 \u00a0 El Museo Ciudad de Mula inaugura la exposici\u00f3n \u201cRetrospectiva\u201d del artista mule\u00f1o Jos\u00e9 Morata \u00a0 El Museo Ciudad de Mula inaugurar\u00e1 el pr\u00f3ximo jueves 7 de noviembre a las 19:00 horas la exposici\u00f3n \u201cRetrospectiva\u201d, una muestra dedicada al artista mule\u00f1o Jos\u00e9 Morata Moya,  [&#8230;]<\/p>\n","protected":false},"author":13,"featured_media":33512,"comment_status":"closed","ping_status":"closed","sticky":false,"template":"","format":"standard","meta":{"jetpack_post_was_ever_published":false,"_jetpack_newsletter_access":"","_jetpack_dont_email_post_to_subs":false,"_jetpack_newsletter_tier_id":0,"_jetpack_memberships_contains_paywalled_content":false,"_jetpack_memberships_contains_paid_content":false,"footnotes":"","jetpack_publicize_message":"","jetpack_publicize_feature_enabled":true,"jetpack_social_post_already_shared":true,"jetpack_social_options":{"image_generator_settings":{"template":"highway","default_image_id":0,"font":"","enabled":false},"version":2}},"categories":[97],"tags":[],"class_list":["post-59951","post","type-post","status-publish","format-standard","has-post-thumbnail","hentry","category-cultura"],"yoast_head":"<!-- This site is optimized with the Yoast SEO plugin v27.5 - https:\/\/yoast.com\/product\/yoast-seo-wordpress\/ -->\n<title>CULTURA | El Museo Ciudad de Mula inaugura la exposici\u00f3n \u201cRetrospectiva\u201d del artista mule\u00f1o Jos\u00e9 Morata - Ayuntamiento de Mula<\/title>\n<meta name=\"robots\" content=\"index, follow, max-snippet:-1, max-image-preview:large, max-video-preview:-1\" \/>\n<link rel=\"canonical\" href=\"https:\/\/mula.es\/web\/cultura-el-museo-ciudad-de-mula-inaugura-la-exposicion-retrospectiva-del-artista-muleno-jose-morata\/\" \/>\n<meta property=\"og:locale\" content=\"es_ES\" \/>\n<meta property=\"og:type\" content=\"article\" \/>\n<meta property=\"og:title\" content=\"CULTURA | El Museo Ciudad de Mula inaugura la exposici\u00f3n \u201cRetrospectiva\u201d del artista mule\u00f1o Jos\u00e9 Morata - Ayuntamiento de Mula\" \/>\n<meta property=\"og:description\" content=\"\u00a0 NOTA DE PRENSA &#8211; 27 DE OCTUBRE DE 2025 \u00a0 \u00a0 El Museo Ciudad de Mula inaugura la exposici\u00f3n \u201cRetrospectiva\u201d del artista mule\u00f1o Jos\u00e9 Morata \u00a0 El Museo Ciudad de Mula inaugurar\u00e1 el pr\u00f3ximo jueves 7 de noviembre a las 19:00 horas la exposici\u00f3n \u201cRetrospectiva\u201d, una muestra dedicada al artista mule\u00f1o Jos\u00e9 Morata Moya, [...]\" \/>\n<meta property=\"og:url\" content=\"https:\/\/mula.es\/web\/cultura-el-museo-ciudad-de-mula-inaugura-la-exposicion-retrospectiva-del-artista-muleno-jose-morata\/\" \/>\n<meta property=\"og:site_name\" content=\"Ayuntamiento de Mula\" \/>\n<meta property=\"article:published_time\" content=\"2025-10-27T09:32:16+00:00\" \/>\n<meta property=\"article:modified_time\" content=\"2025-10-27T10:19:27+00:00\" \/>\n<meta property=\"og:image\" content=\"https:\/\/mula.es\/web\/wp-content\/uploads\/2020\/06\/escudo-cuadrado-e1591045058235.jpg\" \/>\n\t<meta property=\"og:image:width\" content=\"200\" \/>\n\t<meta property=\"og:image:height\" content=\"218\" \/>\n\t<meta property=\"og:image:type\" content=\"image\/jpeg\" \/>\n<meta name=\"author\" content=\"Laura Salas Orcajada\" \/>\n<meta name=\"twitter:card\" content=\"summary_large_image\" \/>\n<meta name=\"twitter:creator\" content=\"@AyuntamientMula\" \/>\n<meta name=\"twitter:site\" content=\"@AyuntamientMula\" \/>\n<meta name=\"twitter:label1\" content=\"Escrito por\" \/>\n\t<meta name=\"twitter:data1\" content=\"Laura Salas Orcajada\" \/>\n\t<meta name=\"twitter:label2\" content=\"Tiempo de lectura\" \/>\n\t<meta name=\"twitter:data2\" content=\"2 minutos\" \/>\n<script type=\"application\/ld+json\" class=\"yoast-schema-graph\">{\"@context\":\"https:\\\/\\\/schema.org\",\"@graph\":[{\"@type\":\"Article\",\"@id\":\"https:\\\/\\\/mula.es\\\/web\\\/cultura-el-museo-ciudad-de-mula-inaugura-la-exposicion-retrospectiva-del-artista-muleno-jose-morata\\\/#article\",\"isPartOf\":{\"@id\":\"https:\\\/\\\/mula.es\\\/web\\\/cultura-el-museo-ciudad-de-mula-inaugura-la-exposicion-retrospectiva-del-artista-muleno-jose-morata\\\/\"},\"author\":{\"name\":\"Laura Salas Orcajada\",\"@id\":\"https:\\\/\\\/mula.es\\\/web\\\/#\\\/schema\\\/person\\\/4f10179bd364f40dceed361e61e4033f\"},\"headline\":\"CULTURA | El Museo Ciudad de Mula inaugura la exposici\u00f3n \u201cRetrospectiva\u201d del artista mule\u00f1o Jos\u00e9 Morata\",\"datePublished\":\"2025-10-27T09:32:16+00:00\",\"dateModified\":\"2025-10-27T10:19:27+00:00\",\"mainEntityOfPage\":{\"@id\":\"https:\\\/\\\/mula.es\\\/web\\\/cultura-el-museo-ciudad-de-mula-inaugura-la-exposicion-retrospectiva-del-artista-muleno-jose-morata\\\/\"},\"wordCount\":331,\"image\":{\"@id\":\"https:\\\/\\\/mula.es\\\/web\\\/cultura-el-museo-ciudad-de-mula-inaugura-la-exposicion-retrospectiva-del-artista-muleno-jose-morata\\\/#primaryimage\"},\"thumbnailUrl\":\"https:\\\/\\\/mula.es\\\/web\\\/wp-content\\\/uploads\\\/2020\\\/06\\\/escudo-cuadrado-e1591045058235.jpg\",\"articleSection\":[\"cultura\"],\"inLanguage\":\"es\"},{\"@type\":\"WebPage\",\"@id\":\"https:\\\/\\\/mula.es\\\/web\\\/cultura-el-museo-ciudad-de-mula-inaugura-la-exposicion-retrospectiva-del-artista-muleno-jose-morata\\\/\",\"url\":\"https:\\\/\\\/mula.es\\\/web\\\/cultura-el-museo-ciudad-de-mula-inaugura-la-exposicion-retrospectiva-del-artista-muleno-jose-morata\\\/\",\"name\":\"CULTURA | El Museo Ciudad de Mula inaugura la exposici\u00f3n \u201cRetrospectiva\u201d del artista mule\u00f1o Jos\u00e9 Morata - Ayuntamiento de Mula\",\"isPartOf\":{\"@id\":\"https:\\\/\\\/mula.es\\\/web\\\/#website\"},\"primaryImageOfPage\":{\"@id\":\"https:\\\/\\\/mula.es\\\/web\\\/cultura-el-museo-ciudad-de-mula-inaugura-la-exposicion-retrospectiva-del-artista-muleno-jose-morata\\\/#primaryimage\"},\"image\":{\"@id\":\"https:\\\/\\\/mula.es\\\/web\\\/cultura-el-museo-ciudad-de-mula-inaugura-la-exposicion-retrospectiva-del-artista-muleno-jose-morata\\\/#primaryimage\"},\"thumbnailUrl\":\"https:\\\/\\\/mula.es\\\/web\\\/wp-content\\\/uploads\\\/2020\\\/06\\\/escudo-cuadrado-e1591045058235.jpg\",\"datePublished\":\"2025-10-27T09:32:16+00:00\",\"dateModified\":\"2025-10-27T10:19:27+00:00\",\"author\":{\"@id\":\"https:\\\/\\\/mula.es\\\/web\\\/#\\\/schema\\\/person\\\/4f10179bd364f40dceed361e61e4033f\"},\"breadcrumb\":{\"@id\":\"https:\\\/\\\/mula.es\\\/web\\\/cultura-el-museo-ciudad-de-mula-inaugura-la-exposicion-retrospectiva-del-artista-muleno-jose-morata\\\/#breadcrumb\"},\"inLanguage\":\"es\",\"potentialAction\":[{\"@type\":\"ReadAction\",\"target\":[\"https:\\\/\\\/mula.es\\\/web\\\/cultura-el-museo-ciudad-de-mula-inaugura-la-exposicion-retrospectiva-del-artista-muleno-jose-morata\\\/\"]}]},{\"@type\":\"ImageObject\",\"inLanguage\":\"es\",\"@id\":\"https:\\\/\\\/mula.es\\\/web\\\/cultura-el-museo-ciudad-de-mula-inaugura-la-exposicion-retrospectiva-del-artista-muleno-jose-morata\\\/#primaryimage\",\"url\":\"https:\\\/\\\/mula.es\\\/web\\\/wp-content\\\/uploads\\\/2020\\\/06\\\/escudo-cuadrado-e1591045058235.jpg\",\"contentUrl\":\"https:\\\/\\\/mula.es\\\/web\\\/wp-content\\\/uploads\\\/2020\\\/06\\\/escudo-cuadrado-e1591045058235.jpg\",\"width\":200,\"height\":218},{\"@type\":\"BreadcrumbList\",\"@id\":\"https:\\\/\\\/mula.es\\\/web\\\/cultura-el-museo-ciudad-de-mula-inaugura-la-exposicion-retrospectiva-del-artista-muleno-jose-morata\\\/#breadcrumb\",\"itemListElement\":[{\"@type\":\"ListItem\",\"position\":1,\"name\":\"Portada\",\"item\":\"https:\\\/\\\/mula.es\\\/web\\\/\"},{\"@type\":\"ListItem\",\"position\":2,\"name\":\"CULTURA | El Museo Ciudad de Mula inaugura la exposici\u00f3n \u201cRetrospectiva\u201d del artista mule\u00f1o Jos\u00e9 Morata\"}]},{\"@type\":\"WebSite\",\"@id\":\"https:\\\/\\\/mula.es\\\/web\\\/#website\",\"url\":\"https:\\\/\\\/mula.es\\\/web\\\/\",\"name\":\"Ayuntamiento de Mula\",\"description\":\"P\u00e1gina web del Ayuntamiento de Mula (Regi\u00f3n de Murcia)\",\"potentialAction\":[{\"@type\":\"SearchAction\",\"target\":{\"@type\":\"EntryPoint\",\"urlTemplate\":\"https:\\\/\\\/mula.es\\\/web\\\/?s={search_term_string}\"},\"query-input\":{\"@type\":\"PropertyValueSpecification\",\"valueRequired\":true,\"valueName\":\"search_term_string\"}}],\"inLanguage\":\"es\"},{\"@type\":\"Person\",\"@id\":\"https:\\\/\\\/mula.es\\\/web\\\/#\\\/schema\\\/person\\\/4f10179bd364f40dceed361e61e4033f\",\"name\":\"Laura Salas Orcajada\",\"image\":{\"@type\":\"ImageObject\",\"inLanguage\":\"es\",\"@id\":\"https:\\\/\\\/secure.gravatar.com\\\/avatar\\\/786f2a223d9a455e2a448f78b5dcc1117207ef56ef3d9a04df338c0f775cd403?s=96&d=mm&r=g\",\"url\":\"https:\\\/\\\/secure.gravatar.com\\\/avatar\\\/786f2a223d9a455e2a448f78b5dcc1117207ef56ef3d9a04df338c0f775cd403?s=96&d=mm&r=g\",\"contentUrl\":\"https:\\\/\\\/secure.gravatar.com\\\/avatar\\\/786f2a223d9a455e2a448f78b5dcc1117207ef56ef3d9a04df338c0f775cd403?s=96&d=mm&r=g\",\"caption\":\"Laura Salas Orcajada\"},\"url\":\"https:\\\/\\\/mula.es\\\/web\\\/author\\\/lsalas\\\/\"}]}<\/script>\n<!-- \/ Yoast SEO plugin. -->","yoast_head_json":{"title":"CULTURA | El Museo Ciudad de Mula inaugura la exposici\u00f3n \u201cRetrospectiva\u201d del artista mule\u00f1o Jos\u00e9 Morata - Ayuntamiento de Mula","robots":{"index":"index","follow":"follow","max-snippet":"max-snippet:-1","max-image-preview":"max-image-preview:large","max-video-preview":"max-video-preview:-1"},"canonical":"https:\/\/mula.es\/web\/cultura-el-museo-ciudad-de-mula-inaugura-la-exposicion-retrospectiva-del-artista-muleno-jose-morata\/","og_locale":"es_ES","og_type":"article","og_title":"CULTURA | El Museo Ciudad de Mula inaugura la exposici\u00f3n \u201cRetrospectiva\u201d del artista mule\u00f1o Jos\u00e9 Morata - Ayuntamiento de Mula","og_description":"\u00a0 NOTA DE PRENSA &#8211; 27 DE OCTUBRE DE 2025 \u00a0 \u00a0 El Museo Ciudad de Mula inaugura la exposici\u00f3n \u201cRetrospectiva\u201d del artista mule\u00f1o Jos\u00e9 Morata \u00a0 El Museo Ciudad de Mula inaugurar\u00e1 el pr\u00f3ximo jueves 7 de noviembre a las 19:00 horas la exposici\u00f3n \u201cRetrospectiva\u201d, una muestra dedicada al artista mule\u00f1o Jos\u00e9 Morata Moya, [...]","og_url":"https:\/\/mula.es\/web\/cultura-el-museo-ciudad-de-mula-inaugura-la-exposicion-retrospectiva-del-artista-muleno-jose-morata\/","og_site_name":"Ayuntamiento de Mula","article_published_time":"2025-10-27T09:32:16+00:00","article_modified_time":"2025-10-27T10:19:27+00:00","og_image":[{"width":200,"height":218,"url":"https:\/\/mula.es\/web\/wp-content\/uploads\/2020\/06\/escudo-cuadrado-e1591045058235.jpg","type":"image\/jpeg"}],"author":"Laura Salas Orcajada","twitter_card":"summary_large_image","twitter_creator":"@AyuntamientMula","twitter_site":"@AyuntamientMula","twitter_misc":{"Escrito por":"Laura Salas Orcajada","Tiempo de lectura":"2 minutos"},"schema":{"@context":"https:\/\/schema.org","@graph":[{"@type":"Article","@id":"https:\/\/mula.es\/web\/cultura-el-museo-ciudad-de-mula-inaugura-la-exposicion-retrospectiva-del-artista-muleno-jose-morata\/#article","isPartOf":{"@id":"https:\/\/mula.es\/web\/cultura-el-museo-ciudad-de-mula-inaugura-la-exposicion-retrospectiva-del-artista-muleno-jose-morata\/"},"author":{"name":"Laura Salas Orcajada","@id":"https:\/\/mula.es\/web\/#\/schema\/person\/4f10179bd364f40dceed361e61e4033f"},"headline":"CULTURA | El Museo Ciudad de Mula inaugura la exposici\u00f3n \u201cRetrospectiva\u201d del artista mule\u00f1o Jos\u00e9 Morata","datePublished":"2025-10-27T09:32:16+00:00","dateModified":"2025-10-27T10:19:27+00:00","mainEntityOfPage":{"@id":"https:\/\/mula.es\/web\/cultura-el-museo-ciudad-de-mula-inaugura-la-exposicion-retrospectiva-del-artista-muleno-jose-morata\/"},"wordCount":331,"image":{"@id":"https:\/\/mula.es\/web\/cultura-el-museo-ciudad-de-mula-inaugura-la-exposicion-retrospectiva-del-artista-muleno-jose-morata\/#primaryimage"},"thumbnailUrl":"https:\/\/mula.es\/web\/wp-content\/uploads\/2020\/06\/escudo-cuadrado-e1591045058235.jpg","articleSection":["cultura"],"inLanguage":"es"},{"@type":"WebPage","@id":"https:\/\/mula.es\/web\/cultura-el-museo-ciudad-de-mula-inaugura-la-exposicion-retrospectiva-del-artista-muleno-jose-morata\/","url":"https:\/\/mula.es\/web\/cultura-el-museo-ciudad-de-mula-inaugura-la-exposicion-retrospectiva-del-artista-muleno-jose-morata\/","name":"CULTURA | El Museo Ciudad de Mula inaugura la exposici\u00f3n \u201cRetrospectiva\u201d del artista mule\u00f1o Jos\u00e9 Morata - Ayuntamiento de Mula","isPartOf":{"@id":"https:\/\/mula.es\/web\/#website"},"primaryImageOfPage":{"@id":"https:\/\/mula.es\/web\/cultura-el-museo-ciudad-de-mula-inaugura-la-exposicion-retrospectiva-del-artista-muleno-jose-morata\/#primaryimage"},"image":{"@id":"https:\/\/mula.es\/web\/cultura-el-museo-ciudad-de-mula-inaugura-la-exposicion-retrospectiva-del-artista-muleno-jose-morata\/#primaryimage"},"thumbnailUrl":"https:\/\/mula.es\/web\/wp-content\/uploads\/2020\/06\/escudo-cuadrado-e1591045058235.jpg","datePublished":"2025-10-27T09:32:16+00:00","dateModified":"2025-10-27T10:19:27+00:00","author":{"@id":"https:\/\/mula.es\/web\/#\/schema\/person\/4f10179bd364f40dceed361e61e4033f"},"breadcrumb":{"@id":"https:\/\/mula.es\/web\/cultura-el-museo-ciudad-de-mula-inaugura-la-exposicion-retrospectiva-del-artista-muleno-jose-morata\/#breadcrumb"},"inLanguage":"es","potentialAction":[{"@type":"ReadAction","target":["https:\/\/mula.es\/web\/cultura-el-museo-ciudad-de-mula-inaugura-la-exposicion-retrospectiva-del-artista-muleno-jose-morata\/"]}]},{"@type":"ImageObject","inLanguage":"es","@id":"https:\/\/mula.es\/web\/cultura-el-museo-ciudad-de-mula-inaugura-la-exposicion-retrospectiva-del-artista-muleno-jose-morata\/#primaryimage","url":"https:\/\/mula.es\/web\/wp-content\/uploads\/2020\/06\/escudo-cuadrado-e1591045058235.jpg","contentUrl":"https:\/\/mula.es\/web\/wp-content\/uploads\/2020\/06\/escudo-cuadrado-e1591045058235.jpg","width":200,"height":218},{"@type":"BreadcrumbList","@id":"https:\/\/mula.es\/web\/cultura-el-museo-ciudad-de-mula-inaugura-la-exposicion-retrospectiva-del-artista-muleno-jose-morata\/#breadcrumb","itemListElement":[{"@type":"ListItem","position":1,"name":"Portada","item":"https:\/\/mula.es\/web\/"},{"@type":"ListItem","position":2,"name":"CULTURA | El Museo Ciudad de Mula inaugura la exposici\u00f3n \u201cRetrospectiva\u201d del artista mule\u00f1o Jos\u00e9 Morata"}]},{"@type":"WebSite","@id":"https:\/\/mula.es\/web\/#website","url":"https:\/\/mula.es\/web\/","name":"Ayuntamiento de Mula","description":"P\u00e1gina web del Ayuntamiento de Mula (Regi\u00f3n de Murcia)","potentialAction":[{"@type":"SearchAction","target":{"@type":"EntryPoint","urlTemplate":"https:\/\/mula.es\/web\/?s={search_term_string}"},"query-input":{"@type":"PropertyValueSpecification","valueRequired":true,"valueName":"search_term_string"}}],"inLanguage":"es"},{"@type":"Person","@id":"https:\/\/mula.es\/web\/#\/schema\/person\/4f10179bd364f40dceed361e61e4033f","name":"Laura Salas Orcajada","image":{"@type":"ImageObject","inLanguage":"es","@id":"https:\/\/secure.gravatar.com\/avatar\/786f2a223d9a455e2a448f78b5dcc1117207ef56ef3d9a04df338c0f775cd403?s=96&d=mm&r=g","url":"https:\/\/secure.gravatar.com\/avatar\/786f2a223d9a455e2a448f78b5dcc1117207ef56ef3d9a04df338c0f775cd403?s=96&d=mm&r=g","contentUrl":"https:\/\/secure.gravatar.com\/avatar\/786f2a223d9a455e2a448f78b5dcc1117207ef56ef3d9a04df338c0f775cd403?s=96&d=mm&r=g","caption":"Laura Salas Orcajada"},"url":"https:\/\/mula.es\/web\/author\/lsalas\/"}]}},"jetpack_publicize_connections":[],"jetpack_featured_media_url":"https:\/\/mula.es\/web\/wp-content\/uploads\/2020\/06\/escudo-cuadrado-e1591045058235.jpg","jetpack_sharing_enabled":true,"jetpack_shortlink":"https:\/\/wp.me\/pa9DMY-fAX","jetpack-related-posts":[],"_links":{"self":[{"href":"https:\/\/mula.es\/web\/wp-json\/wp\/v2\/posts\/59951","targetHints":{"allow":["GET"]}}],"collection":[{"href":"https:\/\/mula.es\/web\/wp-json\/wp\/v2\/posts"}],"about":[{"href":"https:\/\/mula.es\/web\/wp-json\/wp\/v2\/types\/post"}],"author":[{"embeddable":true,"href":"https:\/\/mula.es\/web\/wp-json\/wp\/v2\/users\/13"}],"replies":[{"embeddable":true,"href":"https:\/\/mula.es\/web\/wp-json\/wp\/v2\/comments?post=59951"}],"version-history":[{"count":4,"href":"https:\/\/mula.es\/web\/wp-json\/wp\/v2\/posts\/59951\/revisions"}],"predecessor-version":[{"id":59957,"href":"https:\/\/mula.es\/web\/wp-json\/wp\/v2\/posts\/59951\/revisions\/59957"}],"wp:featuredmedia":[{"embeddable":true,"href":"https:\/\/mula.es\/web\/wp-json\/wp\/v2\/media\/33512"}],"wp:attachment":[{"href":"https:\/\/mula.es\/web\/wp-json\/wp\/v2\/media?parent=59951"}],"wp:term":[{"taxonomy":"category","embeddable":true,"href":"https:\/\/mula.es\/web\/wp-json\/wp\/v2\/categories?post=59951"},{"taxonomy":"post_tag","embeddable":true,"href":"https:\/\/mula.es\/web\/wp-json\/wp\/v2\/tags?post=59951"}],"curies":[{"name":"wp","href":"https:\/\/api.w.org\/{rel}","templated":true}]}}