{"id":59958,"date":"2025-10-27T12:09:02","date_gmt":"2025-10-27T11:09:02","guid":{"rendered":"https:\/\/mula.es\/web\/?p=59958"},"modified":"2025-10-27T12:09:02","modified_gmt":"2025-10-27T11:09:02","slug":"educacion-el-ayuntamiento-de-mula-y-la-universidad-de-murcia-organizan-las-i-jornadas-mula-patrimonio-cultura-y-paisaje","status":"publish","type":"post","link":"https:\/\/mula.es\/web\/educacion-el-ayuntamiento-de-mula-y-la-universidad-de-murcia-organizan-las-i-jornadas-mula-patrimonio-cultura-y-paisaje\/","title":{"rendered":"EDUCACI\u00d3N | El Ayuntamiento de Mula y la Universidad de Murcia organizan las I Jornadas \u201cMula: Patrimonio, Cultura y Paisaje\u201d"},"content":{"rendered":"<p><strong>\u00a0<\/strong><\/p>\n<p><strong>NOTA DE PRENSA &#8211; 20 DE OCTUBRE DE 2025<\/strong><\/p>\n<p><strong>\u00a0<\/strong><\/p>\n<h2><strong>\u00a0<\/strong><\/h2>\n<h2><strong>El Ayuntamiento de Mula y la Universidad de Murcia organizan las I Jornadas \u201cMula: Patrimonio, Cultura y Paisaje\u201d<\/strong><\/h2>\n<p><strong>\u00a0<\/strong><\/p>\n<p>La <strong>concejal\u00eda de Cultura y Patrimonio Hist\u00f3rico del Ayuntamiento de Mula<\/strong>, en colaboraci\u00f3n con la <strong>Universidad de Murcia (UMU)<\/strong> a trav\u00e9s de su Sede Permanente de Extensi\u00f3n Universitaria en Mula, organiza las I Jornadas \u201cMula: Patrimonio, Cultura y Paisaje\u201d, un ciclo de conferencias que tiene como objetivo acercar el conocimiento, la investigaci\u00f3n y la divulgaci\u00f3n cultural sobre el territorio mule\u00f1o y su entorno.<\/p>\n<p>Las jornadas se desarrollar\u00e1n en el <strong>Sal\u00f3n de Actos del Archivo Municipal de Mula<\/strong> entre <strong>octubre de 2025 y marzo de 2026<\/strong>, y estar\u00e1n dirigidas a <strong>estudiantes universitarios<\/strong> de \u00e1reas relacionadas con las <strong>Humanidades, Ciencias Sociales, Ambientales y Biol\u00f3gicas<\/strong>, as\u00ed como a <strong>cualquier persona interesada en conocer los valores culturales y patrimoniales del municipio<\/strong>.<\/p>\n<p>El programa incluye cuatro conferencias principales impartidas por reconocidos especialistas:<\/p>\n<ul>\n<li><strong>30 de octubre de 2025:<\/strong> <em>\u201cLa dama de El Cigarralejo: una diosa entronizada\u201d<\/em>, a cargo de <strong>Carlos Esp\u00edn Forcen<\/strong>.<\/li>\n<li><strong>22 de enero de 2026:<\/strong> <em>\u201cNuevas perspectivas sobre la villa romana de Villaricos: \u00faltimos hallazgos arqueol\u00f3gicos\u201d<\/em>, por <strong>Rafael Gonz\u00e1lez Fern\u00e1ndez<\/strong>.<\/li>\n<li><strong>12 de febrero de 2026:<\/strong> <em>\u201cLa Regi\u00f3n de Murcia: paradigma de la cultura del agua\u201d<\/em>, con <strong>Gregorio Canales Mart\u00ednez<\/strong>.<\/li>\n<li><strong>12 de marzo de 2026:<\/strong> <em>\u201cIngenier\u00eda tradicional y sostenibilidad. Paisajes creados por norias hidr\u00e1ulicas en el r\u00edo Mula\u201d<\/em>, impartida por <strong>Jos\u00e9 Antonio L\u00f3pez Fern\u00e1ndez<\/strong>.<\/li>\n<\/ul>\n<p>El <strong>concejal de Cultura y Patrimonio Hist\u00f3rico, Diego Boluda<\/strong>, ha destacado que <em>\u201cestas jornadas son una oportunidad para poner en valor la riqueza patrimonial y paisaj\u00edstica de Mula desde un enfoque acad\u00e9mico, divulgativo y participativo\u201d<\/em>.<\/p>\n<p>Las conferencias, que suman un total de <strong>6 horas lectivas<\/strong> y <strong>cr\u00e9ditos acad\u00e9micos para los estudiantes de la UMU<\/strong>, se celebrar\u00e1n en horario de <strong>20:00 a 21:30 horas<\/strong>. Las inscripciones deben realizarse a trav\u00e9s de la plataforma <strong>Casiopea de la Universidad de Murcia<\/strong>.<\/p>\n<p><a href=\"https:\/\/mula.es\/web\/wp-content\/uploads\/2025\/10\/CARTEL-I-JORNADAS-DE-PATRIMONIO-scaled.jpg\"><img decoding=\"async\" data-attachment-id=\"59959\" data-permalink=\"https:\/\/mula.es\/web\/educacion-el-ayuntamiento-de-mula-y-la-universidad-de-murcia-organizan-las-i-jornadas-mula-patrimonio-cultura-y-paisaje\/imprimir-2\/\" data-orig-file=\"https:\/\/mula.es\/web\/wp-content\/uploads\/2025\/10\/CARTEL-I-JORNADAS-DE-PATRIMONIO-scaled.jpg\" data-orig-size=\"2560,1830\" data-comments-opened=\"0\" data-image-meta=\"{&quot;aperture&quot;:&quot;0&quot;,&quot;credit&quot;:&quot;&quot;,&quot;camera&quot;:&quot;&quot;,&quot;caption&quot;:&quot;&quot;,&quot;created_timestamp&quot;:&quot;0&quot;,&quot;copyright&quot;:&quot;&quot;,&quot;focal_length&quot;:&quot;0&quot;,&quot;iso&quot;:&quot;0&quot;,&quot;shutter_speed&quot;:&quot;0&quot;,&quot;title&quot;:&quot;Imprimir&quot;,&quot;orientation&quot;:&quot;1&quot;}\" data-image-title=\"Imprimir\" data-image-description=\"\" data-image-caption=\"\" data-large-file=\"https:\/\/mula.es\/web\/wp-content\/uploads\/2025\/10\/CARTEL-I-JORNADAS-DE-PATRIMONIO-1024x732.jpg\" class=\"alignnone size-medium wp-image-59959\" src=\"https:\/\/mula.es\/web\/wp-content\/uploads\/2025\/10\/CARTEL-I-JORNADAS-DE-PATRIMONIO-300x214.jpg\" alt=\"\" width=\"300\" height=\"214\" srcset=\"https:\/\/mula.es\/web\/wp-content\/uploads\/2025\/10\/CARTEL-I-JORNADAS-DE-PATRIMONIO-200x143.jpg 200w, https:\/\/mula.es\/web\/wp-content\/uploads\/2025\/10\/CARTEL-I-JORNADAS-DE-PATRIMONIO-300x214.jpg 300w, https:\/\/mula.es\/web\/wp-content\/uploads\/2025\/10\/CARTEL-I-JORNADAS-DE-PATRIMONIO-400x286.jpg 400w, https:\/\/mula.es\/web\/wp-content\/uploads\/2025\/10\/CARTEL-I-JORNADAS-DE-PATRIMONIO-600x429.jpg 600w, https:\/\/mula.es\/web\/wp-content\/uploads\/2025\/10\/CARTEL-I-JORNADAS-DE-PATRIMONIO-768x549.jpg 768w, https:\/\/mula.es\/web\/wp-content\/uploads\/2025\/10\/CARTEL-I-JORNADAS-DE-PATRIMONIO-800x572.jpg 800w, https:\/\/mula.es\/web\/wp-content\/uploads\/2025\/10\/CARTEL-I-JORNADAS-DE-PATRIMONIO-1024x732.jpg 1024w, https:\/\/mula.es\/web\/wp-content\/uploads\/2025\/10\/CARTEL-I-JORNADAS-DE-PATRIMONIO-1200x858.jpg 1200w, https:\/\/mula.es\/web\/wp-content\/uploads\/2025\/10\/CARTEL-I-JORNADAS-DE-PATRIMONIO-1536x1098.jpg 1536w\" sizes=\"(max-width: 300px) 100vw, 300px\" \/><\/a><\/p>\n","protected":false},"excerpt":{"rendered":"<p>\u00a0 NOTA DE PRENSA &#8211; 20 DE OCTUBRE DE 2025 \u00a0 \u00a0 El Ayuntamiento de Mula y la Universidad de Murcia organizan las I Jornadas \u201cMula: Patrimonio, Cultura y Paisaje\u201d \u00a0 La concejal\u00eda de Cultura y Patrimonio Hist\u00f3rico del Ayuntamiento de Mula, en colaboraci\u00f3n con la Universidad de Murcia (UMU) a trav\u00e9s de su Sede  [&#8230;]<\/p>\n","protected":false},"author":13,"featured_media":33514,"comment_status":"closed","ping_status":"closed","sticky":false,"template":"","format":"standard","meta":{"jetpack_post_was_ever_published":false,"_jetpack_newsletter_access":"","_jetpack_dont_email_post_to_subs":false,"_jetpack_newsletter_tier_id":0,"_jetpack_memberships_contains_paywalled_content":false,"_jetpack_memberships_contains_paid_content":false,"footnotes":"","jetpack_publicize_message":"","jetpack_publicize_feature_enabled":true,"jetpack_social_post_already_shared":true,"jetpack_social_options":{"image_generator_settings":{"template":"highway","default_image_id":0,"font":"","enabled":false},"version":2}},"categories":[89],"tags":[],"class_list":["post-59958","post","type-post","status-publish","format-standard","has-post-thumbnail","hentry","category-educacion"],"yoast_head":"<!-- This site is optimized with the Yoast SEO plugin v27.5 - https:\/\/yoast.com\/product\/yoast-seo-wordpress\/ -->\n<title>EDUCACI\u00d3N | El Ayuntamiento de Mula y la Universidad de Murcia organizan las I Jornadas \u201cMula: Patrimonio, Cultura y Paisaje\u201d - Ayuntamiento de Mula<\/title>\n<meta name=\"robots\" content=\"index, follow, max-snippet:-1, max-image-preview:large, max-video-preview:-1\" \/>\n<link rel=\"canonical\" href=\"https:\/\/mula.es\/web\/educacion-el-ayuntamiento-de-mula-y-la-universidad-de-murcia-organizan-las-i-jornadas-mula-patrimonio-cultura-y-paisaje\/\" \/>\n<meta property=\"og:locale\" content=\"es_ES\" \/>\n<meta property=\"og:type\" content=\"article\" \/>\n<meta property=\"og:title\" content=\"EDUCACI\u00d3N | El Ayuntamiento de Mula y la Universidad de Murcia organizan las I Jornadas \u201cMula: Patrimonio, Cultura y Paisaje\u201d - Ayuntamiento de Mula\" \/>\n<meta property=\"og:description\" content=\"\u00a0 NOTA DE PRENSA &#8211; 20 DE OCTUBRE DE 2025 \u00a0 \u00a0 El Ayuntamiento de Mula y la Universidad de Murcia organizan las I Jornadas \u201cMula: Patrimonio, Cultura y Paisaje\u201d \u00a0 La concejal\u00eda de Cultura y Patrimonio Hist\u00f3rico del Ayuntamiento de Mula, en colaboraci\u00f3n con la Universidad de Murcia (UMU) a trav\u00e9s de su Sede [...]\" \/>\n<meta property=\"og:url\" content=\"https:\/\/mula.es\/web\/educacion-el-ayuntamiento-de-mula-y-la-universidad-de-murcia-organizan-las-i-jornadas-mula-patrimonio-cultura-y-paisaje\/\" \/>\n<meta property=\"og:site_name\" content=\"Ayuntamiento de Mula\" \/>\n<meta property=\"article:published_time\" content=\"2025-10-27T11:09:02+00:00\" \/>\n<meta property=\"og:image\" content=\"https:\/\/mula.es\/web\/wp-content\/uploads\/2020\/06\/cropped-escudo-cuadrado.jpg\" \/>\n\t<meta property=\"og:image:width\" content=\"512\" \/>\n\t<meta property=\"og:image:height\" content=\"512\" \/>\n\t<meta property=\"og:image:type\" content=\"image\/jpeg\" \/>\n<meta name=\"author\" content=\"Laura Salas Orcajada\" \/>\n<meta name=\"twitter:card\" content=\"summary_large_image\" \/>\n<meta name=\"twitter:creator\" content=\"@AyuntamientMula\" \/>\n<meta name=\"twitter:site\" content=\"@AyuntamientMula\" \/>\n<meta name=\"twitter:label1\" content=\"Escrito por\" \/>\n\t<meta name=\"twitter:data1\" content=\"Laura Salas Orcajada\" \/>\n\t<meta name=\"twitter:label2\" content=\"Tiempo de lectura\" \/>\n\t<meta name=\"twitter:data2\" content=\"1 minuto\" \/>\n<script type=\"application\/ld+json\" class=\"yoast-schema-graph\">{\"@context\":\"https:\\\/\\\/schema.org\",\"@graph\":[{\"@type\":\"Article\",\"@id\":\"https:\\\/\\\/mula.es\\\/web\\\/educacion-el-ayuntamiento-de-mula-y-la-universidad-de-murcia-organizan-las-i-jornadas-mula-patrimonio-cultura-y-paisaje\\\/#article\",\"isPartOf\":{\"@id\":\"https:\\\/\\\/mula.es\\\/web\\\/educacion-el-ayuntamiento-de-mula-y-la-universidad-de-murcia-organizan-las-i-jornadas-mula-patrimonio-cultura-y-paisaje\\\/\"},\"author\":{\"name\":\"Laura Salas Orcajada\",\"@id\":\"https:\\\/\\\/mula.es\\\/web\\\/#\\\/schema\\\/person\\\/4f10179bd364f40dceed361e61e4033f\"},\"headline\":\"EDUCACI\u00d3N | El Ayuntamiento de Mula y la Universidad de Murcia organizan las I Jornadas \u201cMula: Patrimonio, Cultura y Paisaje\u201d\",\"datePublished\":\"2025-10-27T11:09:02+00:00\",\"mainEntityOfPage\":{\"@id\":\"https:\\\/\\\/mula.es\\\/web\\\/educacion-el-ayuntamiento-de-mula-y-la-universidad-de-murcia-organizan-las-i-jornadas-mula-patrimonio-cultura-y-paisaje\\\/\"},\"wordCount\":349,\"image\":{\"@id\":\"https:\\\/\\\/mula.es\\\/web\\\/educacion-el-ayuntamiento-de-mula-y-la-universidad-de-murcia-organizan-las-i-jornadas-mula-patrimonio-cultura-y-paisaje\\\/#primaryimage\"},\"thumbnailUrl\":\"https:\\\/\\\/mula.es\\\/web\\\/wp-content\\\/uploads\\\/2020\\\/06\\\/cropped-escudo-cuadrado.jpg\",\"articleSection\":[\"educaci\u00f3n\"],\"inLanguage\":\"es\"},{\"@type\":\"WebPage\",\"@id\":\"https:\\\/\\\/mula.es\\\/web\\\/educacion-el-ayuntamiento-de-mula-y-la-universidad-de-murcia-organizan-las-i-jornadas-mula-patrimonio-cultura-y-paisaje\\\/\",\"url\":\"https:\\\/\\\/mula.es\\\/web\\\/educacion-el-ayuntamiento-de-mula-y-la-universidad-de-murcia-organizan-las-i-jornadas-mula-patrimonio-cultura-y-paisaje\\\/\",\"name\":\"EDUCACI\u00d3N | El Ayuntamiento de Mula y la Universidad de Murcia organizan las I Jornadas \u201cMula: Patrimonio, Cultura y Paisaje\u201d - Ayuntamiento de Mula\",\"isPartOf\":{\"@id\":\"https:\\\/\\\/mula.es\\\/web\\\/#website\"},\"primaryImageOfPage\":{\"@id\":\"https:\\\/\\\/mula.es\\\/web\\\/educacion-el-ayuntamiento-de-mula-y-la-universidad-de-murcia-organizan-las-i-jornadas-mula-patrimonio-cultura-y-paisaje\\\/#primaryimage\"},\"image\":{\"@id\":\"https:\\\/\\\/mula.es\\\/web\\\/educacion-el-ayuntamiento-de-mula-y-la-universidad-de-murcia-organizan-las-i-jornadas-mula-patrimonio-cultura-y-paisaje\\\/#primaryimage\"},\"thumbnailUrl\":\"https:\\\/\\\/mula.es\\\/web\\\/wp-content\\\/uploads\\\/2020\\\/06\\\/cropped-escudo-cuadrado.jpg\",\"datePublished\":\"2025-10-27T11:09:02+00:00\",\"author\":{\"@id\":\"https:\\\/\\\/mula.es\\\/web\\\/#\\\/schema\\\/person\\\/4f10179bd364f40dceed361e61e4033f\"},\"breadcrumb\":{\"@id\":\"https:\\\/\\\/mula.es\\\/web\\\/educacion-el-ayuntamiento-de-mula-y-la-universidad-de-murcia-organizan-las-i-jornadas-mula-patrimonio-cultura-y-paisaje\\\/#breadcrumb\"},\"inLanguage\":\"es\",\"potentialAction\":[{\"@type\":\"ReadAction\",\"target\":[\"https:\\\/\\\/mula.es\\\/web\\\/educacion-el-ayuntamiento-de-mula-y-la-universidad-de-murcia-organizan-las-i-jornadas-mula-patrimonio-cultura-y-paisaje\\\/\"]}]},{\"@type\":\"ImageObject\",\"inLanguage\":\"es\",\"@id\":\"https:\\\/\\\/mula.es\\\/web\\\/educacion-el-ayuntamiento-de-mula-y-la-universidad-de-murcia-organizan-las-i-jornadas-mula-patrimonio-cultura-y-paisaje\\\/#primaryimage\",\"url\":\"https:\\\/\\\/mula.es\\\/web\\\/wp-content\\\/uploads\\\/2020\\\/06\\\/cropped-escudo-cuadrado.jpg\",\"contentUrl\":\"https:\\\/\\\/mula.es\\\/web\\\/wp-content\\\/uploads\\\/2020\\\/06\\\/cropped-escudo-cuadrado.jpg\",\"width\":512,\"height\":512},{\"@type\":\"BreadcrumbList\",\"@id\":\"https:\\\/\\\/mula.es\\\/web\\\/educacion-el-ayuntamiento-de-mula-y-la-universidad-de-murcia-organizan-las-i-jornadas-mula-patrimonio-cultura-y-paisaje\\\/#breadcrumb\",\"itemListElement\":[{\"@type\":\"ListItem\",\"position\":1,\"name\":\"Portada\",\"item\":\"https:\\\/\\\/mula.es\\\/web\\\/\"},{\"@type\":\"ListItem\",\"position\":2,\"name\":\"EDUCACI\u00d3N | El Ayuntamiento de Mula y la Universidad de Murcia organizan las I Jornadas \u201cMula: Patrimonio, Cultura y Paisaje\u201d\"}]},{\"@type\":\"WebSite\",\"@id\":\"https:\\\/\\\/mula.es\\\/web\\\/#website\",\"url\":\"https:\\\/\\\/mula.es\\\/web\\\/\",\"name\":\"Ayuntamiento de Mula\",\"description\":\"P\u00e1gina web del Ayuntamiento de Mula (Regi\u00f3n de Murcia)\",\"potentialAction\":[{\"@type\":\"SearchAction\",\"target\":{\"@type\":\"EntryPoint\",\"urlTemplate\":\"https:\\\/\\\/mula.es\\\/web\\\/?s={search_term_string}\"},\"query-input\":{\"@type\":\"PropertyValueSpecification\",\"valueRequired\":true,\"valueName\":\"search_term_string\"}}],\"inLanguage\":\"es\"},{\"@type\":\"Person\",\"@id\":\"https:\\\/\\\/mula.es\\\/web\\\/#\\\/schema\\\/person\\\/4f10179bd364f40dceed361e61e4033f\",\"name\":\"Laura Salas Orcajada\",\"image\":{\"@type\":\"ImageObject\",\"inLanguage\":\"es\",\"@id\":\"https:\\\/\\\/secure.gravatar.com\\\/avatar\\\/786f2a223d9a455e2a448f78b5dcc1117207ef56ef3d9a04df338c0f775cd403?s=96&d=mm&r=g\",\"url\":\"https:\\\/\\\/secure.gravatar.com\\\/avatar\\\/786f2a223d9a455e2a448f78b5dcc1117207ef56ef3d9a04df338c0f775cd403?s=96&d=mm&r=g\",\"contentUrl\":\"https:\\\/\\\/secure.gravatar.com\\\/avatar\\\/786f2a223d9a455e2a448f78b5dcc1117207ef56ef3d9a04df338c0f775cd403?s=96&d=mm&r=g\",\"caption\":\"Laura Salas Orcajada\"},\"url\":\"https:\\\/\\\/mula.es\\\/web\\\/author\\\/lsalas\\\/\"}]}<\/script>\n<!-- \/ Yoast SEO plugin. -->","yoast_head_json":{"title":"EDUCACI\u00d3N | El Ayuntamiento de Mula y la Universidad de Murcia organizan las I Jornadas \u201cMula: Patrimonio, Cultura y Paisaje\u201d - Ayuntamiento de Mula","robots":{"index":"index","follow":"follow","max-snippet":"max-snippet:-1","max-image-preview":"max-image-preview:large","max-video-preview":"max-video-preview:-1"},"canonical":"https:\/\/mula.es\/web\/educacion-el-ayuntamiento-de-mula-y-la-universidad-de-murcia-organizan-las-i-jornadas-mula-patrimonio-cultura-y-paisaje\/","og_locale":"es_ES","og_type":"article","og_title":"EDUCACI\u00d3N | El Ayuntamiento de Mula y la Universidad de Murcia organizan las I Jornadas \u201cMula: Patrimonio, Cultura y Paisaje\u201d - Ayuntamiento de Mula","og_description":"\u00a0 NOTA DE PRENSA &#8211; 20 DE OCTUBRE DE 2025 \u00a0 \u00a0 El Ayuntamiento de Mula y la Universidad de Murcia organizan las I Jornadas \u201cMula: Patrimonio, Cultura y Paisaje\u201d \u00a0 La concejal\u00eda de Cultura y Patrimonio Hist\u00f3rico del Ayuntamiento de Mula, en colaboraci\u00f3n con la Universidad de Murcia (UMU) a trav\u00e9s de su Sede [...]","og_url":"https:\/\/mula.es\/web\/educacion-el-ayuntamiento-de-mula-y-la-universidad-de-murcia-organizan-las-i-jornadas-mula-patrimonio-cultura-y-paisaje\/","og_site_name":"Ayuntamiento de Mula","article_published_time":"2025-10-27T11:09:02+00:00","og_image":[{"width":512,"height":512,"url":"https:\/\/mula.es\/web\/wp-content\/uploads\/2020\/06\/cropped-escudo-cuadrado.jpg","type":"image\/jpeg"}],"author":"Laura Salas Orcajada","twitter_card":"summary_large_image","twitter_creator":"@AyuntamientMula","twitter_site":"@AyuntamientMula","twitter_misc":{"Escrito por":"Laura Salas Orcajada","Tiempo de lectura":"1 minuto"},"schema":{"@context":"https:\/\/schema.org","@graph":[{"@type":"Article","@id":"https:\/\/mula.es\/web\/educacion-el-ayuntamiento-de-mula-y-la-universidad-de-murcia-organizan-las-i-jornadas-mula-patrimonio-cultura-y-paisaje\/#article","isPartOf":{"@id":"https:\/\/mula.es\/web\/educacion-el-ayuntamiento-de-mula-y-la-universidad-de-murcia-organizan-las-i-jornadas-mula-patrimonio-cultura-y-paisaje\/"},"author":{"name":"Laura Salas Orcajada","@id":"https:\/\/mula.es\/web\/#\/schema\/person\/4f10179bd364f40dceed361e61e4033f"},"headline":"EDUCACI\u00d3N | El Ayuntamiento de Mula y la Universidad de Murcia organizan las I Jornadas \u201cMula: Patrimonio, Cultura y Paisaje\u201d","datePublished":"2025-10-27T11:09:02+00:00","mainEntityOfPage":{"@id":"https:\/\/mula.es\/web\/educacion-el-ayuntamiento-de-mula-y-la-universidad-de-murcia-organizan-las-i-jornadas-mula-patrimonio-cultura-y-paisaje\/"},"wordCount":349,"image":{"@id":"https:\/\/mula.es\/web\/educacion-el-ayuntamiento-de-mula-y-la-universidad-de-murcia-organizan-las-i-jornadas-mula-patrimonio-cultura-y-paisaje\/#primaryimage"},"thumbnailUrl":"https:\/\/mula.es\/web\/wp-content\/uploads\/2020\/06\/cropped-escudo-cuadrado.jpg","articleSection":["educaci\u00f3n"],"inLanguage":"es"},{"@type":"WebPage","@id":"https:\/\/mula.es\/web\/educacion-el-ayuntamiento-de-mula-y-la-universidad-de-murcia-organizan-las-i-jornadas-mula-patrimonio-cultura-y-paisaje\/","url":"https:\/\/mula.es\/web\/educacion-el-ayuntamiento-de-mula-y-la-universidad-de-murcia-organizan-las-i-jornadas-mula-patrimonio-cultura-y-paisaje\/","name":"EDUCACI\u00d3N | El Ayuntamiento de Mula y la Universidad de Murcia organizan las I Jornadas \u201cMula: Patrimonio, Cultura y Paisaje\u201d - Ayuntamiento de Mula","isPartOf":{"@id":"https:\/\/mula.es\/web\/#website"},"primaryImageOfPage":{"@id":"https:\/\/mula.es\/web\/educacion-el-ayuntamiento-de-mula-y-la-universidad-de-murcia-organizan-las-i-jornadas-mula-patrimonio-cultura-y-paisaje\/#primaryimage"},"image":{"@id":"https:\/\/mula.es\/web\/educacion-el-ayuntamiento-de-mula-y-la-universidad-de-murcia-organizan-las-i-jornadas-mula-patrimonio-cultura-y-paisaje\/#primaryimage"},"thumbnailUrl":"https:\/\/mula.es\/web\/wp-content\/uploads\/2020\/06\/cropped-escudo-cuadrado.jpg","datePublished":"2025-10-27T11:09:02+00:00","author":{"@id":"https:\/\/mula.es\/web\/#\/schema\/person\/4f10179bd364f40dceed361e61e4033f"},"breadcrumb":{"@id":"https:\/\/mula.es\/web\/educacion-el-ayuntamiento-de-mula-y-la-universidad-de-murcia-organizan-las-i-jornadas-mula-patrimonio-cultura-y-paisaje\/#breadcrumb"},"inLanguage":"es","potentialAction":[{"@type":"ReadAction","target":["https:\/\/mula.es\/web\/educacion-el-ayuntamiento-de-mula-y-la-universidad-de-murcia-organizan-las-i-jornadas-mula-patrimonio-cultura-y-paisaje\/"]}]},{"@type":"ImageObject","inLanguage":"es","@id":"https:\/\/mula.es\/web\/educacion-el-ayuntamiento-de-mula-y-la-universidad-de-murcia-organizan-las-i-jornadas-mula-patrimonio-cultura-y-paisaje\/#primaryimage","url":"https:\/\/mula.es\/web\/wp-content\/uploads\/2020\/06\/cropped-escudo-cuadrado.jpg","contentUrl":"https:\/\/mula.es\/web\/wp-content\/uploads\/2020\/06\/cropped-escudo-cuadrado.jpg","width":512,"height":512},{"@type":"BreadcrumbList","@id":"https:\/\/mula.es\/web\/educacion-el-ayuntamiento-de-mula-y-la-universidad-de-murcia-organizan-las-i-jornadas-mula-patrimonio-cultura-y-paisaje\/#breadcrumb","itemListElement":[{"@type":"ListItem","position":1,"name":"Portada","item":"https:\/\/mula.es\/web\/"},{"@type":"ListItem","position":2,"name":"EDUCACI\u00d3N | El Ayuntamiento de Mula y la Universidad de Murcia organizan las I Jornadas \u201cMula: Patrimonio, Cultura y Paisaje\u201d"}]},{"@type":"WebSite","@id":"https:\/\/mula.es\/web\/#website","url":"https:\/\/mula.es\/web\/","name":"Ayuntamiento de Mula","description":"P\u00e1gina web del Ayuntamiento de Mula (Regi\u00f3n de Murcia)","potentialAction":[{"@type":"SearchAction","target":{"@type":"EntryPoint","urlTemplate":"https:\/\/mula.es\/web\/?s={search_term_string}"},"query-input":{"@type":"PropertyValueSpecification","valueRequired":true,"valueName":"search_term_string"}}],"inLanguage":"es"},{"@type":"Person","@id":"https:\/\/mula.es\/web\/#\/schema\/person\/4f10179bd364f40dceed361e61e4033f","name":"Laura Salas Orcajada","image":{"@type":"ImageObject","inLanguage":"es","@id":"https:\/\/secure.gravatar.com\/avatar\/786f2a223d9a455e2a448f78b5dcc1117207ef56ef3d9a04df338c0f775cd403?s=96&d=mm&r=g","url":"https:\/\/secure.gravatar.com\/avatar\/786f2a223d9a455e2a448f78b5dcc1117207ef56ef3d9a04df338c0f775cd403?s=96&d=mm&r=g","contentUrl":"https:\/\/secure.gravatar.com\/avatar\/786f2a223d9a455e2a448f78b5dcc1117207ef56ef3d9a04df338c0f775cd403?s=96&d=mm&r=g","caption":"Laura Salas Orcajada"},"url":"https:\/\/mula.es\/web\/author\/lsalas\/"}]}},"jetpack_publicize_connections":[],"jetpack_featured_media_url":"https:\/\/mula.es\/web\/wp-content\/uploads\/2020\/06\/cropped-escudo-cuadrado.jpg","jetpack_sharing_enabled":true,"jetpack_shortlink":"https:\/\/wp.me\/pa9DMY-fB4","jetpack-related-posts":[],"_links":{"self":[{"href":"https:\/\/mula.es\/web\/wp-json\/wp\/v2\/posts\/59958","targetHints":{"allow":["GET"]}}],"collection":[{"href":"https:\/\/mula.es\/web\/wp-json\/wp\/v2\/posts"}],"about":[{"href":"https:\/\/mula.es\/web\/wp-json\/wp\/v2\/types\/post"}],"author":[{"embeddable":true,"href":"https:\/\/mula.es\/web\/wp-json\/wp\/v2\/users\/13"}],"replies":[{"embeddable":true,"href":"https:\/\/mula.es\/web\/wp-json\/wp\/v2\/comments?post=59958"}],"version-history":[{"count":1,"href":"https:\/\/mula.es\/web\/wp-json\/wp\/v2\/posts\/59958\/revisions"}],"predecessor-version":[{"id":59960,"href":"https:\/\/mula.es\/web\/wp-json\/wp\/v2\/posts\/59958\/revisions\/59960"}],"wp:featuredmedia":[{"embeddable":true,"href":"https:\/\/mula.es\/web\/wp-json\/wp\/v2\/media\/33514"}],"wp:attachment":[{"href":"https:\/\/mula.es\/web\/wp-json\/wp\/v2\/media?parent=59958"}],"wp:term":[{"taxonomy":"category","embeddable":true,"href":"https:\/\/mula.es\/web\/wp-json\/wp\/v2\/categories?post=59958"},{"taxonomy":"post_tag","embeddable":true,"href":"https:\/\/mula.es\/web\/wp-json\/wp\/v2\/tags?post=59958"}],"curies":[{"name":"wp","href":"https:\/\/api.w.org\/{rel}","templated":true}]}}