{"id":59971,"date":"2025-10-28T12:09:15","date_gmt":"2025-10-28T11:09:15","guid":{"rendered":"https:\/\/mula.es\/web\/?p=59971"},"modified":"2025-10-28T12:10:13","modified_gmt":"2025-10-28T11:10:13","slug":"turismo-mula-galardonada-con-el-premio-al-turismo-en-los-x-premios-ruralmur-por-el-proyecto-mulaflor","status":"publish","type":"post","link":"https:\/\/mula.es\/web\/turismo-mula-galardonada-con-el-premio-al-turismo-en-los-x-premios-ruralmur-por-el-proyecto-mulaflor\/","title":{"rendered":"TURISMO | Mula, galardonada con el Premio al Turismo en los X Premios Ruralmur por el proyecto \u201cMulaFlor\u201d"},"content":{"rendered":"<p><strong>\u00a0<\/strong><\/p>\n<p><strong>NOTA DE PRENSA &#8211; 28 DE OCTUBRE DE 2025<\/strong><\/p>\n<p><strong>\u00a0<\/strong><\/p>\n<h2><strong>\u00a0<\/strong><\/h2>\n<h2><strong>Mula, galardonada con el Premio al Turismo en los X Premios Ruralmur por el proyecto \u201cMulaFlor\u201d<\/strong><\/h2>\n<p><strong>\u00a0<\/strong><\/p>\n<p>El <strong>Ayuntamiento de Mula<\/strong> ha sido reconocido con el <strong>Premio al Turismo<\/strong> en la <strong>X Edici\u00f3n de los Premios Ruralmur 2025<\/strong>, concedidos por la <strong>Asociaci\u00f3n Ruralmur de Turismo Rural y Artesan\u00eda de la Regi\u00f3n de Murcia<\/strong>, en reconocimiento a su labor de promoci\u00f3n tur\u00edstica y puesta en valor del patrimonio hist\u00f3rico, cultural y natural del municipio.<\/p>\n<p>El jurado ha destacado especialmente la proyecci\u00f3n de <strong>\u201cMulaFlor\u201d<\/strong>, el festival que fusiona <strong>arte, naturaleza y tradici\u00f3n<\/strong> en un evento que transforma la ciudad Mula en un espect\u00e1culo floral de color y creatividad, homenajeando as\u00ed la primera floraci\u00f3n de Europa.<\/p>\n<p>La entrega de galardones tendr\u00e1 lugar este <strong>jueves 30 de octubre, a las 19:00 horas, en la Casa de la Cultura de Oj\u00f3s<\/strong>, dentro de la gala anual organizada por Ruralmur, que distingue a entidades, instituciones y personalidades comprometidas con el desarrollo sostenible y la promoci\u00f3n de los valores rurales y culturales de la Regi\u00f3n de Murcia.<\/p>\n<p>La <strong>concejala de Turismo, Alejandra Mart\u00ednez<\/strong>, ha expresado su satisfacci\u00f3n por este reconocimiento, afirmando que <em>\u201cEstamos muy emocionados de recibir este premio. MulaFlor es un proyecto hecho con coraz\u00f3n, que une creatividad, sostenibilidad y participaci\u00f3n ciudadana para que nuestra ciudad florezca cada a\u00f1o con una propuesta \u00fanica en la Regi\u00f3n\u201d<\/em>.<\/p>\n<p>Con este galard\u00f3n, Mula se consolida como un <strong>referente regional en turismo cultural, rural y experiencial<\/strong>, apostando por iniciativas innovadoras que refuerzan su identidad, dinamizan su econom\u00eda y promueven un modelo de desarrollo tur\u00edstico sostenible.<\/p>\n<p>&nbsp;<\/p>\n","protected":false},"excerpt":{"rendered":"<p>\u00a0 NOTA DE PRENSA &#8211; 28 DE OCTUBRE DE 2025 \u00a0 \u00a0 Mula, galardonada con el Premio al Turismo en los X Premios Ruralmur por el proyecto \u201cMulaFlor\u201d \u00a0 El Ayuntamiento de Mula ha sido reconocido con el Premio al Turismo en la X Edici\u00f3n de los Premios Ruralmur 2025, concedidos por la Asociaci\u00f3n Ruralmur  [&#8230;]<\/p>\n","protected":false},"author":13,"featured_media":33512,"comment_status":"closed","ping_status":"closed","sticky":false,"template":"","format":"standard","meta":{"jetpack_post_was_ever_published":false,"_jetpack_newsletter_access":"","_jetpack_dont_email_post_to_subs":false,"_jetpack_newsletter_tier_id":0,"_jetpack_memberships_contains_paywalled_content":false,"_jetpack_memberships_contains_paid_content":false,"footnotes":"","jetpack_publicize_message":"","jetpack_publicize_feature_enabled":true,"jetpack_social_post_already_shared":true,"jetpack_social_options":{"image_generator_settings":{"template":"highway","default_image_id":0,"font":"","enabled":false},"version":2}},"categories":[75],"tags":[],"class_list":["post-59971","post","type-post","status-publish","format-standard","has-post-thumbnail","hentry","category-turismo"],"yoast_head":"<!-- This site is optimized with the Yoast SEO plugin v27.5 - https:\/\/yoast.com\/product\/yoast-seo-wordpress\/ -->\n<title>TURISMO | Mula, galardonada con el Premio al Turismo en los X Premios Ruralmur por el proyecto \u201cMulaFlor\u201d - Ayuntamiento de Mula<\/title>\n<meta name=\"robots\" content=\"index, follow, max-snippet:-1, max-image-preview:large, max-video-preview:-1\" \/>\n<link rel=\"canonical\" href=\"https:\/\/mula.es\/web\/turismo-mula-galardonada-con-el-premio-al-turismo-en-los-x-premios-ruralmur-por-el-proyecto-mulaflor\/\" \/>\n<meta property=\"og:locale\" content=\"es_ES\" \/>\n<meta property=\"og:type\" content=\"article\" \/>\n<meta property=\"og:title\" content=\"TURISMO | Mula, galardonada con el Premio al Turismo en los X Premios Ruralmur por el proyecto \u201cMulaFlor\u201d - Ayuntamiento de Mula\" \/>\n<meta property=\"og:description\" content=\"\u00a0 NOTA DE PRENSA &#8211; 28 DE OCTUBRE DE 2025 \u00a0 \u00a0 Mula, galardonada con el Premio al Turismo en los X Premios Ruralmur por el proyecto \u201cMulaFlor\u201d \u00a0 El Ayuntamiento de Mula ha sido reconocido con el Premio al Turismo en la X Edici\u00f3n de los Premios Ruralmur 2025, concedidos por la Asociaci\u00f3n Ruralmur [...]\" \/>\n<meta property=\"og:url\" content=\"https:\/\/mula.es\/web\/turismo-mula-galardonada-con-el-premio-al-turismo-en-los-x-premios-ruralmur-por-el-proyecto-mulaflor\/\" \/>\n<meta property=\"og:site_name\" content=\"Ayuntamiento de Mula\" \/>\n<meta property=\"article:published_time\" content=\"2025-10-28T11:09:15+00:00\" \/>\n<meta property=\"article:modified_time\" content=\"2025-10-28T11:10:13+00:00\" \/>\n<meta property=\"og:image\" content=\"https:\/\/mula.es\/web\/wp-content\/uploads\/2020\/06\/escudo-cuadrado-e1591045058235.jpg\" \/>\n\t<meta property=\"og:image:width\" content=\"200\" \/>\n\t<meta property=\"og:image:height\" content=\"218\" \/>\n\t<meta property=\"og:image:type\" content=\"image\/jpeg\" \/>\n<meta name=\"author\" content=\"Laura Salas Orcajada\" \/>\n<meta name=\"twitter:card\" content=\"summary_large_image\" \/>\n<meta name=\"twitter:creator\" content=\"@AyuntamientMula\" \/>\n<meta name=\"twitter:site\" content=\"@AyuntamientMula\" \/>\n<meta name=\"twitter:label1\" content=\"Escrito por\" \/>\n\t<meta name=\"twitter:data1\" content=\"Laura Salas Orcajada\" \/>\n\t<meta name=\"twitter:label2\" content=\"Tiempo de lectura\" \/>\n\t<meta name=\"twitter:data2\" content=\"2 minutos\" \/>\n<script type=\"application\/ld+json\" class=\"yoast-schema-graph\">{\"@context\":\"https:\\\/\\\/schema.org\",\"@graph\":[{\"@type\":\"Article\",\"@id\":\"https:\\\/\\\/mula.es\\\/web\\\/turismo-mula-galardonada-con-el-premio-al-turismo-en-los-x-premios-ruralmur-por-el-proyecto-mulaflor\\\/#article\",\"isPartOf\":{\"@id\":\"https:\\\/\\\/mula.es\\\/web\\\/turismo-mula-galardonada-con-el-premio-al-turismo-en-los-x-premios-ruralmur-por-el-proyecto-mulaflor\\\/\"},\"author\":{\"name\":\"Laura Salas Orcajada\",\"@id\":\"https:\\\/\\\/mula.es\\\/web\\\/#\\\/schema\\\/person\\\/4f10179bd364f40dceed361e61e4033f\"},\"headline\":\"TURISMO | Mula, galardonada con el Premio al Turismo en los X Premios Ruralmur por el proyecto \u201cMulaFlor\u201d\",\"datePublished\":\"2025-10-28T11:09:15+00:00\",\"dateModified\":\"2025-10-28T11:10:13+00:00\",\"mainEntityOfPage\":{\"@id\":\"https:\\\/\\\/mula.es\\\/web\\\/turismo-mula-galardonada-con-el-premio-al-turismo-en-los-x-premios-ruralmur-por-el-proyecto-mulaflor\\\/\"},\"wordCount\":299,\"image\":{\"@id\":\"https:\\\/\\\/mula.es\\\/web\\\/turismo-mula-galardonada-con-el-premio-al-turismo-en-los-x-premios-ruralmur-por-el-proyecto-mulaflor\\\/#primaryimage\"},\"thumbnailUrl\":\"https:\\\/\\\/mula.es\\\/web\\\/wp-content\\\/uploads\\\/2020\\\/06\\\/escudo-cuadrado-e1591045058235.jpg\",\"articleSection\":[\"turismo\"],\"inLanguage\":\"es\"},{\"@type\":\"WebPage\",\"@id\":\"https:\\\/\\\/mula.es\\\/web\\\/turismo-mula-galardonada-con-el-premio-al-turismo-en-los-x-premios-ruralmur-por-el-proyecto-mulaflor\\\/\",\"url\":\"https:\\\/\\\/mula.es\\\/web\\\/turismo-mula-galardonada-con-el-premio-al-turismo-en-los-x-premios-ruralmur-por-el-proyecto-mulaflor\\\/\",\"name\":\"TURISMO | Mula, galardonada con el Premio al Turismo en los X Premios Ruralmur por el proyecto \u201cMulaFlor\u201d - Ayuntamiento de Mula\",\"isPartOf\":{\"@id\":\"https:\\\/\\\/mula.es\\\/web\\\/#website\"},\"primaryImageOfPage\":{\"@id\":\"https:\\\/\\\/mula.es\\\/web\\\/turismo-mula-galardonada-con-el-premio-al-turismo-en-los-x-premios-ruralmur-por-el-proyecto-mulaflor\\\/#primaryimage\"},\"image\":{\"@id\":\"https:\\\/\\\/mula.es\\\/web\\\/turismo-mula-galardonada-con-el-premio-al-turismo-en-los-x-premios-ruralmur-por-el-proyecto-mulaflor\\\/#primaryimage\"},\"thumbnailUrl\":\"https:\\\/\\\/mula.es\\\/web\\\/wp-content\\\/uploads\\\/2020\\\/06\\\/escudo-cuadrado-e1591045058235.jpg\",\"datePublished\":\"2025-10-28T11:09:15+00:00\",\"dateModified\":\"2025-10-28T11:10:13+00:00\",\"author\":{\"@id\":\"https:\\\/\\\/mula.es\\\/web\\\/#\\\/schema\\\/person\\\/4f10179bd364f40dceed361e61e4033f\"},\"breadcrumb\":{\"@id\":\"https:\\\/\\\/mula.es\\\/web\\\/turismo-mula-galardonada-con-el-premio-al-turismo-en-los-x-premios-ruralmur-por-el-proyecto-mulaflor\\\/#breadcrumb\"},\"inLanguage\":\"es\",\"potentialAction\":[{\"@type\":\"ReadAction\",\"target\":[\"https:\\\/\\\/mula.es\\\/web\\\/turismo-mula-galardonada-con-el-premio-al-turismo-en-los-x-premios-ruralmur-por-el-proyecto-mulaflor\\\/\"]}]},{\"@type\":\"ImageObject\",\"inLanguage\":\"es\",\"@id\":\"https:\\\/\\\/mula.es\\\/web\\\/turismo-mula-galardonada-con-el-premio-al-turismo-en-los-x-premios-ruralmur-por-el-proyecto-mulaflor\\\/#primaryimage\",\"url\":\"https:\\\/\\\/mula.es\\\/web\\\/wp-content\\\/uploads\\\/2020\\\/06\\\/escudo-cuadrado-e1591045058235.jpg\",\"contentUrl\":\"https:\\\/\\\/mula.es\\\/web\\\/wp-content\\\/uploads\\\/2020\\\/06\\\/escudo-cuadrado-e1591045058235.jpg\",\"width\":200,\"height\":218},{\"@type\":\"BreadcrumbList\",\"@id\":\"https:\\\/\\\/mula.es\\\/web\\\/turismo-mula-galardonada-con-el-premio-al-turismo-en-los-x-premios-ruralmur-por-el-proyecto-mulaflor\\\/#breadcrumb\",\"itemListElement\":[{\"@type\":\"ListItem\",\"position\":1,\"name\":\"Portada\",\"item\":\"https:\\\/\\\/mula.es\\\/web\\\/\"},{\"@type\":\"ListItem\",\"position\":2,\"name\":\"TURISMO | Mula, galardonada con el Premio al Turismo en los X Premios Ruralmur por el proyecto \u201cMulaFlor\u201d\"}]},{\"@type\":\"WebSite\",\"@id\":\"https:\\\/\\\/mula.es\\\/web\\\/#website\",\"url\":\"https:\\\/\\\/mula.es\\\/web\\\/\",\"name\":\"Ayuntamiento de Mula\",\"description\":\"P\u00e1gina web del Ayuntamiento de Mula (Regi\u00f3n de Murcia)\",\"potentialAction\":[{\"@type\":\"SearchAction\",\"target\":{\"@type\":\"EntryPoint\",\"urlTemplate\":\"https:\\\/\\\/mula.es\\\/web\\\/?s={search_term_string}\"},\"query-input\":{\"@type\":\"PropertyValueSpecification\",\"valueRequired\":true,\"valueName\":\"search_term_string\"}}],\"inLanguage\":\"es\"},{\"@type\":\"Person\",\"@id\":\"https:\\\/\\\/mula.es\\\/web\\\/#\\\/schema\\\/person\\\/4f10179bd364f40dceed361e61e4033f\",\"name\":\"Laura Salas Orcajada\",\"image\":{\"@type\":\"ImageObject\",\"inLanguage\":\"es\",\"@id\":\"https:\\\/\\\/secure.gravatar.com\\\/avatar\\\/786f2a223d9a455e2a448f78b5dcc1117207ef56ef3d9a04df338c0f775cd403?s=96&d=mm&r=g\",\"url\":\"https:\\\/\\\/secure.gravatar.com\\\/avatar\\\/786f2a223d9a455e2a448f78b5dcc1117207ef56ef3d9a04df338c0f775cd403?s=96&d=mm&r=g\",\"contentUrl\":\"https:\\\/\\\/secure.gravatar.com\\\/avatar\\\/786f2a223d9a455e2a448f78b5dcc1117207ef56ef3d9a04df338c0f775cd403?s=96&d=mm&r=g\",\"caption\":\"Laura Salas Orcajada\"},\"url\":\"https:\\\/\\\/mula.es\\\/web\\\/author\\\/lsalas\\\/\"}]}<\/script>\n<!-- \/ Yoast SEO plugin. -->","yoast_head_json":{"title":"TURISMO | Mula, galardonada con el Premio al Turismo en los X Premios Ruralmur por el proyecto \u201cMulaFlor\u201d - Ayuntamiento de Mula","robots":{"index":"index","follow":"follow","max-snippet":"max-snippet:-1","max-image-preview":"max-image-preview:large","max-video-preview":"max-video-preview:-1"},"canonical":"https:\/\/mula.es\/web\/turismo-mula-galardonada-con-el-premio-al-turismo-en-los-x-premios-ruralmur-por-el-proyecto-mulaflor\/","og_locale":"es_ES","og_type":"article","og_title":"TURISMO | Mula, galardonada con el Premio al Turismo en los X Premios Ruralmur por el proyecto \u201cMulaFlor\u201d - Ayuntamiento de Mula","og_description":"\u00a0 NOTA DE PRENSA &#8211; 28 DE OCTUBRE DE 2025 \u00a0 \u00a0 Mula, galardonada con el Premio al Turismo en los X Premios Ruralmur por el proyecto \u201cMulaFlor\u201d \u00a0 El Ayuntamiento de Mula ha sido reconocido con el Premio al Turismo en la X Edici\u00f3n de los Premios Ruralmur 2025, concedidos por la Asociaci\u00f3n Ruralmur [...]","og_url":"https:\/\/mula.es\/web\/turismo-mula-galardonada-con-el-premio-al-turismo-en-los-x-premios-ruralmur-por-el-proyecto-mulaflor\/","og_site_name":"Ayuntamiento de Mula","article_published_time":"2025-10-28T11:09:15+00:00","article_modified_time":"2025-10-28T11:10:13+00:00","og_image":[{"width":200,"height":218,"url":"https:\/\/mula.es\/web\/wp-content\/uploads\/2020\/06\/escudo-cuadrado-e1591045058235.jpg","type":"image\/jpeg"}],"author":"Laura Salas Orcajada","twitter_card":"summary_large_image","twitter_creator":"@AyuntamientMula","twitter_site":"@AyuntamientMula","twitter_misc":{"Escrito por":"Laura Salas Orcajada","Tiempo de lectura":"2 minutos"},"schema":{"@context":"https:\/\/schema.org","@graph":[{"@type":"Article","@id":"https:\/\/mula.es\/web\/turismo-mula-galardonada-con-el-premio-al-turismo-en-los-x-premios-ruralmur-por-el-proyecto-mulaflor\/#article","isPartOf":{"@id":"https:\/\/mula.es\/web\/turismo-mula-galardonada-con-el-premio-al-turismo-en-los-x-premios-ruralmur-por-el-proyecto-mulaflor\/"},"author":{"name":"Laura Salas Orcajada","@id":"https:\/\/mula.es\/web\/#\/schema\/person\/4f10179bd364f40dceed361e61e4033f"},"headline":"TURISMO | Mula, galardonada con el Premio al Turismo en los X Premios Ruralmur por el proyecto \u201cMulaFlor\u201d","datePublished":"2025-10-28T11:09:15+00:00","dateModified":"2025-10-28T11:10:13+00:00","mainEntityOfPage":{"@id":"https:\/\/mula.es\/web\/turismo-mula-galardonada-con-el-premio-al-turismo-en-los-x-premios-ruralmur-por-el-proyecto-mulaflor\/"},"wordCount":299,"image":{"@id":"https:\/\/mula.es\/web\/turismo-mula-galardonada-con-el-premio-al-turismo-en-los-x-premios-ruralmur-por-el-proyecto-mulaflor\/#primaryimage"},"thumbnailUrl":"https:\/\/mula.es\/web\/wp-content\/uploads\/2020\/06\/escudo-cuadrado-e1591045058235.jpg","articleSection":["turismo"],"inLanguage":"es"},{"@type":"WebPage","@id":"https:\/\/mula.es\/web\/turismo-mula-galardonada-con-el-premio-al-turismo-en-los-x-premios-ruralmur-por-el-proyecto-mulaflor\/","url":"https:\/\/mula.es\/web\/turismo-mula-galardonada-con-el-premio-al-turismo-en-los-x-premios-ruralmur-por-el-proyecto-mulaflor\/","name":"TURISMO | Mula, galardonada con el Premio al Turismo en los X Premios Ruralmur por el proyecto \u201cMulaFlor\u201d - Ayuntamiento de Mula","isPartOf":{"@id":"https:\/\/mula.es\/web\/#website"},"primaryImageOfPage":{"@id":"https:\/\/mula.es\/web\/turismo-mula-galardonada-con-el-premio-al-turismo-en-los-x-premios-ruralmur-por-el-proyecto-mulaflor\/#primaryimage"},"image":{"@id":"https:\/\/mula.es\/web\/turismo-mula-galardonada-con-el-premio-al-turismo-en-los-x-premios-ruralmur-por-el-proyecto-mulaflor\/#primaryimage"},"thumbnailUrl":"https:\/\/mula.es\/web\/wp-content\/uploads\/2020\/06\/escudo-cuadrado-e1591045058235.jpg","datePublished":"2025-10-28T11:09:15+00:00","dateModified":"2025-10-28T11:10:13+00:00","author":{"@id":"https:\/\/mula.es\/web\/#\/schema\/person\/4f10179bd364f40dceed361e61e4033f"},"breadcrumb":{"@id":"https:\/\/mula.es\/web\/turismo-mula-galardonada-con-el-premio-al-turismo-en-los-x-premios-ruralmur-por-el-proyecto-mulaflor\/#breadcrumb"},"inLanguage":"es","potentialAction":[{"@type":"ReadAction","target":["https:\/\/mula.es\/web\/turismo-mula-galardonada-con-el-premio-al-turismo-en-los-x-premios-ruralmur-por-el-proyecto-mulaflor\/"]}]},{"@type":"ImageObject","inLanguage":"es","@id":"https:\/\/mula.es\/web\/turismo-mula-galardonada-con-el-premio-al-turismo-en-los-x-premios-ruralmur-por-el-proyecto-mulaflor\/#primaryimage","url":"https:\/\/mula.es\/web\/wp-content\/uploads\/2020\/06\/escudo-cuadrado-e1591045058235.jpg","contentUrl":"https:\/\/mula.es\/web\/wp-content\/uploads\/2020\/06\/escudo-cuadrado-e1591045058235.jpg","width":200,"height":218},{"@type":"BreadcrumbList","@id":"https:\/\/mula.es\/web\/turismo-mula-galardonada-con-el-premio-al-turismo-en-los-x-premios-ruralmur-por-el-proyecto-mulaflor\/#breadcrumb","itemListElement":[{"@type":"ListItem","position":1,"name":"Portada","item":"https:\/\/mula.es\/web\/"},{"@type":"ListItem","position":2,"name":"TURISMO | Mula, galardonada con el Premio al Turismo en los X Premios Ruralmur por el proyecto \u201cMulaFlor\u201d"}]},{"@type":"WebSite","@id":"https:\/\/mula.es\/web\/#website","url":"https:\/\/mula.es\/web\/","name":"Ayuntamiento de Mula","description":"P\u00e1gina web del Ayuntamiento de Mula (Regi\u00f3n de Murcia)","potentialAction":[{"@type":"SearchAction","target":{"@type":"EntryPoint","urlTemplate":"https:\/\/mula.es\/web\/?s={search_term_string}"},"query-input":{"@type":"PropertyValueSpecification","valueRequired":true,"valueName":"search_term_string"}}],"inLanguage":"es"},{"@type":"Person","@id":"https:\/\/mula.es\/web\/#\/schema\/person\/4f10179bd364f40dceed361e61e4033f","name":"Laura Salas Orcajada","image":{"@type":"ImageObject","inLanguage":"es","@id":"https:\/\/secure.gravatar.com\/avatar\/786f2a223d9a455e2a448f78b5dcc1117207ef56ef3d9a04df338c0f775cd403?s=96&d=mm&r=g","url":"https:\/\/secure.gravatar.com\/avatar\/786f2a223d9a455e2a448f78b5dcc1117207ef56ef3d9a04df338c0f775cd403?s=96&d=mm&r=g","contentUrl":"https:\/\/secure.gravatar.com\/avatar\/786f2a223d9a455e2a448f78b5dcc1117207ef56ef3d9a04df338c0f775cd403?s=96&d=mm&r=g","caption":"Laura Salas Orcajada"},"url":"https:\/\/mula.es\/web\/author\/lsalas\/"}]}},"jetpack_publicize_connections":[],"jetpack_featured_media_url":"https:\/\/mula.es\/web\/wp-content\/uploads\/2020\/06\/escudo-cuadrado-e1591045058235.jpg","jetpack_sharing_enabled":true,"jetpack_shortlink":"https:\/\/wp.me\/pa9DMY-fBh","jetpack-related-posts":[],"_links":{"self":[{"href":"https:\/\/mula.es\/web\/wp-json\/wp\/v2\/posts\/59971","targetHints":{"allow":["GET"]}}],"collection":[{"href":"https:\/\/mula.es\/web\/wp-json\/wp\/v2\/posts"}],"about":[{"href":"https:\/\/mula.es\/web\/wp-json\/wp\/v2\/types\/post"}],"author":[{"embeddable":true,"href":"https:\/\/mula.es\/web\/wp-json\/wp\/v2\/users\/13"}],"replies":[{"embeddable":true,"href":"https:\/\/mula.es\/web\/wp-json\/wp\/v2\/comments?post=59971"}],"version-history":[{"count":2,"href":"https:\/\/mula.es\/web\/wp-json\/wp\/v2\/posts\/59971\/revisions"}],"predecessor-version":[{"id":59973,"href":"https:\/\/mula.es\/web\/wp-json\/wp\/v2\/posts\/59971\/revisions\/59973"}],"wp:featuredmedia":[{"embeddable":true,"href":"https:\/\/mula.es\/web\/wp-json\/wp\/v2\/media\/33512"}],"wp:attachment":[{"href":"https:\/\/mula.es\/web\/wp-json\/wp\/v2\/media?parent=59971"}],"wp:term":[{"taxonomy":"category","embeddable":true,"href":"https:\/\/mula.es\/web\/wp-json\/wp\/v2\/categories?post=59971"},{"taxonomy":"post_tag","embeddable":true,"href":"https:\/\/mula.es\/web\/wp-json\/wp\/v2\/tags?post=59971"}],"curies":[{"name":"wp","href":"https:\/\/api.w.org\/{rel}","templated":true}]}}