{"id":60318,"date":"2025-12-10T10:40:12","date_gmt":"2025-12-10T09:40:12","guid":{"rendered":"https:\/\/mula.es\/web\/?p=60318"},"modified":"2025-12-10T10:40:12","modified_gmt":"2025-12-10T09:40:12","slug":"cultura-mula-participa-en-la-gala-de-los-premios-de-la-musica-de-la-region-de-murcia","status":"publish","type":"post","link":"https:\/\/mula.es\/web\/cultura-mula-participa-en-la-gala-de-los-premios-de-la-musica-de-la-region-de-murcia\/","title":{"rendered":"CULTURA | Mula participa en la Gala de los Premios de la M\u00fasica de la Regi\u00f3n de Murcia"},"content":{"rendered":"<p><strong>\u00a0<\/strong><\/p>\n<p><strong>NOTA DE PRENSA &#8211; 10 DE DICIEMBRE DE 2025<\/strong><\/p>\n<p><strong>\u00a0<\/strong><\/p>\n<p><strong>\u00a0<\/strong><\/p>\n<h2><strong>Mula participa en la Gala de los Premios de la M\u00fasica de la Regi\u00f3n de Murcia<\/strong><\/h2>\n<p><strong>\u00a0<\/strong><\/p>\n<p>La ciudad de Mula estuvo presente en la gala de entrega de los Premios de la M\u00fasica de la Regi\u00f3n de Murcia, celebrada anoche, donde el Festival y Concurso Internacional de Guitarra Ciudad de Mula fue reconocido como finalista en la categor\u00eda de <em>Mejor Labor de Difusi\u00f3n de la M\u00fasica Cl\u00e1sica<\/em>. Una nominaci\u00f3n que supone ya un importante respaldo a la trayectoria del festival y a la apuesta cultural que el municipio viene desarrollando en los \u00faltimos a\u00f1os.<\/p>\n<p>El premio finalmente fue otorgado al conjunto vocal <strong>Cantor\u00eda<\/strong>, con el que el Ayuntamiento de Mula mantiene una estrecha colaboraci\u00f3n a trav\u00e9s del ECOS Festival de Sierra Espu\u00f1a. Desde el Ayuntamiento se ha trasladado p\u00fablicamente la enhorabuena al grupo murciano, celebrando que la excelencia cultural de la Regi\u00f3n siga siendo reconocida tambi\u00e9n a nivel nacional e internacional.<\/p>\n<p>En representaci\u00f3n del Ayuntamiento de Mula asistieron a la gala el concejal de Cultura, <strong>Diego Boluda<\/strong>, la concejala de Artesan\u00eda y Festejos, <strong>Alicia Zapata<\/strong>, y el concejal de Juventud, <strong>Toni Ruiz<\/strong>, quienes destacaron que la nominaci\u00f3n \u201ces ya un premio al esfuerzo, al talento y a la apuesta continua por la m\u00fasica en nuestra ciudad\u201d.<\/p>\n<p>El Ayuntamiento de Mula tambi\u00e9n quiso agradecer, de forma especial, el trabajo y la direcci\u00f3n art\u00edstica de la asociaci\u00f3n <strong>Tri\u00e1ngulo Arm\u00f3nico<\/strong>, responsable de la organizaci\u00f3n del festival de guitarra y pieza fundamental en su crecimiento, proyecci\u00f3n internacional y consolidaci\u00f3n como cita cultural de referencia.<\/p>\n<p>La gala, que cont\u00f3 con un homenaje a la banda murciana <strong>Second<\/strong> y la actuaci\u00f3n de <strong>Viva Suecia<\/strong>, volvi\u00f3 a evidenciar la fortaleza del talento musical de la Regi\u00f3n y el papel de los municipios como motores culturales.<\/p>\n<p>Mula reafirma as\u00ed su compromiso con el impulso de iniciativas que sit\u00faan a la ciudad dentro del panorama musical y cultural murciano.<\/p>\n<p><a href=\"https:\/\/mula.es\/web\/wp-content\/uploads\/2025\/12\/1-9-scaled.jpg\"><img decoding=\"async\" data-attachment-id=\"60319\" data-permalink=\"https:\/\/mula.es\/web\/cultura-mula-participa-en-la-gala-de-los-premios-de-la-musica-de-la-region-de-murcia\/1-378\/\" data-orig-file=\"https:\/\/mula.es\/web\/wp-content\/uploads\/2025\/12\/1-9-scaled.jpg\" data-orig-size=\"2560,1707\" data-comments-opened=\"0\" data-image-meta=\"{&quot;aperture&quot;:&quot;0&quot;,&quot;credit&quot;:&quot;&quot;,&quot;camera&quot;:&quot;&quot;,&quot;caption&quot;:&quot;&quot;,&quot;created_timestamp&quot;:&quot;0&quot;,&quot;copyright&quot;:&quot;&quot;,&quot;focal_length&quot;:&quot;0&quot;,&quot;iso&quot;:&quot;0&quot;,&quot;shutter_speed&quot;:&quot;0&quot;,&quot;title&quot;:&quot;&quot;,&quot;orientation&quot;:&quot;1&quot;}\" data-image-title=\"1\" data-image-description=\"\" data-image-caption=\"\" data-large-file=\"https:\/\/mula.es\/web\/wp-content\/uploads\/2025\/12\/1-9-1024x683.jpg\" class=\"alignnone size-medium wp-image-60319\" src=\"https:\/\/mula.es\/web\/wp-content\/uploads\/2025\/12\/1-9-300x200.jpg\" alt=\"\" width=\"300\" height=\"200\" srcset=\"https:\/\/mula.es\/web\/wp-content\/uploads\/2025\/12\/1-9-200x133.jpg 200w, https:\/\/mula.es\/web\/wp-content\/uploads\/2025\/12\/1-9-300x200.jpg 300w, https:\/\/mula.es\/web\/wp-content\/uploads\/2025\/12\/1-9-400x267.jpg 400w, https:\/\/mula.es\/web\/wp-content\/uploads\/2025\/12\/1-9-600x400.jpg 600w, https:\/\/mula.es\/web\/wp-content\/uploads\/2025\/12\/1-9-768x512.jpg 768w, https:\/\/mula.es\/web\/wp-content\/uploads\/2025\/12\/1-9-800x533.jpg 800w, https:\/\/mula.es\/web\/wp-content\/uploads\/2025\/12\/1-9-1024x683.jpg 1024w, https:\/\/mula.es\/web\/wp-content\/uploads\/2025\/12\/1-9-1200x800.jpg 1200w, https:\/\/mula.es\/web\/wp-content\/uploads\/2025\/12\/1-9-1536x1024.jpg 1536w\" sizes=\"(max-width: 300px) 100vw, 300px\" \/><\/a> <a href=\"https:\/\/mula.es\/web\/wp-content\/uploads\/2025\/12\/2-8-scaled.jpg\"><img decoding=\"async\" data-attachment-id=\"60320\" data-permalink=\"https:\/\/mula.es\/web\/cultura-mula-participa-en-la-gala-de-los-premios-de-la-musica-de-la-region-de-murcia\/2-352\/\" data-orig-file=\"https:\/\/mula.es\/web\/wp-content\/uploads\/2025\/12\/2-8-scaled.jpg\" data-orig-size=\"2560,1707\" data-comments-opened=\"0\" data-image-meta=\"{&quot;aperture&quot;:&quot;0&quot;,&quot;credit&quot;:&quot;&quot;,&quot;camera&quot;:&quot;&quot;,&quot;caption&quot;:&quot;&quot;,&quot;created_timestamp&quot;:&quot;0&quot;,&quot;copyright&quot;:&quot;&quot;,&quot;focal_length&quot;:&quot;0&quot;,&quot;iso&quot;:&quot;0&quot;,&quot;shutter_speed&quot;:&quot;0&quot;,&quot;title&quot;:&quot;&quot;,&quot;orientation&quot;:&quot;1&quot;}\" data-image-title=\"2\" data-image-description=\"\" data-image-caption=\"\" data-large-file=\"https:\/\/mula.es\/web\/wp-content\/uploads\/2025\/12\/2-8-1024x683.jpg\" class=\"alignnone size-medium wp-image-60320\" src=\"https:\/\/mula.es\/web\/wp-content\/uploads\/2025\/12\/2-8-300x200.jpg\" alt=\"\" width=\"300\" height=\"200\" srcset=\"https:\/\/mula.es\/web\/wp-content\/uploads\/2025\/12\/2-8-200x133.jpg 200w, https:\/\/mula.es\/web\/wp-content\/uploads\/2025\/12\/2-8-300x200.jpg 300w, https:\/\/mula.es\/web\/wp-content\/uploads\/2025\/12\/2-8-400x267.jpg 400w, https:\/\/mula.es\/web\/wp-content\/uploads\/2025\/12\/2-8-600x400.jpg 600w, https:\/\/mula.es\/web\/wp-content\/uploads\/2025\/12\/2-8-768x512.jpg 768w, https:\/\/mula.es\/web\/wp-content\/uploads\/2025\/12\/2-8-800x533.jpg 800w, https:\/\/mula.es\/web\/wp-content\/uploads\/2025\/12\/2-8-1024x683.jpg 1024w, https:\/\/mula.es\/web\/wp-content\/uploads\/2025\/12\/2-8-1200x800.jpg 1200w, https:\/\/mula.es\/web\/wp-content\/uploads\/2025\/12\/2-8-1536x1024.jpg 1536w\" sizes=\"(max-width: 300px) 100vw, 300px\" \/><\/a> <a href=\"https:\/\/mula.es\/web\/wp-content\/uploads\/2025\/12\/3-7-scaled.jpg\"><img decoding=\"async\" data-attachment-id=\"60321\" data-permalink=\"https:\/\/mula.es\/web\/cultura-mula-participa-en-la-gala-de-los-premios-de-la-musica-de-la-region-de-murcia\/3-301\/\" data-orig-file=\"https:\/\/mula.es\/web\/wp-content\/uploads\/2025\/12\/3-7-scaled.jpg\" data-orig-size=\"2560,1707\" data-comments-opened=\"0\" data-image-meta=\"{&quot;aperture&quot;:&quot;0&quot;,&quot;credit&quot;:&quot;&quot;,&quot;camera&quot;:&quot;&quot;,&quot;caption&quot;:&quot;&quot;,&quot;created_timestamp&quot;:&quot;0&quot;,&quot;copyright&quot;:&quot;&quot;,&quot;focal_length&quot;:&quot;0&quot;,&quot;iso&quot;:&quot;0&quot;,&quot;shutter_speed&quot;:&quot;0&quot;,&quot;title&quot;:&quot;&quot;,&quot;orientation&quot;:&quot;1&quot;}\" data-image-title=\"3\" data-image-description=\"\" data-image-caption=\"\" data-large-file=\"https:\/\/mula.es\/web\/wp-content\/uploads\/2025\/12\/3-7-1024x683.jpg\" class=\"alignnone size-medium wp-image-60321\" src=\"https:\/\/mula.es\/web\/wp-content\/uploads\/2025\/12\/3-7-300x200.jpg\" alt=\"\" width=\"300\" height=\"200\" srcset=\"https:\/\/mula.es\/web\/wp-content\/uploads\/2025\/12\/3-7-200x133.jpg 200w, https:\/\/mula.es\/web\/wp-content\/uploads\/2025\/12\/3-7-300x200.jpg 300w, https:\/\/mula.es\/web\/wp-content\/uploads\/2025\/12\/3-7-400x267.jpg 400w, https:\/\/mula.es\/web\/wp-content\/uploads\/2025\/12\/3-7-600x400.jpg 600w, https:\/\/mula.es\/web\/wp-content\/uploads\/2025\/12\/3-7-768x512.jpg 768w, https:\/\/mula.es\/web\/wp-content\/uploads\/2025\/12\/3-7-800x533.jpg 800w, https:\/\/mula.es\/web\/wp-content\/uploads\/2025\/12\/3-7-1024x683.jpg 1024w, https:\/\/mula.es\/web\/wp-content\/uploads\/2025\/12\/3-7-1200x800.jpg 1200w, https:\/\/mula.es\/web\/wp-content\/uploads\/2025\/12\/3-7-1536x1024.jpg 1536w\" sizes=\"(max-width: 300px) 100vw, 300px\" \/><\/a> <a href=\"https:\/\/mula.es\/web\/wp-content\/uploads\/2025\/12\/4-5-scaled.jpg\"><img decoding=\"async\" data-attachment-id=\"60322\" data-permalink=\"https:\/\/mula.es\/web\/cultura-mula-participa-en-la-gala-de-los-premios-de-la-musica-de-la-region-de-murcia\/4-222\/\" data-orig-file=\"https:\/\/mula.es\/web\/wp-content\/uploads\/2025\/12\/4-5-scaled.jpg\" data-orig-size=\"2560,1707\" data-comments-opened=\"0\" data-image-meta=\"{&quot;aperture&quot;:&quot;0&quot;,&quot;credit&quot;:&quot;&quot;,&quot;camera&quot;:&quot;&quot;,&quot;caption&quot;:&quot;&quot;,&quot;created_timestamp&quot;:&quot;0&quot;,&quot;copyright&quot;:&quot;&quot;,&quot;focal_length&quot;:&quot;0&quot;,&quot;iso&quot;:&quot;0&quot;,&quot;shutter_speed&quot;:&quot;0&quot;,&quot;title&quot;:&quot;&quot;,&quot;orientation&quot;:&quot;1&quot;}\" data-image-title=\"4\" data-image-description=\"\" data-image-caption=\"\" data-large-file=\"https:\/\/mula.es\/web\/wp-content\/uploads\/2025\/12\/4-5-1024x683.jpg\" class=\"alignnone size-medium wp-image-60322\" src=\"https:\/\/mula.es\/web\/wp-content\/uploads\/2025\/12\/4-5-300x200.jpg\" alt=\"\" width=\"300\" height=\"200\" srcset=\"https:\/\/mula.es\/web\/wp-content\/uploads\/2025\/12\/4-5-200x133.jpg 200w, https:\/\/mula.es\/web\/wp-content\/uploads\/2025\/12\/4-5-300x200.jpg 300w, https:\/\/mula.es\/web\/wp-content\/uploads\/2025\/12\/4-5-400x267.jpg 400w, https:\/\/mula.es\/web\/wp-content\/uploads\/2025\/12\/4-5-600x400.jpg 600w, https:\/\/mula.es\/web\/wp-content\/uploads\/2025\/12\/4-5-768x512.jpg 768w, https:\/\/mula.es\/web\/wp-content\/uploads\/2025\/12\/4-5-800x533.jpg 800w, https:\/\/mula.es\/web\/wp-content\/uploads\/2025\/12\/4-5-1024x683.jpg 1024w, https:\/\/mula.es\/web\/wp-content\/uploads\/2025\/12\/4-5-1200x800.jpg 1200w, https:\/\/mula.es\/web\/wp-content\/uploads\/2025\/12\/4-5-1536x1024.jpg 1536w\" sizes=\"(max-width: 300px) 100vw, 300px\" \/><\/a><\/p>\n","protected":false},"excerpt":{"rendered":"<p>\u00a0 NOTA DE PRENSA &#8211; 10 DE DICIEMBRE DE 2025 \u00a0 \u00a0 Mula participa en la Gala de los Premios de la M\u00fasica de la Regi\u00f3n de Murcia \u00a0 La ciudad de Mula estuvo presente en la gala de entrega de los Premios de la M\u00fasica de la Regi\u00f3n de Murcia, celebrada anoche, donde el  [&#8230;]<\/p>\n","protected":false},"author":13,"featured_media":33512,"comment_status":"closed","ping_status":"closed","sticky":false,"template":"","format":"standard","meta":{"jetpack_post_was_ever_published":false,"_jetpack_newsletter_access":"","_jetpack_dont_email_post_to_subs":false,"_jetpack_newsletter_tier_id":0,"_jetpack_memberships_contains_paywalled_content":false,"_jetpack_memberships_contains_paid_content":false,"footnotes":"","jetpack_publicize_message":"","jetpack_publicize_feature_enabled":true,"jetpack_social_post_already_shared":true,"jetpack_social_options":{"image_generator_settings":{"template":"highway","default_image_id":0,"font":"","enabled":false},"version":2}},"categories":[97],"tags":[],"class_list":["post-60318","post","type-post","status-publish","format-standard","has-post-thumbnail","hentry","category-cultura"],"yoast_head":"<!-- This site is optimized with the Yoast SEO plugin v27.5 - https:\/\/yoast.com\/product\/yoast-seo-wordpress\/ -->\n<title>CULTURA | Mula participa en la Gala de los Premios de la M\u00fasica de la Regi\u00f3n de Murcia - Ayuntamiento de Mula<\/title>\n<meta name=\"robots\" content=\"index, follow, max-snippet:-1, max-image-preview:large, max-video-preview:-1\" \/>\n<link rel=\"canonical\" href=\"https:\/\/mula.es\/web\/cultura-mula-participa-en-la-gala-de-los-premios-de-la-musica-de-la-region-de-murcia\/\" \/>\n<meta property=\"og:locale\" content=\"es_ES\" \/>\n<meta property=\"og:type\" content=\"article\" \/>\n<meta property=\"og:title\" content=\"CULTURA | Mula participa en la Gala de los Premios de la M\u00fasica de la Regi\u00f3n de Murcia - Ayuntamiento de Mula\" \/>\n<meta property=\"og:description\" content=\"\u00a0 NOTA DE PRENSA &#8211; 10 DE DICIEMBRE DE 2025 \u00a0 \u00a0 Mula participa en la Gala de los Premios de la M\u00fasica de la Regi\u00f3n de Murcia \u00a0 La ciudad de Mula estuvo presente en la gala de entrega de los Premios de la M\u00fasica de la Regi\u00f3n de Murcia, celebrada anoche, donde el [...]\" \/>\n<meta property=\"og:url\" content=\"https:\/\/mula.es\/web\/cultura-mula-participa-en-la-gala-de-los-premios-de-la-musica-de-la-region-de-murcia\/\" \/>\n<meta property=\"og:site_name\" content=\"Ayuntamiento de Mula\" \/>\n<meta property=\"article:published_time\" content=\"2025-12-10T09:40:12+00:00\" \/>\n<meta property=\"og:image\" content=\"https:\/\/mula.es\/web\/wp-content\/uploads\/2020\/06\/escudo-cuadrado-e1591045058235.jpg\" \/>\n\t<meta property=\"og:image:width\" content=\"200\" \/>\n\t<meta property=\"og:image:height\" content=\"218\" \/>\n\t<meta property=\"og:image:type\" content=\"image\/jpeg\" \/>\n<meta name=\"author\" content=\"Laura Salas Orcajada\" \/>\n<meta name=\"twitter:card\" content=\"summary_large_image\" \/>\n<meta name=\"twitter:creator\" content=\"@AyuntamientMula\" \/>\n<meta name=\"twitter:site\" content=\"@AyuntamientMula\" \/>\n<meta name=\"twitter:label1\" content=\"Escrito por\" \/>\n\t<meta name=\"twitter:data1\" content=\"Laura Salas Orcajada\" \/>\n\t<meta name=\"twitter:label2\" content=\"Tiempo de lectura\" \/>\n\t<meta name=\"twitter:data2\" content=\"3 minutos\" \/>\n<script type=\"application\/ld+json\" class=\"yoast-schema-graph\">{\"@context\":\"https:\\\/\\\/schema.org\",\"@graph\":[{\"@type\":\"Article\",\"@id\":\"https:\\\/\\\/mula.es\\\/web\\\/cultura-mula-participa-en-la-gala-de-los-premios-de-la-musica-de-la-region-de-murcia\\\/#article\",\"isPartOf\":{\"@id\":\"https:\\\/\\\/mula.es\\\/web\\\/cultura-mula-participa-en-la-gala-de-los-premios-de-la-musica-de-la-region-de-murcia\\\/\"},\"author\":{\"name\":\"Laura Salas Orcajada\",\"@id\":\"https:\\\/\\\/mula.es\\\/web\\\/#\\\/schema\\\/person\\\/4f10179bd364f40dceed361e61e4033f\"},\"headline\":\"CULTURA | Mula participa en la Gala de los Premios de la M\u00fasica de la Regi\u00f3n de Murcia\",\"datePublished\":\"2025-12-10T09:40:12+00:00\",\"mainEntityOfPage\":{\"@id\":\"https:\\\/\\\/mula.es\\\/web\\\/cultura-mula-participa-en-la-gala-de-los-premios-de-la-musica-de-la-region-de-murcia\\\/\"},\"wordCount\":369,\"image\":{\"@id\":\"https:\\\/\\\/mula.es\\\/web\\\/cultura-mula-participa-en-la-gala-de-los-premios-de-la-musica-de-la-region-de-murcia\\\/#primaryimage\"},\"thumbnailUrl\":\"https:\\\/\\\/mula.es\\\/web\\\/wp-content\\\/uploads\\\/2020\\\/06\\\/escudo-cuadrado-e1591045058235.jpg\",\"articleSection\":[\"cultura\"],\"inLanguage\":\"es\"},{\"@type\":\"WebPage\",\"@id\":\"https:\\\/\\\/mula.es\\\/web\\\/cultura-mula-participa-en-la-gala-de-los-premios-de-la-musica-de-la-region-de-murcia\\\/\",\"url\":\"https:\\\/\\\/mula.es\\\/web\\\/cultura-mula-participa-en-la-gala-de-los-premios-de-la-musica-de-la-region-de-murcia\\\/\",\"name\":\"CULTURA | Mula participa en la Gala de los Premios de la M\u00fasica de la Regi\u00f3n de Murcia - Ayuntamiento de Mula\",\"isPartOf\":{\"@id\":\"https:\\\/\\\/mula.es\\\/web\\\/#website\"},\"primaryImageOfPage\":{\"@id\":\"https:\\\/\\\/mula.es\\\/web\\\/cultura-mula-participa-en-la-gala-de-los-premios-de-la-musica-de-la-region-de-murcia\\\/#primaryimage\"},\"image\":{\"@id\":\"https:\\\/\\\/mula.es\\\/web\\\/cultura-mula-participa-en-la-gala-de-los-premios-de-la-musica-de-la-region-de-murcia\\\/#primaryimage\"},\"thumbnailUrl\":\"https:\\\/\\\/mula.es\\\/web\\\/wp-content\\\/uploads\\\/2020\\\/06\\\/escudo-cuadrado-e1591045058235.jpg\",\"datePublished\":\"2025-12-10T09:40:12+00:00\",\"author\":{\"@id\":\"https:\\\/\\\/mula.es\\\/web\\\/#\\\/schema\\\/person\\\/4f10179bd364f40dceed361e61e4033f\"},\"breadcrumb\":{\"@id\":\"https:\\\/\\\/mula.es\\\/web\\\/cultura-mula-participa-en-la-gala-de-los-premios-de-la-musica-de-la-region-de-murcia\\\/#breadcrumb\"},\"inLanguage\":\"es\",\"potentialAction\":[{\"@type\":\"ReadAction\",\"target\":[\"https:\\\/\\\/mula.es\\\/web\\\/cultura-mula-participa-en-la-gala-de-los-premios-de-la-musica-de-la-region-de-murcia\\\/\"]}]},{\"@type\":\"ImageObject\",\"inLanguage\":\"es\",\"@id\":\"https:\\\/\\\/mula.es\\\/web\\\/cultura-mula-participa-en-la-gala-de-los-premios-de-la-musica-de-la-region-de-murcia\\\/#primaryimage\",\"url\":\"https:\\\/\\\/mula.es\\\/web\\\/wp-content\\\/uploads\\\/2020\\\/06\\\/escudo-cuadrado-e1591045058235.jpg\",\"contentUrl\":\"https:\\\/\\\/mula.es\\\/web\\\/wp-content\\\/uploads\\\/2020\\\/06\\\/escudo-cuadrado-e1591045058235.jpg\",\"width\":200,\"height\":218},{\"@type\":\"BreadcrumbList\",\"@id\":\"https:\\\/\\\/mula.es\\\/web\\\/cultura-mula-participa-en-la-gala-de-los-premios-de-la-musica-de-la-region-de-murcia\\\/#breadcrumb\",\"itemListElement\":[{\"@type\":\"ListItem\",\"position\":1,\"name\":\"Portada\",\"item\":\"https:\\\/\\\/mula.es\\\/web\\\/\"},{\"@type\":\"ListItem\",\"position\":2,\"name\":\"CULTURA | Mula participa en la Gala de los Premios de la M\u00fasica de la Regi\u00f3n de Murcia\"}]},{\"@type\":\"WebSite\",\"@id\":\"https:\\\/\\\/mula.es\\\/web\\\/#website\",\"url\":\"https:\\\/\\\/mula.es\\\/web\\\/\",\"name\":\"Ayuntamiento de Mula\",\"description\":\"P\u00e1gina web del Ayuntamiento de Mula (Regi\u00f3n de Murcia)\",\"potentialAction\":[{\"@type\":\"SearchAction\",\"target\":{\"@type\":\"EntryPoint\",\"urlTemplate\":\"https:\\\/\\\/mula.es\\\/web\\\/?s={search_term_string}\"},\"query-input\":{\"@type\":\"PropertyValueSpecification\",\"valueRequired\":true,\"valueName\":\"search_term_string\"}}],\"inLanguage\":\"es\"},{\"@type\":\"Person\",\"@id\":\"https:\\\/\\\/mula.es\\\/web\\\/#\\\/schema\\\/person\\\/4f10179bd364f40dceed361e61e4033f\",\"name\":\"Laura Salas Orcajada\",\"image\":{\"@type\":\"ImageObject\",\"inLanguage\":\"es\",\"@id\":\"https:\\\/\\\/secure.gravatar.com\\\/avatar\\\/786f2a223d9a455e2a448f78b5dcc1117207ef56ef3d9a04df338c0f775cd403?s=96&d=mm&r=g\",\"url\":\"https:\\\/\\\/secure.gravatar.com\\\/avatar\\\/786f2a223d9a455e2a448f78b5dcc1117207ef56ef3d9a04df338c0f775cd403?s=96&d=mm&r=g\",\"contentUrl\":\"https:\\\/\\\/secure.gravatar.com\\\/avatar\\\/786f2a223d9a455e2a448f78b5dcc1117207ef56ef3d9a04df338c0f775cd403?s=96&d=mm&r=g\",\"caption\":\"Laura Salas Orcajada\"},\"url\":\"https:\\\/\\\/mula.es\\\/web\\\/author\\\/lsalas\\\/\"}]}<\/script>\n<!-- \/ Yoast SEO plugin. -->","yoast_head_json":{"title":"CULTURA | Mula participa en la Gala de los Premios de la M\u00fasica de la Regi\u00f3n de Murcia - Ayuntamiento de Mula","robots":{"index":"index","follow":"follow","max-snippet":"max-snippet:-1","max-image-preview":"max-image-preview:large","max-video-preview":"max-video-preview:-1"},"canonical":"https:\/\/mula.es\/web\/cultura-mula-participa-en-la-gala-de-los-premios-de-la-musica-de-la-region-de-murcia\/","og_locale":"es_ES","og_type":"article","og_title":"CULTURA | Mula participa en la Gala de los Premios de la M\u00fasica de la Regi\u00f3n de Murcia - Ayuntamiento de Mula","og_description":"\u00a0 NOTA DE PRENSA &#8211; 10 DE DICIEMBRE DE 2025 \u00a0 \u00a0 Mula participa en la Gala de los Premios de la M\u00fasica de la Regi\u00f3n de Murcia \u00a0 La ciudad de Mula estuvo presente en la gala de entrega de los Premios de la M\u00fasica de la Regi\u00f3n de Murcia, celebrada anoche, donde el [...]","og_url":"https:\/\/mula.es\/web\/cultura-mula-participa-en-la-gala-de-los-premios-de-la-musica-de-la-region-de-murcia\/","og_site_name":"Ayuntamiento de Mula","article_published_time":"2025-12-10T09:40:12+00:00","og_image":[{"width":200,"height":218,"url":"https:\/\/mula.es\/web\/wp-content\/uploads\/2020\/06\/escudo-cuadrado-e1591045058235.jpg","type":"image\/jpeg"}],"author":"Laura Salas Orcajada","twitter_card":"summary_large_image","twitter_creator":"@AyuntamientMula","twitter_site":"@AyuntamientMula","twitter_misc":{"Escrito por":"Laura Salas Orcajada","Tiempo de lectura":"3 minutos"},"schema":{"@context":"https:\/\/schema.org","@graph":[{"@type":"Article","@id":"https:\/\/mula.es\/web\/cultura-mula-participa-en-la-gala-de-los-premios-de-la-musica-de-la-region-de-murcia\/#article","isPartOf":{"@id":"https:\/\/mula.es\/web\/cultura-mula-participa-en-la-gala-de-los-premios-de-la-musica-de-la-region-de-murcia\/"},"author":{"name":"Laura Salas Orcajada","@id":"https:\/\/mula.es\/web\/#\/schema\/person\/4f10179bd364f40dceed361e61e4033f"},"headline":"CULTURA | Mula participa en la Gala de los Premios de la M\u00fasica de la Regi\u00f3n de Murcia","datePublished":"2025-12-10T09:40:12+00:00","mainEntityOfPage":{"@id":"https:\/\/mula.es\/web\/cultura-mula-participa-en-la-gala-de-los-premios-de-la-musica-de-la-region-de-murcia\/"},"wordCount":369,"image":{"@id":"https:\/\/mula.es\/web\/cultura-mula-participa-en-la-gala-de-los-premios-de-la-musica-de-la-region-de-murcia\/#primaryimage"},"thumbnailUrl":"https:\/\/mula.es\/web\/wp-content\/uploads\/2020\/06\/escudo-cuadrado-e1591045058235.jpg","articleSection":["cultura"],"inLanguage":"es"},{"@type":"WebPage","@id":"https:\/\/mula.es\/web\/cultura-mula-participa-en-la-gala-de-los-premios-de-la-musica-de-la-region-de-murcia\/","url":"https:\/\/mula.es\/web\/cultura-mula-participa-en-la-gala-de-los-premios-de-la-musica-de-la-region-de-murcia\/","name":"CULTURA | Mula participa en la Gala de los Premios de la M\u00fasica de la Regi\u00f3n de Murcia - Ayuntamiento de Mula","isPartOf":{"@id":"https:\/\/mula.es\/web\/#website"},"primaryImageOfPage":{"@id":"https:\/\/mula.es\/web\/cultura-mula-participa-en-la-gala-de-los-premios-de-la-musica-de-la-region-de-murcia\/#primaryimage"},"image":{"@id":"https:\/\/mula.es\/web\/cultura-mula-participa-en-la-gala-de-los-premios-de-la-musica-de-la-region-de-murcia\/#primaryimage"},"thumbnailUrl":"https:\/\/mula.es\/web\/wp-content\/uploads\/2020\/06\/escudo-cuadrado-e1591045058235.jpg","datePublished":"2025-12-10T09:40:12+00:00","author":{"@id":"https:\/\/mula.es\/web\/#\/schema\/person\/4f10179bd364f40dceed361e61e4033f"},"breadcrumb":{"@id":"https:\/\/mula.es\/web\/cultura-mula-participa-en-la-gala-de-los-premios-de-la-musica-de-la-region-de-murcia\/#breadcrumb"},"inLanguage":"es","potentialAction":[{"@type":"ReadAction","target":["https:\/\/mula.es\/web\/cultura-mula-participa-en-la-gala-de-los-premios-de-la-musica-de-la-region-de-murcia\/"]}]},{"@type":"ImageObject","inLanguage":"es","@id":"https:\/\/mula.es\/web\/cultura-mula-participa-en-la-gala-de-los-premios-de-la-musica-de-la-region-de-murcia\/#primaryimage","url":"https:\/\/mula.es\/web\/wp-content\/uploads\/2020\/06\/escudo-cuadrado-e1591045058235.jpg","contentUrl":"https:\/\/mula.es\/web\/wp-content\/uploads\/2020\/06\/escudo-cuadrado-e1591045058235.jpg","width":200,"height":218},{"@type":"BreadcrumbList","@id":"https:\/\/mula.es\/web\/cultura-mula-participa-en-la-gala-de-los-premios-de-la-musica-de-la-region-de-murcia\/#breadcrumb","itemListElement":[{"@type":"ListItem","position":1,"name":"Portada","item":"https:\/\/mula.es\/web\/"},{"@type":"ListItem","position":2,"name":"CULTURA | Mula participa en la Gala de los Premios de la M\u00fasica de la Regi\u00f3n de Murcia"}]},{"@type":"WebSite","@id":"https:\/\/mula.es\/web\/#website","url":"https:\/\/mula.es\/web\/","name":"Ayuntamiento de Mula","description":"P\u00e1gina web del Ayuntamiento de Mula (Regi\u00f3n de Murcia)","potentialAction":[{"@type":"SearchAction","target":{"@type":"EntryPoint","urlTemplate":"https:\/\/mula.es\/web\/?s={search_term_string}"},"query-input":{"@type":"PropertyValueSpecification","valueRequired":true,"valueName":"search_term_string"}}],"inLanguage":"es"},{"@type":"Person","@id":"https:\/\/mula.es\/web\/#\/schema\/person\/4f10179bd364f40dceed361e61e4033f","name":"Laura Salas Orcajada","image":{"@type":"ImageObject","inLanguage":"es","@id":"https:\/\/secure.gravatar.com\/avatar\/786f2a223d9a455e2a448f78b5dcc1117207ef56ef3d9a04df338c0f775cd403?s=96&d=mm&r=g","url":"https:\/\/secure.gravatar.com\/avatar\/786f2a223d9a455e2a448f78b5dcc1117207ef56ef3d9a04df338c0f775cd403?s=96&d=mm&r=g","contentUrl":"https:\/\/secure.gravatar.com\/avatar\/786f2a223d9a455e2a448f78b5dcc1117207ef56ef3d9a04df338c0f775cd403?s=96&d=mm&r=g","caption":"Laura Salas Orcajada"},"url":"https:\/\/mula.es\/web\/author\/lsalas\/"}]}},"jetpack_publicize_connections":[],"jetpack_featured_media_url":"https:\/\/mula.es\/web\/wp-content\/uploads\/2020\/06\/escudo-cuadrado-e1591045058235.jpg","jetpack_sharing_enabled":true,"jetpack_shortlink":"https:\/\/wp.me\/pa9DMY-fGS","jetpack-related-posts":[],"_links":{"self":[{"href":"https:\/\/mula.es\/web\/wp-json\/wp\/v2\/posts\/60318","targetHints":{"allow":["GET"]}}],"collection":[{"href":"https:\/\/mula.es\/web\/wp-json\/wp\/v2\/posts"}],"about":[{"href":"https:\/\/mula.es\/web\/wp-json\/wp\/v2\/types\/post"}],"author":[{"embeddable":true,"href":"https:\/\/mula.es\/web\/wp-json\/wp\/v2\/users\/13"}],"replies":[{"embeddable":true,"href":"https:\/\/mula.es\/web\/wp-json\/wp\/v2\/comments?post=60318"}],"version-history":[{"count":1,"href":"https:\/\/mula.es\/web\/wp-json\/wp\/v2\/posts\/60318\/revisions"}],"predecessor-version":[{"id":60323,"href":"https:\/\/mula.es\/web\/wp-json\/wp\/v2\/posts\/60318\/revisions\/60323"}],"wp:featuredmedia":[{"embeddable":true,"href":"https:\/\/mula.es\/web\/wp-json\/wp\/v2\/media\/33512"}],"wp:attachment":[{"href":"https:\/\/mula.es\/web\/wp-json\/wp\/v2\/media?parent=60318"}],"wp:term":[{"taxonomy":"category","embeddable":true,"href":"https:\/\/mula.es\/web\/wp-json\/wp\/v2\/categories?post=60318"},{"taxonomy":"post_tag","embeddable":true,"href":"https:\/\/mula.es\/web\/wp-json\/wp\/v2\/tags?post=60318"}],"curies":[{"name":"wp","href":"https:\/\/api.w.org\/{rel}","templated":true}]}}