{"id":60640,"date":"2026-01-26T13:04:51","date_gmt":"2026-01-26T12:04:51","guid":{"rendered":"https:\/\/mula.es\/web\/?p=60640"},"modified":"2026-01-26T13:04:51","modified_gmt":"2026-01-26T12:04:51","slug":"juventud-sierra-nevada-joven-26-un-viaje-subvencionado-para-disfrutar-de-la-nieve-del-13-al-15-de-marzo","status":"publish","type":"post","link":"https:\/\/mula.es\/web\/juventud-sierra-nevada-joven-26-un-viaje-subvencionado-para-disfrutar-de-la-nieve-del-13-al-15-de-marzo\/","title":{"rendered":"JUVENTUD | \u00a0\u201cSierra Nevada Joven \u201926\u201d, un viaje subvencionado para disfrutar de la nieve del 13 al 15 de marzo \u00a0"},"content":{"rendered":"<p><strong>\u00a0<\/strong><\/p>\n<p><strong>NOTA DE PRENSA &#8211; 26 DE ENERO DE 202<\/strong><strong>6<\/strong><\/p>\n<p><strong>\u00a0<\/strong><\/p>\n<p><strong>\u00a0<\/strong><\/p>\n<h2><strong>\u00a0\u201cSierra Nevada Joven \u201926\u201d, un viaje subvencionado para disfrutar de la nieve del 13 al 15 de marzo<\/strong><\/h2>\n<h2><strong>\u00a0<\/strong><\/h2>\n<h2><strong>\u00a0<\/strong><\/h2>\n<p>El Ayuntamiento de Mula, a trav\u00e9s de la concejal\u00eda de Juventud y en colaboraci\u00f3n con el Consejo Local de la Juventud, pone en marcha una nueva edici\u00f3n de <strong>\u201cSierra Nevada Joven \u201926\u201d<\/strong>, un viaje subvencionado que se celebrar\u00e1 <strong>del 13 al 15 de marzo<\/strong> y que permitir\u00e1 a j\u00f3venes y p\u00fablico general disfrutar de un fin de semana de nieve a un precio reducido, tras el \u00e9xito registrado en la edici\u00f3n anterior.<\/p>\n<p>&nbsp;<\/p>\n<p>El paquete incluye <strong>transporte de ida y vuelta en autob\u00fas<\/strong>, <strong>2 noches de alojamiento<\/strong>, <strong>2 d\u00edas de forfait<\/strong>, <strong>2 d\u00edas de alquiler de material (esqu\u00ed o snowboard, gama amateur)<\/strong> y <strong>seguro de accidentes<\/strong>, con un precio <strong>desde 300 euros<\/strong>. Adem\u00e1s, se ofrece la posibilidad de a\u00f1adir suplementos opcionales como material de gama profesional <strong>(+6 \u20ac\/d\u00eda)<\/strong>, material premium <strong>(+15 \u20ac\/d\u00eda)<\/strong> o <strong>clases de esqu\u00ed\/snowboard durante 2 d\u00edas (2 horas al d\u00eda) (+40 \u20ac)<\/strong>.<\/p>\n<p>&nbsp;<\/p>\n<p>Las inscripciones ya est\u00e1n abiertas y las plazas se adjudicar\u00e1n <strong>por orden de reserva hasta completar aforo<\/strong>, con <strong>facilidad de pago<\/strong> para las personas participantes. El viaje est\u00e1 <strong>abierto al p\u00fablico general<\/strong>.<\/p>\n<p>Las personas interesadas pueden formalizar su inscripci\u00f3n a trav\u00e9s del formulario disponible en:<br \/>\n<a href=\"https:\/\/docs.google.com\/forms\/d\/e\/1FAIpQLSdMqia4ObR_rUPvh-czMte9RWVPgFegGG-p_mcSG40bHGMJnQ\/viewform\">https:\/\/docs.google.com\/forms\/d\/e\/1FAIpQLSdMqia4ObR_rUPvh-czMte9RWVPgFegGG-p_mcSG40bHGMJnQ\/viewform<\/a><\/p>\n<p>&nbsp;<\/p>\n<p>Para m\u00e1s informaci\u00f3n, se puede contactar por <strong>WhatsApp en el 642 45 68 68<\/strong> o a trav\u00e9s del correo <strong>aquablueventos@gmail.com<\/strong>.<\/p>\n<p>&nbsp;<\/p>\n<p><a href=\"https:\/\/mula.es\/web\/wp-content\/uploads\/2026\/01\/2-7.jpg\"><img decoding=\"async\" data-attachment-id=\"60642\" data-permalink=\"https:\/\/mula.es\/web\/juventud-sierra-nevada-joven-26-un-viaje-subvencionado-para-disfrutar-de-la-nieve-del-13-al-15-de-marzo\/2-367\/\" data-orig-file=\"https:\/\/mula.es\/web\/wp-content\/uploads\/2026\/01\/2-7.jpg\" data-orig-size=\"1080,1350\" data-comments-opened=\"0\" data-image-meta=\"{&quot;aperture&quot;:&quot;0&quot;,&quot;credit&quot;:&quot;&quot;,&quot;camera&quot;:&quot;&quot;,&quot;caption&quot;:&quot;&quot;,&quot;created_timestamp&quot;:&quot;0&quot;,&quot;copyright&quot;:&quot;&quot;,&quot;focal_length&quot;:&quot;0&quot;,&quot;iso&quot;:&quot;0&quot;,&quot;shutter_speed&quot;:&quot;0&quot;,&quot;title&quot;:&quot;&quot;,&quot;orientation&quot;:&quot;1&quot;}\" data-image-title=\"2\" data-image-description=\"\" data-image-caption=\"\" data-large-file=\"https:\/\/mula.es\/web\/wp-content\/uploads\/2026\/01\/2-7-819x1024.jpg\" class=\"alignnone size-medium wp-image-60642\" src=\"https:\/\/mula.es\/web\/wp-content\/uploads\/2026\/01\/2-7-240x300.jpg\" alt=\"\" width=\"240\" height=\"300\" srcset=\"https:\/\/mula.es\/web\/wp-content\/uploads\/2026\/01\/2-7-200x250.jpg 200w, https:\/\/mula.es\/web\/wp-content\/uploads\/2026\/01\/2-7-240x300.jpg 240w, https:\/\/mula.es\/web\/wp-content\/uploads\/2026\/01\/2-7-400x500.jpg 400w, https:\/\/mula.es\/web\/wp-content\/uploads\/2026\/01\/2-7-600x750.jpg 600w, https:\/\/mula.es\/web\/wp-content\/uploads\/2026\/01\/2-7-768x960.jpg 768w, https:\/\/mula.es\/web\/wp-content\/uploads\/2026\/01\/2-7-800x1000.jpg 800w, https:\/\/mula.es\/web\/wp-content\/uploads\/2026\/01\/2-7-819x1024.jpg 819w, https:\/\/mula.es\/web\/wp-content\/uploads\/2026\/01\/2-7.jpg 1080w\" sizes=\"(max-width: 240px) 100vw, 240px\" \/><\/a><\/p>\n","protected":false},"excerpt":{"rendered":"<p>\u00a0 NOTA DE PRENSA &#8211; 26 DE ENERO DE 2026 \u00a0 \u00a0 \u00a0\u201cSierra Nevada Joven \u201926\u201d, un viaje subvencionado para disfrutar de la nieve del 13 al 15 de marzo \u00a0 \u00a0 El Ayuntamiento de Mula, a trav\u00e9s de la concejal\u00eda de Juventud y en colaboraci\u00f3n con el Consejo Local de la Juventud, pone en  [&#8230;]<\/p>\n","protected":false},"author":13,"featured_media":33512,"comment_status":"closed","ping_status":"closed","sticky":false,"template":"","format":"standard","meta":{"jetpack_post_was_ever_published":false,"_jetpack_newsletter_access":"","_jetpack_dont_email_post_to_subs":false,"_jetpack_newsletter_tier_id":0,"_jetpack_memberships_contains_paywalled_content":false,"_jetpack_memberships_contains_paid_content":false,"footnotes":"","jetpack_publicize_message":"","jetpack_publicize_feature_enabled":true,"jetpack_social_post_already_shared":true,"jetpack_social_options":{"image_generator_settings":{"template":"highway","default_image_id":0,"font":"","enabled":false},"version":2}},"categories":[87],"tags":[],"class_list":["post-60640","post","type-post","status-publish","format-standard","has-post-thumbnail","hentry","category-juventud-y-adolescencia"],"yoast_head":"<!-- This site is optimized with the Yoast SEO plugin v27.5 - https:\/\/yoast.com\/product\/yoast-seo-wordpress\/ -->\n<title>JUVENTUD | \u00a0\u201cSierra Nevada Joven \u201926\u201d, un viaje subvencionado para disfrutar de la nieve del 13 al 15 de marzo \u00a0 - Ayuntamiento de Mula<\/title>\n<meta name=\"robots\" content=\"index, follow, max-snippet:-1, max-image-preview:large, max-video-preview:-1\" \/>\n<link rel=\"canonical\" href=\"https:\/\/mula.es\/web\/juventud-sierra-nevada-joven-26-un-viaje-subvencionado-para-disfrutar-de-la-nieve-del-13-al-15-de-marzo\/\" \/>\n<meta property=\"og:locale\" content=\"es_ES\" \/>\n<meta property=\"og:type\" content=\"article\" \/>\n<meta property=\"og:title\" content=\"JUVENTUD | \u00a0\u201cSierra Nevada Joven \u201926\u201d, un viaje subvencionado para disfrutar de la nieve del 13 al 15 de marzo \u00a0 - Ayuntamiento de Mula\" \/>\n<meta property=\"og:description\" content=\"\u00a0 NOTA DE PRENSA &#8211; 26 DE ENERO DE 2026 \u00a0 \u00a0 \u00a0\u201cSierra Nevada Joven \u201926\u201d, un viaje subvencionado para disfrutar de la nieve del 13 al 15 de marzo \u00a0 \u00a0 El Ayuntamiento de Mula, a trav\u00e9s de la concejal\u00eda de Juventud y en colaboraci\u00f3n con el Consejo Local de la Juventud, pone en [...]\" \/>\n<meta property=\"og:url\" content=\"https:\/\/mula.es\/web\/juventud-sierra-nevada-joven-26-un-viaje-subvencionado-para-disfrutar-de-la-nieve-del-13-al-15-de-marzo\/\" \/>\n<meta property=\"og:site_name\" content=\"Ayuntamiento de Mula\" \/>\n<meta property=\"article:published_time\" content=\"2026-01-26T12:04:51+00:00\" \/>\n<meta property=\"og:image\" content=\"https:\/\/mula.es\/web\/wp-content\/uploads\/2020\/06\/escudo-cuadrado-e1591045058235.jpg\" \/>\n\t<meta property=\"og:image:width\" content=\"200\" \/>\n\t<meta property=\"og:image:height\" content=\"218\" \/>\n\t<meta property=\"og:image:type\" content=\"image\/jpeg\" \/>\n<meta name=\"author\" content=\"Laura Salas Orcajada\" \/>\n<meta name=\"twitter:card\" content=\"summary_large_image\" \/>\n<meta name=\"twitter:creator\" content=\"@AyuntamientMula\" \/>\n<meta name=\"twitter:site\" content=\"@AyuntamientMula\" \/>\n<meta name=\"twitter:label1\" content=\"Escrito por\" \/>\n\t<meta name=\"twitter:data1\" content=\"Laura Salas Orcajada\" \/>\n\t<meta name=\"twitter:label2\" content=\"Tiempo de lectura\" \/>\n\t<meta name=\"twitter:data2\" content=\"2 minutos\" \/>\n<script type=\"application\/ld+json\" class=\"yoast-schema-graph\">{\"@context\":\"https:\\\/\\\/schema.org\",\"@graph\":[{\"@type\":\"Article\",\"@id\":\"https:\\\/\\\/mula.es\\\/web\\\/juventud-sierra-nevada-joven-26-un-viaje-subvencionado-para-disfrutar-de-la-nieve-del-13-al-15-de-marzo\\\/#article\",\"isPartOf\":{\"@id\":\"https:\\\/\\\/mula.es\\\/web\\\/juventud-sierra-nevada-joven-26-un-viaje-subvencionado-para-disfrutar-de-la-nieve-del-13-al-15-de-marzo\\\/\"},\"author\":{\"name\":\"Laura Salas Orcajada\",\"@id\":\"https:\\\/\\\/mula.es\\\/web\\\/#\\\/schema\\\/person\\\/4f10179bd364f40dceed361e61e4033f\"},\"headline\":\"JUVENTUD | \u00a0\u201cSierra Nevada Joven \u201926\u201d, un viaje subvencionado para disfrutar de la nieve del 13 al 15 de marzo \u00a0\",\"datePublished\":\"2026-01-26T12:04:51+00:00\",\"mainEntityOfPage\":{\"@id\":\"https:\\\/\\\/mula.es\\\/web\\\/juventud-sierra-nevada-joven-26-un-viaje-subvencionado-para-disfrutar-de-la-nieve-del-13-al-15-de-marzo\\\/\"},\"wordCount\":275,\"image\":{\"@id\":\"https:\\\/\\\/mula.es\\\/web\\\/juventud-sierra-nevada-joven-26-un-viaje-subvencionado-para-disfrutar-de-la-nieve-del-13-al-15-de-marzo\\\/#primaryimage\"},\"thumbnailUrl\":\"https:\\\/\\\/mula.es\\\/web\\\/wp-content\\\/uploads\\\/2020\\\/06\\\/escudo-cuadrado-e1591045058235.jpg\",\"articleSection\":[\"juventud y adolescencia\"],\"inLanguage\":\"es\"},{\"@type\":\"WebPage\",\"@id\":\"https:\\\/\\\/mula.es\\\/web\\\/juventud-sierra-nevada-joven-26-un-viaje-subvencionado-para-disfrutar-de-la-nieve-del-13-al-15-de-marzo\\\/\",\"url\":\"https:\\\/\\\/mula.es\\\/web\\\/juventud-sierra-nevada-joven-26-un-viaje-subvencionado-para-disfrutar-de-la-nieve-del-13-al-15-de-marzo\\\/\",\"name\":\"JUVENTUD | \u00a0\u201cSierra Nevada Joven \u201926\u201d, un viaje subvencionado para disfrutar de la nieve del 13 al 15 de marzo \u00a0 - Ayuntamiento de Mula\",\"isPartOf\":{\"@id\":\"https:\\\/\\\/mula.es\\\/web\\\/#website\"},\"primaryImageOfPage\":{\"@id\":\"https:\\\/\\\/mula.es\\\/web\\\/juventud-sierra-nevada-joven-26-un-viaje-subvencionado-para-disfrutar-de-la-nieve-del-13-al-15-de-marzo\\\/#primaryimage\"},\"image\":{\"@id\":\"https:\\\/\\\/mula.es\\\/web\\\/juventud-sierra-nevada-joven-26-un-viaje-subvencionado-para-disfrutar-de-la-nieve-del-13-al-15-de-marzo\\\/#primaryimage\"},\"thumbnailUrl\":\"https:\\\/\\\/mula.es\\\/web\\\/wp-content\\\/uploads\\\/2020\\\/06\\\/escudo-cuadrado-e1591045058235.jpg\",\"datePublished\":\"2026-01-26T12:04:51+00:00\",\"author\":{\"@id\":\"https:\\\/\\\/mula.es\\\/web\\\/#\\\/schema\\\/person\\\/4f10179bd364f40dceed361e61e4033f\"},\"breadcrumb\":{\"@id\":\"https:\\\/\\\/mula.es\\\/web\\\/juventud-sierra-nevada-joven-26-un-viaje-subvencionado-para-disfrutar-de-la-nieve-del-13-al-15-de-marzo\\\/#breadcrumb\"},\"inLanguage\":\"es\",\"potentialAction\":[{\"@type\":\"ReadAction\",\"target\":[\"https:\\\/\\\/mula.es\\\/web\\\/juventud-sierra-nevada-joven-26-un-viaje-subvencionado-para-disfrutar-de-la-nieve-del-13-al-15-de-marzo\\\/\"]}]},{\"@type\":\"ImageObject\",\"inLanguage\":\"es\",\"@id\":\"https:\\\/\\\/mula.es\\\/web\\\/juventud-sierra-nevada-joven-26-un-viaje-subvencionado-para-disfrutar-de-la-nieve-del-13-al-15-de-marzo\\\/#primaryimage\",\"url\":\"https:\\\/\\\/mula.es\\\/web\\\/wp-content\\\/uploads\\\/2020\\\/06\\\/escudo-cuadrado-e1591045058235.jpg\",\"contentUrl\":\"https:\\\/\\\/mula.es\\\/web\\\/wp-content\\\/uploads\\\/2020\\\/06\\\/escudo-cuadrado-e1591045058235.jpg\",\"width\":200,\"height\":218},{\"@type\":\"BreadcrumbList\",\"@id\":\"https:\\\/\\\/mula.es\\\/web\\\/juventud-sierra-nevada-joven-26-un-viaje-subvencionado-para-disfrutar-de-la-nieve-del-13-al-15-de-marzo\\\/#breadcrumb\",\"itemListElement\":[{\"@type\":\"ListItem\",\"position\":1,\"name\":\"Portada\",\"item\":\"https:\\\/\\\/mula.es\\\/web\\\/\"},{\"@type\":\"ListItem\",\"position\":2,\"name\":\"JUVENTUD | \u00a0\u201cSierra Nevada Joven \u201926\u201d, un viaje subvencionado para disfrutar de la nieve del 13 al 15 de marzo \u00a0\"}]},{\"@type\":\"WebSite\",\"@id\":\"https:\\\/\\\/mula.es\\\/web\\\/#website\",\"url\":\"https:\\\/\\\/mula.es\\\/web\\\/\",\"name\":\"Ayuntamiento de Mula\",\"description\":\"P\u00e1gina web del Ayuntamiento de Mula (Regi\u00f3n de Murcia)\",\"potentialAction\":[{\"@type\":\"SearchAction\",\"target\":{\"@type\":\"EntryPoint\",\"urlTemplate\":\"https:\\\/\\\/mula.es\\\/web\\\/?s={search_term_string}\"},\"query-input\":{\"@type\":\"PropertyValueSpecification\",\"valueRequired\":true,\"valueName\":\"search_term_string\"}}],\"inLanguage\":\"es\"},{\"@type\":\"Person\",\"@id\":\"https:\\\/\\\/mula.es\\\/web\\\/#\\\/schema\\\/person\\\/4f10179bd364f40dceed361e61e4033f\",\"name\":\"Laura Salas Orcajada\",\"image\":{\"@type\":\"ImageObject\",\"inLanguage\":\"es\",\"@id\":\"https:\\\/\\\/secure.gravatar.com\\\/avatar\\\/786f2a223d9a455e2a448f78b5dcc1117207ef56ef3d9a04df338c0f775cd403?s=96&d=mm&r=g\",\"url\":\"https:\\\/\\\/secure.gravatar.com\\\/avatar\\\/786f2a223d9a455e2a448f78b5dcc1117207ef56ef3d9a04df338c0f775cd403?s=96&d=mm&r=g\",\"contentUrl\":\"https:\\\/\\\/secure.gravatar.com\\\/avatar\\\/786f2a223d9a455e2a448f78b5dcc1117207ef56ef3d9a04df338c0f775cd403?s=96&d=mm&r=g\",\"caption\":\"Laura Salas Orcajada\"},\"url\":\"https:\\\/\\\/mula.es\\\/web\\\/author\\\/lsalas\\\/\"}]}<\/script>\n<!-- \/ Yoast SEO plugin. -->","yoast_head_json":{"title":"JUVENTUD | \u00a0\u201cSierra Nevada Joven \u201926\u201d, un viaje subvencionado para disfrutar de la nieve del 13 al 15 de marzo \u00a0 - Ayuntamiento de Mula","robots":{"index":"index","follow":"follow","max-snippet":"max-snippet:-1","max-image-preview":"max-image-preview:large","max-video-preview":"max-video-preview:-1"},"canonical":"https:\/\/mula.es\/web\/juventud-sierra-nevada-joven-26-un-viaje-subvencionado-para-disfrutar-de-la-nieve-del-13-al-15-de-marzo\/","og_locale":"es_ES","og_type":"article","og_title":"JUVENTUD | \u00a0\u201cSierra Nevada Joven \u201926\u201d, un viaje subvencionado para disfrutar de la nieve del 13 al 15 de marzo \u00a0 - Ayuntamiento de Mula","og_description":"\u00a0 NOTA DE PRENSA &#8211; 26 DE ENERO DE 2026 \u00a0 \u00a0 \u00a0\u201cSierra Nevada Joven \u201926\u201d, un viaje subvencionado para disfrutar de la nieve del 13 al 15 de marzo \u00a0 \u00a0 El Ayuntamiento de Mula, a trav\u00e9s de la concejal\u00eda de Juventud y en colaboraci\u00f3n con el Consejo Local de la Juventud, pone en [...]","og_url":"https:\/\/mula.es\/web\/juventud-sierra-nevada-joven-26-un-viaje-subvencionado-para-disfrutar-de-la-nieve-del-13-al-15-de-marzo\/","og_site_name":"Ayuntamiento de Mula","article_published_time":"2026-01-26T12:04:51+00:00","og_image":[{"width":200,"height":218,"url":"https:\/\/mula.es\/web\/wp-content\/uploads\/2020\/06\/escudo-cuadrado-e1591045058235.jpg","type":"image\/jpeg"}],"author":"Laura Salas Orcajada","twitter_card":"summary_large_image","twitter_creator":"@AyuntamientMula","twitter_site":"@AyuntamientMula","twitter_misc":{"Escrito por":"Laura Salas Orcajada","Tiempo de lectura":"2 minutos"},"schema":{"@context":"https:\/\/schema.org","@graph":[{"@type":"Article","@id":"https:\/\/mula.es\/web\/juventud-sierra-nevada-joven-26-un-viaje-subvencionado-para-disfrutar-de-la-nieve-del-13-al-15-de-marzo\/#article","isPartOf":{"@id":"https:\/\/mula.es\/web\/juventud-sierra-nevada-joven-26-un-viaje-subvencionado-para-disfrutar-de-la-nieve-del-13-al-15-de-marzo\/"},"author":{"name":"Laura Salas Orcajada","@id":"https:\/\/mula.es\/web\/#\/schema\/person\/4f10179bd364f40dceed361e61e4033f"},"headline":"JUVENTUD | \u00a0\u201cSierra Nevada Joven \u201926\u201d, un viaje subvencionado para disfrutar de la nieve del 13 al 15 de marzo \u00a0","datePublished":"2026-01-26T12:04:51+00:00","mainEntityOfPage":{"@id":"https:\/\/mula.es\/web\/juventud-sierra-nevada-joven-26-un-viaje-subvencionado-para-disfrutar-de-la-nieve-del-13-al-15-de-marzo\/"},"wordCount":275,"image":{"@id":"https:\/\/mula.es\/web\/juventud-sierra-nevada-joven-26-un-viaje-subvencionado-para-disfrutar-de-la-nieve-del-13-al-15-de-marzo\/#primaryimage"},"thumbnailUrl":"https:\/\/mula.es\/web\/wp-content\/uploads\/2020\/06\/escudo-cuadrado-e1591045058235.jpg","articleSection":["juventud y adolescencia"],"inLanguage":"es"},{"@type":"WebPage","@id":"https:\/\/mula.es\/web\/juventud-sierra-nevada-joven-26-un-viaje-subvencionado-para-disfrutar-de-la-nieve-del-13-al-15-de-marzo\/","url":"https:\/\/mula.es\/web\/juventud-sierra-nevada-joven-26-un-viaje-subvencionado-para-disfrutar-de-la-nieve-del-13-al-15-de-marzo\/","name":"JUVENTUD | \u00a0\u201cSierra Nevada Joven \u201926\u201d, un viaje subvencionado para disfrutar de la nieve del 13 al 15 de marzo \u00a0 - Ayuntamiento de Mula","isPartOf":{"@id":"https:\/\/mula.es\/web\/#website"},"primaryImageOfPage":{"@id":"https:\/\/mula.es\/web\/juventud-sierra-nevada-joven-26-un-viaje-subvencionado-para-disfrutar-de-la-nieve-del-13-al-15-de-marzo\/#primaryimage"},"image":{"@id":"https:\/\/mula.es\/web\/juventud-sierra-nevada-joven-26-un-viaje-subvencionado-para-disfrutar-de-la-nieve-del-13-al-15-de-marzo\/#primaryimage"},"thumbnailUrl":"https:\/\/mula.es\/web\/wp-content\/uploads\/2020\/06\/escudo-cuadrado-e1591045058235.jpg","datePublished":"2026-01-26T12:04:51+00:00","author":{"@id":"https:\/\/mula.es\/web\/#\/schema\/person\/4f10179bd364f40dceed361e61e4033f"},"breadcrumb":{"@id":"https:\/\/mula.es\/web\/juventud-sierra-nevada-joven-26-un-viaje-subvencionado-para-disfrutar-de-la-nieve-del-13-al-15-de-marzo\/#breadcrumb"},"inLanguage":"es","potentialAction":[{"@type":"ReadAction","target":["https:\/\/mula.es\/web\/juventud-sierra-nevada-joven-26-un-viaje-subvencionado-para-disfrutar-de-la-nieve-del-13-al-15-de-marzo\/"]}]},{"@type":"ImageObject","inLanguage":"es","@id":"https:\/\/mula.es\/web\/juventud-sierra-nevada-joven-26-un-viaje-subvencionado-para-disfrutar-de-la-nieve-del-13-al-15-de-marzo\/#primaryimage","url":"https:\/\/mula.es\/web\/wp-content\/uploads\/2020\/06\/escudo-cuadrado-e1591045058235.jpg","contentUrl":"https:\/\/mula.es\/web\/wp-content\/uploads\/2020\/06\/escudo-cuadrado-e1591045058235.jpg","width":200,"height":218},{"@type":"BreadcrumbList","@id":"https:\/\/mula.es\/web\/juventud-sierra-nevada-joven-26-un-viaje-subvencionado-para-disfrutar-de-la-nieve-del-13-al-15-de-marzo\/#breadcrumb","itemListElement":[{"@type":"ListItem","position":1,"name":"Portada","item":"https:\/\/mula.es\/web\/"},{"@type":"ListItem","position":2,"name":"JUVENTUD | \u00a0\u201cSierra Nevada Joven \u201926\u201d, un viaje subvencionado para disfrutar de la nieve del 13 al 15 de marzo \u00a0"}]},{"@type":"WebSite","@id":"https:\/\/mula.es\/web\/#website","url":"https:\/\/mula.es\/web\/","name":"Ayuntamiento de Mula","description":"P\u00e1gina web del Ayuntamiento de Mula (Regi\u00f3n de Murcia)","potentialAction":[{"@type":"SearchAction","target":{"@type":"EntryPoint","urlTemplate":"https:\/\/mula.es\/web\/?s={search_term_string}"},"query-input":{"@type":"PropertyValueSpecification","valueRequired":true,"valueName":"search_term_string"}}],"inLanguage":"es"},{"@type":"Person","@id":"https:\/\/mula.es\/web\/#\/schema\/person\/4f10179bd364f40dceed361e61e4033f","name":"Laura Salas Orcajada","image":{"@type":"ImageObject","inLanguage":"es","@id":"https:\/\/secure.gravatar.com\/avatar\/786f2a223d9a455e2a448f78b5dcc1117207ef56ef3d9a04df338c0f775cd403?s=96&d=mm&r=g","url":"https:\/\/secure.gravatar.com\/avatar\/786f2a223d9a455e2a448f78b5dcc1117207ef56ef3d9a04df338c0f775cd403?s=96&d=mm&r=g","contentUrl":"https:\/\/secure.gravatar.com\/avatar\/786f2a223d9a455e2a448f78b5dcc1117207ef56ef3d9a04df338c0f775cd403?s=96&d=mm&r=g","caption":"Laura Salas Orcajada"},"url":"https:\/\/mula.es\/web\/author\/lsalas\/"}]}},"jetpack_publicize_connections":[],"jetpack_featured_media_url":"https:\/\/mula.es\/web\/wp-content\/uploads\/2020\/06\/escudo-cuadrado-e1591045058235.jpg","jetpack_sharing_enabled":true,"jetpack_shortlink":"https:\/\/wp.me\/pa9DMY-fM4","jetpack-related-posts":[],"_links":{"self":[{"href":"https:\/\/mula.es\/web\/wp-json\/wp\/v2\/posts\/60640","targetHints":{"allow":["GET"]}}],"collection":[{"href":"https:\/\/mula.es\/web\/wp-json\/wp\/v2\/posts"}],"about":[{"href":"https:\/\/mula.es\/web\/wp-json\/wp\/v2\/types\/post"}],"author":[{"embeddable":true,"href":"https:\/\/mula.es\/web\/wp-json\/wp\/v2\/users\/13"}],"replies":[{"embeddable":true,"href":"https:\/\/mula.es\/web\/wp-json\/wp\/v2\/comments?post=60640"}],"version-history":[{"count":1,"href":"https:\/\/mula.es\/web\/wp-json\/wp\/v2\/posts\/60640\/revisions"}],"predecessor-version":[{"id":60643,"href":"https:\/\/mula.es\/web\/wp-json\/wp\/v2\/posts\/60640\/revisions\/60643"}],"wp:featuredmedia":[{"embeddable":true,"href":"https:\/\/mula.es\/web\/wp-json\/wp\/v2\/media\/33512"}],"wp:attachment":[{"href":"https:\/\/mula.es\/web\/wp-json\/wp\/v2\/media?parent=60640"}],"wp:term":[{"taxonomy":"category","embeddable":true,"href":"https:\/\/mula.es\/web\/wp-json\/wp\/v2\/categories?post=60640"},{"taxonomy":"post_tag","embeddable":true,"href":"https:\/\/mula.es\/web\/wp-json\/wp\/v2\/tags?post=60640"}],"curies":[{"name":"wp","href":"https:\/\/api.w.org\/{rel}","templated":true}]}}