{"id":60646,"date":"2026-01-26T20:29:40","date_gmt":"2026-01-26T19:29:40","guid":{"rendered":"https:\/\/mula.es\/web\/?p=60646"},"modified":"2026-01-26T20:29:40","modified_gmt":"2026-01-26T19:29:40","slug":"turismomula-refuerza-su-proyeccion-turistica-en-fitur-posicionandose-como-destino-de-interior-con-identidad-propia","status":"publish","type":"post","link":"https:\/\/mula.es\/web\/turismomula-refuerza-su-proyeccion-turistica-en-fitur-posicionandose-como-destino-de-interior-con-identidad-propia\/","title":{"rendered":"TURISMO | Mula refuerza su proyecci\u00f3n tur\u00edstica en FITUR posicion\u00e1ndose como destino de interior con identidad propia \u00a0"},"content":{"rendered":"<p><strong>\u00a0<\/strong><\/p>\n<p><strong>NOTA DE PRENSA &#8211; 26 DE ENERO DE 202<\/strong><strong>6<\/strong><\/p>\n<p><strong>\u00a0<\/strong><\/p>\n<h2><strong>\u00a0<\/strong><\/h2>\n<h2><strong>Mula refuerza su proyecci\u00f3n tur\u00edstica en FITUR posicion\u00e1ndose como destino de interior con identidad propia<\/strong><\/h2>\n<h2><strong>\u00a0<\/strong><\/h2>\n<p>&nbsp;<\/p>\n<p>El Ayuntamiento de Mula ha participado en la Feria Internacional de Turismo (FITUR), una de las citas m\u00e1s importantes del calendario tur\u00edstico nacional e internacional, con el objetivo de seguir posicionando al municipio como un <strong>destino de interior con encanto, autenticidad y una oferta tur\u00edstica diversa durante todo el a\u00f1o<\/strong>.<\/p>\n<p>&nbsp;<\/p>\n<p>A lo largo de estas jornadas de trabajo en Madrid, Mula ha llevado a cabo distintas acciones de promoci\u00f3n, presentaciones y encuentros profesionales, dando a conocer ante <strong>empresas del sector, agentes tur\u00edsticos, instituciones, medios de comunicaci\u00f3n y p\u00fablico general<\/strong> los principales atractivos del municipio. Entre ellos, se han destacado grandes reclamos como <strong>MulaFlor<\/strong>, la floraci\u00f3n del almendro; la <strong>Semana Santa de Mula<\/strong>, declarada de Inter\u00e9s Tur\u00edstico Nacional; y la Noche de los <strong>Tambores de Mula<\/strong>, Fiesta de Inter\u00e9s Tur\u00edstico Internacional y Patrimonio Cultural Inmaterial de la Humanidad por la UNESCO, adem\u00e1s de otros recursos vinculados al patrimonio, la naturaleza, la gastronom\u00eda y las tradiciones locales.<\/p>\n<p>&nbsp;<\/p>\n<p>El alcalde de Mula, <strong>Juan Jes\u00fas Moreno<\/strong>, ha subrayado que \u201c<strong>FITUR es una oportunidad clave para abrir Mula al mundo, mostrar todo lo que somos y seguir construyendo un modelo tur\u00edstico que atraiga visitantes, genere actividad econ\u00f3mica y ayude a consolidar empleo en nuestro municipio<\/strong>\u201d.<\/p>\n<p>&nbsp;<\/p>\n<p>Por su parte, la concejala de Turismo, <strong>Alejandra Mart\u00ednez, <\/strong>ha puesto en valor \u201c<strong>la importancia de estar presentes en un escaparate como FITUR para seguir reforzando la marca Mula, establecer contactos con profesionales del sector y continuar trabajando en proyectos que mejoren la experiencia del visitante, impulsen el tejido tur\u00edstico local y sit\u00faen a Mula como un destino de referencia en la Regi\u00f3n de Murcia<\/strong>\u201d.<\/p>\n<p>&nbsp;<\/p>\n<p>La participaci\u00f3n en FITUR se enmarca dentro de la estrategia municipal de promoci\u00f3n tur\u00edstica, orientada a <strong>desestacionalizar las visitas, fortalecer la econom\u00eda local y seguir posicionando Mula como un destino cultural, natural y experiencial<\/strong>, capaz de atraer a perfiles muy diversos de viajeros a lo largo de todo el a\u00f1o.<\/p>\n<p><a href=\"https:\/\/mula.es\/web\/wp-content\/uploads\/2026\/01\/1-7-scaled.jpg\"><img decoding=\"async\" data-attachment-id=\"60647\" data-permalink=\"https:\/\/mula.es\/web\/turismomula-refuerza-su-proyeccion-turistica-en-fitur-posicionandose-como-destino-de-interior-con-identidad-propia\/1-393\/\" data-orig-file=\"https:\/\/mula.es\/web\/wp-content\/uploads\/2026\/01\/1-7-scaled.jpg\" data-orig-size=\"2560,1707\" data-comments-opened=\"0\" data-image-meta=\"{&quot;aperture&quot;:&quot;0&quot;,&quot;credit&quot;:&quot;&quot;,&quot;camera&quot;:&quot;&quot;,&quot;caption&quot;:&quot;&quot;,&quot;created_timestamp&quot;:&quot;0&quot;,&quot;copyright&quot;:&quot;&quot;,&quot;focal_length&quot;:&quot;0&quot;,&quot;iso&quot;:&quot;0&quot;,&quot;shutter_speed&quot;:&quot;0&quot;,&quot;title&quot;:&quot;&quot;,&quot;orientation&quot;:&quot;1&quot;}\" data-image-title=\"1\" data-image-description=\"\" data-image-caption=\"\" data-large-file=\"https:\/\/mula.es\/web\/wp-content\/uploads\/2026\/01\/1-7-1024x683.jpg\" class=\"alignnone size-medium wp-image-60647\" src=\"https:\/\/mula.es\/web\/wp-content\/uploads\/2026\/01\/1-7-300x200.jpg\" alt=\"\" width=\"300\" height=\"200\" srcset=\"https:\/\/mula.es\/web\/wp-content\/uploads\/2026\/01\/1-7-200x133.jpg 200w, https:\/\/mula.es\/web\/wp-content\/uploads\/2026\/01\/1-7-300x200.jpg 300w, https:\/\/mula.es\/web\/wp-content\/uploads\/2026\/01\/1-7-400x267.jpg 400w, https:\/\/mula.es\/web\/wp-content\/uploads\/2026\/01\/1-7-600x400.jpg 600w, https:\/\/mula.es\/web\/wp-content\/uploads\/2026\/01\/1-7-768x512.jpg 768w, https:\/\/mula.es\/web\/wp-content\/uploads\/2026\/01\/1-7-800x533.jpg 800w, https:\/\/mula.es\/web\/wp-content\/uploads\/2026\/01\/1-7-1024x683.jpg 1024w, https:\/\/mula.es\/web\/wp-content\/uploads\/2026\/01\/1-7-1200x800.jpg 1200w, https:\/\/mula.es\/web\/wp-content\/uploads\/2026\/01\/1-7-1536x1024.jpg 1536w\" sizes=\"(max-width: 300px) 100vw, 300px\" \/><\/a> <a href=\"https:\/\/mula.es\/web\/wp-content\/uploads\/2026\/01\/2-8-scaled.jpg\"><img decoding=\"async\" data-attachment-id=\"60648\" data-permalink=\"https:\/\/mula.es\/web\/turismomula-refuerza-su-proyeccion-turistica-en-fitur-posicionandose-como-destino-de-interior-con-identidad-propia\/2-368\/\" data-orig-file=\"https:\/\/mula.es\/web\/wp-content\/uploads\/2026\/01\/2-8-scaled.jpg\" data-orig-size=\"2560,1707\" data-comments-opened=\"0\" data-image-meta=\"{&quot;aperture&quot;:&quot;0&quot;,&quot;credit&quot;:&quot;&quot;,&quot;camera&quot;:&quot;&quot;,&quot;caption&quot;:&quot;&quot;,&quot;created_timestamp&quot;:&quot;0&quot;,&quot;copyright&quot;:&quot;&quot;,&quot;focal_length&quot;:&quot;0&quot;,&quot;iso&quot;:&quot;0&quot;,&quot;shutter_speed&quot;:&quot;0&quot;,&quot;title&quot;:&quot;&quot;,&quot;orientation&quot;:&quot;1&quot;}\" data-image-title=\"2\" data-image-description=\"\" data-image-caption=\"\" data-large-file=\"https:\/\/mula.es\/web\/wp-content\/uploads\/2026\/01\/2-8-1024x683.jpg\" class=\"alignnone size-medium wp-image-60648\" src=\"https:\/\/mula.es\/web\/wp-content\/uploads\/2026\/01\/2-8-300x200.jpg\" alt=\"\" width=\"300\" height=\"200\" srcset=\"https:\/\/mula.es\/web\/wp-content\/uploads\/2026\/01\/2-8-200x133.jpg 200w, https:\/\/mula.es\/web\/wp-content\/uploads\/2026\/01\/2-8-300x200.jpg 300w, https:\/\/mula.es\/web\/wp-content\/uploads\/2026\/01\/2-8-400x267.jpg 400w, https:\/\/mula.es\/web\/wp-content\/uploads\/2026\/01\/2-8-600x400.jpg 600w, https:\/\/mula.es\/web\/wp-content\/uploads\/2026\/01\/2-8-768x512.jpg 768w, https:\/\/mula.es\/web\/wp-content\/uploads\/2026\/01\/2-8-800x533.jpg 800w, https:\/\/mula.es\/web\/wp-content\/uploads\/2026\/01\/2-8-1024x683.jpg 1024w, https:\/\/mula.es\/web\/wp-content\/uploads\/2026\/01\/2-8-1200x800.jpg 1200w, https:\/\/mula.es\/web\/wp-content\/uploads\/2026\/01\/2-8-1536x1024.jpg 1536w\" sizes=\"(max-width: 300px) 100vw, 300px\" \/><\/a> <a href=\"https:\/\/mula.es\/web\/wp-content\/uploads\/2026\/01\/3-6-scaled.jpg\"><img decoding=\"async\" data-attachment-id=\"60649\" data-permalink=\"https:\/\/mula.es\/web\/turismomula-refuerza-su-proyeccion-turistica-en-fitur-posicionandose-como-destino-de-interior-con-identidad-propia\/3-314\/\" data-orig-file=\"https:\/\/mula.es\/web\/wp-content\/uploads\/2026\/01\/3-6-scaled.jpg\" data-orig-size=\"2560,1707\" data-comments-opened=\"0\" data-image-meta=\"{&quot;aperture&quot;:&quot;0&quot;,&quot;credit&quot;:&quot;&quot;,&quot;camera&quot;:&quot;&quot;,&quot;caption&quot;:&quot;&quot;,&quot;created_timestamp&quot;:&quot;0&quot;,&quot;copyright&quot;:&quot;&quot;,&quot;focal_length&quot;:&quot;0&quot;,&quot;iso&quot;:&quot;0&quot;,&quot;shutter_speed&quot;:&quot;0&quot;,&quot;title&quot;:&quot;&quot;,&quot;orientation&quot;:&quot;1&quot;}\" data-image-title=\"3\" data-image-description=\"\" data-image-caption=\"\" data-large-file=\"https:\/\/mula.es\/web\/wp-content\/uploads\/2026\/01\/3-6-1024x683.jpg\" class=\"alignnone size-medium wp-image-60649\" src=\"https:\/\/mula.es\/web\/wp-content\/uploads\/2026\/01\/3-6-300x200.jpg\" alt=\"\" width=\"300\" height=\"200\" srcset=\"https:\/\/mula.es\/web\/wp-content\/uploads\/2026\/01\/3-6-200x133.jpg 200w, https:\/\/mula.es\/web\/wp-content\/uploads\/2026\/01\/3-6-300x200.jpg 300w, https:\/\/mula.es\/web\/wp-content\/uploads\/2026\/01\/3-6-400x267.jpg 400w, https:\/\/mula.es\/web\/wp-content\/uploads\/2026\/01\/3-6-600x400.jpg 600w, https:\/\/mula.es\/web\/wp-content\/uploads\/2026\/01\/3-6-768x512.jpg 768w, https:\/\/mula.es\/web\/wp-content\/uploads\/2026\/01\/3-6-800x533.jpg 800w, https:\/\/mula.es\/web\/wp-content\/uploads\/2026\/01\/3-6-1024x683.jpg 1024w, https:\/\/mula.es\/web\/wp-content\/uploads\/2026\/01\/3-6-1200x800.jpg 1200w, https:\/\/mula.es\/web\/wp-content\/uploads\/2026\/01\/3-6-1536x1024.jpg 1536w\" sizes=\"(max-width: 300px) 100vw, 300px\" \/><\/a> <a href=\"https:\/\/mula.es\/web\/wp-content\/uploads\/2026\/01\/4-4-scaled.jpg\"><img decoding=\"async\" data-attachment-id=\"60650\" data-permalink=\"https:\/\/mula.es\/web\/turismomula-refuerza-su-proyeccion-turistica-en-fitur-posicionandose-como-destino-de-interior-con-identidad-propia\/4-232\/\" data-orig-file=\"https:\/\/mula.es\/web\/wp-content\/uploads\/2026\/01\/4-4-scaled.jpg\" data-orig-size=\"2560,1707\" data-comments-opened=\"0\" data-image-meta=\"{&quot;aperture&quot;:&quot;0&quot;,&quot;credit&quot;:&quot;&quot;,&quot;camera&quot;:&quot;&quot;,&quot;caption&quot;:&quot;&quot;,&quot;created_timestamp&quot;:&quot;0&quot;,&quot;copyright&quot;:&quot;&quot;,&quot;focal_length&quot;:&quot;0&quot;,&quot;iso&quot;:&quot;0&quot;,&quot;shutter_speed&quot;:&quot;0&quot;,&quot;title&quot;:&quot;&quot;,&quot;orientation&quot;:&quot;1&quot;}\" data-image-title=\"4\" data-image-description=\"\" data-image-caption=\"\" data-large-file=\"https:\/\/mula.es\/web\/wp-content\/uploads\/2026\/01\/4-4-1024x683.jpg\" class=\"alignnone size-medium wp-image-60650\" src=\"https:\/\/mula.es\/web\/wp-content\/uploads\/2026\/01\/4-4-300x200.jpg\" alt=\"\" width=\"300\" height=\"200\" srcset=\"https:\/\/mula.es\/web\/wp-content\/uploads\/2026\/01\/4-4-200x133.jpg 200w, https:\/\/mula.es\/web\/wp-content\/uploads\/2026\/01\/4-4-300x200.jpg 300w, https:\/\/mula.es\/web\/wp-content\/uploads\/2026\/01\/4-4-400x267.jpg 400w, https:\/\/mula.es\/web\/wp-content\/uploads\/2026\/01\/4-4-600x400.jpg 600w, https:\/\/mula.es\/web\/wp-content\/uploads\/2026\/01\/4-4-768x512.jpg 768w, https:\/\/mula.es\/web\/wp-content\/uploads\/2026\/01\/4-4-800x533.jpg 800w, https:\/\/mula.es\/web\/wp-content\/uploads\/2026\/01\/4-4-1024x683.jpg 1024w, https:\/\/mula.es\/web\/wp-content\/uploads\/2026\/01\/4-4-1200x800.jpg 1200w, https:\/\/mula.es\/web\/wp-content\/uploads\/2026\/01\/4-4-1536x1024.jpg 1536w\" sizes=\"(max-width: 300px) 100vw, 300px\" \/><\/a> <a href=\"https:\/\/mula.es\/web\/wp-content\/uploads\/2026\/01\/5-3-scaled.jpg\"><img decoding=\"async\" data-attachment-id=\"60651\" data-permalink=\"https:\/\/mula.es\/web\/turismomula-refuerza-su-proyeccion-turistica-en-fitur-posicionandose-como-destino-de-interior-con-identidad-propia\/5-172\/\" data-orig-file=\"https:\/\/mula.es\/web\/wp-content\/uploads\/2026\/01\/5-3-scaled.jpg\" data-orig-size=\"2560,1707\" data-comments-opened=\"0\" data-image-meta=\"{&quot;aperture&quot;:&quot;0&quot;,&quot;credit&quot;:&quot;&quot;,&quot;camera&quot;:&quot;&quot;,&quot;caption&quot;:&quot;&quot;,&quot;created_timestamp&quot;:&quot;0&quot;,&quot;copyright&quot;:&quot;&quot;,&quot;focal_length&quot;:&quot;0&quot;,&quot;iso&quot;:&quot;0&quot;,&quot;shutter_speed&quot;:&quot;0&quot;,&quot;title&quot;:&quot;&quot;,&quot;orientation&quot;:&quot;1&quot;}\" data-image-title=\"5\" data-image-description=\"\" data-image-caption=\"\" data-large-file=\"https:\/\/mula.es\/web\/wp-content\/uploads\/2026\/01\/5-3-1024x683.jpg\" class=\"alignnone size-medium wp-image-60651\" src=\"https:\/\/mula.es\/web\/wp-content\/uploads\/2026\/01\/5-3-300x200.jpg\" alt=\"\" width=\"300\" height=\"200\" srcset=\"https:\/\/mula.es\/web\/wp-content\/uploads\/2026\/01\/5-3-200x133.jpg 200w, https:\/\/mula.es\/web\/wp-content\/uploads\/2026\/01\/5-3-300x200.jpg 300w, https:\/\/mula.es\/web\/wp-content\/uploads\/2026\/01\/5-3-400x267.jpg 400w, https:\/\/mula.es\/web\/wp-content\/uploads\/2026\/01\/5-3-600x400.jpg 600w, https:\/\/mula.es\/web\/wp-content\/uploads\/2026\/01\/5-3-768x512.jpg 768w, https:\/\/mula.es\/web\/wp-content\/uploads\/2026\/01\/5-3-800x533.jpg 800w, https:\/\/mula.es\/web\/wp-content\/uploads\/2026\/01\/5-3-1024x683.jpg 1024w, https:\/\/mula.es\/web\/wp-content\/uploads\/2026\/01\/5-3-1200x800.jpg 1200w, https:\/\/mula.es\/web\/wp-content\/uploads\/2026\/01\/5-3-1536x1024.jpg 1536w\" sizes=\"(max-width: 300px) 100vw, 300px\" \/><\/a> <a href=\"https:\/\/mula.es\/web\/wp-content\/uploads\/2026\/01\/6-3-scaled.jpg\"><img decoding=\"async\" data-attachment-id=\"60652\" data-permalink=\"https:\/\/mula.es\/web\/turismomula-refuerza-su-proyeccion-turistica-en-fitur-posicionandose-como-destino-de-interior-con-identidad-propia\/6-118\/\" data-orig-file=\"https:\/\/mula.es\/web\/wp-content\/uploads\/2026\/01\/6-3-scaled.jpg\" data-orig-size=\"2560,1707\" data-comments-opened=\"0\" data-image-meta=\"{&quot;aperture&quot;:&quot;0&quot;,&quot;credit&quot;:&quot;&quot;,&quot;camera&quot;:&quot;&quot;,&quot;caption&quot;:&quot;&quot;,&quot;created_timestamp&quot;:&quot;0&quot;,&quot;copyright&quot;:&quot;&quot;,&quot;focal_length&quot;:&quot;0&quot;,&quot;iso&quot;:&quot;0&quot;,&quot;shutter_speed&quot;:&quot;0&quot;,&quot;title&quot;:&quot;&quot;,&quot;orientation&quot;:&quot;1&quot;}\" data-image-title=\"6\" data-image-description=\"\" data-image-caption=\"\" data-large-file=\"https:\/\/mula.es\/web\/wp-content\/uploads\/2026\/01\/6-3-1024x683.jpg\" class=\"alignnone size-medium wp-image-60652\" src=\"https:\/\/mula.es\/web\/wp-content\/uploads\/2026\/01\/6-3-300x200.jpg\" alt=\"\" width=\"300\" height=\"200\" srcset=\"https:\/\/mula.es\/web\/wp-content\/uploads\/2026\/01\/6-3-200x133.jpg 200w, https:\/\/mula.es\/web\/wp-content\/uploads\/2026\/01\/6-3-300x200.jpg 300w, https:\/\/mula.es\/web\/wp-content\/uploads\/2026\/01\/6-3-400x267.jpg 400w, https:\/\/mula.es\/web\/wp-content\/uploads\/2026\/01\/6-3-600x400.jpg 600w, https:\/\/mula.es\/web\/wp-content\/uploads\/2026\/01\/6-3-768x512.jpg 768w, https:\/\/mula.es\/web\/wp-content\/uploads\/2026\/01\/6-3-800x533.jpg 800w, https:\/\/mula.es\/web\/wp-content\/uploads\/2026\/01\/6-3-1024x683.jpg 1024w, https:\/\/mula.es\/web\/wp-content\/uploads\/2026\/01\/6-3-1200x800.jpg 1200w, https:\/\/mula.es\/web\/wp-content\/uploads\/2026\/01\/6-3-1536x1024.jpg 1536w\" sizes=\"(max-width: 300px) 100vw, 300px\" \/><\/a> <a href=\"https:\/\/mula.es\/web\/wp-content\/uploads\/2026\/01\/7-2-scaled.jpg\"><img decoding=\"async\" data-attachment-id=\"60653\" data-permalink=\"https:\/\/mula.es\/web\/turismomula-refuerza-su-proyeccion-turistica-en-fitur-posicionandose-como-destino-de-interior-con-identidad-propia\/7-100\/\" data-orig-file=\"https:\/\/mula.es\/web\/wp-content\/uploads\/2026\/01\/7-2-scaled.jpg\" data-orig-size=\"2560,1707\" data-comments-opened=\"0\" data-image-meta=\"{&quot;aperture&quot;:&quot;0&quot;,&quot;credit&quot;:&quot;&quot;,&quot;camera&quot;:&quot;&quot;,&quot;caption&quot;:&quot;&quot;,&quot;created_timestamp&quot;:&quot;0&quot;,&quot;copyright&quot;:&quot;&quot;,&quot;focal_length&quot;:&quot;0&quot;,&quot;iso&quot;:&quot;0&quot;,&quot;shutter_speed&quot;:&quot;0&quot;,&quot;title&quot;:&quot;&quot;,&quot;orientation&quot;:&quot;1&quot;}\" data-image-title=\"7\" data-image-description=\"\" data-image-caption=\"\" data-large-file=\"https:\/\/mula.es\/web\/wp-content\/uploads\/2026\/01\/7-2-1024x683.jpg\" class=\"alignnone size-medium wp-image-60653\" src=\"https:\/\/mula.es\/web\/wp-content\/uploads\/2026\/01\/7-2-300x200.jpg\" alt=\"\" width=\"300\" height=\"200\" srcset=\"https:\/\/mula.es\/web\/wp-content\/uploads\/2026\/01\/7-2-200x133.jpg 200w, https:\/\/mula.es\/web\/wp-content\/uploads\/2026\/01\/7-2-300x200.jpg 300w, https:\/\/mula.es\/web\/wp-content\/uploads\/2026\/01\/7-2-400x267.jpg 400w, https:\/\/mula.es\/web\/wp-content\/uploads\/2026\/01\/7-2-600x400.jpg 600w, https:\/\/mula.es\/web\/wp-content\/uploads\/2026\/01\/7-2-768x512.jpg 768w, https:\/\/mula.es\/web\/wp-content\/uploads\/2026\/01\/7-2-800x533.jpg 800w, https:\/\/mula.es\/web\/wp-content\/uploads\/2026\/01\/7-2-1024x683.jpg 1024w, https:\/\/mula.es\/web\/wp-content\/uploads\/2026\/01\/7-2-1200x800.jpg 1200w, https:\/\/mula.es\/web\/wp-content\/uploads\/2026\/01\/7-2-1536x1024.jpg 1536w\" sizes=\"(max-width: 300px) 100vw, 300px\" \/><\/a> <a href=\"https:\/\/mula.es\/web\/wp-content\/uploads\/2026\/01\/8-1-scaled.jpg\"><img decoding=\"async\" data-attachment-id=\"60654\" data-permalink=\"https:\/\/mula.es\/web\/turismomula-refuerza-su-proyeccion-turistica-en-fitur-posicionandose-como-destino-de-interior-con-identidad-propia\/8-77\/\" data-orig-file=\"https:\/\/mula.es\/web\/wp-content\/uploads\/2026\/01\/8-1-scaled.jpg\" data-orig-size=\"2560,1707\" data-comments-opened=\"0\" data-image-meta=\"{&quot;aperture&quot;:&quot;0&quot;,&quot;credit&quot;:&quot;&quot;,&quot;camera&quot;:&quot;&quot;,&quot;caption&quot;:&quot;&quot;,&quot;created_timestamp&quot;:&quot;0&quot;,&quot;copyright&quot;:&quot;&quot;,&quot;focal_length&quot;:&quot;0&quot;,&quot;iso&quot;:&quot;0&quot;,&quot;shutter_speed&quot;:&quot;0&quot;,&quot;title&quot;:&quot;&quot;,&quot;orientation&quot;:&quot;1&quot;}\" data-image-title=\"8\" data-image-description=\"\" data-image-caption=\"\" data-large-file=\"https:\/\/mula.es\/web\/wp-content\/uploads\/2026\/01\/8-1-1024x683.jpg\" class=\"alignnone size-medium wp-image-60654\" src=\"https:\/\/mula.es\/web\/wp-content\/uploads\/2026\/01\/8-1-300x200.jpg\" alt=\"\" width=\"300\" height=\"200\" srcset=\"https:\/\/mula.es\/web\/wp-content\/uploads\/2026\/01\/8-1-200x133.jpg 200w, https:\/\/mula.es\/web\/wp-content\/uploads\/2026\/01\/8-1-300x200.jpg 300w, https:\/\/mula.es\/web\/wp-content\/uploads\/2026\/01\/8-1-400x267.jpg 400w, https:\/\/mula.es\/web\/wp-content\/uploads\/2026\/01\/8-1-600x400.jpg 600w, https:\/\/mula.es\/web\/wp-content\/uploads\/2026\/01\/8-1-768x512.jpg 768w, https:\/\/mula.es\/web\/wp-content\/uploads\/2026\/01\/8-1-800x533.jpg 800w, https:\/\/mula.es\/web\/wp-content\/uploads\/2026\/01\/8-1-1024x683.jpg 1024w, https:\/\/mula.es\/web\/wp-content\/uploads\/2026\/01\/8-1-1200x800.jpg 1200w, https:\/\/mula.es\/web\/wp-content\/uploads\/2026\/01\/8-1-1536x1024.jpg 1536w\" sizes=\"(max-width: 300px) 100vw, 300px\" \/><\/a> <a href=\"https:\/\/mula.es\/web\/wp-content\/uploads\/2026\/01\/9-1-scaled.jpg\"><img decoding=\"async\" data-attachment-id=\"60655\" data-permalink=\"https:\/\/mula.es\/web\/turismomula-refuerza-su-proyeccion-turistica-en-fitur-posicionandose-como-destino-de-interior-con-identidad-propia\/9-53\/\" data-orig-file=\"https:\/\/mula.es\/web\/wp-content\/uploads\/2026\/01\/9-1-scaled.jpg\" data-orig-size=\"2560,1707\" data-comments-opened=\"0\" data-image-meta=\"{&quot;aperture&quot;:&quot;0&quot;,&quot;credit&quot;:&quot;&quot;,&quot;camera&quot;:&quot;&quot;,&quot;caption&quot;:&quot;&quot;,&quot;created_timestamp&quot;:&quot;0&quot;,&quot;copyright&quot;:&quot;&quot;,&quot;focal_length&quot;:&quot;0&quot;,&quot;iso&quot;:&quot;0&quot;,&quot;shutter_speed&quot;:&quot;0&quot;,&quot;title&quot;:&quot;&quot;,&quot;orientation&quot;:&quot;1&quot;}\" data-image-title=\"9\" data-image-description=\"\" data-image-caption=\"\" data-large-file=\"https:\/\/mula.es\/web\/wp-content\/uploads\/2026\/01\/9-1-1024x683.jpg\" class=\"alignnone size-medium wp-image-60655\" src=\"https:\/\/mula.es\/web\/wp-content\/uploads\/2026\/01\/9-1-300x200.jpg\" alt=\"\" width=\"300\" height=\"200\" srcset=\"https:\/\/mula.es\/web\/wp-content\/uploads\/2026\/01\/9-1-200x133.jpg 200w, https:\/\/mula.es\/web\/wp-content\/uploads\/2026\/01\/9-1-300x200.jpg 300w, https:\/\/mula.es\/web\/wp-content\/uploads\/2026\/01\/9-1-400x267.jpg 400w, https:\/\/mula.es\/web\/wp-content\/uploads\/2026\/01\/9-1-600x400.jpg 600w, https:\/\/mula.es\/web\/wp-content\/uploads\/2026\/01\/9-1-768x512.jpg 768w, https:\/\/mula.es\/web\/wp-content\/uploads\/2026\/01\/9-1-800x533.jpg 800w, https:\/\/mula.es\/web\/wp-content\/uploads\/2026\/01\/9-1-1024x683.jpg 1024w, https:\/\/mula.es\/web\/wp-content\/uploads\/2026\/01\/9-1-1200x800.jpg 1200w, https:\/\/mula.es\/web\/wp-content\/uploads\/2026\/01\/9-1-1536x1024.jpg 1536w\" sizes=\"(max-width: 300px) 100vw, 300px\" \/><\/a> <a href=\"https:\/\/mula.es\/web\/wp-content\/uploads\/2026\/01\/10-1-scaled.jpg\"><img decoding=\"async\" data-attachment-id=\"60656\" data-permalink=\"https:\/\/mula.es\/web\/turismomula-refuerza-su-proyeccion-turistica-en-fitur-posicionandose-como-destino-de-interior-con-identidad-propia\/10-42\/\" data-orig-file=\"https:\/\/mula.es\/web\/wp-content\/uploads\/2026\/01\/10-1-scaled.jpg\" data-orig-size=\"2560,1707\" data-comments-opened=\"0\" data-image-meta=\"{&quot;aperture&quot;:&quot;0&quot;,&quot;credit&quot;:&quot;&quot;,&quot;camera&quot;:&quot;&quot;,&quot;caption&quot;:&quot;&quot;,&quot;created_timestamp&quot;:&quot;0&quot;,&quot;copyright&quot;:&quot;&quot;,&quot;focal_length&quot;:&quot;0&quot;,&quot;iso&quot;:&quot;0&quot;,&quot;shutter_speed&quot;:&quot;0&quot;,&quot;title&quot;:&quot;&quot;,&quot;orientation&quot;:&quot;1&quot;}\" data-image-title=\"10\" data-image-description=\"\" data-image-caption=\"\" data-large-file=\"https:\/\/mula.es\/web\/wp-content\/uploads\/2026\/01\/10-1-1024x683.jpg\" class=\"alignnone size-medium wp-image-60656\" src=\"https:\/\/mula.es\/web\/wp-content\/uploads\/2026\/01\/10-1-300x200.jpg\" alt=\"\" width=\"300\" height=\"200\" srcset=\"https:\/\/mula.es\/web\/wp-content\/uploads\/2026\/01\/10-1-200x133.jpg 200w, https:\/\/mula.es\/web\/wp-content\/uploads\/2026\/01\/10-1-300x200.jpg 300w, https:\/\/mula.es\/web\/wp-content\/uploads\/2026\/01\/10-1-400x267.jpg 400w, https:\/\/mula.es\/web\/wp-content\/uploads\/2026\/01\/10-1-600x400.jpg 600w, https:\/\/mula.es\/web\/wp-content\/uploads\/2026\/01\/10-1-768x512.jpg 768w, https:\/\/mula.es\/web\/wp-content\/uploads\/2026\/01\/10-1-800x533.jpg 800w, https:\/\/mula.es\/web\/wp-content\/uploads\/2026\/01\/10-1-1024x683.jpg 1024w, https:\/\/mula.es\/web\/wp-content\/uploads\/2026\/01\/10-1-1200x800.jpg 1200w, https:\/\/mula.es\/web\/wp-content\/uploads\/2026\/01\/10-1-1536x1024.jpg 1536w\" sizes=\"(max-width: 300px) 100vw, 300px\" \/><\/a><\/p>\n","protected":false},"excerpt":{"rendered":"<p>\u00a0 NOTA DE PRENSA &#8211; 26 DE ENERO DE 2026 \u00a0 \u00a0 Mula refuerza su proyecci\u00f3n tur\u00edstica en FITUR posicion\u00e1ndose como destino de interior con identidad propia \u00a0 &nbsp; El Ayuntamiento de Mula ha participado en la Feria Internacional de Turismo (FITUR), una de las citas m\u00e1s importantes del calendario tur\u00edstico nacional e internacional, con  [&#8230;]<\/p>\n","protected":false},"author":13,"featured_media":33512,"comment_status":"closed","ping_status":"closed","sticky":false,"template":"","format":"standard","meta":{"jetpack_post_was_ever_published":false,"_jetpack_newsletter_access":"","_jetpack_dont_email_post_to_subs":false,"_jetpack_newsletter_tier_id":0,"_jetpack_memberships_contains_paywalled_content":false,"_jetpack_memberships_contains_paid_content":false,"footnotes":"","jetpack_publicize_message":"","jetpack_publicize_feature_enabled":true,"jetpack_social_post_already_shared":true,"jetpack_social_options":{"image_generator_settings":{"template":"highway","default_image_id":0,"font":"","enabled":false},"version":2}},"categories":[75],"tags":[],"class_list":["post-60646","post","type-post","status-publish","format-standard","has-post-thumbnail","hentry","category-turismo"],"yoast_head":"<!-- This site is optimized with the Yoast SEO plugin v27.5 - https:\/\/yoast.com\/product\/yoast-seo-wordpress\/ -->\n<title>TURISMO | Mula refuerza su proyecci\u00f3n tur\u00edstica en FITUR posicion\u00e1ndose como destino de interior con identidad propia \u00a0 - Ayuntamiento de Mula<\/title>\n<meta name=\"robots\" content=\"index, follow, max-snippet:-1, max-image-preview:large, max-video-preview:-1\" \/>\n<link rel=\"canonical\" href=\"https:\/\/mula.es\/web\/turismomula-refuerza-su-proyeccion-turistica-en-fitur-posicionandose-como-destino-de-interior-con-identidad-propia\/\" \/>\n<meta property=\"og:locale\" content=\"es_ES\" \/>\n<meta property=\"og:type\" content=\"article\" \/>\n<meta property=\"og:title\" content=\"TURISMO | Mula refuerza su proyecci\u00f3n tur\u00edstica en FITUR posicion\u00e1ndose como destino de interior con identidad propia \u00a0 - Ayuntamiento de Mula\" \/>\n<meta property=\"og:description\" content=\"\u00a0 NOTA DE PRENSA &#8211; 26 DE ENERO DE 2026 \u00a0 \u00a0 Mula refuerza su proyecci\u00f3n tur\u00edstica en FITUR posicion\u00e1ndose como destino de interior con identidad propia \u00a0 &nbsp; El Ayuntamiento de Mula ha participado en la Feria Internacional de Turismo (FITUR), una de las citas m\u00e1s importantes del calendario tur\u00edstico nacional e internacional, con [...]\" \/>\n<meta property=\"og:url\" content=\"https:\/\/mula.es\/web\/turismomula-refuerza-su-proyeccion-turistica-en-fitur-posicionandose-como-destino-de-interior-con-identidad-propia\/\" \/>\n<meta property=\"og:site_name\" content=\"Ayuntamiento de Mula\" \/>\n<meta property=\"article:published_time\" content=\"2026-01-26T19:29:40+00:00\" \/>\n<meta property=\"og:image\" content=\"https:\/\/mula.es\/web\/wp-content\/uploads\/2020\/06\/escudo-cuadrado-e1591045058235.jpg\" \/>\n\t<meta property=\"og:image:width\" content=\"200\" \/>\n\t<meta property=\"og:image:height\" content=\"218\" \/>\n\t<meta property=\"og:image:type\" content=\"image\/jpeg\" \/>\n<meta name=\"author\" content=\"Laura Salas Orcajada\" \/>\n<meta name=\"twitter:card\" content=\"summary_large_image\" \/>\n<meta name=\"twitter:creator\" content=\"@AyuntamientMula\" \/>\n<meta name=\"twitter:site\" content=\"@AyuntamientMula\" \/>\n<meta name=\"twitter:label1\" content=\"Escrito por\" \/>\n\t<meta name=\"twitter:data1\" content=\"Laura Salas Orcajada\" \/>\n\t<meta name=\"twitter:label2\" content=\"Tiempo de lectura\" \/>\n\t<meta name=\"twitter:data2\" content=\"1 minuto\" \/>\n<script type=\"application\/ld+json\" class=\"yoast-schema-graph\">{\"@context\":\"https:\\\/\\\/schema.org\",\"@graph\":[{\"@type\":\"Article\",\"@id\":\"https:\\\/\\\/mula.es\\\/web\\\/turismomula-refuerza-su-proyeccion-turistica-en-fitur-posicionandose-como-destino-de-interior-con-identidad-propia\\\/#article\",\"isPartOf\":{\"@id\":\"https:\\\/\\\/mula.es\\\/web\\\/turismomula-refuerza-su-proyeccion-turistica-en-fitur-posicionandose-como-destino-de-interior-con-identidad-propia\\\/\"},\"author\":{\"name\":\"Laura Salas Orcajada\",\"@id\":\"https:\\\/\\\/mula.es\\\/web\\\/#\\\/schema\\\/person\\\/4f10179bd364f40dceed361e61e4033f\"},\"headline\":\"TURISMO | Mula refuerza su proyecci\u00f3n tur\u00edstica en FITUR posicion\u00e1ndose como destino de interior con identidad propia \u00a0\",\"datePublished\":\"2026-01-26T19:29:40+00:00\",\"mainEntityOfPage\":{\"@id\":\"https:\\\/\\\/mula.es\\\/web\\\/turismomula-refuerza-su-proyeccion-turistica-en-fitur-posicionandose-como-destino-de-interior-con-identidad-propia\\\/\"},\"wordCount\":391,\"image\":{\"@id\":\"https:\\\/\\\/mula.es\\\/web\\\/turismomula-refuerza-su-proyeccion-turistica-en-fitur-posicionandose-como-destino-de-interior-con-identidad-propia\\\/#primaryimage\"},\"thumbnailUrl\":\"https:\\\/\\\/mula.es\\\/web\\\/wp-content\\\/uploads\\\/2020\\\/06\\\/escudo-cuadrado-e1591045058235.jpg\",\"articleSection\":[\"turismo\"],\"inLanguage\":\"es\"},{\"@type\":\"WebPage\",\"@id\":\"https:\\\/\\\/mula.es\\\/web\\\/turismomula-refuerza-su-proyeccion-turistica-en-fitur-posicionandose-como-destino-de-interior-con-identidad-propia\\\/\",\"url\":\"https:\\\/\\\/mula.es\\\/web\\\/turismomula-refuerza-su-proyeccion-turistica-en-fitur-posicionandose-como-destino-de-interior-con-identidad-propia\\\/\",\"name\":\"TURISMO | Mula refuerza su proyecci\u00f3n tur\u00edstica en FITUR posicion\u00e1ndose como destino de interior con identidad propia \u00a0 - Ayuntamiento de Mula\",\"isPartOf\":{\"@id\":\"https:\\\/\\\/mula.es\\\/web\\\/#website\"},\"primaryImageOfPage\":{\"@id\":\"https:\\\/\\\/mula.es\\\/web\\\/turismomula-refuerza-su-proyeccion-turistica-en-fitur-posicionandose-como-destino-de-interior-con-identidad-propia\\\/#primaryimage\"},\"image\":{\"@id\":\"https:\\\/\\\/mula.es\\\/web\\\/turismomula-refuerza-su-proyeccion-turistica-en-fitur-posicionandose-como-destino-de-interior-con-identidad-propia\\\/#primaryimage\"},\"thumbnailUrl\":\"https:\\\/\\\/mula.es\\\/web\\\/wp-content\\\/uploads\\\/2020\\\/06\\\/escudo-cuadrado-e1591045058235.jpg\",\"datePublished\":\"2026-01-26T19:29:40+00:00\",\"author\":{\"@id\":\"https:\\\/\\\/mula.es\\\/web\\\/#\\\/schema\\\/person\\\/4f10179bd364f40dceed361e61e4033f\"},\"breadcrumb\":{\"@id\":\"https:\\\/\\\/mula.es\\\/web\\\/turismomula-refuerza-su-proyeccion-turistica-en-fitur-posicionandose-como-destino-de-interior-con-identidad-propia\\\/#breadcrumb\"},\"inLanguage\":\"es\",\"potentialAction\":[{\"@type\":\"ReadAction\",\"target\":[\"https:\\\/\\\/mula.es\\\/web\\\/turismomula-refuerza-su-proyeccion-turistica-en-fitur-posicionandose-como-destino-de-interior-con-identidad-propia\\\/\"]}]},{\"@type\":\"ImageObject\",\"inLanguage\":\"es\",\"@id\":\"https:\\\/\\\/mula.es\\\/web\\\/turismomula-refuerza-su-proyeccion-turistica-en-fitur-posicionandose-como-destino-de-interior-con-identidad-propia\\\/#primaryimage\",\"url\":\"https:\\\/\\\/mula.es\\\/web\\\/wp-content\\\/uploads\\\/2020\\\/06\\\/escudo-cuadrado-e1591045058235.jpg\",\"contentUrl\":\"https:\\\/\\\/mula.es\\\/web\\\/wp-content\\\/uploads\\\/2020\\\/06\\\/escudo-cuadrado-e1591045058235.jpg\",\"width\":200,\"height\":218},{\"@type\":\"BreadcrumbList\",\"@id\":\"https:\\\/\\\/mula.es\\\/web\\\/turismomula-refuerza-su-proyeccion-turistica-en-fitur-posicionandose-como-destino-de-interior-con-identidad-propia\\\/#breadcrumb\",\"itemListElement\":[{\"@type\":\"ListItem\",\"position\":1,\"name\":\"Portada\",\"item\":\"https:\\\/\\\/mula.es\\\/web\\\/\"},{\"@type\":\"ListItem\",\"position\":2,\"name\":\"TURISMO | Mula refuerza su proyecci\u00f3n tur\u00edstica en FITUR posicion\u00e1ndose como destino de interior con identidad propia \u00a0\"}]},{\"@type\":\"WebSite\",\"@id\":\"https:\\\/\\\/mula.es\\\/web\\\/#website\",\"url\":\"https:\\\/\\\/mula.es\\\/web\\\/\",\"name\":\"Ayuntamiento de Mula\",\"description\":\"P\u00e1gina web del Ayuntamiento de Mula (Regi\u00f3n de Murcia)\",\"potentialAction\":[{\"@type\":\"SearchAction\",\"target\":{\"@type\":\"EntryPoint\",\"urlTemplate\":\"https:\\\/\\\/mula.es\\\/web\\\/?s={search_term_string}\"},\"query-input\":{\"@type\":\"PropertyValueSpecification\",\"valueRequired\":true,\"valueName\":\"search_term_string\"}}],\"inLanguage\":\"es\"},{\"@type\":\"Person\",\"@id\":\"https:\\\/\\\/mula.es\\\/web\\\/#\\\/schema\\\/person\\\/4f10179bd364f40dceed361e61e4033f\",\"name\":\"Laura Salas Orcajada\",\"image\":{\"@type\":\"ImageObject\",\"inLanguage\":\"es\",\"@id\":\"https:\\\/\\\/secure.gravatar.com\\\/avatar\\\/786f2a223d9a455e2a448f78b5dcc1117207ef56ef3d9a04df338c0f775cd403?s=96&d=mm&r=g\",\"url\":\"https:\\\/\\\/secure.gravatar.com\\\/avatar\\\/786f2a223d9a455e2a448f78b5dcc1117207ef56ef3d9a04df338c0f775cd403?s=96&d=mm&r=g\",\"contentUrl\":\"https:\\\/\\\/secure.gravatar.com\\\/avatar\\\/786f2a223d9a455e2a448f78b5dcc1117207ef56ef3d9a04df338c0f775cd403?s=96&d=mm&r=g\",\"caption\":\"Laura Salas Orcajada\"},\"url\":\"https:\\\/\\\/mula.es\\\/web\\\/author\\\/lsalas\\\/\"}]}<\/script>\n<!-- \/ Yoast SEO plugin. -->","yoast_head_json":{"title":"TURISMO | Mula refuerza su proyecci\u00f3n tur\u00edstica en FITUR posicion\u00e1ndose como destino de interior con identidad propia \u00a0 - Ayuntamiento de Mula","robots":{"index":"index","follow":"follow","max-snippet":"max-snippet:-1","max-image-preview":"max-image-preview:large","max-video-preview":"max-video-preview:-1"},"canonical":"https:\/\/mula.es\/web\/turismomula-refuerza-su-proyeccion-turistica-en-fitur-posicionandose-como-destino-de-interior-con-identidad-propia\/","og_locale":"es_ES","og_type":"article","og_title":"TURISMO | Mula refuerza su proyecci\u00f3n tur\u00edstica en FITUR posicion\u00e1ndose como destino de interior con identidad propia \u00a0 - Ayuntamiento de Mula","og_description":"\u00a0 NOTA DE PRENSA &#8211; 26 DE ENERO DE 2026 \u00a0 \u00a0 Mula refuerza su proyecci\u00f3n tur\u00edstica en FITUR posicion\u00e1ndose como destino de interior con identidad propia \u00a0 &nbsp; El Ayuntamiento de Mula ha participado en la Feria Internacional de Turismo (FITUR), una de las citas m\u00e1s importantes del calendario tur\u00edstico nacional e internacional, con [...]","og_url":"https:\/\/mula.es\/web\/turismomula-refuerza-su-proyeccion-turistica-en-fitur-posicionandose-como-destino-de-interior-con-identidad-propia\/","og_site_name":"Ayuntamiento de Mula","article_published_time":"2026-01-26T19:29:40+00:00","og_image":[{"width":200,"height":218,"url":"https:\/\/mula.es\/web\/wp-content\/uploads\/2020\/06\/escudo-cuadrado-e1591045058235.jpg","type":"image\/jpeg"}],"author":"Laura Salas Orcajada","twitter_card":"summary_large_image","twitter_creator":"@AyuntamientMula","twitter_site":"@AyuntamientMula","twitter_misc":{"Escrito por":"Laura Salas Orcajada","Tiempo de lectura":"1 minuto"},"schema":{"@context":"https:\/\/schema.org","@graph":[{"@type":"Article","@id":"https:\/\/mula.es\/web\/turismomula-refuerza-su-proyeccion-turistica-en-fitur-posicionandose-como-destino-de-interior-con-identidad-propia\/#article","isPartOf":{"@id":"https:\/\/mula.es\/web\/turismomula-refuerza-su-proyeccion-turistica-en-fitur-posicionandose-como-destino-de-interior-con-identidad-propia\/"},"author":{"name":"Laura Salas Orcajada","@id":"https:\/\/mula.es\/web\/#\/schema\/person\/4f10179bd364f40dceed361e61e4033f"},"headline":"TURISMO | Mula refuerza su proyecci\u00f3n tur\u00edstica en FITUR posicion\u00e1ndose como destino de interior con identidad propia \u00a0","datePublished":"2026-01-26T19:29:40+00:00","mainEntityOfPage":{"@id":"https:\/\/mula.es\/web\/turismomula-refuerza-su-proyeccion-turistica-en-fitur-posicionandose-como-destino-de-interior-con-identidad-propia\/"},"wordCount":391,"image":{"@id":"https:\/\/mula.es\/web\/turismomula-refuerza-su-proyeccion-turistica-en-fitur-posicionandose-como-destino-de-interior-con-identidad-propia\/#primaryimage"},"thumbnailUrl":"https:\/\/mula.es\/web\/wp-content\/uploads\/2020\/06\/escudo-cuadrado-e1591045058235.jpg","articleSection":["turismo"],"inLanguage":"es"},{"@type":"WebPage","@id":"https:\/\/mula.es\/web\/turismomula-refuerza-su-proyeccion-turistica-en-fitur-posicionandose-como-destino-de-interior-con-identidad-propia\/","url":"https:\/\/mula.es\/web\/turismomula-refuerza-su-proyeccion-turistica-en-fitur-posicionandose-como-destino-de-interior-con-identidad-propia\/","name":"TURISMO | Mula refuerza su proyecci\u00f3n tur\u00edstica en FITUR posicion\u00e1ndose como destino de interior con identidad propia \u00a0 - Ayuntamiento de Mula","isPartOf":{"@id":"https:\/\/mula.es\/web\/#website"},"primaryImageOfPage":{"@id":"https:\/\/mula.es\/web\/turismomula-refuerza-su-proyeccion-turistica-en-fitur-posicionandose-como-destino-de-interior-con-identidad-propia\/#primaryimage"},"image":{"@id":"https:\/\/mula.es\/web\/turismomula-refuerza-su-proyeccion-turistica-en-fitur-posicionandose-como-destino-de-interior-con-identidad-propia\/#primaryimage"},"thumbnailUrl":"https:\/\/mula.es\/web\/wp-content\/uploads\/2020\/06\/escudo-cuadrado-e1591045058235.jpg","datePublished":"2026-01-26T19:29:40+00:00","author":{"@id":"https:\/\/mula.es\/web\/#\/schema\/person\/4f10179bd364f40dceed361e61e4033f"},"breadcrumb":{"@id":"https:\/\/mula.es\/web\/turismomula-refuerza-su-proyeccion-turistica-en-fitur-posicionandose-como-destino-de-interior-con-identidad-propia\/#breadcrumb"},"inLanguage":"es","potentialAction":[{"@type":"ReadAction","target":["https:\/\/mula.es\/web\/turismomula-refuerza-su-proyeccion-turistica-en-fitur-posicionandose-como-destino-de-interior-con-identidad-propia\/"]}]},{"@type":"ImageObject","inLanguage":"es","@id":"https:\/\/mula.es\/web\/turismomula-refuerza-su-proyeccion-turistica-en-fitur-posicionandose-como-destino-de-interior-con-identidad-propia\/#primaryimage","url":"https:\/\/mula.es\/web\/wp-content\/uploads\/2020\/06\/escudo-cuadrado-e1591045058235.jpg","contentUrl":"https:\/\/mula.es\/web\/wp-content\/uploads\/2020\/06\/escudo-cuadrado-e1591045058235.jpg","width":200,"height":218},{"@type":"BreadcrumbList","@id":"https:\/\/mula.es\/web\/turismomula-refuerza-su-proyeccion-turistica-en-fitur-posicionandose-como-destino-de-interior-con-identidad-propia\/#breadcrumb","itemListElement":[{"@type":"ListItem","position":1,"name":"Portada","item":"https:\/\/mula.es\/web\/"},{"@type":"ListItem","position":2,"name":"TURISMO | Mula refuerza su proyecci\u00f3n tur\u00edstica en FITUR posicion\u00e1ndose como destino de interior con identidad propia \u00a0"}]},{"@type":"WebSite","@id":"https:\/\/mula.es\/web\/#website","url":"https:\/\/mula.es\/web\/","name":"Ayuntamiento de Mula","description":"P\u00e1gina web del Ayuntamiento de Mula (Regi\u00f3n de Murcia)","potentialAction":[{"@type":"SearchAction","target":{"@type":"EntryPoint","urlTemplate":"https:\/\/mula.es\/web\/?s={search_term_string}"},"query-input":{"@type":"PropertyValueSpecification","valueRequired":true,"valueName":"search_term_string"}}],"inLanguage":"es"},{"@type":"Person","@id":"https:\/\/mula.es\/web\/#\/schema\/person\/4f10179bd364f40dceed361e61e4033f","name":"Laura Salas Orcajada","image":{"@type":"ImageObject","inLanguage":"es","@id":"https:\/\/secure.gravatar.com\/avatar\/786f2a223d9a455e2a448f78b5dcc1117207ef56ef3d9a04df338c0f775cd403?s=96&d=mm&r=g","url":"https:\/\/secure.gravatar.com\/avatar\/786f2a223d9a455e2a448f78b5dcc1117207ef56ef3d9a04df338c0f775cd403?s=96&d=mm&r=g","contentUrl":"https:\/\/secure.gravatar.com\/avatar\/786f2a223d9a455e2a448f78b5dcc1117207ef56ef3d9a04df338c0f775cd403?s=96&d=mm&r=g","caption":"Laura Salas Orcajada"},"url":"https:\/\/mula.es\/web\/author\/lsalas\/"}]}},"jetpack_publicize_connections":[],"jetpack_featured_media_url":"https:\/\/mula.es\/web\/wp-content\/uploads\/2020\/06\/escudo-cuadrado-e1591045058235.jpg","jetpack_sharing_enabled":true,"jetpack_shortlink":"https:\/\/wp.me\/pa9DMY-fMa","jetpack-related-posts":[],"_links":{"self":[{"href":"https:\/\/mula.es\/web\/wp-json\/wp\/v2\/posts\/60646","targetHints":{"allow":["GET"]}}],"collection":[{"href":"https:\/\/mula.es\/web\/wp-json\/wp\/v2\/posts"}],"about":[{"href":"https:\/\/mula.es\/web\/wp-json\/wp\/v2\/types\/post"}],"author":[{"embeddable":true,"href":"https:\/\/mula.es\/web\/wp-json\/wp\/v2\/users\/13"}],"replies":[{"embeddable":true,"href":"https:\/\/mula.es\/web\/wp-json\/wp\/v2\/comments?post=60646"}],"version-history":[{"count":1,"href":"https:\/\/mula.es\/web\/wp-json\/wp\/v2\/posts\/60646\/revisions"}],"predecessor-version":[{"id":60657,"href":"https:\/\/mula.es\/web\/wp-json\/wp\/v2\/posts\/60646\/revisions\/60657"}],"wp:featuredmedia":[{"embeddable":true,"href":"https:\/\/mula.es\/web\/wp-json\/wp\/v2\/media\/33512"}],"wp:attachment":[{"href":"https:\/\/mula.es\/web\/wp-json\/wp\/v2\/media?parent=60646"}],"wp:term":[{"taxonomy":"category","embeddable":true,"href":"https:\/\/mula.es\/web\/wp-json\/wp\/v2\/categories?post=60646"},{"taxonomy":"post_tag","embeddable":true,"href":"https:\/\/mula.es\/web\/wp-json\/wp\/v2\/tags?post=60646"}],"curies":[{"name":"wp","href":"https:\/\/api.w.org\/{rel}","templated":true}]}}