{"id":60658,"date":"2026-01-27T12:56:32","date_gmt":"2026-01-27T11:56:32","guid":{"rendered":"https:\/\/mula.es\/web\/?p=60658"},"modified":"2026-01-27T13:01:45","modified_gmt":"2026-01-27T12:01:45","slug":"calidad-el-convento-de-san-francisco-acoge-la-presentacion-de-los-talleres-mula-salud-un-ciclo-gratuito-sobre-bienestar-y-prevencion-para-la-poblacion-adulta","status":"publish","type":"post","link":"https:\/\/mula.es\/web\/calidad-el-convento-de-san-francisco-acoge-la-presentacion-de-los-talleres-mula-salud-un-ciclo-gratuito-sobre-bienestar-y-prevencion-para-la-poblacion-adulta\/","title":{"rendered":"CALIDAD DE VIDA | El Convento de San Francisco acoge la presentaci\u00f3n de los talleres \u201cMula Salud\u201d, un ciclo gratuito sobre bienestar y prevenci\u00f3n para la poblaci\u00f3n adulta"},"content":{"rendered":"<p><strong>\u00a0<\/strong><\/p>\n<p><strong>NOTA DE PRENSA &#8211; 27 DE ENERO DE 202<\/strong><strong>6<\/strong><\/p>\n<p><strong>\u00a0<\/strong><\/p>\n<p><strong>\u00a0<\/strong><\/p>\n<h2><strong>El Convento de San Francisco acoge la presentaci\u00f3n de los talleres \u201cMula Salud\u201d, un ciclo gratuito sobre bienestar y prevenci\u00f3n para la poblaci\u00f3n adulta<\/strong><\/h2>\n<p><strong>\u00a0<\/strong><\/p>\n<p>El Ayuntamiento de Mula ha presentado el programa <strong>Talleres Mula Salud<\/strong>, una propuesta formativa dirigida a la poblaci\u00f3n adulta, con el objetivo de acercar contenidos \u00fatiles y pr\u00e1cticos sobre bienestar y prevenci\u00f3n en el d\u00eda a d\u00eda. El acto de presentaci\u00f3n ha contado con la participaci\u00f3n de <strong>Miguel Hern\u00e1ndez<\/strong>, coordinador del programa \u201cCuidamos de ti Oro\u201d del Servicio Murciano de Salud; la concejala de Sanidad y Mayores, <strong>Antonia Gabarr\u00f3n<\/strong>, y el alcalde de Mula.<\/p>\n<p>Los talleres se desarrollan dentro del programa Salud <strong>\u201cCuidamos de ti Oro\u201d<\/strong>, una iniciativa pionera en la sanidad p\u00fablica espa\u00f1ola que pone en valor la experiencia y el conocimiento de profesionales del sistema p\u00fablico sanitario ya jubilados para trasladarlos a la ciudadan\u00eda en formato divulgativo y cercano.<\/p>\n<p>El ciclo se extender\u00e1 durante todo el semestre con <strong>una sesi\u00f3n mensual<\/strong>, abordando tem\u00e1ticas clave para mejorar la calidad de vida, como <strong>alimentaci\u00f3n saludable<\/strong>, <strong>beneficios de la actividad f\u00edsica<\/strong>, <strong>el sue\u00f1o como pilar de la salud<\/strong>, <strong>menopausia<\/strong> y <strong>sexualidad<\/strong>, entre otros contenidos.<\/p>\n<p>Los Talleres Mula Salud son <strong>totalmente gratuitos<\/strong>, <strong>no requieren inscripci\u00f3n previa<\/strong> y se podr\u00e1 asistir <strong>hasta completar aforo<\/strong>. Aunque est\u00e1n especialmente pensados para personas mayores, <strong>no es necesario estar jubilado<\/strong>, y la participaci\u00f3n est\u00e1 abierta a cualquier persona interesada. Las sesiones estar\u00e1n impartidas por <strong>m\u00e9dicos, enfermeros y profesionales sanitarios<\/strong> con amplia trayectoria, que ofrecer\u00e1n herramientas y recomendaciones accesibles para incorporar h\u00e1bitos saludables de forma realista.<\/p>\n<p>El ciclo comenzar\u00e1 <strong>este viernes a las 11:00 horas en el Archivo Municipal<\/strong>, y continuar\u00e1 durante los pr\u00f3ximos meses con nuevas sesiones mensuales.<\/p>\n<p>El alcalde ha agradecido la colaboraci\u00f3n del Servicio Murciano de Salud \u201cpor hacer posible este servicio tan necesario, que acerca la prevenci\u00f3n y el cuidado de la salud a nuestra ciudadan\u00eda, con contenidos \u00fatiles y profesionales de primer nivel\u201d.<\/p>\n<p><a href=\"https:\/\/mula.es\/web\/wp-content\/uploads\/2026\/01\/1-8.jpg\"><img decoding=\"async\" data-attachment-id=\"60659\" data-permalink=\"https:\/\/mula.es\/web\/calidad-el-convento-de-san-francisco-acoge-la-presentacion-de-los-talleres-mula-salud-un-ciclo-gratuito-sobre-bienestar-y-prevencion-para-la-poblacion-adulta\/1-394\/\" data-orig-file=\"https:\/\/mula.es\/web\/wp-content\/uploads\/2026\/01\/1-8.jpg\" data-orig-size=\"1080,1350\" data-comments-opened=\"0\" data-image-meta=\"{&quot;aperture&quot;:&quot;0&quot;,&quot;credit&quot;:&quot;&quot;,&quot;camera&quot;:&quot;&quot;,&quot;caption&quot;:&quot;&quot;,&quot;created_timestamp&quot;:&quot;0&quot;,&quot;copyright&quot;:&quot;&quot;,&quot;focal_length&quot;:&quot;0&quot;,&quot;iso&quot;:&quot;0&quot;,&quot;shutter_speed&quot;:&quot;0&quot;,&quot;title&quot;:&quot;&quot;,&quot;orientation&quot;:&quot;1&quot;}\" data-image-title=\"1\" data-image-description=\"\" data-image-caption=\"\" data-large-file=\"https:\/\/mula.es\/web\/wp-content\/uploads\/2026\/01\/1-8-819x1024.jpg\" class=\"alignnone size-medium wp-image-60659\" src=\"https:\/\/mula.es\/web\/wp-content\/uploads\/2026\/01\/1-8-240x300.jpg\" alt=\"\" width=\"240\" height=\"300\" srcset=\"https:\/\/mula.es\/web\/wp-content\/uploads\/2026\/01\/1-8-200x250.jpg 200w, https:\/\/mula.es\/web\/wp-content\/uploads\/2026\/01\/1-8-240x300.jpg 240w, https:\/\/mula.es\/web\/wp-content\/uploads\/2026\/01\/1-8-400x500.jpg 400w, https:\/\/mula.es\/web\/wp-content\/uploads\/2026\/01\/1-8-600x750.jpg 600w, https:\/\/mula.es\/web\/wp-content\/uploads\/2026\/01\/1-8-768x960.jpg 768w, https:\/\/mula.es\/web\/wp-content\/uploads\/2026\/01\/1-8-800x1000.jpg 800w, https:\/\/mula.es\/web\/wp-content\/uploads\/2026\/01\/1-8-819x1024.jpg 819w, https:\/\/mula.es\/web\/wp-content\/uploads\/2026\/01\/1-8.jpg 1080w\" sizes=\"(max-width: 240px) 100vw, 240px\" \/><\/a> <a href=\"https:\/\/mula.es\/web\/wp-content\/uploads\/2026\/01\/2-9.jpg\"><img decoding=\"async\" data-attachment-id=\"60660\" data-permalink=\"https:\/\/mula.es\/web\/calidad-el-convento-de-san-francisco-acoge-la-presentacion-de-los-talleres-mula-salud-un-ciclo-gratuito-sobre-bienestar-y-prevencion-para-la-poblacion-adulta\/2-369\/\" data-orig-file=\"https:\/\/mula.es\/web\/wp-content\/uploads\/2026\/01\/2-9.jpg\" data-orig-size=\"1080,1350\" data-comments-opened=\"0\" data-image-meta=\"{&quot;aperture&quot;:&quot;0&quot;,&quot;credit&quot;:&quot;&quot;,&quot;camera&quot;:&quot;&quot;,&quot;caption&quot;:&quot;&quot;,&quot;created_timestamp&quot;:&quot;0&quot;,&quot;copyright&quot;:&quot;&quot;,&quot;focal_length&quot;:&quot;0&quot;,&quot;iso&quot;:&quot;0&quot;,&quot;shutter_speed&quot;:&quot;0&quot;,&quot;title&quot;:&quot;&quot;,&quot;orientation&quot;:&quot;1&quot;}\" data-image-title=\"2\" data-image-description=\"\" data-image-caption=\"\" data-large-file=\"https:\/\/mula.es\/web\/wp-content\/uploads\/2026\/01\/2-9-819x1024.jpg\" class=\"alignnone size-medium wp-image-60660\" src=\"https:\/\/mula.es\/web\/wp-content\/uploads\/2026\/01\/2-9-240x300.jpg\" alt=\"\" width=\"240\" height=\"300\" srcset=\"https:\/\/mula.es\/web\/wp-content\/uploads\/2026\/01\/2-9-200x250.jpg 200w, https:\/\/mula.es\/web\/wp-content\/uploads\/2026\/01\/2-9-240x300.jpg 240w, https:\/\/mula.es\/web\/wp-content\/uploads\/2026\/01\/2-9-400x500.jpg 400w, https:\/\/mula.es\/web\/wp-content\/uploads\/2026\/01\/2-9-600x750.jpg 600w, https:\/\/mula.es\/web\/wp-content\/uploads\/2026\/01\/2-9-768x960.jpg 768w, https:\/\/mula.es\/web\/wp-content\/uploads\/2026\/01\/2-9-800x1000.jpg 800w, https:\/\/mula.es\/web\/wp-content\/uploads\/2026\/01\/2-9-819x1024.jpg 819w, https:\/\/mula.es\/web\/wp-content\/uploads\/2026\/01\/2-9.jpg 1080w\" sizes=\"(max-width: 240px) 100vw, 240px\" \/><\/a> <a href=\"https:\/\/mula.es\/web\/wp-content\/uploads\/2026\/01\/3-7.jpg\"><img decoding=\"async\" data-attachment-id=\"60661\" data-permalink=\"https:\/\/mula.es\/web\/calidad-el-convento-de-san-francisco-acoge-la-presentacion-de-los-talleres-mula-salud-un-ciclo-gratuito-sobre-bienestar-y-prevencion-para-la-poblacion-adulta\/3-315\/\" data-orig-file=\"https:\/\/mula.es\/web\/wp-content\/uploads\/2026\/01\/3-7.jpg\" data-orig-size=\"1080,1350\" data-comments-opened=\"0\" data-image-meta=\"{&quot;aperture&quot;:&quot;0&quot;,&quot;credit&quot;:&quot;&quot;,&quot;camera&quot;:&quot;&quot;,&quot;caption&quot;:&quot;&quot;,&quot;created_timestamp&quot;:&quot;0&quot;,&quot;copyright&quot;:&quot;&quot;,&quot;focal_length&quot;:&quot;0&quot;,&quot;iso&quot;:&quot;0&quot;,&quot;shutter_speed&quot;:&quot;0&quot;,&quot;title&quot;:&quot;&quot;,&quot;orientation&quot;:&quot;1&quot;}\" data-image-title=\"3\" data-image-description=\"\" data-image-caption=\"\" data-large-file=\"https:\/\/mula.es\/web\/wp-content\/uploads\/2026\/01\/3-7-819x1024.jpg\" class=\"alignnone size-medium wp-image-60661\" src=\"https:\/\/mula.es\/web\/wp-content\/uploads\/2026\/01\/3-7-240x300.jpg\" alt=\"\" width=\"240\" height=\"300\" srcset=\"https:\/\/mula.es\/web\/wp-content\/uploads\/2026\/01\/3-7-200x250.jpg 200w, https:\/\/mula.es\/web\/wp-content\/uploads\/2026\/01\/3-7-240x300.jpg 240w, https:\/\/mula.es\/web\/wp-content\/uploads\/2026\/01\/3-7-400x500.jpg 400w, https:\/\/mula.es\/web\/wp-content\/uploads\/2026\/01\/3-7-600x750.jpg 600w, https:\/\/mula.es\/web\/wp-content\/uploads\/2026\/01\/3-7-768x960.jpg 768w, https:\/\/mula.es\/web\/wp-content\/uploads\/2026\/01\/3-7-800x1000.jpg 800w, https:\/\/mula.es\/web\/wp-content\/uploads\/2026\/01\/3-7-819x1024.jpg 819w, https:\/\/mula.es\/web\/wp-content\/uploads\/2026\/01\/3-7.jpg 1080w\" sizes=\"(max-width: 240px) 100vw, 240px\" \/><\/a> <a href=\"https:\/\/mula.es\/web\/wp-content\/uploads\/2026\/01\/4-5.jpg\"><img decoding=\"async\" data-attachment-id=\"60662\" data-permalink=\"https:\/\/mula.es\/web\/calidad-el-convento-de-san-francisco-acoge-la-presentacion-de-los-talleres-mula-salud-un-ciclo-gratuito-sobre-bienestar-y-prevencion-para-la-poblacion-adulta\/4-233\/\" data-orig-file=\"https:\/\/mula.es\/web\/wp-content\/uploads\/2026\/01\/4-5.jpg\" data-orig-size=\"1080,1350\" data-comments-opened=\"0\" data-image-meta=\"{&quot;aperture&quot;:&quot;0&quot;,&quot;credit&quot;:&quot;&quot;,&quot;camera&quot;:&quot;&quot;,&quot;caption&quot;:&quot;&quot;,&quot;created_timestamp&quot;:&quot;0&quot;,&quot;copyright&quot;:&quot;&quot;,&quot;focal_length&quot;:&quot;0&quot;,&quot;iso&quot;:&quot;0&quot;,&quot;shutter_speed&quot;:&quot;0&quot;,&quot;title&quot;:&quot;&quot;,&quot;orientation&quot;:&quot;1&quot;}\" data-image-title=\"4\" data-image-description=\"\" data-image-caption=\"\" data-large-file=\"https:\/\/mula.es\/web\/wp-content\/uploads\/2026\/01\/4-5-819x1024.jpg\" class=\"alignnone size-medium wp-image-60662\" src=\"https:\/\/mula.es\/web\/wp-content\/uploads\/2026\/01\/4-5-240x300.jpg\" alt=\"\" width=\"240\" height=\"300\" srcset=\"https:\/\/mula.es\/web\/wp-content\/uploads\/2026\/01\/4-5-200x250.jpg 200w, https:\/\/mula.es\/web\/wp-content\/uploads\/2026\/01\/4-5-240x300.jpg 240w, https:\/\/mula.es\/web\/wp-content\/uploads\/2026\/01\/4-5-400x500.jpg 400w, https:\/\/mula.es\/web\/wp-content\/uploads\/2026\/01\/4-5-600x750.jpg 600w, https:\/\/mula.es\/web\/wp-content\/uploads\/2026\/01\/4-5-768x960.jpg 768w, https:\/\/mula.es\/web\/wp-content\/uploads\/2026\/01\/4-5-800x1000.jpg 800w, https:\/\/mula.es\/web\/wp-content\/uploads\/2026\/01\/4-5-819x1024.jpg 819w, https:\/\/mula.es\/web\/wp-content\/uploads\/2026\/01\/4-5.jpg 1080w\" sizes=\"(max-width: 240px) 100vw, 240px\" \/><\/a> <a href=\"https:\/\/mula.es\/web\/wp-content\/uploads\/2026\/01\/5-4.jpg\"><img decoding=\"async\" data-attachment-id=\"60663\" data-permalink=\"https:\/\/mula.es\/web\/calidad-el-convento-de-san-francisco-acoge-la-presentacion-de-los-talleres-mula-salud-un-ciclo-gratuito-sobre-bienestar-y-prevencion-para-la-poblacion-adulta\/5-173\/\" data-orig-file=\"https:\/\/mula.es\/web\/wp-content\/uploads\/2026\/01\/5-4.jpg\" data-orig-size=\"1080,1350\" data-comments-opened=\"0\" data-image-meta=\"{&quot;aperture&quot;:&quot;0&quot;,&quot;credit&quot;:&quot;&quot;,&quot;camera&quot;:&quot;&quot;,&quot;caption&quot;:&quot;&quot;,&quot;created_timestamp&quot;:&quot;0&quot;,&quot;copyright&quot;:&quot;&quot;,&quot;focal_length&quot;:&quot;0&quot;,&quot;iso&quot;:&quot;0&quot;,&quot;shutter_speed&quot;:&quot;0&quot;,&quot;title&quot;:&quot;&quot;,&quot;orientation&quot;:&quot;1&quot;}\" data-image-title=\"5\" data-image-description=\"\" data-image-caption=\"\" data-large-file=\"https:\/\/mula.es\/web\/wp-content\/uploads\/2026\/01\/5-4-819x1024.jpg\" class=\"alignnone size-medium wp-image-60663\" src=\"https:\/\/mula.es\/web\/wp-content\/uploads\/2026\/01\/5-4-240x300.jpg\" alt=\"\" width=\"240\" height=\"300\" srcset=\"https:\/\/mula.es\/web\/wp-content\/uploads\/2026\/01\/5-4-200x250.jpg 200w, https:\/\/mula.es\/web\/wp-content\/uploads\/2026\/01\/5-4-240x300.jpg 240w, https:\/\/mula.es\/web\/wp-content\/uploads\/2026\/01\/5-4-400x500.jpg 400w, https:\/\/mula.es\/web\/wp-content\/uploads\/2026\/01\/5-4-600x750.jpg 600w, https:\/\/mula.es\/web\/wp-content\/uploads\/2026\/01\/5-4-768x960.jpg 768w, https:\/\/mula.es\/web\/wp-content\/uploads\/2026\/01\/5-4-800x1000.jpg 800w, https:\/\/mula.es\/web\/wp-content\/uploads\/2026\/01\/5-4-819x1024.jpg 819w, https:\/\/mula.es\/web\/wp-content\/uploads\/2026\/01\/5-4.jpg 1080w\" sizes=\"(max-width: 240px) 100vw, 240px\" \/><\/a><\/p>\n","protected":false},"excerpt":{"rendered":"<p>\u00a0 NOTA DE PRENSA &#8211; 27 DE ENERO DE 2026 \u00a0 \u00a0 El Convento de San Francisco acoge la presentaci\u00f3n de los talleres \u201cMula Salud\u201d, un ciclo gratuito sobre bienestar y prevenci\u00f3n para la poblaci\u00f3n adulta \u00a0 El Ayuntamiento de Mula ha presentado el programa Talleres Mula Salud, una propuesta formativa dirigida a la poblaci\u00f3n  [&#8230;]<\/p>\n","protected":false},"author":13,"featured_media":47365,"comment_status":"closed","ping_status":"closed","sticky":false,"template":"","format":"standard","meta":{"jetpack_post_was_ever_published":false,"_jetpack_newsletter_access":"","_jetpack_dont_email_post_to_subs":false,"_jetpack_newsletter_tier_id":0,"_jetpack_memberships_contains_paywalled_content":false,"_jetpack_memberships_contains_paid_content":false,"footnotes":"","jetpack_publicize_message":"","jetpack_publicize_feature_enabled":true,"jetpack_social_post_already_shared":true,"jetpack_social_options":{"image_generator_settings":{"template":"highway","default_image_id":0,"font":"","enabled":false},"version":2}},"categories":[90],"tags":[],"class_list":["post-60658","post","type-post","status-publish","format-standard","has-post-thumbnail","hentry","category-sanidad"],"yoast_head":"<!-- This site is optimized with the Yoast SEO plugin v27.5 - https:\/\/yoast.com\/product\/yoast-seo-wordpress\/ -->\n<title>CALIDAD DE VIDA | El Convento de San Francisco acoge la presentaci\u00f3n de los talleres \u201cMula Salud\u201d, un ciclo gratuito sobre bienestar y prevenci\u00f3n para la poblaci\u00f3n adulta - Ayuntamiento de Mula<\/title>\n<meta name=\"robots\" content=\"index, follow, max-snippet:-1, max-image-preview:large, max-video-preview:-1\" \/>\n<link rel=\"canonical\" href=\"https:\/\/mula.es\/web\/calidad-el-convento-de-san-francisco-acoge-la-presentacion-de-los-talleres-mula-salud-un-ciclo-gratuito-sobre-bienestar-y-prevencion-para-la-poblacion-adulta\/\" \/>\n<meta property=\"og:locale\" content=\"es_ES\" \/>\n<meta property=\"og:type\" content=\"article\" \/>\n<meta property=\"og:title\" content=\"CALIDAD DE VIDA | El Convento de San Francisco acoge la presentaci\u00f3n de los talleres \u201cMula Salud\u201d, un ciclo gratuito sobre bienestar y prevenci\u00f3n para la poblaci\u00f3n adulta - Ayuntamiento de Mula\" \/>\n<meta property=\"og:description\" content=\"\u00a0 NOTA DE PRENSA &#8211; 27 DE ENERO DE 2026 \u00a0 \u00a0 El Convento de San Francisco acoge la presentaci\u00f3n de los talleres \u201cMula Salud\u201d, un ciclo gratuito sobre bienestar y prevenci\u00f3n para la poblaci\u00f3n adulta \u00a0 El Ayuntamiento de Mula ha presentado el programa Talleres Mula Salud, una propuesta formativa dirigida a la poblaci\u00f3n [...]\" \/>\n<meta property=\"og:url\" content=\"https:\/\/mula.es\/web\/calidad-el-convento-de-san-francisco-acoge-la-presentacion-de-los-talleres-mula-salud-un-ciclo-gratuito-sobre-bienestar-y-prevencion-para-la-poblacion-adulta\/\" \/>\n<meta property=\"og:site_name\" content=\"Ayuntamiento de Mula\" \/>\n<meta property=\"article:published_time\" content=\"2026-01-27T11:56:32+00:00\" \/>\n<meta property=\"article:modified_time\" content=\"2026-01-27T12:01:45+00:00\" \/>\n<meta property=\"og:image\" content=\"https:\/\/mula.es\/web\/wp-content\/uploads\/2023\/02\/instagram-22.png\" \/>\n\t<meta property=\"og:image:width\" content=\"1080\" \/>\n\t<meta property=\"og:image:height\" content=\"1080\" \/>\n\t<meta property=\"og:image:type\" content=\"image\/png\" \/>\n<meta name=\"author\" content=\"Laura Salas Orcajada\" \/>\n<meta name=\"twitter:card\" content=\"summary_large_image\" \/>\n<meta name=\"twitter:creator\" content=\"@AyuntamientMula\" \/>\n<meta name=\"twitter:site\" content=\"@AyuntamientMula\" \/>\n<meta name=\"twitter:label1\" content=\"Escrito por\" \/>\n\t<meta name=\"twitter:data1\" content=\"Laura Salas Orcajada\" \/>\n\t<meta name=\"twitter:label2\" content=\"Tiempo de lectura\" \/>\n\t<meta name=\"twitter:data2\" content=\"3 minutos\" \/>\n<script type=\"application\/ld+json\" class=\"yoast-schema-graph\">{\"@context\":\"https:\\\/\\\/schema.org\",\"@graph\":[{\"@type\":\"Article\",\"@id\":\"https:\\\/\\\/mula.es\\\/web\\\/calidad-el-convento-de-san-francisco-acoge-la-presentacion-de-los-talleres-mula-salud-un-ciclo-gratuito-sobre-bienestar-y-prevencion-para-la-poblacion-adulta\\\/#article\",\"isPartOf\":{\"@id\":\"https:\\\/\\\/mula.es\\\/web\\\/calidad-el-convento-de-san-francisco-acoge-la-presentacion-de-los-talleres-mula-salud-un-ciclo-gratuito-sobre-bienestar-y-prevencion-para-la-poblacion-adulta\\\/\"},\"author\":{\"name\":\"Laura Salas Orcajada\",\"@id\":\"https:\\\/\\\/mula.es\\\/web\\\/#\\\/schema\\\/person\\\/4f10179bd364f40dceed361e61e4033f\"},\"headline\":\"CALIDAD DE VIDA | El Convento de San Francisco acoge la presentaci\u00f3n de los talleres \u201cMula Salud\u201d, un ciclo gratuito sobre bienestar y prevenci\u00f3n para la poblaci\u00f3n adulta\",\"datePublished\":\"2026-01-27T11:56:32+00:00\",\"dateModified\":\"2026-01-27T12:01:45+00:00\",\"mainEntityOfPage\":{\"@id\":\"https:\\\/\\\/mula.es\\\/web\\\/calidad-el-convento-de-san-francisco-acoge-la-presentacion-de-los-talleres-mula-salud-un-ciclo-gratuito-sobre-bienestar-y-prevencion-para-la-poblacion-adulta\\\/\"},\"wordCount\":382,\"image\":{\"@id\":\"https:\\\/\\\/mula.es\\\/web\\\/calidad-el-convento-de-san-francisco-acoge-la-presentacion-de-los-talleres-mula-salud-un-ciclo-gratuito-sobre-bienestar-y-prevencion-para-la-poblacion-adulta\\\/#primaryimage\"},\"thumbnailUrl\":\"https:\\\/\\\/mula.es\\\/web\\\/wp-content\\\/uploads\\\/2023\\\/02\\\/instagram-22.png\",\"articleSection\":[\"sanidad\"],\"inLanguage\":\"es\"},{\"@type\":\"WebPage\",\"@id\":\"https:\\\/\\\/mula.es\\\/web\\\/calidad-el-convento-de-san-francisco-acoge-la-presentacion-de-los-talleres-mula-salud-un-ciclo-gratuito-sobre-bienestar-y-prevencion-para-la-poblacion-adulta\\\/\",\"url\":\"https:\\\/\\\/mula.es\\\/web\\\/calidad-el-convento-de-san-francisco-acoge-la-presentacion-de-los-talleres-mula-salud-un-ciclo-gratuito-sobre-bienestar-y-prevencion-para-la-poblacion-adulta\\\/\",\"name\":\"CALIDAD DE VIDA | El Convento de San Francisco acoge la presentaci\u00f3n de los talleres \u201cMula Salud\u201d, un ciclo gratuito sobre bienestar y prevenci\u00f3n para la poblaci\u00f3n adulta - Ayuntamiento de Mula\",\"isPartOf\":{\"@id\":\"https:\\\/\\\/mula.es\\\/web\\\/#website\"},\"primaryImageOfPage\":{\"@id\":\"https:\\\/\\\/mula.es\\\/web\\\/calidad-el-convento-de-san-francisco-acoge-la-presentacion-de-los-talleres-mula-salud-un-ciclo-gratuito-sobre-bienestar-y-prevencion-para-la-poblacion-adulta\\\/#primaryimage\"},\"image\":{\"@id\":\"https:\\\/\\\/mula.es\\\/web\\\/calidad-el-convento-de-san-francisco-acoge-la-presentacion-de-los-talleres-mula-salud-un-ciclo-gratuito-sobre-bienestar-y-prevencion-para-la-poblacion-adulta\\\/#primaryimage\"},\"thumbnailUrl\":\"https:\\\/\\\/mula.es\\\/web\\\/wp-content\\\/uploads\\\/2023\\\/02\\\/instagram-22.png\",\"datePublished\":\"2026-01-27T11:56:32+00:00\",\"dateModified\":\"2026-01-27T12:01:45+00:00\",\"author\":{\"@id\":\"https:\\\/\\\/mula.es\\\/web\\\/#\\\/schema\\\/person\\\/4f10179bd364f40dceed361e61e4033f\"},\"breadcrumb\":{\"@id\":\"https:\\\/\\\/mula.es\\\/web\\\/calidad-el-convento-de-san-francisco-acoge-la-presentacion-de-los-talleres-mula-salud-un-ciclo-gratuito-sobre-bienestar-y-prevencion-para-la-poblacion-adulta\\\/#breadcrumb\"},\"inLanguage\":\"es\",\"potentialAction\":[{\"@type\":\"ReadAction\",\"target\":[\"https:\\\/\\\/mula.es\\\/web\\\/calidad-el-convento-de-san-francisco-acoge-la-presentacion-de-los-talleres-mula-salud-un-ciclo-gratuito-sobre-bienestar-y-prevencion-para-la-poblacion-adulta\\\/\"]}]},{\"@type\":\"ImageObject\",\"inLanguage\":\"es\",\"@id\":\"https:\\\/\\\/mula.es\\\/web\\\/calidad-el-convento-de-san-francisco-acoge-la-presentacion-de-los-talleres-mula-salud-un-ciclo-gratuito-sobre-bienestar-y-prevencion-para-la-poblacion-adulta\\\/#primaryimage\",\"url\":\"https:\\\/\\\/mula.es\\\/web\\\/wp-content\\\/uploads\\\/2023\\\/02\\\/instagram-22.png\",\"contentUrl\":\"https:\\\/\\\/mula.es\\\/web\\\/wp-content\\\/uploads\\\/2023\\\/02\\\/instagram-22.png\",\"width\":1080,\"height\":1080,\"caption\":\"escudo mula\"},{\"@type\":\"BreadcrumbList\",\"@id\":\"https:\\\/\\\/mula.es\\\/web\\\/calidad-el-convento-de-san-francisco-acoge-la-presentacion-de-los-talleres-mula-salud-un-ciclo-gratuito-sobre-bienestar-y-prevencion-para-la-poblacion-adulta\\\/#breadcrumb\",\"itemListElement\":[{\"@type\":\"ListItem\",\"position\":1,\"name\":\"Portada\",\"item\":\"https:\\\/\\\/mula.es\\\/web\\\/\"},{\"@type\":\"ListItem\",\"position\":2,\"name\":\"CALIDAD DE VIDA | El Convento de San Francisco acoge la presentaci\u00f3n de los talleres \u201cMula Salud\u201d, un ciclo gratuito sobre bienestar y prevenci\u00f3n para la poblaci\u00f3n adulta\"}]},{\"@type\":\"WebSite\",\"@id\":\"https:\\\/\\\/mula.es\\\/web\\\/#website\",\"url\":\"https:\\\/\\\/mula.es\\\/web\\\/\",\"name\":\"Ayuntamiento de Mula\",\"description\":\"P\u00e1gina web del Ayuntamiento de Mula (Regi\u00f3n de Murcia)\",\"potentialAction\":[{\"@type\":\"SearchAction\",\"target\":{\"@type\":\"EntryPoint\",\"urlTemplate\":\"https:\\\/\\\/mula.es\\\/web\\\/?s={search_term_string}\"},\"query-input\":{\"@type\":\"PropertyValueSpecification\",\"valueRequired\":true,\"valueName\":\"search_term_string\"}}],\"inLanguage\":\"es\"},{\"@type\":\"Person\",\"@id\":\"https:\\\/\\\/mula.es\\\/web\\\/#\\\/schema\\\/person\\\/4f10179bd364f40dceed361e61e4033f\",\"name\":\"Laura Salas Orcajada\",\"image\":{\"@type\":\"ImageObject\",\"inLanguage\":\"es\",\"@id\":\"https:\\\/\\\/secure.gravatar.com\\\/avatar\\\/786f2a223d9a455e2a448f78b5dcc1117207ef56ef3d9a04df338c0f775cd403?s=96&d=mm&r=g\",\"url\":\"https:\\\/\\\/secure.gravatar.com\\\/avatar\\\/786f2a223d9a455e2a448f78b5dcc1117207ef56ef3d9a04df338c0f775cd403?s=96&d=mm&r=g\",\"contentUrl\":\"https:\\\/\\\/secure.gravatar.com\\\/avatar\\\/786f2a223d9a455e2a448f78b5dcc1117207ef56ef3d9a04df338c0f775cd403?s=96&d=mm&r=g\",\"caption\":\"Laura Salas Orcajada\"},\"url\":\"https:\\\/\\\/mula.es\\\/web\\\/author\\\/lsalas\\\/\"}]}<\/script>\n<!-- \/ Yoast SEO plugin. -->","yoast_head_json":{"title":"CALIDAD DE VIDA | El Convento de San Francisco acoge la presentaci\u00f3n de los talleres \u201cMula Salud\u201d, un ciclo gratuito sobre bienestar y prevenci\u00f3n para la poblaci\u00f3n adulta - Ayuntamiento de Mula","robots":{"index":"index","follow":"follow","max-snippet":"max-snippet:-1","max-image-preview":"max-image-preview:large","max-video-preview":"max-video-preview:-1"},"canonical":"https:\/\/mula.es\/web\/calidad-el-convento-de-san-francisco-acoge-la-presentacion-de-los-talleres-mula-salud-un-ciclo-gratuito-sobre-bienestar-y-prevencion-para-la-poblacion-adulta\/","og_locale":"es_ES","og_type":"article","og_title":"CALIDAD DE VIDA | El Convento de San Francisco acoge la presentaci\u00f3n de los talleres \u201cMula Salud\u201d, un ciclo gratuito sobre bienestar y prevenci\u00f3n para la poblaci\u00f3n adulta - Ayuntamiento de Mula","og_description":"\u00a0 NOTA DE PRENSA &#8211; 27 DE ENERO DE 2026 \u00a0 \u00a0 El Convento de San Francisco acoge la presentaci\u00f3n de los talleres \u201cMula Salud\u201d, un ciclo gratuito sobre bienestar y prevenci\u00f3n para la poblaci\u00f3n adulta \u00a0 El Ayuntamiento de Mula ha presentado el programa Talleres Mula Salud, una propuesta formativa dirigida a la poblaci\u00f3n [...]","og_url":"https:\/\/mula.es\/web\/calidad-el-convento-de-san-francisco-acoge-la-presentacion-de-los-talleres-mula-salud-un-ciclo-gratuito-sobre-bienestar-y-prevencion-para-la-poblacion-adulta\/","og_site_name":"Ayuntamiento de Mula","article_published_time":"2026-01-27T11:56:32+00:00","article_modified_time":"2026-01-27T12:01:45+00:00","og_image":[{"width":1080,"height":1080,"url":"https:\/\/mula.es\/web\/wp-content\/uploads\/2023\/02\/instagram-22.png","type":"image\/png"}],"author":"Laura Salas Orcajada","twitter_card":"summary_large_image","twitter_creator":"@AyuntamientMula","twitter_site":"@AyuntamientMula","twitter_misc":{"Escrito por":"Laura Salas Orcajada","Tiempo de lectura":"3 minutos"},"schema":{"@context":"https:\/\/schema.org","@graph":[{"@type":"Article","@id":"https:\/\/mula.es\/web\/calidad-el-convento-de-san-francisco-acoge-la-presentacion-de-los-talleres-mula-salud-un-ciclo-gratuito-sobre-bienestar-y-prevencion-para-la-poblacion-adulta\/#article","isPartOf":{"@id":"https:\/\/mula.es\/web\/calidad-el-convento-de-san-francisco-acoge-la-presentacion-de-los-talleres-mula-salud-un-ciclo-gratuito-sobre-bienestar-y-prevencion-para-la-poblacion-adulta\/"},"author":{"name":"Laura Salas Orcajada","@id":"https:\/\/mula.es\/web\/#\/schema\/person\/4f10179bd364f40dceed361e61e4033f"},"headline":"CALIDAD DE VIDA | El Convento de San Francisco acoge la presentaci\u00f3n de los talleres \u201cMula Salud\u201d, un ciclo gratuito sobre bienestar y prevenci\u00f3n para la poblaci\u00f3n adulta","datePublished":"2026-01-27T11:56:32+00:00","dateModified":"2026-01-27T12:01:45+00:00","mainEntityOfPage":{"@id":"https:\/\/mula.es\/web\/calidad-el-convento-de-san-francisco-acoge-la-presentacion-de-los-talleres-mula-salud-un-ciclo-gratuito-sobre-bienestar-y-prevencion-para-la-poblacion-adulta\/"},"wordCount":382,"image":{"@id":"https:\/\/mula.es\/web\/calidad-el-convento-de-san-francisco-acoge-la-presentacion-de-los-talleres-mula-salud-un-ciclo-gratuito-sobre-bienestar-y-prevencion-para-la-poblacion-adulta\/#primaryimage"},"thumbnailUrl":"https:\/\/mula.es\/web\/wp-content\/uploads\/2023\/02\/instagram-22.png","articleSection":["sanidad"],"inLanguage":"es"},{"@type":"WebPage","@id":"https:\/\/mula.es\/web\/calidad-el-convento-de-san-francisco-acoge-la-presentacion-de-los-talleres-mula-salud-un-ciclo-gratuito-sobre-bienestar-y-prevencion-para-la-poblacion-adulta\/","url":"https:\/\/mula.es\/web\/calidad-el-convento-de-san-francisco-acoge-la-presentacion-de-los-talleres-mula-salud-un-ciclo-gratuito-sobre-bienestar-y-prevencion-para-la-poblacion-adulta\/","name":"CALIDAD DE VIDA | El Convento de San Francisco acoge la presentaci\u00f3n de los talleres \u201cMula Salud\u201d, un ciclo gratuito sobre bienestar y prevenci\u00f3n para la poblaci\u00f3n adulta - Ayuntamiento de Mula","isPartOf":{"@id":"https:\/\/mula.es\/web\/#website"},"primaryImageOfPage":{"@id":"https:\/\/mula.es\/web\/calidad-el-convento-de-san-francisco-acoge-la-presentacion-de-los-talleres-mula-salud-un-ciclo-gratuito-sobre-bienestar-y-prevencion-para-la-poblacion-adulta\/#primaryimage"},"image":{"@id":"https:\/\/mula.es\/web\/calidad-el-convento-de-san-francisco-acoge-la-presentacion-de-los-talleres-mula-salud-un-ciclo-gratuito-sobre-bienestar-y-prevencion-para-la-poblacion-adulta\/#primaryimage"},"thumbnailUrl":"https:\/\/mula.es\/web\/wp-content\/uploads\/2023\/02\/instagram-22.png","datePublished":"2026-01-27T11:56:32+00:00","dateModified":"2026-01-27T12:01:45+00:00","author":{"@id":"https:\/\/mula.es\/web\/#\/schema\/person\/4f10179bd364f40dceed361e61e4033f"},"breadcrumb":{"@id":"https:\/\/mula.es\/web\/calidad-el-convento-de-san-francisco-acoge-la-presentacion-de-los-talleres-mula-salud-un-ciclo-gratuito-sobre-bienestar-y-prevencion-para-la-poblacion-adulta\/#breadcrumb"},"inLanguage":"es","potentialAction":[{"@type":"ReadAction","target":["https:\/\/mula.es\/web\/calidad-el-convento-de-san-francisco-acoge-la-presentacion-de-los-talleres-mula-salud-un-ciclo-gratuito-sobre-bienestar-y-prevencion-para-la-poblacion-adulta\/"]}]},{"@type":"ImageObject","inLanguage":"es","@id":"https:\/\/mula.es\/web\/calidad-el-convento-de-san-francisco-acoge-la-presentacion-de-los-talleres-mula-salud-un-ciclo-gratuito-sobre-bienestar-y-prevencion-para-la-poblacion-adulta\/#primaryimage","url":"https:\/\/mula.es\/web\/wp-content\/uploads\/2023\/02\/instagram-22.png","contentUrl":"https:\/\/mula.es\/web\/wp-content\/uploads\/2023\/02\/instagram-22.png","width":1080,"height":1080,"caption":"escudo mula"},{"@type":"BreadcrumbList","@id":"https:\/\/mula.es\/web\/calidad-el-convento-de-san-francisco-acoge-la-presentacion-de-los-talleres-mula-salud-un-ciclo-gratuito-sobre-bienestar-y-prevencion-para-la-poblacion-adulta\/#breadcrumb","itemListElement":[{"@type":"ListItem","position":1,"name":"Portada","item":"https:\/\/mula.es\/web\/"},{"@type":"ListItem","position":2,"name":"CALIDAD DE VIDA | El Convento de San Francisco acoge la presentaci\u00f3n de los talleres \u201cMula Salud\u201d, un ciclo gratuito sobre bienestar y prevenci\u00f3n para la poblaci\u00f3n adulta"}]},{"@type":"WebSite","@id":"https:\/\/mula.es\/web\/#website","url":"https:\/\/mula.es\/web\/","name":"Ayuntamiento de Mula","description":"P\u00e1gina web del Ayuntamiento de Mula (Regi\u00f3n de Murcia)","potentialAction":[{"@type":"SearchAction","target":{"@type":"EntryPoint","urlTemplate":"https:\/\/mula.es\/web\/?s={search_term_string}"},"query-input":{"@type":"PropertyValueSpecification","valueRequired":true,"valueName":"search_term_string"}}],"inLanguage":"es"},{"@type":"Person","@id":"https:\/\/mula.es\/web\/#\/schema\/person\/4f10179bd364f40dceed361e61e4033f","name":"Laura Salas Orcajada","image":{"@type":"ImageObject","inLanguage":"es","@id":"https:\/\/secure.gravatar.com\/avatar\/786f2a223d9a455e2a448f78b5dcc1117207ef56ef3d9a04df338c0f775cd403?s=96&d=mm&r=g","url":"https:\/\/secure.gravatar.com\/avatar\/786f2a223d9a455e2a448f78b5dcc1117207ef56ef3d9a04df338c0f775cd403?s=96&d=mm&r=g","contentUrl":"https:\/\/secure.gravatar.com\/avatar\/786f2a223d9a455e2a448f78b5dcc1117207ef56ef3d9a04df338c0f775cd403?s=96&d=mm&r=g","caption":"Laura Salas Orcajada"},"url":"https:\/\/mula.es\/web\/author\/lsalas\/"}]}},"jetpack_publicize_connections":[],"jetpack_featured_media_url":"https:\/\/mula.es\/web\/wp-content\/uploads\/2023\/02\/instagram-22.png","jetpack_sharing_enabled":true,"jetpack_shortlink":"https:\/\/wp.me\/pa9DMY-fMm","jetpack-related-posts":[],"_links":{"self":[{"href":"https:\/\/mula.es\/web\/wp-json\/wp\/v2\/posts\/60658","targetHints":{"allow":["GET"]}}],"collection":[{"href":"https:\/\/mula.es\/web\/wp-json\/wp\/v2\/posts"}],"about":[{"href":"https:\/\/mula.es\/web\/wp-json\/wp\/v2\/types\/post"}],"author":[{"embeddable":true,"href":"https:\/\/mula.es\/web\/wp-json\/wp\/v2\/users\/13"}],"replies":[{"embeddable":true,"href":"https:\/\/mula.es\/web\/wp-json\/wp\/v2\/comments?post=60658"}],"version-history":[{"count":1,"href":"https:\/\/mula.es\/web\/wp-json\/wp\/v2\/posts\/60658\/revisions"}],"predecessor-version":[{"id":60664,"href":"https:\/\/mula.es\/web\/wp-json\/wp\/v2\/posts\/60658\/revisions\/60664"}],"wp:featuredmedia":[{"embeddable":true,"href":"https:\/\/mula.es\/web\/wp-json\/wp\/v2\/media\/47365"}],"wp:attachment":[{"href":"https:\/\/mula.es\/web\/wp-json\/wp\/v2\/media?parent=60658"}],"wp:term":[{"taxonomy":"category","embeddable":true,"href":"https:\/\/mula.es\/web\/wp-json\/wp\/v2\/categories?post=60658"},{"taxonomy":"post_tag","embeddable":true,"href":"https:\/\/mula.es\/web\/wp-json\/wp\/v2\/tags?post=60658"}],"curies":[{"name":"wp","href":"https:\/\/api.w.org\/{rel}","templated":true}]}}