{"id":60665,"date":"2025-10-16T14:18:57","date_gmt":"2025-10-16T12:18:57","guid":{"rendered":"https:\/\/mula.es\/web\/?p=60665"},"modified":"2026-01-28T14:20:09","modified_gmt":"2026-01-28T13:20:09","slug":"industria-y-desarrollo-visita-institucional-a-embutidos-de-bandera-referente-artesanal-y-motor-del-tejido-agroalimentario-de-mula","status":"publish","type":"post","link":"https:\/\/mula.es\/web\/industria-y-desarrollo-visita-institucional-a-embutidos-de-bandera-referente-artesanal-y-motor-del-tejido-agroalimentario-de-mula\/","title":{"rendered":"INDUSTRIA Y DESARROLLO LOCAL | Visita institucional a Embutidos De Bandera, referente artesanal y motor del tejido agroalimentario de Mula"},"content":{"rendered":"<h3 data-start=\"44\" data-end=\"155\">NOTA DE PRENSA &#8211; 16 DE OCTUBRE DE 2025<\/h3>\n<p>&nbsp;<\/p>\n<h2 data-start=\"44\" data-end=\"155\">Visita institucional a Embutidos De Bandera, referente artesanal y motor del tejido agroalimentario de Mula<\/h2>\n<p>&nbsp;<\/p>\n<p data-start=\"157\" data-end=\"443\">El alcalde de Mula, junto al concejal de Desarrollo Local, ha realizado una visita institucional a <strong data-start=\"256\" data-end=\"280\">Embutidos De Bandera<\/strong>, empresa mule\u00f1a con una s\u00f3lida trayectoria en la elaboraci\u00f3n de embutidos tradicionales, acompa\u00f1ados por sus propietarios, <strong data-start=\"404\" data-end=\"419\">Arturo Baos<\/strong> y <strong data-start=\"422\" data-end=\"442\">Jos\u00e9 Mar\u00eda Ba\u00f1os<\/strong>.<\/p>\n<p data-start=\"445\" data-end=\"873\">Durante el encuentro, los responsables municipales han puesto en valor el papel que desempe\u00f1a esta firma como <strong data-start=\"555\" data-end=\"608\">motor econ\u00f3mico y ejemplo de emprendimiento local<\/strong>, manteniendo viva la tradici\u00f3n charcutera de Mula desde la d\u00e9cada de 1960, con origen en la hist\u00f3rica <strong data-start=\"711\" data-end=\"728\">Venta Alegr\u00eda<\/strong> y, actualmente, con instalaciones en el <strong data-start=\"769\" data-end=\"803\">pol\u00edgono industrial de La Real<\/strong>, adaptadas a los est\u00e1ndares actuales sin perder su esencia artesanal.<\/p>\n<p data-start=\"875\" data-end=\"1262\">Embutidos De Bandera es reconocida por la calidad de sus productos \u201cde bandera\u201d, con especial protagonismo de elaboraciones como la <strong data-start=\"1007\" data-end=\"1030\">morcilla de cebolla<\/strong>, la <strong data-start=\"1035\" data-end=\"1057\">salchicha huertana<\/strong>, los <strong data-start=\"1063\" data-end=\"1075\">morcones<\/strong> o el <strong data-start=\"1081\" data-end=\"1103\">chiquillo murciano<\/strong>, adem\u00e1s de la apuesta por la innovaci\u00f3n con la <strong data-start=\"1151\" data-end=\"1184\">primera morcilla 100% vegetal<\/strong>, ampliando su oferta sin renunciar a la identidad gastron\u00f3mica del municipio.<\/p>\n<p data-start=\"1264\" data-end=\"1576\">El Ayuntamiento de Mula les ha transmitido su m\u00e1s sincera enhorabuena por las labores realizadas y por el gran trato humano que se divisa en toda la plantilla.<\/p>\n<p data-start=\"1264\" data-end=\"1576\"><a href=\"https:\/\/mula.es\/web\/wp-content\/uploads\/2026\/01\/WhatsApp-Image-2026-01-28-at-13.55.59.jpeg\"><img decoding=\"async\" data-attachment-id=\"60666\" data-permalink=\"https:\/\/mula.es\/web\/industria-y-desarrollo-visita-institucional-a-embutidos-de-bandera-referente-artesanal-y-motor-del-tejido-agroalimentario-de-mula\/whatsapp-image-2026-01-28-at-13-55-59\/\" data-orig-file=\"https:\/\/mula.es\/web\/wp-content\/uploads\/2026\/01\/WhatsApp-Image-2026-01-28-at-13.55.59.jpeg\" data-orig-size=\"1600,1200\" data-comments-opened=\"0\" data-image-meta=\"{&quot;aperture&quot;:&quot;0&quot;,&quot;credit&quot;:&quot;&quot;,&quot;camera&quot;:&quot;&quot;,&quot;caption&quot;:&quot;&quot;,&quot;created_timestamp&quot;:&quot;0&quot;,&quot;copyright&quot;:&quot;&quot;,&quot;focal_length&quot;:&quot;0&quot;,&quot;iso&quot;:&quot;0&quot;,&quot;shutter_speed&quot;:&quot;0&quot;,&quot;title&quot;:&quot;&quot;,&quot;orientation&quot;:&quot;0&quot;}\" data-image-title=\"WhatsApp Image 2026-01-28 at 13.55.59\" data-image-description=\"\" data-image-caption=\"\" data-large-file=\"https:\/\/mula.es\/web\/wp-content\/uploads\/2026\/01\/WhatsApp-Image-2026-01-28-at-13.55.59-1024x768.jpeg\" class=\"alignnone size-medium wp-image-60666\" src=\"https:\/\/mula.es\/web\/wp-content\/uploads\/2026\/01\/WhatsApp-Image-2026-01-28-at-13.55.59-300x225.jpeg\" alt=\"\" width=\"300\" height=\"225\" srcset=\"https:\/\/mula.es\/web\/wp-content\/uploads\/2026\/01\/WhatsApp-Image-2026-01-28-at-13.55.59-200x150.jpeg 200w, https:\/\/mula.es\/web\/wp-content\/uploads\/2026\/01\/WhatsApp-Image-2026-01-28-at-13.55.59-300x225.jpeg 300w, https:\/\/mula.es\/web\/wp-content\/uploads\/2026\/01\/WhatsApp-Image-2026-01-28-at-13.55.59-400x300.jpeg 400w, https:\/\/mula.es\/web\/wp-content\/uploads\/2026\/01\/WhatsApp-Image-2026-01-28-at-13.55.59-600x450.jpeg 600w, https:\/\/mula.es\/web\/wp-content\/uploads\/2026\/01\/WhatsApp-Image-2026-01-28-at-13.55.59-768x576.jpeg 768w, https:\/\/mula.es\/web\/wp-content\/uploads\/2026\/01\/WhatsApp-Image-2026-01-28-at-13.55.59-800x600.jpeg 800w, https:\/\/mula.es\/web\/wp-content\/uploads\/2026\/01\/WhatsApp-Image-2026-01-28-at-13.55.59-1024x768.jpeg 1024w, https:\/\/mula.es\/web\/wp-content\/uploads\/2026\/01\/WhatsApp-Image-2026-01-28-at-13.55.59-1200x900.jpeg 1200w, https:\/\/mula.es\/web\/wp-content\/uploads\/2026\/01\/WhatsApp-Image-2026-01-28-at-13.55.59-1536x1152.jpeg 1536w, https:\/\/mula.es\/web\/wp-content\/uploads\/2026\/01\/WhatsApp-Image-2026-01-28-at-13.55.59.jpeg 1600w\" sizes=\"(max-width: 300px) 100vw, 300px\" \/><\/a> <a href=\"https:\/\/mula.es\/web\/wp-content\/uploads\/2026\/01\/WhatsApp-Image-2026-01-28-at-13.55.58.jpeg\"><img decoding=\"async\" data-attachment-id=\"60667\" data-permalink=\"https:\/\/mula.es\/web\/industria-y-desarrollo-visita-institucional-a-embutidos-de-bandera-referente-artesanal-y-motor-del-tejido-agroalimentario-de-mula\/whatsapp-image-2026-01-28-at-13-55-58\/\" data-orig-file=\"https:\/\/mula.es\/web\/wp-content\/uploads\/2026\/01\/WhatsApp-Image-2026-01-28-at-13.55.58.jpeg\" data-orig-size=\"1600,1200\" data-comments-opened=\"0\" data-image-meta=\"{&quot;aperture&quot;:&quot;0&quot;,&quot;credit&quot;:&quot;&quot;,&quot;camera&quot;:&quot;&quot;,&quot;caption&quot;:&quot;&quot;,&quot;created_timestamp&quot;:&quot;0&quot;,&quot;copyright&quot;:&quot;&quot;,&quot;focal_length&quot;:&quot;0&quot;,&quot;iso&quot;:&quot;0&quot;,&quot;shutter_speed&quot;:&quot;0&quot;,&quot;title&quot;:&quot;&quot;,&quot;orientation&quot;:&quot;0&quot;}\" data-image-title=\"WhatsApp Image 2026-01-28 at 13.55.58\" data-image-description=\"\" data-image-caption=\"\" data-large-file=\"https:\/\/mula.es\/web\/wp-content\/uploads\/2026\/01\/WhatsApp-Image-2026-01-28-at-13.55.58-1024x768.jpeg\" class=\"alignnone size-medium wp-image-60667\" src=\"https:\/\/mula.es\/web\/wp-content\/uploads\/2026\/01\/WhatsApp-Image-2026-01-28-at-13.55.58-300x225.jpeg\" alt=\"\" width=\"300\" height=\"225\" srcset=\"https:\/\/mula.es\/web\/wp-content\/uploads\/2026\/01\/WhatsApp-Image-2026-01-28-at-13.55.58-200x150.jpeg 200w, https:\/\/mula.es\/web\/wp-content\/uploads\/2026\/01\/WhatsApp-Image-2026-01-28-at-13.55.58-300x225.jpeg 300w, https:\/\/mula.es\/web\/wp-content\/uploads\/2026\/01\/WhatsApp-Image-2026-01-28-at-13.55.58-400x300.jpeg 400w, https:\/\/mula.es\/web\/wp-content\/uploads\/2026\/01\/WhatsApp-Image-2026-01-28-at-13.55.58-600x450.jpeg 600w, https:\/\/mula.es\/web\/wp-content\/uploads\/2026\/01\/WhatsApp-Image-2026-01-28-at-13.55.58-768x576.jpeg 768w, https:\/\/mula.es\/web\/wp-content\/uploads\/2026\/01\/WhatsApp-Image-2026-01-28-at-13.55.58-800x600.jpeg 800w, https:\/\/mula.es\/web\/wp-content\/uploads\/2026\/01\/WhatsApp-Image-2026-01-28-at-13.55.58-1024x768.jpeg 1024w, https:\/\/mula.es\/web\/wp-content\/uploads\/2026\/01\/WhatsApp-Image-2026-01-28-at-13.55.58-1200x900.jpeg 1200w, https:\/\/mula.es\/web\/wp-content\/uploads\/2026\/01\/WhatsApp-Image-2026-01-28-at-13.55.58-1536x1152.jpeg 1536w, https:\/\/mula.es\/web\/wp-content\/uploads\/2026\/01\/WhatsApp-Image-2026-01-28-at-13.55.58.jpeg 1600w\" sizes=\"(max-width: 300px) 100vw, 300px\" \/><\/a> <a href=\"https:\/\/mula.es\/web\/wp-content\/uploads\/2026\/01\/WhatsApp-Image-2026-01-28-at-13.55.58-3.jpeg\"><img decoding=\"async\" data-attachment-id=\"60668\" data-permalink=\"https:\/\/mula.es\/web\/industria-y-desarrollo-visita-institucional-a-embutidos-de-bandera-referente-artesanal-y-motor-del-tejido-agroalimentario-de-mula\/whatsapp-image-2026-01-28-at-13-55-58-3\/\" data-orig-file=\"https:\/\/mula.es\/web\/wp-content\/uploads\/2026\/01\/WhatsApp-Image-2026-01-28-at-13.55.58-3.jpeg\" data-orig-size=\"1600,1200\" data-comments-opened=\"0\" data-image-meta=\"{&quot;aperture&quot;:&quot;0&quot;,&quot;credit&quot;:&quot;&quot;,&quot;camera&quot;:&quot;&quot;,&quot;caption&quot;:&quot;&quot;,&quot;created_timestamp&quot;:&quot;0&quot;,&quot;copyright&quot;:&quot;&quot;,&quot;focal_length&quot;:&quot;0&quot;,&quot;iso&quot;:&quot;0&quot;,&quot;shutter_speed&quot;:&quot;0&quot;,&quot;title&quot;:&quot;&quot;,&quot;orientation&quot;:&quot;0&quot;}\" data-image-title=\"WhatsApp Image 2026-01-28 at 13.55.58 (3)\" data-image-description=\"\" data-image-caption=\"\" data-large-file=\"https:\/\/mula.es\/web\/wp-content\/uploads\/2026\/01\/WhatsApp-Image-2026-01-28-at-13.55.58-3-1024x768.jpeg\" class=\"alignnone size-medium wp-image-60668\" src=\"https:\/\/mula.es\/web\/wp-content\/uploads\/2026\/01\/WhatsApp-Image-2026-01-28-at-13.55.58-3-300x225.jpeg\" alt=\"\" width=\"300\" height=\"225\" srcset=\"https:\/\/mula.es\/web\/wp-content\/uploads\/2026\/01\/WhatsApp-Image-2026-01-28-at-13.55.58-3-200x150.jpeg 200w, https:\/\/mula.es\/web\/wp-content\/uploads\/2026\/01\/WhatsApp-Image-2026-01-28-at-13.55.58-3-300x225.jpeg 300w, https:\/\/mula.es\/web\/wp-content\/uploads\/2026\/01\/WhatsApp-Image-2026-01-28-at-13.55.58-3-400x300.jpeg 400w, https:\/\/mula.es\/web\/wp-content\/uploads\/2026\/01\/WhatsApp-Image-2026-01-28-at-13.55.58-3-600x450.jpeg 600w, https:\/\/mula.es\/web\/wp-content\/uploads\/2026\/01\/WhatsApp-Image-2026-01-28-at-13.55.58-3-768x576.jpeg 768w, https:\/\/mula.es\/web\/wp-content\/uploads\/2026\/01\/WhatsApp-Image-2026-01-28-at-13.55.58-3-800x600.jpeg 800w, https:\/\/mula.es\/web\/wp-content\/uploads\/2026\/01\/WhatsApp-Image-2026-01-28-at-13.55.58-3-1024x768.jpeg 1024w, https:\/\/mula.es\/web\/wp-content\/uploads\/2026\/01\/WhatsApp-Image-2026-01-28-at-13.55.58-3-1200x900.jpeg 1200w, https:\/\/mula.es\/web\/wp-content\/uploads\/2026\/01\/WhatsApp-Image-2026-01-28-at-13.55.58-3-1536x1152.jpeg 1536w, https:\/\/mula.es\/web\/wp-content\/uploads\/2026\/01\/WhatsApp-Image-2026-01-28-at-13.55.58-3.jpeg 1600w\" sizes=\"(max-width: 300px) 100vw, 300px\" \/><\/a> <a href=\"https:\/\/mula.es\/web\/wp-content\/uploads\/2026\/01\/WhatsApp-Image-2026-01-28-at-13.55.58-1.jpeg\"><img decoding=\"async\" data-attachment-id=\"60669\" data-permalink=\"https:\/\/mula.es\/web\/industria-y-desarrollo-visita-institucional-a-embutidos-de-bandera-referente-artesanal-y-motor-del-tejido-agroalimentario-de-mula\/whatsapp-image-2026-01-28-at-13-55-58-1\/\" data-orig-file=\"https:\/\/mula.es\/web\/wp-content\/uploads\/2026\/01\/WhatsApp-Image-2026-01-28-at-13.55.58-1.jpeg\" data-orig-size=\"1600,1200\" data-comments-opened=\"0\" data-image-meta=\"{&quot;aperture&quot;:&quot;0&quot;,&quot;credit&quot;:&quot;&quot;,&quot;camera&quot;:&quot;&quot;,&quot;caption&quot;:&quot;&quot;,&quot;created_timestamp&quot;:&quot;0&quot;,&quot;copyright&quot;:&quot;&quot;,&quot;focal_length&quot;:&quot;0&quot;,&quot;iso&quot;:&quot;0&quot;,&quot;shutter_speed&quot;:&quot;0&quot;,&quot;title&quot;:&quot;&quot;,&quot;orientation&quot;:&quot;0&quot;}\" data-image-title=\"WhatsApp Image 2026-01-28 at 13.55.58 (1)\" data-image-description=\"\" data-image-caption=\"\" data-large-file=\"https:\/\/mula.es\/web\/wp-content\/uploads\/2026\/01\/WhatsApp-Image-2026-01-28-at-13.55.58-1-1024x768.jpeg\" class=\"alignnone size-medium wp-image-60669\" src=\"https:\/\/mula.es\/web\/wp-content\/uploads\/2026\/01\/WhatsApp-Image-2026-01-28-at-13.55.58-1-300x225.jpeg\" alt=\"\" width=\"300\" height=\"225\" srcset=\"https:\/\/mula.es\/web\/wp-content\/uploads\/2026\/01\/WhatsApp-Image-2026-01-28-at-13.55.58-1-200x150.jpeg 200w, https:\/\/mula.es\/web\/wp-content\/uploads\/2026\/01\/WhatsApp-Image-2026-01-28-at-13.55.58-1-300x225.jpeg 300w, https:\/\/mula.es\/web\/wp-content\/uploads\/2026\/01\/WhatsApp-Image-2026-01-28-at-13.55.58-1-400x300.jpeg 400w, https:\/\/mula.es\/web\/wp-content\/uploads\/2026\/01\/WhatsApp-Image-2026-01-28-at-13.55.58-1-600x450.jpeg 600w, https:\/\/mula.es\/web\/wp-content\/uploads\/2026\/01\/WhatsApp-Image-2026-01-28-at-13.55.58-1-768x576.jpeg 768w, https:\/\/mula.es\/web\/wp-content\/uploads\/2026\/01\/WhatsApp-Image-2026-01-28-at-13.55.58-1-800x600.jpeg 800w, https:\/\/mula.es\/web\/wp-content\/uploads\/2026\/01\/WhatsApp-Image-2026-01-28-at-13.55.58-1-1024x768.jpeg 1024w, https:\/\/mula.es\/web\/wp-content\/uploads\/2026\/01\/WhatsApp-Image-2026-01-28-at-13.55.58-1-1200x900.jpeg 1200w, https:\/\/mula.es\/web\/wp-content\/uploads\/2026\/01\/WhatsApp-Image-2026-01-28-at-13.55.58-1-1536x1152.jpeg 1536w, https:\/\/mula.es\/web\/wp-content\/uploads\/2026\/01\/WhatsApp-Image-2026-01-28-at-13.55.58-1.jpeg 1600w\" sizes=\"(max-width: 300px) 100vw, 300px\" \/><\/a> <a href=\"https:\/\/mula.es\/web\/wp-content\/uploads\/2026\/01\/WhatsApp-Image-2026-01-28-at-13.55.58-2.jpeg\"><img decoding=\"async\" data-attachment-id=\"60670\" data-permalink=\"https:\/\/mula.es\/web\/industria-y-desarrollo-visita-institucional-a-embutidos-de-bandera-referente-artesanal-y-motor-del-tejido-agroalimentario-de-mula\/whatsapp-image-2026-01-28-at-13-55-58-2\/\" data-orig-file=\"https:\/\/mula.es\/web\/wp-content\/uploads\/2026\/01\/WhatsApp-Image-2026-01-28-at-13.55.58-2.jpeg\" data-orig-size=\"1600,1200\" data-comments-opened=\"0\" data-image-meta=\"{&quot;aperture&quot;:&quot;0&quot;,&quot;credit&quot;:&quot;&quot;,&quot;camera&quot;:&quot;&quot;,&quot;caption&quot;:&quot;&quot;,&quot;created_timestamp&quot;:&quot;0&quot;,&quot;copyright&quot;:&quot;&quot;,&quot;focal_length&quot;:&quot;0&quot;,&quot;iso&quot;:&quot;0&quot;,&quot;shutter_speed&quot;:&quot;0&quot;,&quot;title&quot;:&quot;&quot;,&quot;orientation&quot;:&quot;0&quot;}\" data-image-title=\"WhatsApp Image 2026-01-28 at 13.55.58 (2)\" data-image-description=\"\" data-image-caption=\"\" data-large-file=\"https:\/\/mula.es\/web\/wp-content\/uploads\/2026\/01\/WhatsApp-Image-2026-01-28-at-13.55.58-2-1024x768.jpeg\" class=\"alignnone size-medium wp-image-60670\" src=\"https:\/\/mula.es\/web\/wp-content\/uploads\/2026\/01\/WhatsApp-Image-2026-01-28-at-13.55.58-2-300x225.jpeg\" alt=\"\" width=\"300\" height=\"225\" srcset=\"https:\/\/mula.es\/web\/wp-content\/uploads\/2026\/01\/WhatsApp-Image-2026-01-28-at-13.55.58-2-200x150.jpeg 200w, https:\/\/mula.es\/web\/wp-content\/uploads\/2026\/01\/WhatsApp-Image-2026-01-28-at-13.55.58-2-300x225.jpeg 300w, https:\/\/mula.es\/web\/wp-content\/uploads\/2026\/01\/WhatsApp-Image-2026-01-28-at-13.55.58-2-400x300.jpeg 400w, https:\/\/mula.es\/web\/wp-content\/uploads\/2026\/01\/WhatsApp-Image-2026-01-28-at-13.55.58-2-600x450.jpeg 600w, https:\/\/mula.es\/web\/wp-content\/uploads\/2026\/01\/WhatsApp-Image-2026-01-28-at-13.55.58-2-768x576.jpeg 768w, https:\/\/mula.es\/web\/wp-content\/uploads\/2026\/01\/WhatsApp-Image-2026-01-28-at-13.55.58-2-800x600.jpeg 800w, https:\/\/mula.es\/web\/wp-content\/uploads\/2026\/01\/WhatsApp-Image-2026-01-28-at-13.55.58-2-1024x768.jpeg 1024w, https:\/\/mula.es\/web\/wp-content\/uploads\/2026\/01\/WhatsApp-Image-2026-01-28-at-13.55.58-2-1200x900.jpeg 1200w, https:\/\/mula.es\/web\/wp-content\/uploads\/2026\/01\/WhatsApp-Image-2026-01-28-at-13.55.58-2-1536x1152.jpeg 1536w, https:\/\/mula.es\/web\/wp-content\/uploads\/2026\/01\/WhatsApp-Image-2026-01-28-at-13.55.58-2.jpeg 1600w\" sizes=\"(max-width: 300px) 100vw, 300px\" \/><\/a><\/p>\n<p data-start=\"1264\" data-end=\"1576\">\n","protected":false},"excerpt":{"rendered":"<p>NOTA DE PRENSA &#8211; 16 DE OCTUBRE DE 2025 &nbsp; Visita institucional a Embutidos De Bandera, referente artesanal y motor del tejido agroalimentario de Mula &nbsp; El alcalde de Mula, junto al concejal de Desarrollo Local, ha realizado una visita institucional a Embutidos De Bandera, empresa mule\u00f1a con una s\u00f3lida trayectoria en la elaboraci\u00f3n de  [&#8230;]<\/p>\n","protected":false},"author":13,"featured_media":33512,"comment_status":"closed","ping_status":"closed","sticky":false,"template":"","format":"standard","meta":{"jetpack_post_was_ever_published":false,"_jetpack_newsletter_access":"","_jetpack_dont_email_post_to_subs":false,"_jetpack_newsletter_tier_id":0,"_jetpack_memberships_contains_paywalled_content":false,"_jetpack_memberships_contains_paid_content":false,"footnotes":"","jetpack_publicize_message":"","jetpack_publicize_feature_enabled":true,"jetpack_social_post_already_shared":true,"jetpack_social_options":{"image_generator_settings":{"template":"highway","default_image_id":0,"font":"","enabled":false},"version":2}},"categories":[179],"tags":[],"class_list":["post-60665","post","type-post","status-publish","format-standard","has-post-thumbnail","hentry","category-desarrollo-local"],"yoast_head":"<!-- This site is optimized with the Yoast SEO plugin v27.5 - https:\/\/yoast.com\/product\/yoast-seo-wordpress\/ -->\n<title>INDUSTRIA Y DESARROLLO LOCAL | Visita institucional a Embutidos De Bandera, referente artesanal y motor del tejido agroalimentario de Mula - Ayuntamiento de Mula<\/title>\n<meta name=\"robots\" content=\"index, follow, max-snippet:-1, max-image-preview:large, max-video-preview:-1\" \/>\n<link rel=\"canonical\" href=\"https:\/\/mula.es\/web\/industria-y-desarrollo-visita-institucional-a-embutidos-de-bandera-referente-artesanal-y-motor-del-tejido-agroalimentario-de-mula\/\" \/>\n<meta property=\"og:locale\" content=\"es_ES\" \/>\n<meta property=\"og:type\" content=\"article\" \/>\n<meta property=\"og:title\" content=\"INDUSTRIA Y DESARROLLO LOCAL | Visita institucional a Embutidos De Bandera, referente artesanal y motor del tejido agroalimentario de Mula - Ayuntamiento de Mula\" \/>\n<meta property=\"og:description\" content=\"NOTA DE PRENSA &#8211; 16 DE OCTUBRE DE 2025 &nbsp; Visita institucional a Embutidos De Bandera, referente artesanal y motor del tejido agroalimentario de Mula &nbsp; El alcalde de Mula, junto al concejal de Desarrollo Local, ha realizado una visita institucional a Embutidos De Bandera, empresa mule\u00f1a con una s\u00f3lida trayectoria en la elaboraci\u00f3n de [...]\" \/>\n<meta property=\"og:url\" content=\"https:\/\/mula.es\/web\/industria-y-desarrollo-visita-institucional-a-embutidos-de-bandera-referente-artesanal-y-motor-del-tejido-agroalimentario-de-mula\/\" \/>\n<meta property=\"og:site_name\" content=\"Ayuntamiento de Mula\" \/>\n<meta property=\"article:published_time\" content=\"2025-10-16T12:18:57+00:00\" \/>\n<meta property=\"article:modified_time\" content=\"2026-01-28T13:20:09+00:00\" \/>\n<meta property=\"og:image\" content=\"https:\/\/mula.es\/web\/wp-content\/uploads\/2020\/06\/escudo-cuadrado-e1591045058235.jpg\" \/>\n\t<meta property=\"og:image:width\" content=\"200\" \/>\n\t<meta property=\"og:image:height\" content=\"218\" \/>\n\t<meta property=\"og:image:type\" content=\"image\/jpeg\" \/>\n<meta name=\"author\" content=\"Laura Salas Orcajada\" \/>\n<meta name=\"twitter:card\" content=\"summary_large_image\" \/>\n<meta name=\"twitter:creator\" content=\"@AyuntamientMula\" \/>\n<meta name=\"twitter:site\" content=\"@AyuntamientMula\" \/>\n<meta name=\"twitter:label1\" content=\"Escrito por\" \/>\n\t<meta name=\"twitter:data1\" content=\"Laura Salas Orcajada\" \/>\n\t<meta name=\"twitter:label2\" content=\"Tiempo de lectura\" \/>\n\t<meta name=\"twitter:data2\" content=\"3 minutos\" \/>\n<script type=\"application\/ld+json\" class=\"yoast-schema-graph\">{\"@context\":\"https:\\\/\\\/schema.org\",\"@graph\":[{\"@type\":\"Article\",\"@id\":\"https:\\\/\\\/mula.es\\\/web\\\/industria-y-desarrollo-visita-institucional-a-embutidos-de-bandera-referente-artesanal-y-motor-del-tejido-agroalimentario-de-mula\\\/#article\",\"isPartOf\":{\"@id\":\"https:\\\/\\\/mula.es\\\/web\\\/industria-y-desarrollo-visita-institucional-a-embutidos-de-bandera-referente-artesanal-y-motor-del-tejido-agroalimentario-de-mula\\\/\"},\"author\":{\"name\":\"Laura Salas Orcajada\",\"@id\":\"https:\\\/\\\/mula.es\\\/web\\\/#\\\/schema\\\/person\\\/4f10179bd364f40dceed361e61e4033f\"},\"headline\":\"INDUSTRIA Y DESARROLLO LOCAL | Visita institucional a Embutidos De Bandera, referente artesanal y motor del tejido agroalimentario de Mula\",\"datePublished\":\"2025-10-16T12:18:57+00:00\",\"dateModified\":\"2026-01-28T13:20:09+00:00\",\"mainEntityOfPage\":{\"@id\":\"https:\\\/\\\/mula.es\\\/web\\\/industria-y-desarrollo-visita-institucional-a-embutidos-de-bandera-referente-artesanal-y-motor-del-tejido-agroalimentario-de-mula\\\/\"},\"wordCount\":248,\"image\":{\"@id\":\"https:\\\/\\\/mula.es\\\/web\\\/industria-y-desarrollo-visita-institucional-a-embutidos-de-bandera-referente-artesanal-y-motor-del-tejido-agroalimentario-de-mula\\\/#primaryimage\"},\"thumbnailUrl\":\"https:\\\/\\\/mula.es\\\/web\\\/wp-content\\\/uploads\\\/2020\\\/06\\\/escudo-cuadrado-e1591045058235.jpg\",\"articleSection\":[\"desarrollo local\"],\"inLanguage\":\"es\"},{\"@type\":\"WebPage\",\"@id\":\"https:\\\/\\\/mula.es\\\/web\\\/industria-y-desarrollo-visita-institucional-a-embutidos-de-bandera-referente-artesanal-y-motor-del-tejido-agroalimentario-de-mula\\\/\",\"url\":\"https:\\\/\\\/mula.es\\\/web\\\/industria-y-desarrollo-visita-institucional-a-embutidos-de-bandera-referente-artesanal-y-motor-del-tejido-agroalimentario-de-mula\\\/\",\"name\":\"INDUSTRIA Y DESARROLLO LOCAL | Visita institucional a Embutidos De Bandera, referente artesanal y motor del tejido agroalimentario de Mula - Ayuntamiento de Mula\",\"isPartOf\":{\"@id\":\"https:\\\/\\\/mula.es\\\/web\\\/#website\"},\"primaryImageOfPage\":{\"@id\":\"https:\\\/\\\/mula.es\\\/web\\\/industria-y-desarrollo-visita-institucional-a-embutidos-de-bandera-referente-artesanal-y-motor-del-tejido-agroalimentario-de-mula\\\/#primaryimage\"},\"image\":{\"@id\":\"https:\\\/\\\/mula.es\\\/web\\\/industria-y-desarrollo-visita-institucional-a-embutidos-de-bandera-referente-artesanal-y-motor-del-tejido-agroalimentario-de-mula\\\/#primaryimage\"},\"thumbnailUrl\":\"https:\\\/\\\/mula.es\\\/web\\\/wp-content\\\/uploads\\\/2020\\\/06\\\/escudo-cuadrado-e1591045058235.jpg\",\"datePublished\":\"2025-10-16T12:18:57+00:00\",\"dateModified\":\"2026-01-28T13:20:09+00:00\",\"author\":{\"@id\":\"https:\\\/\\\/mula.es\\\/web\\\/#\\\/schema\\\/person\\\/4f10179bd364f40dceed361e61e4033f\"},\"breadcrumb\":{\"@id\":\"https:\\\/\\\/mula.es\\\/web\\\/industria-y-desarrollo-visita-institucional-a-embutidos-de-bandera-referente-artesanal-y-motor-del-tejido-agroalimentario-de-mula\\\/#breadcrumb\"},\"inLanguage\":\"es\",\"potentialAction\":[{\"@type\":\"ReadAction\",\"target\":[\"https:\\\/\\\/mula.es\\\/web\\\/industria-y-desarrollo-visita-institucional-a-embutidos-de-bandera-referente-artesanal-y-motor-del-tejido-agroalimentario-de-mula\\\/\"]}]},{\"@type\":\"ImageObject\",\"inLanguage\":\"es\",\"@id\":\"https:\\\/\\\/mula.es\\\/web\\\/industria-y-desarrollo-visita-institucional-a-embutidos-de-bandera-referente-artesanal-y-motor-del-tejido-agroalimentario-de-mula\\\/#primaryimage\",\"url\":\"https:\\\/\\\/mula.es\\\/web\\\/wp-content\\\/uploads\\\/2020\\\/06\\\/escudo-cuadrado-e1591045058235.jpg\",\"contentUrl\":\"https:\\\/\\\/mula.es\\\/web\\\/wp-content\\\/uploads\\\/2020\\\/06\\\/escudo-cuadrado-e1591045058235.jpg\",\"width\":200,\"height\":218},{\"@type\":\"BreadcrumbList\",\"@id\":\"https:\\\/\\\/mula.es\\\/web\\\/industria-y-desarrollo-visita-institucional-a-embutidos-de-bandera-referente-artesanal-y-motor-del-tejido-agroalimentario-de-mula\\\/#breadcrumb\",\"itemListElement\":[{\"@type\":\"ListItem\",\"position\":1,\"name\":\"Portada\",\"item\":\"https:\\\/\\\/mula.es\\\/web\\\/\"},{\"@type\":\"ListItem\",\"position\":2,\"name\":\"INDUSTRIA Y DESARROLLO LOCAL | Visita institucional a Embutidos De Bandera, referente artesanal y motor del tejido agroalimentario de Mula\"}]},{\"@type\":\"WebSite\",\"@id\":\"https:\\\/\\\/mula.es\\\/web\\\/#website\",\"url\":\"https:\\\/\\\/mula.es\\\/web\\\/\",\"name\":\"Ayuntamiento de Mula\",\"description\":\"P\u00e1gina web del Ayuntamiento de Mula (Regi\u00f3n de Murcia)\",\"potentialAction\":[{\"@type\":\"SearchAction\",\"target\":{\"@type\":\"EntryPoint\",\"urlTemplate\":\"https:\\\/\\\/mula.es\\\/web\\\/?s={search_term_string}\"},\"query-input\":{\"@type\":\"PropertyValueSpecification\",\"valueRequired\":true,\"valueName\":\"search_term_string\"}}],\"inLanguage\":\"es\"},{\"@type\":\"Person\",\"@id\":\"https:\\\/\\\/mula.es\\\/web\\\/#\\\/schema\\\/person\\\/4f10179bd364f40dceed361e61e4033f\",\"name\":\"Laura Salas Orcajada\",\"image\":{\"@type\":\"ImageObject\",\"inLanguage\":\"es\",\"@id\":\"https:\\\/\\\/secure.gravatar.com\\\/avatar\\\/786f2a223d9a455e2a448f78b5dcc1117207ef56ef3d9a04df338c0f775cd403?s=96&d=mm&r=g\",\"url\":\"https:\\\/\\\/secure.gravatar.com\\\/avatar\\\/786f2a223d9a455e2a448f78b5dcc1117207ef56ef3d9a04df338c0f775cd403?s=96&d=mm&r=g\",\"contentUrl\":\"https:\\\/\\\/secure.gravatar.com\\\/avatar\\\/786f2a223d9a455e2a448f78b5dcc1117207ef56ef3d9a04df338c0f775cd403?s=96&d=mm&r=g\",\"caption\":\"Laura Salas Orcajada\"},\"url\":\"https:\\\/\\\/mula.es\\\/web\\\/author\\\/lsalas\\\/\"}]}<\/script>\n<!-- \/ Yoast SEO plugin. -->","yoast_head_json":{"title":"INDUSTRIA Y DESARROLLO LOCAL | Visita institucional a Embutidos De Bandera, referente artesanal y motor del tejido agroalimentario de Mula - Ayuntamiento de Mula","robots":{"index":"index","follow":"follow","max-snippet":"max-snippet:-1","max-image-preview":"max-image-preview:large","max-video-preview":"max-video-preview:-1"},"canonical":"https:\/\/mula.es\/web\/industria-y-desarrollo-visita-institucional-a-embutidos-de-bandera-referente-artesanal-y-motor-del-tejido-agroalimentario-de-mula\/","og_locale":"es_ES","og_type":"article","og_title":"INDUSTRIA Y DESARROLLO LOCAL | Visita institucional a Embutidos De Bandera, referente artesanal y motor del tejido agroalimentario de Mula - Ayuntamiento de Mula","og_description":"NOTA DE PRENSA &#8211; 16 DE OCTUBRE DE 2025 &nbsp; Visita institucional a Embutidos De Bandera, referente artesanal y motor del tejido agroalimentario de Mula &nbsp; El alcalde de Mula, junto al concejal de Desarrollo Local, ha realizado una visita institucional a Embutidos De Bandera, empresa mule\u00f1a con una s\u00f3lida trayectoria en la elaboraci\u00f3n de [...]","og_url":"https:\/\/mula.es\/web\/industria-y-desarrollo-visita-institucional-a-embutidos-de-bandera-referente-artesanal-y-motor-del-tejido-agroalimentario-de-mula\/","og_site_name":"Ayuntamiento de Mula","article_published_time":"2025-10-16T12:18:57+00:00","article_modified_time":"2026-01-28T13:20:09+00:00","og_image":[{"width":200,"height":218,"url":"https:\/\/mula.es\/web\/wp-content\/uploads\/2020\/06\/escudo-cuadrado-e1591045058235.jpg","type":"image\/jpeg"}],"author":"Laura Salas Orcajada","twitter_card":"summary_large_image","twitter_creator":"@AyuntamientMula","twitter_site":"@AyuntamientMula","twitter_misc":{"Escrito por":"Laura Salas Orcajada","Tiempo de lectura":"3 minutos"},"schema":{"@context":"https:\/\/schema.org","@graph":[{"@type":"Article","@id":"https:\/\/mula.es\/web\/industria-y-desarrollo-visita-institucional-a-embutidos-de-bandera-referente-artesanal-y-motor-del-tejido-agroalimentario-de-mula\/#article","isPartOf":{"@id":"https:\/\/mula.es\/web\/industria-y-desarrollo-visita-institucional-a-embutidos-de-bandera-referente-artesanal-y-motor-del-tejido-agroalimentario-de-mula\/"},"author":{"name":"Laura Salas Orcajada","@id":"https:\/\/mula.es\/web\/#\/schema\/person\/4f10179bd364f40dceed361e61e4033f"},"headline":"INDUSTRIA Y DESARROLLO LOCAL | Visita institucional a Embutidos De Bandera, referente artesanal y motor del tejido agroalimentario de Mula","datePublished":"2025-10-16T12:18:57+00:00","dateModified":"2026-01-28T13:20:09+00:00","mainEntityOfPage":{"@id":"https:\/\/mula.es\/web\/industria-y-desarrollo-visita-institucional-a-embutidos-de-bandera-referente-artesanal-y-motor-del-tejido-agroalimentario-de-mula\/"},"wordCount":248,"image":{"@id":"https:\/\/mula.es\/web\/industria-y-desarrollo-visita-institucional-a-embutidos-de-bandera-referente-artesanal-y-motor-del-tejido-agroalimentario-de-mula\/#primaryimage"},"thumbnailUrl":"https:\/\/mula.es\/web\/wp-content\/uploads\/2020\/06\/escudo-cuadrado-e1591045058235.jpg","articleSection":["desarrollo local"],"inLanguage":"es"},{"@type":"WebPage","@id":"https:\/\/mula.es\/web\/industria-y-desarrollo-visita-institucional-a-embutidos-de-bandera-referente-artesanal-y-motor-del-tejido-agroalimentario-de-mula\/","url":"https:\/\/mula.es\/web\/industria-y-desarrollo-visita-institucional-a-embutidos-de-bandera-referente-artesanal-y-motor-del-tejido-agroalimentario-de-mula\/","name":"INDUSTRIA Y DESARROLLO LOCAL | Visita institucional a Embutidos De Bandera, referente artesanal y motor del tejido agroalimentario de Mula - Ayuntamiento de Mula","isPartOf":{"@id":"https:\/\/mula.es\/web\/#website"},"primaryImageOfPage":{"@id":"https:\/\/mula.es\/web\/industria-y-desarrollo-visita-institucional-a-embutidos-de-bandera-referente-artesanal-y-motor-del-tejido-agroalimentario-de-mula\/#primaryimage"},"image":{"@id":"https:\/\/mula.es\/web\/industria-y-desarrollo-visita-institucional-a-embutidos-de-bandera-referente-artesanal-y-motor-del-tejido-agroalimentario-de-mula\/#primaryimage"},"thumbnailUrl":"https:\/\/mula.es\/web\/wp-content\/uploads\/2020\/06\/escudo-cuadrado-e1591045058235.jpg","datePublished":"2025-10-16T12:18:57+00:00","dateModified":"2026-01-28T13:20:09+00:00","author":{"@id":"https:\/\/mula.es\/web\/#\/schema\/person\/4f10179bd364f40dceed361e61e4033f"},"breadcrumb":{"@id":"https:\/\/mula.es\/web\/industria-y-desarrollo-visita-institucional-a-embutidos-de-bandera-referente-artesanal-y-motor-del-tejido-agroalimentario-de-mula\/#breadcrumb"},"inLanguage":"es","potentialAction":[{"@type":"ReadAction","target":["https:\/\/mula.es\/web\/industria-y-desarrollo-visita-institucional-a-embutidos-de-bandera-referente-artesanal-y-motor-del-tejido-agroalimentario-de-mula\/"]}]},{"@type":"ImageObject","inLanguage":"es","@id":"https:\/\/mula.es\/web\/industria-y-desarrollo-visita-institucional-a-embutidos-de-bandera-referente-artesanal-y-motor-del-tejido-agroalimentario-de-mula\/#primaryimage","url":"https:\/\/mula.es\/web\/wp-content\/uploads\/2020\/06\/escudo-cuadrado-e1591045058235.jpg","contentUrl":"https:\/\/mula.es\/web\/wp-content\/uploads\/2020\/06\/escudo-cuadrado-e1591045058235.jpg","width":200,"height":218},{"@type":"BreadcrumbList","@id":"https:\/\/mula.es\/web\/industria-y-desarrollo-visita-institucional-a-embutidos-de-bandera-referente-artesanal-y-motor-del-tejido-agroalimentario-de-mula\/#breadcrumb","itemListElement":[{"@type":"ListItem","position":1,"name":"Portada","item":"https:\/\/mula.es\/web\/"},{"@type":"ListItem","position":2,"name":"INDUSTRIA Y DESARROLLO LOCAL | Visita institucional a Embutidos De Bandera, referente artesanal y motor del tejido agroalimentario de Mula"}]},{"@type":"WebSite","@id":"https:\/\/mula.es\/web\/#website","url":"https:\/\/mula.es\/web\/","name":"Ayuntamiento de Mula","description":"P\u00e1gina web del Ayuntamiento de Mula (Regi\u00f3n de Murcia)","potentialAction":[{"@type":"SearchAction","target":{"@type":"EntryPoint","urlTemplate":"https:\/\/mula.es\/web\/?s={search_term_string}"},"query-input":{"@type":"PropertyValueSpecification","valueRequired":true,"valueName":"search_term_string"}}],"inLanguage":"es"},{"@type":"Person","@id":"https:\/\/mula.es\/web\/#\/schema\/person\/4f10179bd364f40dceed361e61e4033f","name":"Laura Salas Orcajada","image":{"@type":"ImageObject","inLanguage":"es","@id":"https:\/\/secure.gravatar.com\/avatar\/786f2a223d9a455e2a448f78b5dcc1117207ef56ef3d9a04df338c0f775cd403?s=96&d=mm&r=g","url":"https:\/\/secure.gravatar.com\/avatar\/786f2a223d9a455e2a448f78b5dcc1117207ef56ef3d9a04df338c0f775cd403?s=96&d=mm&r=g","contentUrl":"https:\/\/secure.gravatar.com\/avatar\/786f2a223d9a455e2a448f78b5dcc1117207ef56ef3d9a04df338c0f775cd403?s=96&d=mm&r=g","caption":"Laura Salas Orcajada"},"url":"https:\/\/mula.es\/web\/author\/lsalas\/"}]}},"jetpack_publicize_connections":[],"jetpack_featured_media_url":"https:\/\/mula.es\/web\/wp-content\/uploads\/2020\/06\/escudo-cuadrado-e1591045058235.jpg","jetpack_sharing_enabled":true,"jetpack_shortlink":"https:\/\/wp.me\/pa9DMY-fMt","jetpack-related-posts":[],"_links":{"self":[{"href":"https:\/\/mula.es\/web\/wp-json\/wp\/v2\/posts\/60665","targetHints":{"allow":["GET"]}}],"collection":[{"href":"https:\/\/mula.es\/web\/wp-json\/wp\/v2\/posts"}],"about":[{"href":"https:\/\/mula.es\/web\/wp-json\/wp\/v2\/types\/post"}],"author":[{"embeddable":true,"href":"https:\/\/mula.es\/web\/wp-json\/wp\/v2\/users\/13"}],"replies":[{"embeddable":true,"href":"https:\/\/mula.es\/web\/wp-json\/wp\/v2\/comments?post=60665"}],"version-history":[{"count":3,"href":"https:\/\/mula.es\/web\/wp-json\/wp\/v2\/posts\/60665\/revisions"}],"predecessor-version":[{"id":60673,"href":"https:\/\/mula.es\/web\/wp-json\/wp\/v2\/posts\/60665\/revisions\/60673"}],"wp:featuredmedia":[{"embeddable":true,"href":"https:\/\/mula.es\/web\/wp-json\/wp\/v2\/media\/33512"}],"wp:attachment":[{"href":"https:\/\/mula.es\/web\/wp-json\/wp\/v2\/media?parent=60665"}],"wp:term":[{"taxonomy":"category","embeddable":true,"href":"https:\/\/mula.es\/web\/wp-json\/wp\/v2\/categories?post=60665"},{"taxonomy":"post_tag","embeddable":true,"href":"https:\/\/mula.es\/web\/wp-json\/wp\/v2\/tags?post=60665"}],"curies":[{"name":"wp","href":"https:\/\/api.w.org\/{rel}","templated":true}]}}