{"id":61268,"date":"2026-04-09T12:45:42","date_gmt":"2026-04-09T10:45:42","guid":{"rendered":"https:\/\/mula.es\/web\/?p=61268"},"modified":"2026-04-09T13:37:54","modified_gmt":"2026-04-09T11:37:54","slug":"juventud-mula-celebra-su-iii-feria-de-empleo-y-emprendimiento-el-proximo-viernes-17-de-abril","status":"publish","type":"post","link":"https:\/\/mula.es\/web\/juventud-mula-celebra-su-iii-feria-de-empleo-y-emprendimiento-el-proximo-viernes-17-de-abril\/","title":{"rendered":"JUVENTUD | Mula celebra su III Feria de Empleo y Emprendimiento el pr\u00f3ximo viernes 17 de abril"},"content":{"rendered":"<p><strong>\u00a0<\/strong><\/p>\n<p><strong>NOTA DE PRENSA \u2013 9 DE ABRIL DE 202<\/strong><strong>6<\/strong><\/p>\n<p><strong>\u00a0<\/strong><\/p>\n<h2><strong>\u00a0<\/strong><\/h2>\n<h2><strong>Mula celebra su III Feria de Empleo y Emprendimiento el pr\u00f3ximo viernes 17 de abril<\/strong><\/h2>\n<p><strong>\u00a0<\/strong><\/p>\n<p><strong>\u00a0<\/strong><\/p>\n<p>La concejal\u00eda de Juventud del Ayuntamiento de Mula organiza, con la colaboraci\u00f3n de INTEDIS y del Sistema Nacional de Garant\u00eda Juvenil, la <strong>III Feria de Empleo y Emprendimiento<\/strong>, una cita ya consolidada que reunir\u00e1 a entidades del \u00e1mbito p\u00fablico y privado con el objetivo de <strong>fomentar la empleabilidad<\/strong>, apoyar el <strong>emprendimiento<\/strong> y facilitar el contacto directo entre empresas y personas que buscan nuevas oportunidades laborales.<\/p>\n<p>&nbsp;<\/p>\n<p>La feria se celebrar\u00e1 en el <strong>Convento de San Francisco<\/strong> y comenzar\u00e1 a las <strong>9:30 horas<\/strong> con la apertura de puertas y la inauguraci\u00f3n oficial. A lo largo de la jornada, las personas asistentes podr\u00e1n participar en actividades orientadas a mejorar sus competencias profesionales, conocer las tendencias actuales del mercado de trabajo y acceder a herramientas \u00fatiles para la b\u00fasqueda activa de empleo.<\/p>\n<p>&nbsp;<\/p>\n<p>El programa incluir\u00e1 <strong>charlas informativas<\/strong>, <strong>mesas de di\u00e1logo con experiencias reales de \u00e9xito<\/strong> y sesiones centradas en recursos innovadores para mejorar la empleabilidad, incluyendo el uso de <strong>inteligencia artificial aplicada a la b\u00fasqueda de empleo<\/strong>. Adem\u00e1s, se contar\u00e1 con la participaci\u00f3n de <strong>empresas que buscan talento<\/strong>, generando un espacio de conexi\u00f3n directa entre candidatos y empleadores.<\/p>\n<p>&nbsp;<\/p>\n<p>La III Feria de Empleo y Emprendimiento est\u00e1 dirigida a <strong>j\u00f3venes<\/strong>, personas desempleadas o en proceso de mejora profesional, as\u00ed como a quienes tienen una idea de negocio y desean impulsar su proyecto.<\/p>\n<p>&nbsp;<\/p>\n<p>El concejal de Juventud, Toni Ruiz destaca la importancia de este tipo de iniciativas, que en ediciones anteriores ha sido todo un \u00e9xito, para avanzar en un modelo de empleabilidad basado en la formaci\u00f3n, la innovaci\u00f3n y la colaboraci\u00f3n institucional y empresarial.<\/p>\n<p>&nbsp;<\/p>\n<p>El evento est\u00e1 abierto a toda la ciudadan\u00eda interesada en mejorar su futuro profesional.<\/p>\n<p><a href=\"https:\/\/mula.es\/web\/wp-content\/uploads\/2026\/04\/RECTIFICADO-OK.jpg\"><img decoding=\"async\" data-attachment-id=\"61325\" data-permalink=\"https:\/\/mula.es\/web\/juventud-mula-celebra-su-iii-feria-de-empleo-y-emprendimiento-el-proximo-viernes-17-de-abril\/rectificado-ok\/\" data-orig-file=\"https:\/\/mula.es\/web\/wp-content\/uploads\/2026\/04\/RECTIFICADO-OK.jpg\" data-orig-size=\"1080,1350\" data-comments-opened=\"0\" data-image-meta=\"{&quot;aperture&quot;:&quot;0&quot;,&quot;credit&quot;:&quot;&quot;,&quot;camera&quot;:&quot;&quot;,&quot;caption&quot;:&quot;&quot;,&quot;created_timestamp&quot;:&quot;0&quot;,&quot;copyright&quot;:&quot;&quot;,&quot;focal_length&quot;:&quot;0&quot;,&quot;iso&quot;:&quot;0&quot;,&quot;shutter_speed&quot;:&quot;0&quot;,&quot;title&quot;:&quot;&quot;,&quot;orientation&quot;:&quot;1&quot;}\" data-image-title=\"RECTIFICADO OK\" data-image-description=\"\" data-image-caption=\"\" data-large-file=\"https:\/\/mula.es\/web\/wp-content\/uploads\/2026\/04\/RECTIFICADO-OK-819x1024.jpg\" class=\"alignnone size-medium wp-image-61325\" src=\"https:\/\/mula.es\/web\/wp-content\/uploads\/2026\/04\/RECTIFICADO-OK-240x300.jpg\" alt=\"\" width=\"240\" height=\"300\" srcset=\"https:\/\/mula.es\/web\/wp-content\/uploads\/2026\/04\/RECTIFICADO-OK-200x250.jpg 200w, https:\/\/mula.es\/web\/wp-content\/uploads\/2026\/04\/RECTIFICADO-OK-240x300.jpg 240w, https:\/\/mula.es\/web\/wp-content\/uploads\/2026\/04\/RECTIFICADO-OK-400x500.jpg 400w, https:\/\/mula.es\/web\/wp-content\/uploads\/2026\/04\/RECTIFICADO-OK-600x750.jpg 600w, https:\/\/mula.es\/web\/wp-content\/uploads\/2026\/04\/RECTIFICADO-OK-768x960.jpg 768w, https:\/\/mula.es\/web\/wp-content\/uploads\/2026\/04\/RECTIFICADO-OK-800x1000.jpg 800w, https:\/\/mula.es\/web\/wp-content\/uploads\/2026\/04\/RECTIFICADO-OK-819x1024.jpg 819w, https:\/\/mula.es\/web\/wp-content\/uploads\/2026\/04\/RECTIFICADO-OK.jpg 1080w\" sizes=\"(max-width: 240px) 100vw, 240px\" \/><\/a><\/p>\n","protected":false},"excerpt":{"rendered":"<p>\u00a0 NOTA DE PRENSA \u2013 9 DE ABRIL DE 2026 \u00a0 \u00a0 Mula celebra su III Feria de Empleo y Emprendimiento el pr\u00f3ximo viernes 17 de abril \u00a0 \u00a0 La concejal\u00eda de Juventud del Ayuntamiento de Mula organiza, con la colaboraci\u00f3n de INTEDIS y del Sistema Nacional de Garant\u00eda Juvenil, la III Feria de Empleo  [&#8230;]<\/p>\n","protected":false},"author":13,"featured_media":33512,"comment_status":"closed","ping_status":"closed","sticky":false,"template":"","format":"standard","meta":{"jetpack_post_was_ever_published":false,"_jetpack_newsletter_access":"","_jetpack_dont_email_post_to_subs":false,"_jetpack_newsletter_tier_id":0,"_jetpack_memberships_contains_paywalled_content":false,"_jetpack_memberships_contains_paid_content":false,"footnotes":"","jetpack_publicize_message":"","jetpack_publicize_feature_enabled":true,"jetpack_social_post_already_shared":true,"jetpack_social_options":{"image_generator_settings":{"template":"highway","default_image_id":0,"font":"","enabled":false},"version":2}},"categories":[87],"tags":[],"class_list":["post-61268","post","type-post","status-publish","format-standard","has-post-thumbnail","hentry","category-juventud-y-adolescencia"],"yoast_head":"<!-- This site is optimized with the Yoast SEO plugin v27.5 - https:\/\/yoast.com\/product\/yoast-seo-wordpress\/ -->\n<title>JUVENTUD | Mula celebra su III Feria de Empleo y Emprendimiento el pr\u00f3ximo viernes 17 de abril - Ayuntamiento de Mula<\/title>\n<meta name=\"robots\" content=\"index, follow, max-snippet:-1, max-image-preview:large, max-video-preview:-1\" \/>\n<link rel=\"canonical\" href=\"https:\/\/mula.es\/web\/juventud-mula-celebra-su-iii-feria-de-empleo-y-emprendimiento-el-proximo-viernes-17-de-abril\/\" \/>\n<meta property=\"og:locale\" content=\"es_ES\" \/>\n<meta property=\"og:type\" content=\"article\" \/>\n<meta property=\"og:title\" content=\"JUVENTUD | Mula celebra su III Feria de Empleo y Emprendimiento el pr\u00f3ximo viernes 17 de abril - Ayuntamiento de Mula\" \/>\n<meta property=\"og:description\" content=\"\u00a0 NOTA DE PRENSA \u2013 9 DE ABRIL DE 2026 \u00a0 \u00a0 Mula celebra su III Feria de Empleo y Emprendimiento el pr\u00f3ximo viernes 17 de abril \u00a0 \u00a0 La concejal\u00eda de Juventud del Ayuntamiento de Mula organiza, con la colaboraci\u00f3n de INTEDIS y del Sistema Nacional de Garant\u00eda Juvenil, la III Feria de Empleo [...]\" \/>\n<meta property=\"og:url\" content=\"https:\/\/mula.es\/web\/juventud-mula-celebra-su-iii-feria-de-empleo-y-emprendimiento-el-proximo-viernes-17-de-abril\/\" \/>\n<meta property=\"og:site_name\" content=\"Ayuntamiento de Mula\" \/>\n<meta property=\"article:published_time\" content=\"2026-04-09T10:45:42+00:00\" \/>\n<meta property=\"article:modified_time\" content=\"2026-04-09T11:37:54+00:00\" \/>\n<meta property=\"og:image\" content=\"https:\/\/mula.es\/web\/wp-content\/uploads\/2020\/06\/escudo-cuadrado-e1591045058235.jpg\" \/>\n\t<meta property=\"og:image:width\" content=\"200\" \/>\n\t<meta property=\"og:image:height\" content=\"218\" \/>\n\t<meta property=\"og:image:type\" content=\"image\/jpeg\" \/>\n<meta name=\"author\" content=\"Laura Salas Orcajada\" \/>\n<meta name=\"twitter:card\" content=\"summary_large_image\" \/>\n<meta name=\"twitter:creator\" content=\"@AyuntamientMula\" \/>\n<meta name=\"twitter:site\" content=\"@AyuntamientMula\" \/>\n<meta name=\"twitter:label1\" content=\"Escrito por\" \/>\n\t<meta name=\"twitter:data1\" content=\"Laura Salas Orcajada\" \/>\n\t<meta name=\"twitter:label2\" content=\"Tiempo de lectura\" \/>\n\t<meta name=\"twitter:data2\" content=\"2 minutos\" \/>\n<script type=\"application\/ld+json\" class=\"yoast-schema-graph\">{\"@context\":\"https:\\\/\\\/schema.org\",\"@graph\":[{\"@type\":\"Article\",\"@id\":\"https:\\\/\\\/mula.es\\\/web\\\/juventud-mula-celebra-su-iii-feria-de-empleo-y-emprendimiento-el-proximo-viernes-17-de-abril\\\/#article\",\"isPartOf\":{\"@id\":\"https:\\\/\\\/mula.es\\\/web\\\/juventud-mula-celebra-su-iii-feria-de-empleo-y-emprendimiento-el-proximo-viernes-17-de-abril\\\/\"},\"author\":{\"name\":\"Laura Salas Orcajada\",\"@id\":\"https:\\\/\\\/mula.es\\\/web\\\/#\\\/schema\\\/person\\\/4f10179bd364f40dceed361e61e4033f\"},\"headline\":\"JUVENTUD | Mula celebra su III Feria de Empleo y Emprendimiento el pr\u00f3ximo viernes 17 de abril\",\"datePublished\":\"2026-04-09T10:45:42+00:00\",\"dateModified\":\"2026-04-09T11:37:54+00:00\",\"mainEntityOfPage\":{\"@id\":\"https:\\\/\\\/mula.es\\\/web\\\/juventud-mula-celebra-su-iii-feria-de-empleo-y-emprendimiento-el-proximo-viernes-17-de-abril\\\/\"},\"wordCount\":331,\"image\":{\"@id\":\"https:\\\/\\\/mula.es\\\/web\\\/juventud-mula-celebra-su-iii-feria-de-empleo-y-emprendimiento-el-proximo-viernes-17-de-abril\\\/#primaryimage\"},\"thumbnailUrl\":\"https:\\\/\\\/mula.es\\\/web\\\/wp-content\\\/uploads\\\/2020\\\/06\\\/escudo-cuadrado-e1591045058235.jpg\",\"articleSection\":[\"juventud y adolescencia\"],\"inLanguage\":\"es\"},{\"@type\":\"WebPage\",\"@id\":\"https:\\\/\\\/mula.es\\\/web\\\/juventud-mula-celebra-su-iii-feria-de-empleo-y-emprendimiento-el-proximo-viernes-17-de-abril\\\/\",\"url\":\"https:\\\/\\\/mula.es\\\/web\\\/juventud-mula-celebra-su-iii-feria-de-empleo-y-emprendimiento-el-proximo-viernes-17-de-abril\\\/\",\"name\":\"JUVENTUD | Mula celebra su III Feria de Empleo y Emprendimiento el pr\u00f3ximo viernes 17 de abril - Ayuntamiento de Mula\",\"isPartOf\":{\"@id\":\"https:\\\/\\\/mula.es\\\/web\\\/#website\"},\"primaryImageOfPage\":{\"@id\":\"https:\\\/\\\/mula.es\\\/web\\\/juventud-mula-celebra-su-iii-feria-de-empleo-y-emprendimiento-el-proximo-viernes-17-de-abril\\\/#primaryimage\"},\"image\":{\"@id\":\"https:\\\/\\\/mula.es\\\/web\\\/juventud-mula-celebra-su-iii-feria-de-empleo-y-emprendimiento-el-proximo-viernes-17-de-abril\\\/#primaryimage\"},\"thumbnailUrl\":\"https:\\\/\\\/mula.es\\\/web\\\/wp-content\\\/uploads\\\/2020\\\/06\\\/escudo-cuadrado-e1591045058235.jpg\",\"datePublished\":\"2026-04-09T10:45:42+00:00\",\"dateModified\":\"2026-04-09T11:37:54+00:00\",\"author\":{\"@id\":\"https:\\\/\\\/mula.es\\\/web\\\/#\\\/schema\\\/person\\\/4f10179bd364f40dceed361e61e4033f\"},\"breadcrumb\":{\"@id\":\"https:\\\/\\\/mula.es\\\/web\\\/juventud-mula-celebra-su-iii-feria-de-empleo-y-emprendimiento-el-proximo-viernes-17-de-abril\\\/#breadcrumb\"},\"inLanguage\":\"es\",\"potentialAction\":[{\"@type\":\"ReadAction\",\"target\":[\"https:\\\/\\\/mula.es\\\/web\\\/juventud-mula-celebra-su-iii-feria-de-empleo-y-emprendimiento-el-proximo-viernes-17-de-abril\\\/\"]}]},{\"@type\":\"ImageObject\",\"inLanguage\":\"es\",\"@id\":\"https:\\\/\\\/mula.es\\\/web\\\/juventud-mula-celebra-su-iii-feria-de-empleo-y-emprendimiento-el-proximo-viernes-17-de-abril\\\/#primaryimage\",\"url\":\"https:\\\/\\\/mula.es\\\/web\\\/wp-content\\\/uploads\\\/2020\\\/06\\\/escudo-cuadrado-e1591045058235.jpg\",\"contentUrl\":\"https:\\\/\\\/mula.es\\\/web\\\/wp-content\\\/uploads\\\/2020\\\/06\\\/escudo-cuadrado-e1591045058235.jpg\",\"width\":200,\"height\":218},{\"@type\":\"BreadcrumbList\",\"@id\":\"https:\\\/\\\/mula.es\\\/web\\\/juventud-mula-celebra-su-iii-feria-de-empleo-y-emprendimiento-el-proximo-viernes-17-de-abril\\\/#breadcrumb\",\"itemListElement\":[{\"@type\":\"ListItem\",\"position\":1,\"name\":\"Portada\",\"item\":\"https:\\\/\\\/mula.es\\\/web\\\/\"},{\"@type\":\"ListItem\",\"position\":2,\"name\":\"JUVENTUD | Mula celebra su III Feria de Empleo y Emprendimiento el pr\u00f3ximo viernes 17 de abril\"}]},{\"@type\":\"WebSite\",\"@id\":\"https:\\\/\\\/mula.es\\\/web\\\/#website\",\"url\":\"https:\\\/\\\/mula.es\\\/web\\\/\",\"name\":\"Ayuntamiento de Mula\",\"description\":\"P\u00e1gina web del Ayuntamiento de Mula (Regi\u00f3n de Murcia)\",\"potentialAction\":[{\"@type\":\"SearchAction\",\"target\":{\"@type\":\"EntryPoint\",\"urlTemplate\":\"https:\\\/\\\/mula.es\\\/web\\\/?s={search_term_string}\"},\"query-input\":{\"@type\":\"PropertyValueSpecification\",\"valueRequired\":true,\"valueName\":\"search_term_string\"}}],\"inLanguage\":\"es\"},{\"@type\":\"Person\",\"@id\":\"https:\\\/\\\/mula.es\\\/web\\\/#\\\/schema\\\/person\\\/4f10179bd364f40dceed361e61e4033f\",\"name\":\"Laura Salas Orcajada\",\"image\":{\"@type\":\"ImageObject\",\"inLanguage\":\"es\",\"@id\":\"https:\\\/\\\/secure.gravatar.com\\\/avatar\\\/786f2a223d9a455e2a448f78b5dcc1117207ef56ef3d9a04df338c0f775cd403?s=96&d=mm&r=g\",\"url\":\"https:\\\/\\\/secure.gravatar.com\\\/avatar\\\/786f2a223d9a455e2a448f78b5dcc1117207ef56ef3d9a04df338c0f775cd403?s=96&d=mm&r=g\",\"contentUrl\":\"https:\\\/\\\/secure.gravatar.com\\\/avatar\\\/786f2a223d9a455e2a448f78b5dcc1117207ef56ef3d9a04df338c0f775cd403?s=96&d=mm&r=g\",\"caption\":\"Laura Salas Orcajada\"},\"url\":\"https:\\\/\\\/mula.es\\\/web\\\/author\\\/lsalas\\\/\"}]}<\/script>\n<!-- \/ Yoast SEO plugin. -->","yoast_head_json":{"title":"JUVENTUD | Mula celebra su III Feria de Empleo y Emprendimiento el pr\u00f3ximo viernes 17 de abril - Ayuntamiento de Mula","robots":{"index":"index","follow":"follow","max-snippet":"max-snippet:-1","max-image-preview":"max-image-preview:large","max-video-preview":"max-video-preview:-1"},"canonical":"https:\/\/mula.es\/web\/juventud-mula-celebra-su-iii-feria-de-empleo-y-emprendimiento-el-proximo-viernes-17-de-abril\/","og_locale":"es_ES","og_type":"article","og_title":"JUVENTUD | Mula celebra su III Feria de Empleo y Emprendimiento el pr\u00f3ximo viernes 17 de abril - Ayuntamiento de Mula","og_description":"\u00a0 NOTA DE PRENSA \u2013 9 DE ABRIL DE 2026 \u00a0 \u00a0 Mula celebra su III Feria de Empleo y Emprendimiento el pr\u00f3ximo viernes 17 de abril \u00a0 \u00a0 La concejal\u00eda de Juventud del Ayuntamiento de Mula organiza, con la colaboraci\u00f3n de INTEDIS y del Sistema Nacional de Garant\u00eda Juvenil, la III Feria de Empleo [...]","og_url":"https:\/\/mula.es\/web\/juventud-mula-celebra-su-iii-feria-de-empleo-y-emprendimiento-el-proximo-viernes-17-de-abril\/","og_site_name":"Ayuntamiento de Mula","article_published_time":"2026-04-09T10:45:42+00:00","article_modified_time":"2026-04-09T11:37:54+00:00","og_image":[{"width":200,"height":218,"url":"https:\/\/mula.es\/web\/wp-content\/uploads\/2020\/06\/escudo-cuadrado-e1591045058235.jpg","type":"image\/jpeg"}],"author":"Laura Salas Orcajada","twitter_card":"summary_large_image","twitter_creator":"@AyuntamientMula","twitter_site":"@AyuntamientMula","twitter_misc":{"Escrito por":"Laura Salas Orcajada","Tiempo de lectura":"2 minutos"},"schema":{"@context":"https:\/\/schema.org","@graph":[{"@type":"Article","@id":"https:\/\/mula.es\/web\/juventud-mula-celebra-su-iii-feria-de-empleo-y-emprendimiento-el-proximo-viernes-17-de-abril\/#article","isPartOf":{"@id":"https:\/\/mula.es\/web\/juventud-mula-celebra-su-iii-feria-de-empleo-y-emprendimiento-el-proximo-viernes-17-de-abril\/"},"author":{"name":"Laura Salas Orcajada","@id":"https:\/\/mula.es\/web\/#\/schema\/person\/4f10179bd364f40dceed361e61e4033f"},"headline":"JUVENTUD | Mula celebra su III Feria de Empleo y Emprendimiento el pr\u00f3ximo viernes 17 de abril","datePublished":"2026-04-09T10:45:42+00:00","dateModified":"2026-04-09T11:37:54+00:00","mainEntityOfPage":{"@id":"https:\/\/mula.es\/web\/juventud-mula-celebra-su-iii-feria-de-empleo-y-emprendimiento-el-proximo-viernes-17-de-abril\/"},"wordCount":331,"image":{"@id":"https:\/\/mula.es\/web\/juventud-mula-celebra-su-iii-feria-de-empleo-y-emprendimiento-el-proximo-viernes-17-de-abril\/#primaryimage"},"thumbnailUrl":"https:\/\/mula.es\/web\/wp-content\/uploads\/2020\/06\/escudo-cuadrado-e1591045058235.jpg","articleSection":["juventud y adolescencia"],"inLanguage":"es"},{"@type":"WebPage","@id":"https:\/\/mula.es\/web\/juventud-mula-celebra-su-iii-feria-de-empleo-y-emprendimiento-el-proximo-viernes-17-de-abril\/","url":"https:\/\/mula.es\/web\/juventud-mula-celebra-su-iii-feria-de-empleo-y-emprendimiento-el-proximo-viernes-17-de-abril\/","name":"JUVENTUD | Mula celebra su III Feria de Empleo y Emprendimiento el pr\u00f3ximo viernes 17 de abril - Ayuntamiento de Mula","isPartOf":{"@id":"https:\/\/mula.es\/web\/#website"},"primaryImageOfPage":{"@id":"https:\/\/mula.es\/web\/juventud-mula-celebra-su-iii-feria-de-empleo-y-emprendimiento-el-proximo-viernes-17-de-abril\/#primaryimage"},"image":{"@id":"https:\/\/mula.es\/web\/juventud-mula-celebra-su-iii-feria-de-empleo-y-emprendimiento-el-proximo-viernes-17-de-abril\/#primaryimage"},"thumbnailUrl":"https:\/\/mula.es\/web\/wp-content\/uploads\/2020\/06\/escudo-cuadrado-e1591045058235.jpg","datePublished":"2026-04-09T10:45:42+00:00","dateModified":"2026-04-09T11:37:54+00:00","author":{"@id":"https:\/\/mula.es\/web\/#\/schema\/person\/4f10179bd364f40dceed361e61e4033f"},"breadcrumb":{"@id":"https:\/\/mula.es\/web\/juventud-mula-celebra-su-iii-feria-de-empleo-y-emprendimiento-el-proximo-viernes-17-de-abril\/#breadcrumb"},"inLanguage":"es","potentialAction":[{"@type":"ReadAction","target":["https:\/\/mula.es\/web\/juventud-mula-celebra-su-iii-feria-de-empleo-y-emprendimiento-el-proximo-viernes-17-de-abril\/"]}]},{"@type":"ImageObject","inLanguage":"es","@id":"https:\/\/mula.es\/web\/juventud-mula-celebra-su-iii-feria-de-empleo-y-emprendimiento-el-proximo-viernes-17-de-abril\/#primaryimage","url":"https:\/\/mula.es\/web\/wp-content\/uploads\/2020\/06\/escudo-cuadrado-e1591045058235.jpg","contentUrl":"https:\/\/mula.es\/web\/wp-content\/uploads\/2020\/06\/escudo-cuadrado-e1591045058235.jpg","width":200,"height":218},{"@type":"BreadcrumbList","@id":"https:\/\/mula.es\/web\/juventud-mula-celebra-su-iii-feria-de-empleo-y-emprendimiento-el-proximo-viernes-17-de-abril\/#breadcrumb","itemListElement":[{"@type":"ListItem","position":1,"name":"Portada","item":"https:\/\/mula.es\/web\/"},{"@type":"ListItem","position":2,"name":"JUVENTUD | Mula celebra su III Feria de Empleo y Emprendimiento el pr\u00f3ximo viernes 17 de abril"}]},{"@type":"WebSite","@id":"https:\/\/mula.es\/web\/#website","url":"https:\/\/mula.es\/web\/","name":"Ayuntamiento de Mula","description":"P\u00e1gina web del Ayuntamiento de Mula (Regi\u00f3n de Murcia)","potentialAction":[{"@type":"SearchAction","target":{"@type":"EntryPoint","urlTemplate":"https:\/\/mula.es\/web\/?s={search_term_string}"},"query-input":{"@type":"PropertyValueSpecification","valueRequired":true,"valueName":"search_term_string"}}],"inLanguage":"es"},{"@type":"Person","@id":"https:\/\/mula.es\/web\/#\/schema\/person\/4f10179bd364f40dceed361e61e4033f","name":"Laura Salas Orcajada","image":{"@type":"ImageObject","inLanguage":"es","@id":"https:\/\/secure.gravatar.com\/avatar\/786f2a223d9a455e2a448f78b5dcc1117207ef56ef3d9a04df338c0f775cd403?s=96&d=mm&r=g","url":"https:\/\/secure.gravatar.com\/avatar\/786f2a223d9a455e2a448f78b5dcc1117207ef56ef3d9a04df338c0f775cd403?s=96&d=mm&r=g","contentUrl":"https:\/\/secure.gravatar.com\/avatar\/786f2a223d9a455e2a448f78b5dcc1117207ef56ef3d9a04df338c0f775cd403?s=96&d=mm&r=g","caption":"Laura Salas Orcajada"},"url":"https:\/\/mula.es\/web\/author\/lsalas\/"}]}},"jetpack_publicize_connections":[],"jetpack_featured_media_url":"https:\/\/mula.es\/web\/wp-content\/uploads\/2020\/06\/escudo-cuadrado-e1591045058235.jpg","jetpack_sharing_enabled":true,"jetpack_shortlink":"https:\/\/wp.me\/pa9DMY-fWc","jetpack-related-posts":[],"_links":{"self":[{"href":"https:\/\/mula.es\/web\/wp-json\/wp\/v2\/posts\/61268","targetHints":{"allow":["GET"]}}],"collection":[{"href":"https:\/\/mula.es\/web\/wp-json\/wp\/v2\/posts"}],"about":[{"href":"https:\/\/mula.es\/web\/wp-json\/wp\/v2\/types\/post"}],"author":[{"embeddable":true,"href":"https:\/\/mula.es\/web\/wp-json\/wp\/v2\/users\/13"}],"replies":[{"embeddable":true,"href":"https:\/\/mula.es\/web\/wp-json\/wp\/v2\/comments?post=61268"}],"version-history":[{"count":3,"href":"https:\/\/mula.es\/web\/wp-json\/wp\/v2\/posts\/61268\/revisions"}],"predecessor-version":[{"id":61326,"href":"https:\/\/mula.es\/web\/wp-json\/wp\/v2\/posts\/61268\/revisions\/61326"}],"wp:featuredmedia":[{"embeddable":true,"href":"https:\/\/mula.es\/web\/wp-json\/wp\/v2\/media\/33512"}],"wp:attachment":[{"href":"https:\/\/mula.es\/web\/wp-json\/wp\/v2\/media?parent=61268"}],"wp:term":[{"taxonomy":"category","embeddable":true,"href":"https:\/\/mula.es\/web\/wp-json\/wp\/v2\/categories?post=61268"},{"taxonomy":"post_tag","embeddable":true,"href":"https:\/\/mula.es\/web\/wp-json\/wp\/v2\/tags?post=61268"}],"curies":[{"name":"wp","href":"https:\/\/api.w.org\/{rel}","templated":true}]}}