{"id":61429,"date":"2026-04-23T09:55:21","date_gmt":"2026-04-23T07:55:21","guid":{"rendered":"https:\/\/mula.es\/web\/?p=61429"},"modified":"2026-04-23T09:55:21","modified_gmt":"2026-04-23T07:55:21","slug":"tic-conexiones-moviles-mas-veloces-y-mejor-cobertura-llegan-a-mula-con-los-despliegues-4g-y-5g-5","status":"publish","type":"post","link":"https:\/\/mula.es\/web\/tic-conexiones-moviles-mas-veloces-y-mejor-cobertura-llegan-a-mula-con-los-despliegues-4g-y-5g-5\/","title":{"rendered":"TIC | Conexiones m\u00f3viles m\u00e1s veloces y mejor cobertura llegan a Mula con los despliegues 4G y 5G"},"content":{"rendered":"<ul>\n<li>\n<p align=\"justify\"><span style=\"color: #003f87;\"><span style=\"font-family: Verdana, sans-serif;\"><b>Las operadoras de telefon\u00eda m\u00f3vil comienzan a ofrecer en <\/b><\/span><\/span><span style=\"color: #003f87;\"><span style=\"font-family: Verdana, sans-serif;\"><b>Mula <\/b><\/span><\/span><span style=\"color: #003f87;\"><span style=\"font-family: Verdana, sans-serif;\"><b>servicios m\u00f3viles de nueva generaci\u00f3n, 4G y 5G, en las bandas de 700 y 800MHz.<\/b><\/span><\/span><\/p>\n<\/li>\n<\/ul>\n<ul>\n<li>\n<p align=\"justify\"><span style=\"color: #003f87;\"><span style=\"font-family: Verdana, sans-serif;\"><b>La nueva tecnolog\u00eda permitir\u00e1 a l<\/b><\/span><\/span><span style=\"color: #003f87;\"><span style=\"font-family: Verdana, sans-serif;\"><b>@<\/b><\/span><\/span><span style=\"color: #003f87;\"><span style=\"font-family: Verdana, sans-serif;\"><b>s <\/b><\/span><\/span><span style=\"color: #003f87;\"><span style=\"font-family: Verdana, sans-serif;\"><b>mule\u00f1@s<\/b><\/span><\/span><b> <\/b><span style=\"color: #003f87;\"><span style=\"font-family: Verdana, sans-serif;\"><b>disfrutar de servicios de datos m\u00f3viles de alta velocidad, mejorar\u00e1 la cobertura en el interior de edificios y ampliar\u00e1 la extensi\u00f3n geogr\u00e1fica.<\/b><\/span><\/span><\/p>\n<\/li>\n<\/ul>\n<ul>\n<li>\n<p align=\"justify\"><span style=\"color: #003f87;\"><span style=\"font-family: Verdana, sans-serif;\"><b>Llega700 es la entidad encargada de garantizar la compatibilidad de este servicio con la TDT.<\/b><\/span><\/span><\/p>\n<\/li>\n<\/ul>\n<p align=\"justify\"><strong>ZONAS AFECTADAS:<\/strong><\/p>\n<ul>\n<li>N\u00facleo urbano de Mula<\/li>\n<li>Puebla de Mula<\/li>\n<li>Ni\u00f1o de Mula<\/li>\n<li>Sangrador de las anguilas<\/li>\n<\/ul>\n<p align=\"justify\"><span style=\"font-family: Verdana, sans-serif;\"><span style=\"font-size: small;\">L<\/span><\/span><span style=\"font-family: Verdana, sans-serif;\"><span style=\"font-size: small;\">as operadoras de telefon\u00eda m\u00f3vil, Telef\u00f3nica, Vodafone y Orange, han anunciado que durante las pr\u00f3ximas semanas realizar\u00e1n en <\/span><\/span><span style=\"font-family: Verdana, sans-serif;\"><span style=\"font-size: small;\">Mula <\/span><\/span><span style=\"font-family: Verdana, sans-serif;\"><span style=\"font-size: small;\">el proceso de implantaci\u00f3n de los servicios de telefon\u00eda m\u00f3vil de nueva generaci\u00f3n, 4G y 5G, sobre las bandas de 800 y 700 MHz, respectivamente, lo que permitir\u00e1 a <a href=\"mailto:l@s\">l<\/a><\/span><\/span><a href=\"mailto:l@s\"><span style=\"font-family: Verdana, sans-serif;\"><span style=\"font-size: small;\">@s<\/span><\/span><\/a> mule\u00f1@s<span style=\"font-family: Verdana, sans-serif;\"><span style=\"font-size: small;\"> disfrutar de conexiones m\u00f3viles de alta velocidad con una mejor cobertura en el interior de los edificios y mayor extensi\u00f3n geogr\u00e1fica.<\/span><\/span><\/p>\n<ul>\n<li><\/li>\n<\/ul>\n<p align=\"justify\"><span style=\"font-family: Verdana, sans-serif;\"><span style=\"font-size: small;\">Para garantizar la compatibilidad de la nueva tecnolog\u00eda con la televisi\u00f3n digital terrestre (TDT), <\/span><\/span><span style=\"font-family: Verdana, sans-serif;\"><span style=\"font-size: small;\"><b>Llega700<\/b><\/span><\/span><span style=\"font-family: Verdana, sans-serif;\"><span style=\"font-size: small;\"> es la entidad puesta en marcha por los operadores para solucionar cualquier afectaci\u00f3n en la recepci\u00f3n de la se\u00f1al de televisi\u00f3n. <\/span><\/span><\/p>\n<p align=\"justify\"><span style=\"font-family: Times New Roman, serif;\"><span style=\"font-size: medium;\"><span style=\"font-family: Verdana, sans-serif;\"><span style=\"font-size: small;\">El proceso de implantaci\u00f3n se est\u00e1 realizando de forma paulatina por toda la geograf\u00eda nacional. Para comprobar las localidades donde ya est\u00e1n activos estos servicios se puede consultar el siguiente enlace: <\/span><\/span><span style=\"color: #0563c1;\"><u><span style=\"font-family: Verdana, sans-serif;\"><span style=\"font-size: small;\"><a href=\"https:\/\/www.llega700.es\/\">https:\/\/www.llega700.es\/<\/a>contacto_mapa.php<\/span><\/span><\/u><\/span><\/span><\/span><\/p>\n<p align=\"justify\"><span style=\"font-family: Times New Roman, serif;\"><span style=\"font-size: medium;\"><span style=\"font-family: Verdana, sans-serif;\"><span style=\"font-size: small;\">El despliegue se enmarca en lo establecido en el <\/span><\/span><span style=\"font-family: Verdana, sans-serif;\"><span style=\"font-size: small;\">Real Decreto 579\/2019, de 11 de octubre, a partir del cual se procedi\u00f3 a la liberaci\u00f3n de las frecuencias entre 694 y 790 MHz (canales 49 al 60 de UHF) <\/span><\/span><span style=\"font-family: Verdana, sans-serif;\"><span style=\"font-size: small;\">que hasta entonces se empleaban para la recepci\u00f3n de la Televisi\u00f3n Digital Terrestre, proceso tambi\u00e9n conocido como Segundo Dividendo Digital. A partir de entonces, dichas frecuencias fueron asignadas a las operadoras de telefon\u00eda m\u00f3vil para prestar sus servicios de telefon\u00eda m\u00f3vil de nueva generaci\u00f3n.<\/span><\/span><\/span><\/span><\/p>\n<p align=\"justify\"><span style=\"font-family: Verdana, sans-serif;\"><b>Principales ventajas: m\u00e1s y mejor cobertura <\/b><\/span><\/p>\n<p align=\"justify\"><span style=\"font-family: Times New Roman, serif;\"><span style=\"font-size: medium;\"><span style=\"font-family: Verdana, sans-serif;\"><span style=\"font-size: small;\">Con la nueva red m\u00f3vil se ha abierto la puerta a innovadores servicios y aplicaciones,<\/span><\/span> <span style=\"font-family: Verdana, sans-serif;\"><span style=\"font-size: small;\">adem\u00e1s de proporcionar<\/span><\/span> <span style=\"font-family: Verdana, sans-serif;\"><span style=\"font-size: small;\">significativas mejoras tanto en la velocidad de descarga, como de env\u00edo de datos (fotos, m\u00fasica o contenidos audiovisuales de alta definici\u00f3n) o permitir sacar el m\u00e1ximo partido a aplicaciones online, como los videojuegos. <\/span><\/span><\/span><\/span><\/p>\n<p align=\"justify\"><span style=\"font-family: Times New Roman, serif;\"><span style=\"font-size: medium;\"><span style=\"font-family: Verdana, sans-serif;\"><span style=\"font-size: small;\">La red de telefon\u00eda m\u00f3vil de nueva generaci\u00f3n introduce dos mejoras fundamentales. La primera es la solvencia de los diversos problemas relacionados con orograf\u00edas complicadas presentes en la geograf\u00eda espa\u00f1ola donde tradicionalmente fallaba la cobertura. La segunda, es la gran penetraci\u00f3n en zonas interiores de los edificios.<\/span><\/span><\/span><\/span><\/p>\n<p align=\"justify\"><span style=\"font-family: Times New Roman, serif;\"><span style=\"font-size: medium;\"><span style=\"font-family: Verdana, sans-serif;\"><span style=\"font-size: small;\">La nueva generaci\u00f3n tambi\u00e9n facilita la introducci\u00f3n de nuevos servicios en el \u00e1rea empresarial y de las administraciones p\u00fablicas, como aplicaciones empresariales en movilidad con alto contenido multimedia o el uso de la videollamada, entre otros.<\/span><\/span><\/span><\/span><\/p>\n<p align=\"justify\"><span style=\"font-family: Verdana, sans-serif;\"><span style=\"font-size: small;\">Adem\u00e1s, la mayor cobertura que alcanza el despliegue en las bandas de 700 y 800 MHz mejorar\u00e1 el servicio en el interior de edificios y ser\u00e1 la banda que permita extender geogr\u00e1ficamente el servicio de forma eficiente. <\/span><\/span><\/p>\n<p align=\"justify\"><span style=\"font-family: Verdana, sans-serif;\"><b>Garantizando la compatibilidad de la red m\u00f3vil de nueva generaci\u00f3n y la TDT<\/b><\/span><\/p>\n<p align=\"justify\"><span style=\"font-family: Verdana, sans-serif;\"><span style=\"font-size: small;\"><b>Llega700 <\/b><\/span><\/span><span style=\"font-family: Verdana, sans-serif;\"><span style=\"font-size: small;\">es la entidad gestora encargada de ofrecer los servicios que garantizar\u00e1n la compatibilidad entre la puesta en marcha de la emisi\u00f3n m\u00f3vil 4G y 5G en las bandas de 800 y 700 MHz, respectivamente, y la recepci\u00f3n del servicio de TDT. <\/span><\/span><\/p>\n<p align=\"justify\"><span style=\"font-family: Verdana, sans-serif;\"><span style=\"font-size: small;\">Para garantizar esta compatibilidad, Llega700 presta a los ciudadanos una serie de servicios gratuitos que incluye un procedimiento correctivo tras el encendido de las estaciones, por el que llega700 se encargar\u00e1 de atender a los usuarios afectados gestionando y resolviendo posibles afectaciones sin coste alguno. <\/span><\/span><\/p>\n<p align=\"justify\"><span style=\"font-family: Verdana, sans-serif;\"><span style=\"font-size: small;\">Para gestionar estos servicios, se ha puesto a disposici\u00f3n de los ciudadanos un tel\u00e9fono de atenci\u00f3n gratuito (900 833 999) y una p\u00e1gina web <\/span><\/span><span style=\"color: #0563c1;\"><u><a href=\"http:\/\/www.llega700.es\/\"><span style=\"font-family: Verdana, sans-serif;\"><span style=\"font-size: small;\">www.llega700.es<\/span><\/span><\/a><\/u><\/span><\/p>\n<p align=\"justify\"><span style=\"font-family: Verdana, sans-serif;\"><span style=\"font-size: small;\"><b>M\u00e1s informaci\u00f3n: <\/b><\/span><\/span><\/p>\n<p align=\"justify\"><span style=\"color: #0563c1;\"><u><a href=\"mailto:prensa@llega700.es\"><span style=\"font-family: Verdana, sans-serif;\"><span style=\"font-size: small;\">prensa@llega700.es<\/span><\/span><\/a><\/u><\/span><\/p>\n<p align=\"justify\"><span style=\"color: #0563c1;\"><u><a href=\"https:\/\/twitter.com\/llega800\"><span style=\"font-family: Verdana, sans-serif;\"><span style=\"font-size: small;\">@llega700<\/span><\/span><\/a><\/u><\/span><\/p>\n<p align=\"justify\">\n<p align=\"justify\"><a href=\"https:\/\/mula.es\/web\/wp-content\/uploads\/2026\/04\/Cartel-Llega700.jpg\"><img decoding=\"async\" data-attachment-id=\"61430\" data-permalink=\"https:\/\/mula.es\/web\/tic-conexiones-moviles-mas-veloces-y-mejor-cobertura-llegan-a-mula-con-los-despliegues-4g-y-5g-5\/cartel-llega700-6\/\" data-orig-file=\"https:\/\/mula.es\/web\/wp-content\/uploads\/2026\/04\/Cartel-Llega700.jpg\" data-orig-size=\"1837,2522\" data-comments-opened=\"0\" data-image-meta=\"{&quot;aperture&quot;:&quot;0&quot;,&quot;credit&quot;:&quot;&quot;,&quot;camera&quot;:&quot;&quot;,&quot;caption&quot;:&quot;&quot;,&quot;created_timestamp&quot;:&quot;0&quot;,&quot;copyright&quot;:&quot;&quot;,&quot;focal_length&quot;:&quot;0&quot;,&quot;iso&quot;:&quot;0&quot;,&quot;shutter_speed&quot;:&quot;0&quot;,&quot;title&quot;:&quot;&quot;,&quot;orientation&quot;:&quot;0&quot;}\" data-image-title=\"Cartel Llega700\" data-image-description=\"\" data-image-caption=\"\" data-large-file=\"https:\/\/mula.es\/web\/wp-content\/uploads\/2026\/04\/Cartel-Llega700-746x1024.jpg\" class=\"wp-image-61430 aligncenter\" src=\"https:\/\/mula.es\/web\/wp-content\/uploads\/2026\/04\/Cartel-Llega700-746x1024.jpg\" alt=\"\" width=\"496\" height=\"681\" srcset=\"https:\/\/mula.es\/web\/wp-content\/uploads\/2026\/04\/Cartel-Llega700-200x275.jpg 200w, https:\/\/mula.es\/web\/wp-content\/uploads\/2026\/04\/Cartel-Llega700-219x300.jpg 219w, https:\/\/mula.es\/web\/wp-content\/uploads\/2026\/04\/Cartel-Llega700-400x549.jpg 400w, https:\/\/mula.es\/web\/wp-content\/uploads\/2026\/04\/Cartel-Llega700-600x824.jpg 600w, https:\/\/mula.es\/web\/wp-content\/uploads\/2026\/04\/Cartel-Llega700-746x1024.jpg 746w, https:\/\/mula.es\/web\/wp-content\/uploads\/2026\/04\/Cartel-Llega700-768x1054.jpg 768w, https:\/\/mula.es\/web\/wp-content\/uploads\/2026\/04\/Cartel-Llega700-800x1098.jpg 800w, https:\/\/mula.es\/web\/wp-content\/uploads\/2026\/04\/Cartel-Llega700-1119x1536.jpg 1119w, https:\/\/mula.es\/web\/wp-content\/uploads\/2026\/04\/Cartel-Llega700-1200x1647.jpg 1200w, https:\/\/mula.es\/web\/wp-content\/uploads\/2026\/04\/Cartel-Llega700-1492x2048.jpg 1492w, https:\/\/mula.es\/web\/wp-content\/uploads\/2026\/04\/Cartel-Llega700.jpg 1837w\" sizes=\"(max-width: 496px) 100vw, 496px\" \/><\/a><\/p>\n","protected":false},"excerpt":{"rendered":"<p>Las operadoras de telefon\u00eda m\u00f3vil comienzan a ofrecer en Mula servicios m\u00f3viles de nueva generaci\u00f3n, 4G y 5G, en las bandas de 700 y 800MHz. La nueva tecnolog\u00eda permitir\u00e1 a l@s mule\u00f1@s disfrutar de servicios de datos m\u00f3viles de alta velocidad, mejorar\u00e1 la cobertura en el interior de edificios y ampliar\u00e1 la extensi\u00f3n geogr\u00e1fica. Llega700  [&#8230;]<\/p>\n","protected":false},"author":9,"featured_media":33514,"comment_status":"closed","ping_status":"closed","sticky":false,"template":"","format":"standard","meta":{"jetpack_post_was_ever_published":false,"_jetpack_newsletter_access":"","_jetpack_dont_email_post_to_subs":false,"_jetpack_newsletter_tier_id":0,"_jetpack_memberships_contains_paywalled_content":false,"_jetpack_memberships_contains_paid_content":false,"footnotes":"","jetpack_publicize_message":"","jetpack_publicize_feature_enabled":true,"jetpack_social_post_already_shared":true,"jetpack_social_options":{"image_generator_settings":{"template":"highway","default_image_id":0,"font":"","enabled":false},"version":2}},"categories":[689],"tags":[],"class_list":["post-61429","post","type-post","status-publish","format-standard","has-post-thumbnail","hentry","category-tic"],"yoast_head":"<!-- This site is optimized with the Yoast SEO plugin v27.4 - https:\/\/yoast.com\/product\/yoast-seo-wordpress\/ -->\n<title>TIC | Conexiones m\u00f3viles m\u00e1s veloces y mejor cobertura llegan a Mula con los despliegues 4G y 5G - Ayuntamiento de Mula<\/title>\n<meta name=\"robots\" content=\"index, follow, max-snippet:-1, max-image-preview:large, max-video-preview:-1\" \/>\n<link rel=\"canonical\" href=\"https:\/\/mula.es\/web\/tic-conexiones-moviles-mas-veloces-y-mejor-cobertura-llegan-a-mula-con-los-despliegues-4g-y-5g-5\/\" \/>\n<meta property=\"og:locale\" content=\"es_ES\" \/>\n<meta property=\"og:type\" content=\"article\" \/>\n<meta property=\"og:title\" content=\"TIC | Conexiones m\u00f3viles m\u00e1s veloces y mejor cobertura llegan a Mula con los despliegues 4G y 5G - Ayuntamiento de Mula\" \/>\n<meta property=\"og:description\" content=\"Las operadoras de telefon\u00eda m\u00f3vil comienzan a ofrecer en Mula servicios m\u00f3viles de nueva generaci\u00f3n, 4G y 5G, en las bandas de 700 y 800MHz. La nueva tecnolog\u00eda permitir\u00e1 a l@s mule\u00f1@s disfrutar de servicios de datos m\u00f3viles de alta velocidad, mejorar\u00e1 la cobertura en el interior de edificios y ampliar\u00e1 la extensi\u00f3n geogr\u00e1fica. Llega700 [...]\" \/>\n<meta property=\"og:url\" content=\"https:\/\/mula.es\/web\/tic-conexiones-moviles-mas-veloces-y-mejor-cobertura-llegan-a-mula-con-los-despliegues-4g-y-5g-5\/\" \/>\n<meta property=\"og:site_name\" content=\"Ayuntamiento de Mula\" \/>\n<meta property=\"article:published_time\" content=\"2026-04-23T07:55:21+00:00\" \/>\n<meta property=\"og:image\" content=\"https:\/\/mula.es\/web\/wp-content\/uploads\/2020\/06\/cropped-escudo-cuadrado.jpg\" \/>\n\t<meta property=\"og:image:width\" content=\"512\" \/>\n\t<meta property=\"og:image:height\" content=\"512\" \/>\n\t<meta property=\"og:image:type\" content=\"image\/jpeg\" \/>\n<meta name=\"author\" content=\"Rosario Mart\u00ednez\" \/>\n<meta name=\"twitter:card\" content=\"summary_large_image\" \/>\n<meta name=\"twitter:creator\" content=\"@AyuntamientMula\" \/>\n<meta name=\"twitter:site\" content=\"@AyuntamientMula\" \/>\n<meta name=\"twitter:label1\" content=\"Escrito por\" \/>\n\t<meta name=\"twitter:data1\" content=\"Rosario Mart\u00ednez\" \/>\n\t<meta name=\"twitter:label2\" content=\"Tiempo de lectura\" \/>\n\t<meta name=\"twitter:data2\" content=\"1 minuto\" \/>\n<script type=\"application\/ld+json\" class=\"yoast-schema-graph\">{\"@context\":\"https:\\\/\\\/schema.org\",\"@graph\":[{\"@type\":\"Article\",\"@id\":\"https:\\\/\\\/mula.es\\\/web\\\/tic-conexiones-moviles-mas-veloces-y-mejor-cobertura-llegan-a-mula-con-los-despliegues-4g-y-5g-5\\\/#article\",\"isPartOf\":{\"@id\":\"https:\\\/\\\/mula.es\\\/web\\\/tic-conexiones-moviles-mas-veloces-y-mejor-cobertura-llegan-a-mula-con-los-despliegues-4g-y-5g-5\\\/\"},\"author\":{\"name\":\"Rosario Mart\u00ednez\",\"@id\":\"https:\\\/\\\/mula.es\\\/web\\\/#\\\/schema\\\/person\\\/f8d63bd3ab6e7b025268b909b7ab0771\"},\"headline\":\"TIC | Conexiones m\u00f3viles m\u00e1s veloces y mejor cobertura llegan a Mula con los despliegues 4G y 5G\",\"datePublished\":\"2026-04-23T07:55:21+00:00\",\"mainEntityOfPage\":{\"@id\":\"https:\\\/\\\/mula.es\\\/web\\\/tic-conexiones-moviles-mas-veloces-y-mejor-cobertura-llegan-a-mula-con-los-despliegues-4g-y-5g-5\\\/\"},\"wordCount\":703,\"image\":{\"@id\":\"https:\\\/\\\/mula.es\\\/web\\\/tic-conexiones-moviles-mas-veloces-y-mejor-cobertura-llegan-a-mula-con-los-despliegues-4g-y-5g-5\\\/#primaryimage\"},\"thumbnailUrl\":\"https:\\\/\\\/mula.es\\\/web\\\/wp-content\\\/uploads\\\/2020\\\/06\\\/cropped-escudo-cuadrado.jpg\",\"articleSection\":[\"TIC\"],\"inLanguage\":\"es\"},{\"@type\":\"WebPage\",\"@id\":\"https:\\\/\\\/mula.es\\\/web\\\/tic-conexiones-moviles-mas-veloces-y-mejor-cobertura-llegan-a-mula-con-los-despliegues-4g-y-5g-5\\\/\",\"url\":\"https:\\\/\\\/mula.es\\\/web\\\/tic-conexiones-moviles-mas-veloces-y-mejor-cobertura-llegan-a-mula-con-los-despliegues-4g-y-5g-5\\\/\",\"name\":\"TIC | Conexiones m\u00f3viles m\u00e1s veloces y mejor cobertura llegan a Mula con los despliegues 4G y 5G - Ayuntamiento de Mula\",\"isPartOf\":{\"@id\":\"https:\\\/\\\/mula.es\\\/web\\\/#website\"},\"primaryImageOfPage\":{\"@id\":\"https:\\\/\\\/mula.es\\\/web\\\/tic-conexiones-moviles-mas-veloces-y-mejor-cobertura-llegan-a-mula-con-los-despliegues-4g-y-5g-5\\\/#primaryimage\"},\"image\":{\"@id\":\"https:\\\/\\\/mula.es\\\/web\\\/tic-conexiones-moviles-mas-veloces-y-mejor-cobertura-llegan-a-mula-con-los-despliegues-4g-y-5g-5\\\/#primaryimage\"},\"thumbnailUrl\":\"https:\\\/\\\/mula.es\\\/web\\\/wp-content\\\/uploads\\\/2020\\\/06\\\/cropped-escudo-cuadrado.jpg\",\"datePublished\":\"2026-04-23T07:55:21+00:00\",\"author\":{\"@id\":\"https:\\\/\\\/mula.es\\\/web\\\/#\\\/schema\\\/person\\\/f8d63bd3ab6e7b025268b909b7ab0771\"},\"breadcrumb\":{\"@id\":\"https:\\\/\\\/mula.es\\\/web\\\/tic-conexiones-moviles-mas-veloces-y-mejor-cobertura-llegan-a-mula-con-los-despliegues-4g-y-5g-5\\\/#breadcrumb\"},\"inLanguage\":\"es\",\"potentialAction\":[{\"@type\":\"ReadAction\",\"target\":[\"https:\\\/\\\/mula.es\\\/web\\\/tic-conexiones-moviles-mas-veloces-y-mejor-cobertura-llegan-a-mula-con-los-despliegues-4g-y-5g-5\\\/\"]}]},{\"@type\":\"ImageObject\",\"inLanguage\":\"es\",\"@id\":\"https:\\\/\\\/mula.es\\\/web\\\/tic-conexiones-moviles-mas-veloces-y-mejor-cobertura-llegan-a-mula-con-los-despliegues-4g-y-5g-5\\\/#primaryimage\",\"url\":\"https:\\\/\\\/mula.es\\\/web\\\/wp-content\\\/uploads\\\/2020\\\/06\\\/cropped-escudo-cuadrado.jpg\",\"contentUrl\":\"https:\\\/\\\/mula.es\\\/web\\\/wp-content\\\/uploads\\\/2020\\\/06\\\/cropped-escudo-cuadrado.jpg\",\"width\":512,\"height\":512},{\"@type\":\"BreadcrumbList\",\"@id\":\"https:\\\/\\\/mula.es\\\/web\\\/tic-conexiones-moviles-mas-veloces-y-mejor-cobertura-llegan-a-mula-con-los-despliegues-4g-y-5g-5\\\/#breadcrumb\",\"itemListElement\":[{\"@type\":\"ListItem\",\"position\":1,\"name\":\"Portada\",\"item\":\"https:\\\/\\\/mula.es\\\/web\\\/\"},{\"@type\":\"ListItem\",\"position\":2,\"name\":\"TIC | Conexiones m\u00f3viles m\u00e1s veloces y mejor cobertura llegan a Mula con los despliegues 4G y 5G\"}]},{\"@type\":\"WebSite\",\"@id\":\"https:\\\/\\\/mula.es\\\/web\\\/#website\",\"url\":\"https:\\\/\\\/mula.es\\\/web\\\/\",\"name\":\"Ayuntamiento de Mula\",\"description\":\"P\u00e1gina web del Ayuntamiento de Mula (Regi\u00f3n de Murcia)\",\"potentialAction\":[{\"@type\":\"SearchAction\",\"target\":{\"@type\":\"EntryPoint\",\"urlTemplate\":\"https:\\\/\\\/mula.es\\\/web\\\/?s={search_term_string}\"},\"query-input\":{\"@type\":\"PropertyValueSpecification\",\"valueRequired\":true,\"valueName\":\"search_term_string\"}}],\"inLanguage\":\"es\"},{\"@type\":\"Person\",\"@id\":\"https:\\\/\\\/mula.es\\\/web\\\/#\\\/schema\\\/person\\\/f8d63bd3ab6e7b025268b909b7ab0771\",\"name\":\"Rosario Mart\u00ednez\",\"image\":{\"@type\":\"ImageObject\",\"inLanguage\":\"es\",\"@id\":\"https:\\\/\\\/secure.gravatar.com\\\/avatar\\\/ce916b980ac93e5b1d36e6068357675d4e089a572ebc8789fcb807c2fb2edfef?s=96&d=mm&r=g\",\"url\":\"https:\\\/\\\/secure.gravatar.com\\\/avatar\\\/ce916b980ac93e5b1d36e6068357675d4e089a572ebc8789fcb807c2fb2edfef?s=96&d=mm&r=g\",\"contentUrl\":\"https:\\\/\\\/secure.gravatar.com\\\/avatar\\\/ce916b980ac93e5b1d36e6068357675d4e089a572ebc8789fcb807c2fb2edfef?s=96&d=mm&r=g\",\"caption\":\"Rosario Mart\u00ednez\"},\"url\":\"https:\\\/\\\/mula.es\\\/web\\\/author\\\/rmartinez\\\/\"}]}<\/script>\n<!-- \/ Yoast SEO plugin. -->","yoast_head_json":{"title":"TIC | Conexiones m\u00f3viles m\u00e1s veloces y mejor cobertura llegan a Mula con los despliegues 4G y 5G - Ayuntamiento de Mula","robots":{"index":"index","follow":"follow","max-snippet":"max-snippet:-1","max-image-preview":"max-image-preview:large","max-video-preview":"max-video-preview:-1"},"canonical":"https:\/\/mula.es\/web\/tic-conexiones-moviles-mas-veloces-y-mejor-cobertura-llegan-a-mula-con-los-despliegues-4g-y-5g-5\/","og_locale":"es_ES","og_type":"article","og_title":"TIC | Conexiones m\u00f3viles m\u00e1s veloces y mejor cobertura llegan a Mula con los despliegues 4G y 5G - Ayuntamiento de Mula","og_description":"Las operadoras de telefon\u00eda m\u00f3vil comienzan a ofrecer en Mula servicios m\u00f3viles de nueva generaci\u00f3n, 4G y 5G, en las bandas de 700 y 800MHz. La nueva tecnolog\u00eda permitir\u00e1 a l@s mule\u00f1@s disfrutar de servicios de datos m\u00f3viles de alta velocidad, mejorar\u00e1 la cobertura en el interior de edificios y ampliar\u00e1 la extensi\u00f3n geogr\u00e1fica. Llega700 [...]","og_url":"https:\/\/mula.es\/web\/tic-conexiones-moviles-mas-veloces-y-mejor-cobertura-llegan-a-mula-con-los-despliegues-4g-y-5g-5\/","og_site_name":"Ayuntamiento de Mula","article_published_time":"2026-04-23T07:55:21+00:00","og_image":[{"width":512,"height":512,"url":"https:\/\/mula.es\/web\/wp-content\/uploads\/2020\/06\/cropped-escudo-cuadrado.jpg","type":"image\/jpeg"}],"author":"Rosario Mart\u00ednez","twitter_card":"summary_large_image","twitter_creator":"@AyuntamientMula","twitter_site":"@AyuntamientMula","twitter_misc":{"Escrito por":"Rosario Mart\u00ednez","Tiempo de lectura":"1 minuto"},"schema":{"@context":"https:\/\/schema.org","@graph":[{"@type":"Article","@id":"https:\/\/mula.es\/web\/tic-conexiones-moviles-mas-veloces-y-mejor-cobertura-llegan-a-mula-con-los-despliegues-4g-y-5g-5\/#article","isPartOf":{"@id":"https:\/\/mula.es\/web\/tic-conexiones-moviles-mas-veloces-y-mejor-cobertura-llegan-a-mula-con-los-despliegues-4g-y-5g-5\/"},"author":{"name":"Rosario Mart\u00ednez","@id":"https:\/\/mula.es\/web\/#\/schema\/person\/f8d63bd3ab6e7b025268b909b7ab0771"},"headline":"TIC | Conexiones m\u00f3viles m\u00e1s veloces y mejor cobertura llegan a Mula con los despliegues 4G y 5G","datePublished":"2026-04-23T07:55:21+00:00","mainEntityOfPage":{"@id":"https:\/\/mula.es\/web\/tic-conexiones-moviles-mas-veloces-y-mejor-cobertura-llegan-a-mula-con-los-despliegues-4g-y-5g-5\/"},"wordCount":703,"image":{"@id":"https:\/\/mula.es\/web\/tic-conexiones-moviles-mas-veloces-y-mejor-cobertura-llegan-a-mula-con-los-despliegues-4g-y-5g-5\/#primaryimage"},"thumbnailUrl":"https:\/\/mula.es\/web\/wp-content\/uploads\/2020\/06\/cropped-escudo-cuadrado.jpg","articleSection":["TIC"],"inLanguage":"es"},{"@type":"WebPage","@id":"https:\/\/mula.es\/web\/tic-conexiones-moviles-mas-veloces-y-mejor-cobertura-llegan-a-mula-con-los-despliegues-4g-y-5g-5\/","url":"https:\/\/mula.es\/web\/tic-conexiones-moviles-mas-veloces-y-mejor-cobertura-llegan-a-mula-con-los-despliegues-4g-y-5g-5\/","name":"TIC | Conexiones m\u00f3viles m\u00e1s veloces y mejor cobertura llegan a Mula con los despliegues 4G y 5G - Ayuntamiento de Mula","isPartOf":{"@id":"https:\/\/mula.es\/web\/#website"},"primaryImageOfPage":{"@id":"https:\/\/mula.es\/web\/tic-conexiones-moviles-mas-veloces-y-mejor-cobertura-llegan-a-mula-con-los-despliegues-4g-y-5g-5\/#primaryimage"},"image":{"@id":"https:\/\/mula.es\/web\/tic-conexiones-moviles-mas-veloces-y-mejor-cobertura-llegan-a-mula-con-los-despliegues-4g-y-5g-5\/#primaryimage"},"thumbnailUrl":"https:\/\/mula.es\/web\/wp-content\/uploads\/2020\/06\/cropped-escudo-cuadrado.jpg","datePublished":"2026-04-23T07:55:21+00:00","author":{"@id":"https:\/\/mula.es\/web\/#\/schema\/person\/f8d63bd3ab6e7b025268b909b7ab0771"},"breadcrumb":{"@id":"https:\/\/mula.es\/web\/tic-conexiones-moviles-mas-veloces-y-mejor-cobertura-llegan-a-mula-con-los-despliegues-4g-y-5g-5\/#breadcrumb"},"inLanguage":"es","potentialAction":[{"@type":"ReadAction","target":["https:\/\/mula.es\/web\/tic-conexiones-moviles-mas-veloces-y-mejor-cobertura-llegan-a-mula-con-los-despliegues-4g-y-5g-5\/"]}]},{"@type":"ImageObject","inLanguage":"es","@id":"https:\/\/mula.es\/web\/tic-conexiones-moviles-mas-veloces-y-mejor-cobertura-llegan-a-mula-con-los-despliegues-4g-y-5g-5\/#primaryimage","url":"https:\/\/mula.es\/web\/wp-content\/uploads\/2020\/06\/cropped-escudo-cuadrado.jpg","contentUrl":"https:\/\/mula.es\/web\/wp-content\/uploads\/2020\/06\/cropped-escudo-cuadrado.jpg","width":512,"height":512},{"@type":"BreadcrumbList","@id":"https:\/\/mula.es\/web\/tic-conexiones-moviles-mas-veloces-y-mejor-cobertura-llegan-a-mula-con-los-despliegues-4g-y-5g-5\/#breadcrumb","itemListElement":[{"@type":"ListItem","position":1,"name":"Portada","item":"https:\/\/mula.es\/web\/"},{"@type":"ListItem","position":2,"name":"TIC | Conexiones m\u00f3viles m\u00e1s veloces y mejor cobertura llegan a Mula con los despliegues 4G y 5G"}]},{"@type":"WebSite","@id":"https:\/\/mula.es\/web\/#website","url":"https:\/\/mula.es\/web\/","name":"Ayuntamiento de Mula","description":"P\u00e1gina web del Ayuntamiento de Mula (Regi\u00f3n de Murcia)","potentialAction":[{"@type":"SearchAction","target":{"@type":"EntryPoint","urlTemplate":"https:\/\/mula.es\/web\/?s={search_term_string}"},"query-input":{"@type":"PropertyValueSpecification","valueRequired":true,"valueName":"search_term_string"}}],"inLanguage":"es"},{"@type":"Person","@id":"https:\/\/mula.es\/web\/#\/schema\/person\/f8d63bd3ab6e7b025268b909b7ab0771","name":"Rosario Mart\u00ednez","image":{"@type":"ImageObject","inLanguage":"es","@id":"https:\/\/secure.gravatar.com\/avatar\/ce916b980ac93e5b1d36e6068357675d4e089a572ebc8789fcb807c2fb2edfef?s=96&d=mm&r=g","url":"https:\/\/secure.gravatar.com\/avatar\/ce916b980ac93e5b1d36e6068357675d4e089a572ebc8789fcb807c2fb2edfef?s=96&d=mm&r=g","contentUrl":"https:\/\/secure.gravatar.com\/avatar\/ce916b980ac93e5b1d36e6068357675d4e089a572ebc8789fcb807c2fb2edfef?s=96&d=mm&r=g","caption":"Rosario Mart\u00ednez"},"url":"https:\/\/mula.es\/web\/author\/rmartinez\/"}]}},"jetpack_publicize_connections":[],"jetpack_featured_media_url":"https:\/\/mula.es\/web\/wp-content\/uploads\/2020\/06\/cropped-escudo-cuadrado.jpg","jetpack_sharing_enabled":true,"jetpack_shortlink":"https:\/\/wp.me\/pa9DMY-fYN","jetpack-related-posts":[],"_links":{"self":[{"href":"https:\/\/mula.es\/web\/wp-json\/wp\/v2\/posts\/61429","targetHints":{"allow":["GET"]}}],"collection":[{"href":"https:\/\/mula.es\/web\/wp-json\/wp\/v2\/posts"}],"about":[{"href":"https:\/\/mula.es\/web\/wp-json\/wp\/v2\/types\/post"}],"author":[{"embeddable":true,"href":"https:\/\/mula.es\/web\/wp-json\/wp\/v2\/users\/9"}],"replies":[{"embeddable":true,"href":"https:\/\/mula.es\/web\/wp-json\/wp\/v2\/comments?post=61429"}],"version-history":[{"count":1,"href":"https:\/\/mula.es\/web\/wp-json\/wp\/v2\/posts\/61429\/revisions"}],"predecessor-version":[{"id":61431,"href":"https:\/\/mula.es\/web\/wp-json\/wp\/v2\/posts\/61429\/revisions\/61431"}],"wp:featuredmedia":[{"embeddable":true,"href":"https:\/\/mula.es\/web\/wp-json\/wp\/v2\/media\/33514"}],"wp:attachment":[{"href":"https:\/\/mula.es\/web\/wp-json\/wp\/v2\/media?parent=61429"}],"wp:term":[{"taxonomy":"category","embeddable":true,"href":"https:\/\/mula.es\/web\/wp-json\/wp\/v2\/categories?post=61429"},{"taxonomy":"post_tag","embeddable":true,"href":"https:\/\/mula.es\/web\/wp-json\/wp\/v2\/tags?post=61429"}],"curies":[{"name":"wp","href":"https:\/\/api.w.org\/{rel}","templated":true}]}}