{"id":61464,"date":"2026-04-27T11:52:25","date_gmt":"2026-04-27T09:52:25","guid":{"rendered":"https:\/\/mula.es\/web\/?p=61464"},"modified":"2026-04-27T11:52:25","modified_gmt":"2026-04-27T09:52:25","slug":"alcaldia-el-alcalde-defiende-en-la-asamblea-regional-que-la-ley-de-bienes-de-interes-turistico-regional-debe-ir-acompanada-de-financiacion-para-los-municipios","status":"publish","type":"post","link":"https:\/\/mula.es\/web\/alcaldia-el-alcalde-defiende-en-la-asamblea-regional-que-la-ley-de-bienes-de-interes-turistico-regional-debe-ir-acompanada-de-financiacion-para-los-municipios\/","title":{"rendered":"ALCALD\u00cdA | El alcalde defiende en la Asamblea Regional que la ley de Bienes de Inter\u00e9s Tur\u00edstico Regional debe ir acompa\u00f1ada de financiaci\u00f3n para los municipios"},"content":{"rendered":"<p><strong>\u00a0<\/strong><\/p>\n<p><strong>NOTA DE PRENSA \u2013 27 DE ABRIL DE 202<\/strong><strong>6<\/strong><\/p>\n<p><strong>\u00a0<\/strong><\/p>\n<h2><strong>\u00a0<\/strong><\/h2>\n<h2><strong>El alcalde defiende en la Asamblea Regional que la ley de Bienes de Inter\u00e9s Tur\u00edstico Regional debe ir acompa\u00f1ada de financiaci\u00f3n para los municipios<\/strong><\/h2>\n<h2><\/h2>\n<p>El alcalde de Mula ha comparecido hoy en la Asamblea Regional, en Cartagena, ante la Comisi\u00f3n de Industria, Trabajo, Comercio y Turismo, en el tr\u00e1mite de audiencia legislativa del Proyecto de Ley por el que se regulan los Bienes de Inter\u00e9s Tur\u00edstico Regional, para trasladar la visi\u00f3n de los municipios de interior y reivindicar que la futura norma garantice recursos y herramientas reales para proteger y gestionar el patrimonio.<\/p>\n<p>&nbsp;<\/p>\n<p>Durante su intervenci\u00f3n, el alcalde ha defendido que \u201cel patrimonio no se pone en valor con discursos, sino con regulaci\u00f3n y financiaci\u00f3n, subrayando el papel del turismo de interior como motor econ\u00f3mico y social para la Regi\u00f3n\u00bb.<\/p>\n<p>En este marco, ha puesto a Mula como ejemplo de municipio que ha trabajado el patrimonio como pol\u00edtica p\u00fablica \u00fatil, con resultados tangibles en crecimiento tur\u00edstico y retorno econ\u00f3mico, destacando proyectos como MulaFlor y el impacto de la Semana Santa y la Noche de los Tambores, as\u00ed como el incremento de la pernocta gracias a la diversificaci\u00f3n de la oferta.<\/p>\n<p>&nbsp;<\/p>\n<p>El alcalde ha reclamado que la nueva ley sea \u201cvaliente\u201d y contemple tres ejes fundamentales: financiaci\u00f3n ligada a la protecci\u00f3n, agilidad burocr\u00e1tica para facilitar inversiones y actuaciones en entornos protegidos, y una diferenciaci\u00f3n espec\u00edfica para el turismo de interior, con necesidades distintas a las del turismo de sol y playa.<\/p>\n<p>&nbsp;<\/p>\n<p>En este sentido, ha sido especialmente directo al exigir que la regulaci\u00f3n venga acompa\u00f1ada de dotaci\u00f3n econ\u00f3mica, proponiendo que la ley incorpore un marco estable de corresponsabilidad institucional. Entre las medidas planteadas, ha defendido la creaci\u00f3n de un fondo de garant\u00eda patrimonial con asignaci\u00f3n anual, mecanismos para que parte del retorno tur\u00edstico revierta en la conservaci\u00f3n, y procedimientos \u00e1giles para actuaciones de mejora o emergencia, evitando que la norma se convierta en una nueva carga administrativa para los ayuntamientos.<\/p>\n<p>&nbsp;<\/p>\n<p>El alcalde ha concluido apelando a una ley \u201ccon presupuesto\u201d que permita a los municipios seguir protegiendo y proyectando su patrimonio, afirmando que \u201csi a Mula le va bien, a la Regi\u00f3n de Murcia le va bien\u201d, y reclamando apoyo para que esta normativa sea una herramienta de construcci\u00f3n y oportunidades para el conjunto de la ciudadan\u00eda.<\/p>\n<p>&nbsp;<\/p>\n<p>Todos los portavoces de los grupos pol\u00edticos han coincidido en la gran estrategia tur\u00edstica que se est\u00e1 llevando a cabo desde el Ayuntamiento de Mula y se han comprometido en trabajar sobre las demandas del alcalde.<\/p>\n<p><a href=\"https:\/\/mula.es\/web\/wp-content\/uploads\/2026\/04\/1-7-scaled.jpg\"><img decoding=\"async\" data-attachment-id=\"61465\" data-permalink=\"https:\/\/mula.es\/web\/alcaldia-el-alcalde-defiende-en-la-asamblea-regional-que-la-ley-de-bienes-de-interes-turistico-regional-debe-ir-acompanada-de-financiacion-para-los-municipios\/1-419\/\" data-orig-file=\"https:\/\/mula.es\/web\/wp-content\/uploads\/2026\/04\/1-7-scaled.jpg\" data-orig-size=\"2560,1707\" data-comments-opened=\"0\" data-image-meta=\"{&quot;aperture&quot;:&quot;0&quot;,&quot;credit&quot;:&quot;&quot;,&quot;camera&quot;:&quot;&quot;,&quot;caption&quot;:&quot;&quot;,&quot;created_timestamp&quot;:&quot;0&quot;,&quot;copyright&quot;:&quot;&quot;,&quot;focal_length&quot;:&quot;0&quot;,&quot;iso&quot;:&quot;0&quot;,&quot;shutter_speed&quot;:&quot;0&quot;,&quot;title&quot;:&quot;&quot;,&quot;orientation&quot;:&quot;1&quot;}\" data-image-title=\"1\" data-image-description=\"\" data-image-caption=\"\" data-large-file=\"https:\/\/mula.es\/web\/wp-content\/uploads\/2026\/04\/1-7-1024x683.jpg\" class=\"alignnone size-medium wp-image-61465\" src=\"https:\/\/mula.es\/web\/wp-content\/uploads\/2026\/04\/1-7-300x200.jpg\" alt=\"\" width=\"300\" height=\"200\" srcset=\"https:\/\/mula.es\/web\/wp-content\/uploads\/2026\/04\/1-7-200x133.jpg 200w, https:\/\/mula.es\/web\/wp-content\/uploads\/2026\/04\/1-7-300x200.jpg 300w, https:\/\/mula.es\/web\/wp-content\/uploads\/2026\/04\/1-7-400x267.jpg 400w, https:\/\/mula.es\/web\/wp-content\/uploads\/2026\/04\/1-7-600x400.jpg 600w, https:\/\/mula.es\/web\/wp-content\/uploads\/2026\/04\/1-7-768x512.jpg 768w, https:\/\/mula.es\/web\/wp-content\/uploads\/2026\/04\/1-7-800x533.jpg 800w, https:\/\/mula.es\/web\/wp-content\/uploads\/2026\/04\/1-7-1024x683.jpg 1024w, https:\/\/mula.es\/web\/wp-content\/uploads\/2026\/04\/1-7-1200x800.jpg 1200w, https:\/\/mula.es\/web\/wp-content\/uploads\/2026\/04\/1-7-1536x1024.jpg 1536w\" sizes=\"(max-width: 300px) 100vw, 300px\" \/><\/a> <a href=\"https:\/\/mula.es\/web\/wp-content\/uploads\/2026\/04\/2-6-scaled.jpg\"><img decoding=\"async\" data-attachment-id=\"61466\" data-permalink=\"https:\/\/mula.es\/web\/alcaldia-el-alcalde-defiende-en-la-asamblea-regional-que-la-ley-de-bienes-de-interes-turistico-regional-debe-ir-acompanada-de-financiacion-para-los-municipios\/2-394\/\" data-orig-file=\"https:\/\/mula.es\/web\/wp-content\/uploads\/2026\/04\/2-6-scaled.jpg\" data-orig-size=\"2560,1707\" data-comments-opened=\"0\" data-image-meta=\"{&quot;aperture&quot;:&quot;0&quot;,&quot;credit&quot;:&quot;&quot;,&quot;camera&quot;:&quot;&quot;,&quot;caption&quot;:&quot;&quot;,&quot;created_timestamp&quot;:&quot;0&quot;,&quot;copyright&quot;:&quot;&quot;,&quot;focal_length&quot;:&quot;0&quot;,&quot;iso&quot;:&quot;0&quot;,&quot;shutter_speed&quot;:&quot;0&quot;,&quot;title&quot;:&quot;&quot;,&quot;orientation&quot;:&quot;1&quot;}\" data-image-title=\"2\" data-image-description=\"\" data-image-caption=\"\" data-large-file=\"https:\/\/mula.es\/web\/wp-content\/uploads\/2026\/04\/2-6-1024x683.jpg\" class=\"alignnone size-medium wp-image-61466\" src=\"https:\/\/mula.es\/web\/wp-content\/uploads\/2026\/04\/2-6-300x200.jpg\" alt=\"\" width=\"300\" height=\"200\" srcset=\"https:\/\/mula.es\/web\/wp-content\/uploads\/2026\/04\/2-6-200x133.jpg 200w, https:\/\/mula.es\/web\/wp-content\/uploads\/2026\/04\/2-6-300x200.jpg 300w, https:\/\/mula.es\/web\/wp-content\/uploads\/2026\/04\/2-6-400x267.jpg 400w, https:\/\/mula.es\/web\/wp-content\/uploads\/2026\/04\/2-6-600x400.jpg 600w, https:\/\/mula.es\/web\/wp-content\/uploads\/2026\/04\/2-6-768x512.jpg 768w, https:\/\/mula.es\/web\/wp-content\/uploads\/2026\/04\/2-6-800x533.jpg 800w, https:\/\/mula.es\/web\/wp-content\/uploads\/2026\/04\/2-6-1024x683.jpg 1024w, https:\/\/mula.es\/web\/wp-content\/uploads\/2026\/04\/2-6-1200x800.jpg 1200w, https:\/\/mula.es\/web\/wp-content\/uploads\/2026\/04\/2-6-1536x1024.jpg 1536w\" sizes=\"(max-width: 300px) 100vw, 300px\" \/><\/a> <a href=\"https:\/\/mula.es\/web\/wp-content\/uploads\/2026\/04\/3-4-scaled.jpg\"><img decoding=\"async\" data-attachment-id=\"61467\" data-permalink=\"https:\/\/mula.es\/web\/alcaldia-el-alcalde-defiende-en-la-asamblea-regional-que-la-ley-de-bienes-de-interes-turistico-regional-debe-ir-acompanada-de-financiacion-para-los-municipios\/3-336\/\" data-orig-file=\"https:\/\/mula.es\/web\/wp-content\/uploads\/2026\/04\/3-4-scaled.jpg\" data-orig-size=\"2560,1707\" data-comments-opened=\"0\" data-image-meta=\"{&quot;aperture&quot;:&quot;0&quot;,&quot;credit&quot;:&quot;&quot;,&quot;camera&quot;:&quot;&quot;,&quot;caption&quot;:&quot;&quot;,&quot;created_timestamp&quot;:&quot;0&quot;,&quot;copyright&quot;:&quot;&quot;,&quot;focal_length&quot;:&quot;0&quot;,&quot;iso&quot;:&quot;0&quot;,&quot;shutter_speed&quot;:&quot;0&quot;,&quot;title&quot;:&quot;&quot;,&quot;orientation&quot;:&quot;1&quot;}\" data-image-title=\"3\" data-image-description=\"\" data-image-caption=\"\" data-large-file=\"https:\/\/mula.es\/web\/wp-content\/uploads\/2026\/04\/3-4-1024x683.jpg\" class=\"alignnone size-medium wp-image-61467\" src=\"https:\/\/mula.es\/web\/wp-content\/uploads\/2026\/04\/3-4-300x200.jpg\" alt=\"\" width=\"300\" height=\"200\" srcset=\"https:\/\/mula.es\/web\/wp-content\/uploads\/2026\/04\/3-4-200x133.jpg 200w, https:\/\/mula.es\/web\/wp-content\/uploads\/2026\/04\/3-4-300x200.jpg 300w, https:\/\/mula.es\/web\/wp-content\/uploads\/2026\/04\/3-4-400x267.jpg 400w, https:\/\/mula.es\/web\/wp-content\/uploads\/2026\/04\/3-4-600x400.jpg 600w, https:\/\/mula.es\/web\/wp-content\/uploads\/2026\/04\/3-4-768x512.jpg 768w, https:\/\/mula.es\/web\/wp-content\/uploads\/2026\/04\/3-4-800x533.jpg 800w, https:\/\/mula.es\/web\/wp-content\/uploads\/2026\/04\/3-4-1024x683.jpg 1024w, https:\/\/mula.es\/web\/wp-content\/uploads\/2026\/04\/3-4-1200x800.jpg 1200w, https:\/\/mula.es\/web\/wp-content\/uploads\/2026\/04\/3-4-1536x1024.jpg 1536w\" sizes=\"(max-width: 300px) 100vw, 300px\" \/><\/a> <a href=\"https:\/\/mula.es\/web\/wp-content\/uploads\/2026\/04\/5-3-scaled.jpg\"><img decoding=\"async\" data-attachment-id=\"61468\" data-permalink=\"https:\/\/mula.es\/web\/alcaldia-el-alcalde-defiende-en-la-asamblea-regional-que-la-ley-de-bienes-de-interes-turistico-regional-debe-ir-acompanada-de-financiacion-para-los-municipios\/5-188\/\" data-orig-file=\"https:\/\/mula.es\/web\/wp-content\/uploads\/2026\/04\/5-3-scaled.jpg\" data-orig-size=\"2560,1707\" data-comments-opened=\"0\" data-image-meta=\"{&quot;aperture&quot;:&quot;0&quot;,&quot;credit&quot;:&quot;&quot;,&quot;camera&quot;:&quot;&quot;,&quot;caption&quot;:&quot;&quot;,&quot;created_timestamp&quot;:&quot;0&quot;,&quot;copyright&quot;:&quot;&quot;,&quot;focal_length&quot;:&quot;0&quot;,&quot;iso&quot;:&quot;0&quot;,&quot;shutter_speed&quot;:&quot;0&quot;,&quot;title&quot;:&quot;&quot;,&quot;orientation&quot;:&quot;1&quot;}\" data-image-title=\"5\" data-image-description=\"\" data-image-caption=\"\" data-large-file=\"https:\/\/mula.es\/web\/wp-content\/uploads\/2026\/04\/5-3-1024x683.jpg\" class=\"alignnone size-medium wp-image-61468\" src=\"https:\/\/mula.es\/web\/wp-content\/uploads\/2026\/04\/5-3-300x200.jpg\" alt=\"\" width=\"300\" height=\"200\" srcset=\"https:\/\/mula.es\/web\/wp-content\/uploads\/2026\/04\/5-3-200x133.jpg 200w, https:\/\/mula.es\/web\/wp-content\/uploads\/2026\/04\/5-3-300x200.jpg 300w, https:\/\/mula.es\/web\/wp-content\/uploads\/2026\/04\/5-3-400x267.jpg 400w, https:\/\/mula.es\/web\/wp-content\/uploads\/2026\/04\/5-3-600x400.jpg 600w, https:\/\/mula.es\/web\/wp-content\/uploads\/2026\/04\/5-3-768x512.jpg 768w, https:\/\/mula.es\/web\/wp-content\/uploads\/2026\/04\/5-3-800x533.jpg 800w, https:\/\/mula.es\/web\/wp-content\/uploads\/2026\/04\/5-3-1024x683.jpg 1024w, https:\/\/mula.es\/web\/wp-content\/uploads\/2026\/04\/5-3-1200x800.jpg 1200w, https:\/\/mula.es\/web\/wp-content\/uploads\/2026\/04\/5-3-1536x1024.jpg 1536w\" sizes=\"(max-width: 300px) 100vw, 300px\" \/><\/a> <a href=\"https:\/\/mula.es\/web\/wp-content\/uploads\/2026\/04\/6-2-scaled.jpg\"><img decoding=\"async\" data-attachment-id=\"61469\" data-permalink=\"https:\/\/mula.es\/web\/alcaldia-el-alcalde-defiende-en-la-asamblea-regional-que-la-ley-de-bienes-de-interes-turistico-regional-debe-ir-acompanada-de-financiacion-para-los-municipios\/6-129\/\" data-orig-file=\"https:\/\/mula.es\/web\/wp-content\/uploads\/2026\/04\/6-2-scaled.jpg\" data-orig-size=\"2560,1707\" data-comments-opened=\"0\" data-image-meta=\"{&quot;aperture&quot;:&quot;0&quot;,&quot;credit&quot;:&quot;&quot;,&quot;camera&quot;:&quot;&quot;,&quot;caption&quot;:&quot;&quot;,&quot;created_timestamp&quot;:&quot;0&quot;,&quot;copyright&quot;:&quot;&quot;,&quot;focal_length&quot;:&quot;0&quot;,&quot;iso&quot;:&quot;0&quot;,&quot;shutter_speed&quot;:&quot;0&quot;,&quot;title&quot;:&quot;&quot;,&quot;orientation&quot;:&quot;1&quot;}\" data-image-title=\"6\" data-image-description=\"\" data-image-caption=\"\" data-large-file=\"https:\/\/mula.es\/web\/wp-content\/uploads\/2026\/04\/6-2-1024x683.jpg\" class=\"alignnone size-medium wp-image-61469\" src=\"https:\/\/mula.es\/web\/wp-content\/uploads\/2026\/04\/6-2-300x200.jpg\" alt=\"\" width=\"300\" height=\"200\" srcset=\"https:\/\/mula.es\/web\/wp-content\/uploads\/2026\/04\/6-2-200x133.jpg 200w, https:\/\/mula.es\/web\/wp-content\/uploads\/2026\/04\/6-2-300x200.jpg 300w, https:\/\/mula.es\/web\/wp-content\/uploads\/2026\/04\/6-2-400x267.jpg 400w, https:\/\/mula.es\/web\/wp-content\/uploads\/2026\/04\/6-2-600x400.jpg 600w, https:\/\/mula.es\/web\/wp-content\/uploads\/2026\/04\/6-2-768x512.jpg 768w, https:\/\/mula.es\/web\/wp-content\/uploads\/2026\/04\/6-2-800x533.jpg 800w, https:\/\/mula.es\/web\/wp-content\/uploads\/2026\/04\/6-2-1024x683.jpg 1024w, https:\/\/mula.es\/web\/wp-content\/uploads\/2026\/04\/6-2-1200x800.jpg 1200w, https:\/\/mula.es\/web\/wp-content\/uploads\/2026\/04\/6-2-1536x1024.jpg 1536w\" sizes=\"(max-width: 300px) 100vw, 300px\" \/><\/a> <a href=\"https:\/\/mula.es\/web\/wp-content\/uploads\/2026\/04\/7-1-scaled.jpg\"><img decoding=\"async\" data-attachment-id=\"61470\" data-permalink=\"https:\/\/mula.es\/web\/alcaldia-el-alcalde-defiende-en-la-asamblea-regional-que-la-ley-de-bienes-de-interes-turistico-regional-debe-ir-acompanada-de-financiacion-para-los-municipios\/7-110\/\" data-orig-file=\"https:\/\/mula.es\/web\/wp-content\/uploads\/2026\/04\/7-1-scaled.jpg\" data-orig-size=\"2560,1707\" data-comments-opened=\"0\" data-image-meta=\"{&quot;aperture&quot;:&quot;0&quot;,&quot;credit&quot;:&quot;&quot;,&quot;camera&quot;:&quot;&quot;,&quot;caption&quot;:&quot;&quot;,&quot;created_timestamp&quot;:&quot;0&quot;,&quot;copyright&quot;:&quot;&quot;,&quot;focal_length&quot;:&quot;0&quot;,&quot;iso&quot;:&quot;0&quot;,&quot;shutter_speed&quot;:&quot;0&quot;,&quot;title&quot;:&quot;&quot;,&quot;orientation&quot;:&quot;1&quot;}\" data-image-title=\"7\" data-image-description=\"\" data-image-caption=\"\" data-large-file=\"https:\/\/mula.es\/web\/wp-content\/uploads\/2026\/04\/7-1-1024x683.jpg\" class=\"alignnone size-medium wp-image-61470\" src=\"https:\/\/mula.es\/web\/wp-content\/uploads\/2026\/04\/7-1-300x200.jpg\" alt=\"\" width=\"300\" height=\"200\" srcset=\"https:\/\/mula.es\/web\/wp-content\/uploads\/2026\/04\/7-1-200x133.jpg 200w, https:\/\/mula.es\/web\/wp-content\/uploads\/2026\/04\/7-1-300x200.jpg 300w, https:\/\/mula.es\/web\/wp-content\/uploads\/2026\/04\/7-1-400x267.jpg 400w, https:\/\/mula.es\/web\/wp-content\/uploads\/2026\/04\/7-1-600x400.jpg 600w, https:\/\/mula.es\/web\/wp-content\/uploads\/2026\/04\/7-1-768x512.jpg 768w, https:\/\/mula.es\/web\/wp-content\/uploads\/2026\/04\/7-1-800x533.jpg 800w, https:\/\/mula.es\/web\/wp-content\/uploads\/2026\/04\/7-1-1024x683.jpg 1024w, https:\/\/mula.es\/web\/wp-content\/uploads\/2026\/04\/7-1-1200x800.jpg 1200w, https:\/\/mula.es\/web\/wp-content\/uploads\/2026\/04\/7-1-1536x1024.jpg 1536w\" sizes=\"(max-width: 300px) 100vw, 300px\" \/><\/a><\/p>\n","protected":false},"excerpt":{"rendered":"<p>\u00a0 NOTA DE PRENSA \u2013 27 DE ABRIL DE 2026 \u00a0 \u00a0 El alcalde defiende en la Asamblea Regional que la ley de Bienes de Inter\u00e9s Tur\u00edstico Regional debe ir acompa\u00f1ada de financiaci\u00f3n para los municipios El alcalde de Mula ha comparecido hoy en la Asamblea Regional, en Cartagena, ante la Comisi\u00f3n de Industria, Trabajo,  [&#8230;]<\/p>\n","protected":false},"author":13,"featured_media":33512,"comment_status":"closed","ping_status":"closed","sticky":false,"template":"","format":"standard","meta":{"jetpack_post_was_ever_published":false,"_jetpack_newsletter_access":"","_jetpack_dont_email_post_to_subs":false,"_jetpack_newsletter_tier_id":0,"_jetpack_memberships_contains_paywalled_content":false,"_jetpack_memberships_contains_paid_content":false,"footnotes":"","jetpack_publicize_message":"","jetpack_publicize_feature_enabled":true,"jetpack_social_post_already_shared":true,"jetpack_social_options":{"image_generator_settings":{"template":"highway","default_image_id":0,"font":"","enabled":false},"version":2}},"categories":[127,392],"tags":[],"class_list":["post-61464","post","type-post","status-publish","format-standard","has-post-thumbnail","hentry","category-alcalde","category-alcaldia"],"yoast_head":"<!-- This site is optimized with the Yoast SEO plugin v27.4 - https:\/\/yoast.com\/product\/yoast-seo-wordpress\/ -->\n<title>ALCALD\u00cdA | El alcalde defiende en la Asamblea Regional que la ley de Bienes de Inter\u00e9s Tur\u00edstico Regional debe ir acompa\u00f1ada de financiaci\u00f3n para los municipios - Ayuntamiento de Mula<\/title>\n<meta name=\"robots\" content=\"index, follow, max-snippet:-1, max-image-preview:large, max-video-preview:-1\" \/>\n<link rel=\"canonical\" href=\"https:\/\/mula.es\/web\/alcaldia-el-alcalde-defiende-en-la-asamblea-regional-que-la-ley-de-bienes-de-interes-turistico-regional-debe-ir-acompanada-de-financiacion-para-los-municipios\/\" \/>\n<meta property=\"og:locale\" content=\"es_ES\" \/>\n<meta property=\"og:type\" content=\"article\" \/>\n<meta property=\"og:title\" content=\"ALCALD\u00cdA | El alcalde defiende en la Asamblea Regional que la ley de Bienes de Inter\u00e9s Tur\u00edstico Regional debe ir acompa\u00f1ada de financiaci\u00f3n para los municipios - Ayuntamiento de Mula\" \/>\n<meta property=\"og:description\" content=\"\u00a0 NOTA DE PRENSA \u2013 27 DE ABRIL DE 2026 \u00a0 \u00a0 El alcalde defiende en la Asamblea Regional que la ley de Bienes de Inter\u00e9s Tur\u00edstico Regional debe ir acompa\u00f1ada de financiaci\u00f3n para los municipios El alcalde de Mula ha comparecido hoy en la Asamblea Regional, en Cartagena, ante la Comisi\u00f3n de Industria, Trabajo, [...]\" \/>\n<meta property=\"og:url\" content=\"https:\/\/mula.es\/web\/alcaldia-el-alcalde-defiende-en-la-asamblea-regional-que-la-ley-de-bienes-de-interes-turistico-regional-debe-ir-acompanada-de-financiacion-para-los-municipios\/\" \/>\n<meta property=\"og:site_name\" content=\"Ayuntamiento de Mula\" \/>\n<meta property=\"article:published_time\" content=\"2026-04-27T09:52:25+00:00\" \/>\n<meta property=\"og:image\" content=\"https:\/\/mula.es\/web\/wp-content\/uploads\/2020\/06\/escudo-cuadrado-e1591045058235.jpg\" \/>\n\t<meta property=\"og:image:width\" content=\"200\" \/>\n\t<meta property=\"og:image:height\" content=\"218\" \/>\n\t<meta property=\"og:image:type\" content=\"image\/jpeg\" \/>\n<meta name=\"author\" content=\"Laura Salas Orcajada\" \/>\n<meta name=\"twitter:card\" content=\"summary_large_image\" \/>\n<meta name=\"twitter:creator\" content=\"@AyuntamientMula\" \/>\n<meta name=\"twitter:site\" content=\"@AyuntamientMula\" \/>\n<meta name=\"twitter:label1\" content=\"Escrito por\" \/>\n\t<meta name=\"twitter:data1\" content=\"Laura Salas Orcajada\" \/>\n\t<meta name=\"twitter:label2\" content=\"Tiempo de lectura\" \/>\n\t<meta name=\"twitter:data2\" content=\"3 minutos\" \/>\n<script type=\"application\/ld+json\" class=\"yoast-schema-graph\">{\"@context\":\"https:\\\/\\\/schema.org\",\"@graph\":[{\"@type\":\"Article\",\"@id\":\"https:\\\/\\\/mula.es\\\/web\\\/alcaldia-el-alcalde-defiende-en-la-asamblea-regional-que-la-ley-de-bienes-de-interes-turistico-regional-debe-ir-acompanada-de-financiacion-para-los-municipios\\\/#article\",\"isPartOf\":{\"@id\":\"https:\\\/\\\/mula.es\\\/web\\\/alcaldia-el-alcalde-defiende-en-la-asamblea-regional-que-la-ley-de-bienes-de-interes-turistico-regional-debe-ir-acompanada-de-financiacion-para-los-municipios\\\/\"},\"author\":{\"name\":\"Laura Salas Orcajada\",\"@id\":\"https:\\\/\\\/mula.es\\\/web\\\/#\\\/schema\\\/person\\\/4f10179bd364f40dceed361e61e4033f\"},\"headline\":\"ALCALD\u00cdA | El alcalde defiende en la Asamblea Regional que la ley de Bienes de Inter\u00e9s Tur\u00edstico Regional debe ir acompa\u00f1ada de financiaci\u00f3n para los municipios\",\"datePublished\":\"2026-04-27T09:52:25+00:00\",\"mainEntityOfPage\":{\"@id\":\"https:\\\/\\\/mula.es\\\/web\\\/alcaldia-el-alcalde-defiende-en-la-asamblea-regional-que-la-ley-de-bienes-de-interes-turistico-regional-debe-ir-acompanada-de-financiacion-para-los-municipios\\\/\"},\"wordCount\":491,\"image\":{\"@id\":\"https:\\\/\\\/mula.es\\\/web\\\/alcaldia-el-alcalde-defiende-en-la-asamblea-regional-que-la-ley-de-bienes-de-interes-turistico-regional-debe-ir-acompanada-de-financiacion-para-los-municipios\\\/#primaryimage\"},\"thumbnailUrl\":\"https:\\\/\\\/mula.es\\\/web\\\/wp-content\\\/uploads\\\/2020\\\/06\\\/escudo-cuadrado-e1591045058235.jpg\",\"articleSection\":[\"alcalde\",\"alcald\u00eda\"],\"inLanguage\":\"es\"},{\"@type\":\"WebPage\",\"@id\":\"https:\\\/\\\/mula.es\\\/web\\\/alcaldia-el-alcalde-defiende-en-la-asamblea-regional-que-la-ley-de-bienes-de-interes-turistico-regional-debe-ir-acompanada-de-financiacion-para-los-municipios\\\/\",\"url\":\"https:\\\/\\\/mula.es\\\/web\\\/alcaldia-el-alcalde-defiende-en-la-asamblea-regional-que-la-ley-de-bienes-de-interes-turistico-regional-debe-ir-acompanada-de-financiacion-para-los-municipios\\\/\",\"name\":\"ALCALD\u00cdA | El alcalde defiende en la Asamblea Regional que la ley de Bienes de Inter\u00e9s Tur\u00edstico Regional debe ir acompa\u00f1ada de financiaci\u00f3n para los municipios - Ayuntamiento de Mula\",\"isPartOf\":{\"@id\":\"https:\\\/\\\/mula.es\\\/web\\\/#website\"},\"primaryImageOfPage\":{\"@id\":\"https:\\\/\\\/mula.es\\\/web\\\/alcaldia-el-alcalde-defiende-en-la-asamblea-regional-que-la-ley-de-bienes-de-interes-turistico-regional-debe-ir-acompanada-de-financiacion-para-los-municipios\\\/#primaryimage\"},\"image\":{\"@id\":\"https:\\\/\\\/mula.es\\\/web\\\/alcaldia-el-alcalde-defiende-en-la-asamblea-regional-que-la-ley-de-bienes-de-interes-turistico-regional-debe-ir-acompanada-de-financiacion-para-los-municipios\\\/#primaryimage\"},\"thumbnailUrl\":\"https:\\\/\\\/mula.es\\\/web\\\/wp-content\\\/uploads\\\/2020\\\/06\\\/escudo-cuadrado-e1591045058235.jpg\",\"datePublished\":\"2026-04-27T09:52:25+00:00\",\"author\":{\"@id\":\"https:\\\/\\\/mula.es\\\/web\\\/#\\\/schema\\\/person\\\/4f10179bd364f40dceed361e61e4033f\"},\"breadcrumb\":{\"@id\":\"https:\\\/\\\/mula.es\\\/web\\\/alcaldia-el-alcalde-defiende-en-la-asamblea-regional-que-la-ley-de-bienes-de-interes-turistico-regional-debe-ir-acompanada-de-financiacion-para-los-municipios\\\/#breadcrumb\"},\"inLanguage\":\"es\",\"potentialAction\":[{\"@type\":\"ReadAction\",\"target\":[\"https:\\\/\\\/mula.es\\\/web\\\/alcaldia-el-alcalde-defiende-en-la-asamblea-regional-que-la-ley-de-bienes-de-interes-turistico-regional-debe-ir-acompanada-de-financiacion-para-los-municipios\\\/\"]}]},{\"@type\":\"ImageObject\",\"inLanguage\":\"es\",\"@id\":\"https:\\\/\\\/mula.es\\\/web\\\/alcaldia-el-alcalde-defiende-en-la-asamblea-regional-que-la-ley-de-bienes-de-interes-turistico-regional-debe-ir-acompanada-de-financiacion-para-los-municipios\\\/#primaryimage\",\"url\":\"https:\\\/\\\/mula.es\\\/web\\\/wp-content\\\/uploads\\\/2020\\\/06\\\/escudo-cuadrado-e1591045058235.jpg\",\"contentUrl\":\"https:\\\/\\\/mula.es\\\/web\\\/wp-content\\\/uploads\\\/2020\\\/06\\\/escudo-cuadrado-e1591045058235.jpg\",\"width\":200,\"height\":218},{\"@type\":\"BreadcrumbList\",\"@id\":\"https:\\\/\\\/mula.es\\\/web\\\/alcaldia-el-alcalde-defiende-en-la-asamblea-regional-que-la-ley-de-bienes-de-interes-turistico-regional-debe-ir-acompanada-de-financiacion-para-los-municipios\\\/#breadcrumb\",\"itemListElement\":[{\"@type\":\"ListItem\",\"position\":1,\"name\":\"Portada\",\"item\":\"https:\\\/\\\/mula.es\\\/web\\\/\"},{\"@type\":\"ListItem\",\"position\":2,\"name\":\"ALCALD\u00cdA | El alcalde defiende en la Asamblea Regional que la ley de Bienes de Inter\u00e9s Tur\u00edstico Regional debe ir acompa\u00f1ada de financiaci\u00f3n para los municipios\"}]},{\"@type\":\"WebSite\",\"@id\":\"https:\\\/\\\/mula.es\\\/web\\\/#website\",\"url\":\"https:\\\/\\\/mula.es\\\/web\\\/\",\"name\":\"Ayuntamiento de Mula\",\"description\":\"P\u00e1gina web del Ayuntamiento de Mula (Regi\u00f3n de Murcia)\",\"potentialAction\":[{\"@type\":\"SearchAction\",\"target\":{\"@type\":\"EntryPoint\",\"urlTemplate\":\"https:\\\/\\\/mula.es\\\/web\\\/?s={search_term_string}\"},\"query-input\":{\"@type\":\"PropertyValueSpecification\",\"valueRequired\":true,\"valueName\":\"search_term_string\"}}],\"inLanguage\":\"es\"},{\"@type\":\"Person\",\"@id\":\"https:\\\/\\\/mula.es\\\/web\\\/#\\\/schema\\\/person\\\/4f10179bd364f40dceed361e61e4033f\",\"name\":\"Laura Salas Orcajada\",\"image\":{\"@type\":\"ImageObject\",\"inLanguage\":\"es\",\"@id\":\"https:\\\/\\\/secure.gravatar.com\\\/avatar\\\/786f2a223d9a455e2a448f78b5dcc1117207ef56ef3d9a04df338c0f775cd403?s=96&d=mm&r=g\",\"url\":\"https:\\\/\\\/secure.gravatar.com\\\/avatar\\\/786f2a223d9a455e2a448f78b5dcc1117207ef56ef3d9a04df338c0f775cd403?s=96&d=mm&r=g\",\"contentUrl\":\"https:\\\/\\\/secure.gravatar.com\\\/avatar\\\/786f2a223d9a455e2a448f78b5dcc1117207ef56ef3d9a04df338c0f775cd403?s=96&d=mm&r=g\",\"caption\":\"Laura Salas Orcajada\"},\"url\":\"https:\\\/\\\/mula.es\\\/web\\\/author\\\/lsalas\\\/\"}]}<\/script>\n<!-- \/ Yoast SEO plugin. -->","yoast_head_json":{"title":"ALCALD\u00cdA | El alcalde defiende en la Asamblea Regional que la ley de Bienes de Inter\u00e9s Tur\u00edstico Regional debe ir acompa\u00f1ada de financiaci\u00f3n para los municipios - Ayuntamiento de Mula","robots":{"index":"index","follow":"follow","max-snippet":"max-snippet:-1","max-image-preview":"max-image-preview:large","max-video-preview":"max-video-preview:-1"},"canonical":"https:\/\/mula.es\/web\/alcaldia-el-alcalde-defiende-en-la-asamblea-regional-que-la-ley-de-bienes-de-interes-turistico-regional-debe-ir-acompanada-de-financiacion-para-los-municipios\/","og_locale":"es_ES","og_type":"article","og_title":"ALCALD\u00cdA | El alcalde defiende en la Asamblea Regional que la ley de Bienes de Inter\u00e9s Tur\u00edstico Regional debe ir acompa\u00f1ada de financiaci\u00f3n para los municipios - Ayuntamiento de Mula","og_description":"\u00a0 NOTA DE PRENSA \u2013 27 DE ABRIL DE 2026 \u00a0 \u00a0 El alcalde defiende en la Asamblea Regional que la ley de Bienes de Inter\u00e9s Tur\u00edstico Regional debe ir acompa\u00f1ada de financiaci\u00f3n para los municipios El alcalde de Mula ha comparecido hoy en la Asamblea Regional, en Cartagena, ante la Comisi\u00f3n de Industria, Trabajo, [...]","og_url":"https:\/\/mula.es\/web\/alcaldia-el-alcalde-defiende-en-la-asamblea-regional-que-la-ley-de-bienes-de-interes-turistico-regional-debe-ir-acompanada-de-financiacion-para-los-municipios\/","og_site_name":"Ayuntamiento de Mula","article_published_time":"2026-04-27T09:52:25+00:00","og_image":[{"width":200,"height":218,"url":"https:\/\/mula.es\/web\/wp-content\/uploads\/2020\/06\/escudo-cuadrado-e1591045058235.jpg","type":"image\/jpeg"}],"author":"Laura Salas Orcajada","twitter_card":"summary_large_image","twitter_creator":"@AyuntamientMula","twitter_site":"@AyuntamientMula","twitter_misc":{"Escrito por":"Laura Salas Orcajada","Tiempo de lectura":"3 minutos"},"schema":{"@context":"https:\/\/schema.org","@graph":[{"@type":"Article","@id":"https:\/\/mula.es\/web\/alcaldia-el-alcalde-defiende-en-la-asamblea-regional-que-la-ley-de-bienes-de-interes-turistico-regional-debe-ir-acompanada-de-financiacion-para-los-municipios\/#article","isPartOf":{"@id":"https:\/\/mula.es\/web\/alcaldia-el-alcalde-defiende-en-la-asamblea-regional-que-la-ley-de-bienes-de-interes-turistico-regional-debe-ir-acompanada-de-financiacion-para-los-municipios\/"},"author":{"name":"Laura Salas Orcajada","@id":"https:\/\/mula.es\/web\/#\/schema\/person\/4f10179bd364f40dceed361e61e4033f"},"headline":"ALCALD\u00cdA | El alcalde defiende en la Asamblea Regional que la ley de Bienes de Inter\u00e9s Tur\u00edstico Regional debe ir acompa\u00f1ada de financiaci\u00f3n para los municipios","datePublished":"2026-04-27T09:52:25+00:00","mainEntityOfPage":{"@id":"https:\/\/mula.es\/web\/alcaldia-el-alcalde-defiende-en-la-asamblea-regional-que-la-ley-de-bienes-de-interes-turistico-regional-debe-ir-acompanada-de-financiacion-para-los-municipios\/"},"wordCount":491,"image":{"@id":"https:\/\/mula.es\/web\/alcaldia-el-alcalde-defiende-en-la-asamblea-regional-que-la-ley-de-bienes-de-interes-turistico-regional-debe-ir-acompanada-de-financiacion-para-los-municipios\/#primaryimage"},"thumbnailUrl":"https:\/\/mula.es\/web\/wp-content\/uploads\/2020\/06\/escudo-cuadrado-e1591045058235.jpg","articleSection":["alcalde","alcald\u00eda"],"inLanguage":"es"},{"@type":"WebPage","@id":"https:\/\/mula.es\/web\/alcaldia-el-alcalde-defiende-en-la-asamblea-regional-que-la-ley-de-bienes-de-interes-turistico-regional-debe-ir-acompanada-de-financiacion-para-los-municipios\/","url":"https:\/\/mula.es\/web\/alcaldia-el-alcalde-defiende-en-la-asamblea-regional-que-la-ley-de-bienes-de-interes-turistico-regional-debe-ir-acompanada-de-financiacion-para-los-municipios\/","name":"ALCALD\u00cdA | El alcalde defiende en la Asamblea Regional que la ley de Bienes de Inter\u00e9s Tur\u00edstico Regional debe ir acompa\u00f1ada de financiaci\u00f3n para los municipios - Ayuntamiento de Mula","isPartOf":{"@id":"https:\/\/mula.es\/web\/#website"},"primaryImageOfPage":{"@id":"https:\/\/mula.es\/web\/alcaldia-el-alcalde-defiende-en-la-asamblea-regional-que-la-ley-de-bienes-de-interes-turistico-regional-debe-ir-acompanada-de-financiacion-para-los-municipios\/#primaryimage"},"image":{"@id":"https:\/\/mula.es\/web\/alcaldia-el-alcalde-defiende-en-la-asamblea-regional-que-la-ley-de-bienes-de-interes-turistico-regional-debe-ir-acompanada-de-financiacion-para-los-municipios\/#primaryimage"},"thumbnailUrl":"https:\/\/mula.es\/web\/wp-content\/uploads\/2020\/06\/escudo-cuadrado-e1591045058235.jpg","datePublished":"2026-04-27T09:52:25+00:00","author":{"@id":"https:\/\/mula.es\/web\/#\/schema\/person\/4f10179bd364f40dceed361e61e4033f"},"breadcrumb":{"@id":"https:\/\/mula.es\/web\/alcaldia-el-alcalde-defiende-en-la-asamblea-regional-que-la-ley-de-bienes-de-interes-turistico-regional-debe-ir-acompanada-de-financiacion-para-los-municipios\/#breadcrumb"},"inLanguage":"es","potentialAction":[{"@type":"ReadAction","target":["https:\/\/mula.es\/web\/alcaldia-el-alcalde-defiende-en-la-asamblea-regional-que-la-ley-de-bienes-de-interes-turistico-regional-debe-ir-acompanada-de-financiacion-para-los-municipios\/"]}]},{"@type":"ImageObject","inLanguage":"es","@id":"https:\/\/mula.es\/web\/alcaldia-el-alcalde-defiende-en-la-asamblea-regional-que-la-ley-de-bienes-de-interes-turistico-regional-debe-ir-acompanada-de-financiacion-para-los-municipios\/#primaryimage","url":"https:\/\/mula.es\/web\/wp-content\/uploads\/2020\/06\/escudo-cuadrado-e1591045058235.jpg","contentUrl":"https:\/\/mula.es\/web\/wp-content\/uploads\/2020\/06\/escudo-cuadrado-e1591045058235.jpg","width":200,"height":218},{"@type":"BreadcrumbList","@id":"https:\/\/mula.es\/web\/alcaldia-el-alcalde-defiende-en-la-asamblea-regional-que-la-ley-de-bienes-de-interes-turistico-regional-debe-ir-acompanada-de-financiacion-para-los-municipios\/#breadcrumb","itemListElement":[{"@type":"ListItem","position":1,"name":"Portada","item":"https:\/\/mula.es\/web\/"},{"@type":"ListItem","position":2,"name":"ALCALD\u00cdA | El alcalde defiende en la Asamblea Regional que la ley de Bienes de Inter\u00e9s Tur\u00edstico Regional debe ir acompa\u00f1ada de financiaci\u00f3n para los municipios"}]},{"@type":"WebSite","@id":"https:\/\/mula.es\/web\/#website","url":"https:\/\/mula.es\/web\/","name":"Ayuntamiento de Mula","description":"P\u00e1gina web del Ayuntamiento de Mula (Regi\u00f3n de Murcia)","potentialAction":[{"@type":"SearchAction","target":{"@type":"EntryPoint","urlTemplate":"https:\/\/mula.es\/web\/?s={search_term_string}"},"query-input":{"@type":"PropertyValueSpecification","valueRequired":true,"valueName":"search_term_string"}}],"inLanguage":"es"},{"@type":"Person","@id":"https:\/\/mula.es\/web\/#\/schema\/person\/4f10179bd364f40dceed361e61e4033f","name":"Laura Salas Orcajada","image":{"@type":"ImageObject","inLanguage":"es","@id":"https:\/\/secure.gravatar.com\/avatar\/786f2a223d9a455e2a448f78b5dcc1117207ef56ef3d9a04df338c0f775cd403?s=96&d=mm&r=g","url":"https:\/\/secure.gravatar.com\/avatar\/786f2a223d9a455e2a448f78b5dcc1117207ef56ef3d9a04df338c0f775cd403?s=96&d=mm&r=g","contentUrl":"https:\/\/secure.gravatar.com\/avatar\/786f2a223d9a455e2a448f78b5dcc1117207ef56ef3d9a04df338c0f775cd403?s=96&d=mm&r=g","caption":"Laura Salas Orcajada"},"url":"https:\/\/mula.es\/web\/author\/lsalas\/"}]}},"jetpack_publicize_connections":[],"jetpack_featured_media_url":"https:\/\/mula.es\/web\/wp-content\/uploads\/2020\/06\/escudo-cuadrado-e1591045058235.jpg","jetpack_sharing_enabled":true,"jetpack_shortlink":"https:\/\/wp.me\/pa9DMY-fZm","jetpack-related-posts":[],"_links":{"self":[{"href":"https:\/\/mula.es\/web\/wp-json\/wp\/v2\/posts\/61464","targetHints":{"allow":["GET"]}}],"collection":[{"href":"https:\/\/mula.es\/web\/wp-json\/wp\/v2\/posts"}],"about":[{"href":"https:\/\/mula.es\/web\/wp-json\/wp\/v2\/types\/post"}],"author":[{"embeddable":true,"href":"https:\/\/mula.es\/web\/wp-json\/wp\/v2\/users\/13"}],"replies":[{"embeddable":true,"href":"https:\/\/mula.es\/web\/wp-json\/wp\/v2\/comments?post=61464"}],"version-history":[{"count":1,"href":"https:\/\/mula.es\/web\/wp-json\/wp\/v2\/posts\/61464\/revisions"}],"predecessor-version":[{"id":61471,"href":"https:\/\/mula.es\/web\/wp-json\/wp\/v2\/posts\/61464\/revisions\/61471"}],"wp:featuredmedia":[{"embeddable":true,"href":"https:\/\/mula.es\/web\/wp-json\/wp\/v2\/media\/33512"}],"wp:attachment":[{"href":"https:\/\/mula.es\/web\/wp-json\/wp\/v2\/media?parent=61464"}],"wp:term":[{"taxonomy":"category","embeddable":true,"href":"https:\/\/mula.es\/web\/wp-json\/wp\/v2\/categories?post=61464"},{"taxonomy":"post_tag","embeddable":true,"href":"https:\/\/mula.es\/web\/wp-json\/wp\/v2\/tags?post=61464"}],"curies":[{"name":"wp","href":"https:\/\/api.w.org\/{rel}","templated":true}]}}