{"id":61472,"date":"2026-04-29T13:07:35","date_gmt":"2026-04-29T11:07:35","guid":{"rendered":"https:\/\/mula.es\/web\/?p=61472"},"modified":"2026-04-29T13:07:35","modified_gmt":"2026-04-29T11:07:35","slug":"festejos-mula-presenta-la-programacion-de-san-isidro-fiesta-de-interes-turistico-regional-con-un-cartel-de-daniel-belchi-inspirado-en-la-tradicion-y-la-naturaleza","status":"publish","type":"post","link":"https:\/\/mula.es\/web\/festejos-mula-presenta-la-programacion-de-san-isidro-fiesta-de-interes-turistico-regional-con-un-cartel-de-daniel-belchi-inspirado-en-la-tradicion-y-la-naturaleza\/","title":{"rendered":"FESTEJOS | Mula presenta la programaci\u00f3n de San Isidro, Fiesta de Inter\u00e9s Tur\u00edstico Regional, con un cartel de Daniel Belch\u00ed inspirado en la tradici\u00f3n y la naturaleza"},"content":{"rendered":"<p><strong>\u00a0<\/strong><\/p>\n<p><strong>NOTA DE PRENSA \u2013 27 DE ABRIL DE 202<\/strong><strong>6<\/strong><\/p>\n<p><strong>\u00a0<\/strong><\/p>\n<h2><strong>\u00a0<\/strong><\/h2>\n<h2><strong>Mula presenta la programaci\u00f3n de San Isidro, Fiesta de Inter\u00e9s Tur\u00edstico Regional, con un cartel de Daniel Belch\u00ed inspirado en la tradici\u00f3n y la naturaleza<\/strong><\/h2>\n<p>&nbsp;<\/p>\n<p>El Ayuntamiento de Mula ha presentado hoy la programaci\u00f3n de las <strong>Fiestas de San Isidro<\/strong>, declaradas <strong>Fiesta de Inter\u00e9s Tur\u00edstico Regional<\/strong>, en un acto en el que han participado el <strong>alcalde<\/strong> y la <strong>concejala de Festejos, Alicia Zapata<\/strong>, acompa\u00f1ados por miembros del equipo de gobierno y representantes de la <strong>Hermandad de San Isidro<\/strong>, la pe\u00f1a <strong>Alegr\u00eda Mule\u00f1a<\/strong> y <strong>Los Mule\u00f1icos<\/strong>.<\/p>\n<p>&nbsp;<\/p>\n<p>Durante la presentaci\u00f3n se ha dado a conocer el <strong>cartel anunciador de este a\u00f1o<\/strong>, obra del artista <strong>Daniel Belch\u00ed<\/strong>, bajo el t\u00edtulo <strong>\u201cDe la mala hierba a la flor\u201d<\/strong>. La concejala de Festejos ha se\u00f1alado que \u201c<strong>la programaci\u00f3n incorpora actividades culturales, deportivas y educativas en los d\u00edas previos, como conciertos de m\u00fasica tradicional o charlas sobre folclore en colegios, para acercar la fiesta a los m\u00e1s peque\u00f1os<\/strong>\u201d, destacando adem\u00e1s que uno de los momentos m\u00e1s esperados volver\u00e1 a ser la <strong>Noche de las Gachasmigas<\/strong> en el <strong>Parque Crist\u00f3bal Gabarr\u00f3n<\/strong>, con participaci\u00f3n de pe\u00f1as y vecinos, m\u00fasica tradicional, conciertos y sesi\u00f3n DJ.<\/p>\n<p>&nbsp;<\/p>\n<p>Alicia Zapata ha explicado que \u201c<strong>el s\u00e1bado es el d\u00eda principal<\/strong>\u201d, con la <strong>misa huertana<\/strong> y la <strong>procesi\u00f3n de San Isidro<\/strong> por las calles de Mula, acompa\u00f1ada por pe\u00f1as y m\u00fasica tradicional. Por la tarde tendr\u00e1 lugar el <strong>desfile de carrozas<\/strong>, y la jornada concluir\u00e1 con una gran noche musical con <strong>orquesta y DJ<\/strong>.<\/p>\n<p>Como novedad, el domingo se cierra la programaci\u00f3n con un <strong>espect\u00e1culo infantil<\/strong>, pensado para el p\u00fablico m\u00e1s joven. Adem\u00e1s, se incorporan servicios como <strong>ludoteca<\/strong>, <strong>punto violeta<\/strong> y <strong>concursos de decoraci\u00f3n<\/strong>, para fomentar la participaci\u00f3n y garantizar un ambiente seguro.<\/p>\n<p>&nbsp;<\/p>\n<p>Por su parte, el autor del cartel, <strong>Daniel Belch\u00ed<\/strong>, ha explicado que su obra se inspira en la relaci\u00f3n entre el ser humano y la naturaleza, y que para crearla investig\u00f3 el origen de la fiesta a trav\u00e9s de im\u00e1genes antiguas y elementos tradicionales. En ese proceso, encontr\u00f3 su hilo conductor en la <strong>indumentaria<\/strong>, especialmente en el <strong>mant\u00f3n<\/strong>, y en la fuerza pl\u00e1stica de lo floral y vegetal. El resultado es una pieza de <strong>pintura digital<\/strong>, con colores vivos y un juego de texturas que dialoga con el bordado y rinde homenaje a la tradici\u00f3n desde una mirada contempor\u00e1nea.<\/p>\n<p>&nbsp;<\/p>\n<p>Desde el Ayuntamiento de Mula se agradece al autor por la creatividad y el trabajo de su obra, y tambi\u00e9n la implicaci\u00f3n de la <strong>Hermandad de San Isidro<\/strong>, de las pe\u00f1as Alegr\u00eda Mule\u00f1a y Los Mule\u00f1icos y se invita a vecinos, vecinas y visitantes a disfrutar de unas fiestas que combinan tradici\u00f3n, convivencia y una programaci\u00f3n pensada para todos los p\u00fablicos.<\/p>\n<p>&nbsp;<\/p>\n<p>&nbsp;<\/p>\n","protected":false},"excerpt":{"rendered":"<p>\u00a0 NOTA DE PRENSA \u2013 27 DE ABRIL DE 2026 \u00a0 \u00a0 Mula presenta la programaci\u00f3n de San Isidro, Fiesta de Inter\u00e9s Tur\u00edstico Regional, con un cartel de Daniel Belch\u00ed inspirado en la tradici\u00f3n y la naturaleza &nbsp; El Ayuntamiento de Mula ha presentado hoy la programaci\u00f3n de las Fiestas de San Isidro, declaradas Fiesta  [&#8230;]<\/p>\n","protected":false},"author":13,"featured_media":47365,"comment_status":"closed","ping_status":"closed","sticky":false,"template":"","format":"standard","meta":{"jetpack_post_was_ever_published":false,"_jetpack_newsletter_access":"","_jetpack_dont_email_post_to_subs":false,"_jetpack_newsletter_tier_id":0,"_jetpack_memberships_contains_paywalled_content":false,"_jetpack_memberships_contains_paid_content":false,"footnotes":"","jetpack_publicize_message":"","jetpack_publicize_feature_enabled":true,"jetpack_social_post_already_shared":true,"jetpack_social_options":{"image_generator_settings":{"template":"highway","default_image_id":0,"font":"","enabled":false},"version":2}},"categories":[171],"tags":[],"class_list":["post-61472","post","type-post","status-publish","format-standard","has-post-thumbnail","hentry","category-festejos"],"yoast_head":"<!-- This site is optimized with the Yoast SEO plugin v27.5 - https:\/\/yoast.com\/product\/yoast-seo-wordpress\/ -->\n<title>FESTEJOS | Mula presenta la programaci\u00f3n de San Isidro, Fiesta de Inter\u00e9s Tur\u00edstico Regional, con un cartel de Daniel Belch\u00ed inspirado en la tradici\u00f3n y la naturaleza - Ayuntamiento de Mula<\/title>\n<meta name=\"robots\" content=\"index, follow, max-snippet:-1, max-image-preview:large, max-video-preview:-1\" \/>\n<link rel=\"canonical\" href=\"https:\/\/mula.es\/web\/festejos-mula-presenta-la-programacion-de-san-isidro-fiesta-de-interes-turistico-regional-con-un-cartel-de-daniel-belchi-inspirado-en-la-tradicion-y-la-naturaleza\/\" \/>\n<meta property=\"og:locale\" content=\"es_ES\" \/>\n<meta property=\"og:type\" content=\"article\" \/>\n<meta property=\"og:title\" content=\"FESTEJOS | Mula presenta la programaci\u00f3n de San Isidro, Fiesta de Inter\u00e9s Tur\u00edstico Regional, con un cartel de Daniel Belch\u00ed inspirado en la tradici\u00f3n y la naturaleza - Ayuntamiento de Mula\" \/>\n<meta property=\"og:description\" content=\"\u00a0 NOTA DE PRENSA \u2013 27 DE ABRIL DE 2026 \u00a0 \u00a0 Mula presenta la programaci\u00f3n de San Isidro, Fiesta de Inter\u00e9s Tur\u00edstico Regional, con un cartel de Daniel Belch\u00ed inspirado en la tradici\u00f3n y la naturaleza &nbsp; El Ayuntamiento de Mula ha presentado hoy la programaci\u00f3n de las Fiestas de San Isidro, declaradas Fiesta [...]\" \/>\n<meta property=\"og:url\" content=\"https:\/\/mula.es\/web\/festejos-mula-presenta-la-programacion-de-san-isidro-fiesta-de-interes-turistico-regional-con-un-cartel-de-daniel-belchi-inspirado-en-la-tradicion-y-la-naturaleza\/\" \/>\n<meta property=\"og:site_name\" content=\"Ayuntamiento de Mula\" \/>\n<meta property=\"article:published_time\" content=\"2026-04-29T11:07:35+00:00\" \/>\n<meta property=\"og:image\" content=\"https:\/\/mula.es\/web\/wp-content\/uploads\/2023\/02\/instagram-22.png\" \/>\n\t<meta property=\"og:image:width\" content=\"1080\" \/>\n\t<meta property=\"og:image:height\" content=\"1080\" \/>\n\t<meta property=\"og:image:type\" content=\"image\/png\" \/>\n<meta name=\"author\" content=\"Laura Salas Orcajada\" \/>\n<meta name=\"twitter:card\" content=\"summary_large_image\" \/>\n<meta name=\"twitter:creator\" content=\"@AyuntamientMula\" \/>\n<meta name=\"twitter:site\" content=\"@AyuntamientMula\" \/>\n<meta name=\"twitter:label1\" content=\"Escrito por\" \/>\n\t<meta name=\"twitter:data1\" content=\"Laura Salas Orcajada\" \/>\n\t<meta name=\"twitter:label2\" content=\"Tiempo de lectura\" \/>\n\t<meta name=\"twitter:data2\" content=\"3 minutos\" \/>\n<script type=\"application\/ld+json\" class=\"yoast-schema-graph\">{\"@context\":\"https:\\\/\\\/schema.org\",\"@graph\":[{\"@type\":\"Article\",\"@id\":\"https:\\\/\\\/mula.es\\\/web\\\/festejos-mula-presenta-la-programacion-de-san-isidro-fiesta-de-interes-turistico-regional-con-un-cartel-de-daniel-belchi-inspirado-en-la-tradicion-y-la-naturaleza\\\/#article\",\"isPartOf\":{\"@id\":\"https:\\\/\\\/mula.es\\\/web\\\/festejos-mula-presenta-la-programacion-de-san-isidro-fiesta-de-interes-turistico-regional-con-un-cartel-de-daniel-belchi-inspirado-en-la-tradicion-y-la-naturaleza\\\/\"},\"author\":{\"name\":\"Laura Salas Orcajada\",\"@id\":\"https:\\\/\\\/mula.es\\\/web\\\/#\\\/schema\\\/person\\\/4f10179bd364f40dceed361e61e4033f\"},\"headline\":\"FESTEJOS | Mula presenta la programaci\u00f3n de San Isidro, Fiesta de Inter\u00e9s Tur\u00edstico Regional, con un cartel de Daniel Belch\u00ed inspirado en la tradici\u00f3n y la naturaleza\",\"datePublished\":\"2026-04-29T11:07:35+00:00\",\"mainEntityOfPage\":{\"@id\":\"https:\\\/\\\/mula.es\\\/web\\\/festejos-mula-presenta-la-programacion-de-san-isidro-fiesta-de-interes-turistico-regional-con-un-cartel-de-daniel-belchi-inspirado-en-la-tradicion-y-la-naturaleza\\\/\"},\"wordCount\":540,\"image\":{\"@id\":\"https:\\\/\\\/mula.es\\\/web\\\/festejos-mula-presenta-la-programacion-de-san-isidro-fiesta-de-interes-turistico-regional-con-un-cartel-de-daniel-belchi-inspirado-en-la-tradicion-y-la-naturaleza\\\/#primaryimage\"},\"thumbnailUrl\":\"https:\\\/\\\/mula.es\\\/web\\\/wp-content\\\/uploads\\\/2023\\\/02\\\/instagram-22.png\",\"articleSection\":[\"festejos\"],\"inLanguage\":\"es\"},{\"@type\":\"WebPage\",\"@id\":\"https:\\\/\\\/mula.es\\\/web\\\/festejos-mula-presenta-la-programacion-de-san-isidro-fiesta-de-interes-turistico-regional-con-un-cartel-de-daniel-belchi-inspirado-en-la-tradicion-y-la-naturaleza\\\/\",\"url\":\"https:\\\/\\\/mula.es\\\/web\\\/festejos-mula-presenta-la-programacion-de-san-isidro-fiesta-de-interes-turistico-regional-con-un-cartel-de-daniel-belchi-inspirado-en-la-tradicion-y-la-naturaleza\\\/\",\"name\":\"FESTEJOS | Mula presenta la programaci\u00f3n de San Isidro, Fiesta de Inter\u00e9s Tur\u00edstico Regional, con un cartel de Daniel Belch\u00ed inspirado en la tradici\u00f3n y la naturaleza - Ayuntamiento de Mula\",\"isPartOf\":{\"@id\":\"https:\\\/\\\/mula.es\\\/web\\\/#website\"},\"primaryImageOfPage\":{\"@id\":\"https:\\\/\\\/mula.es\\\/web\\\/festejos-mula-presenta-la-programacion-de-san-isidro-fiesta-de-interes-turistico-regional-con-un-cartel-de-daniel-belchi-inspirado-en-la-tradicion-y-la-naturaleza\\\/#primaryimage\"},\"image\":{\"@id\":\"https:\\\/\\\/mula.es\\\/web\\\/festejos-mula-presenta-la-programacion-de-san-isidro-fiesta-de-interes-turistico-regional-con-un-cartel-de-daniel-belchi-inspirado-en-la-tradicion-y-la-naturaleza\\\/#primaryimage\"},\"thumbnailUrl\":\"https:\\\/\\\/mula.es\\\/web\\\/wp-content\\\/uploads\\\/2023\\\/02\\\/instagram-22.png\",\"datePublished\":\"2026-04-29T11:07:35+00:00\",\"author\":{\"@id\":\"https:\\\/\\\/mula.es\\\/web\\\/#\\\/schema\\\/person\\\/4f10179bd364f40dceed361e61e4033f\"},\"breadcrumb\":{\"@id\":\"https:\\\/\\\/mula.es\\\/web\\\/festejos-mula-presenta-la-programacion-de-san-isidro-fiesta-de-interes-turistico-regional-con-un-cartel-de-daniel-belchi-inspirado-en-la-tradicion-y-la-naturaleza\\\/#breadcrumb\"},\"inLanguage\":\"es\",\"potentialAction\":[{\"@type\":\"ReadAction\",\"target\":[\"https:\\\/\\\/mula.es\\\/web\\\/festejos-mula-presenta-la-programacion-de-san-isidro-fiesta-de-interes-turistico-regional-con-un-cartel-de-daniel-belchi-inspirado-en-la-tradicion-y-la-naturaleza\\\/\"]}]},{\"@type\":\"ImageObject\",\"inLanguage\":\"es\",\"@id\":\"https:\\\/\\\/mula.es\\\/web\\\/festejos-mula-presenta-la-programacion-de-san-isidro-fiesta-de-interes-turistico-regional-con-un-cartel-de-daniel-belchi-inspirado-en-la-tradicion-y-la-naturaleza\\\/#primaryimage\",\"url\":\"https:\\\/\\\/mula.es\\\/web\\\/wp-content\\\/uploads\\\/2023\\\/02\\\/instagram-22.png\",\"contentUrl\":\"https:\\\/\\\/mula.es\\\/web\\\/wp-content\\\/uploads\\\/2023\\\/02\\\/instagram-22.png\",\"width\":1080,\"height\":1080,\"caption\":\"escudo mula\"},{\"@type\":\"BreadcrumbList\",\"@id\":\"https:\\\/\\\/mula.es\\\/web\\\/festejos-mula-presenta-la-programacion-de-san-isidro-fiesta-de-interes-turistico-regional-con-un-cartel-de-daniel-belchi-inspirado-en-la-tradicion-y-la-naturaleza\\\/#breadcrumb\",\"itemListElement\":[{\"@type\":\"ListItem\",\"position\":1,\"name\":\"Portada\",\"item\":\"https:\\\/\\\/mula.es\\\/web\\\/\"},{\"@type\":\"ListItem\",\"position\":2,\"name\":\"FESTEJOS | Mula presenta la programaci\u00f3n de San Isidro, Fiesta de Inter\u00e9s Tur\u00edstico Regional, con un cartel de Daniel Belch\u00ed inspirado en la tradici\u00f3n y la naturaleza\"}]},{\"@type\":\"WebSite\",\"@id\":\"https:\\\/\\\/mula.es\\\/web\\\/#website\",\"url\":\"https:\\\/\\\/mula.es\\\/web\\\/\",\"name\":\"Ayuntamiento de Mula\",\"description\":\"P\u00e1gina web del Ayuntamiento de Mula (Regi\u00f3n de Murcia)\",\"potentialAction\":[{\"@type\":\"SearchAction\",\"target\":{\"@type\":\"EntryPoint\",\"urlTemplate\":\"https:\\\/\\\/mula.es\\\/web\\\/?s={search_term_string}\"},\"query-input\":{\"@type\":\"PropertyValueSpecification\",\"valueRequired\":true,\"valueName\":\"search_term_string\"}}],\"inLanguage\":\"es\"},{\"@type\":\"Person\",\"@id\":\"https:\\\/\\\/mula.es\\\/web\\\/#\\\/schema\\\/person\\\/4f10179bd364f40dceed361e61e4033f\",\"name\":\"Laura Salas Orcajada\",\"image\":{\"@type\":\"ImageObject\",\"inLanguage\":\"es\",\"@id\":\"https:\\\/\\\/secure.gravatar.com\\\/avatar\\\/786f2a223d9a455e2a448f78b5dcc1117207ef56ef3d9a04df338c0f775cd403?s=96&d=mm&r=g\",\"url\":\"https:\\\/\\\/secure.gravatar.com\\\/avatar\\\/786f2a223d9a455e2a448f78b5dcc1117207ef56ef3d9a04df338c0f775cd403?s=96&d=mm&r=g\",\"contentUrl\":\"https:\\\/\\\/secure.gravatar.com\\\/avatar\\\/786f2a223d9a455e2a448f78b5dcc1117207ef56ef3d9a04df338c0f775cd403?s=96&d=mm&r=g\",\"caption\":\"Laura Salas Orcajada\"},\"url\":\"https:\\\/\\\/mula.es\\\/web\\\/author\\\/lsalas\\\/\"}]}<\/script>\n<!-- \/ Yoast SEO plugin. -->","yoast_head_json":{"title":"FESTEJOS | Mula presenta la programaci\u00f3n de San Isidro, Fiesta de Inter\u00e9s Tur\u00edstico Regional, con un cartel de Daniel Belch\u00ed inspirado en la tradici\u00f3n y la naturaleza - Ayuntamiento de Mula","robots":{"index":"index","follow":"follow","max-snippet":"max-snippet:-1","max-image-preview":"max-image-preview:large","max-video-preview":"max-video-preview:-1"},"canonical":"https:\/\/mula.es\/web\/festejos-mula-presenta-la-programacion-de-san-isidro-fiesta-de-interes-turistico-regional-con-un-cartel-de-daniel-belchi-inspirado-en-la-tradicion-y-la-naturaleza\/","og_locale":"es_ES","og_type":"article","og_title":"FESTEJOS | Mula presenta la programaci\u00f3n de San Isidro, Fiesta de Inter\u00e9s Tur\u00edstico Regional, con un cartel de Daniel Belch\u00ed inspirado en la tradici\u00f3n y la naturaleza - Ayuntamiento de Mula","og_description":"\u00a0 NOTA DE PRENSA \u2013 27 DE ABRIL DE 2026 \u00a0 \u00a0 Mula presenta la programaci\u00f3n de San Isidro, Fiesta de Inter\u00e9s Tur\u00edstico Regional, con un cartel de Daniel Belch\u00ed inspirado en la tradici\u00f3n y la naturaleza &nbsp; El Ayuntamiento de Mula ha presentado hoy la programaci\u00f3n de las Fiestas de San Isidro, declaradas Fiesta [...]","og_url":"https:\/\/mula.es\/web\/festejos-mula-presenta-la-programacion-de-san-isidro-fiesta-de-interes-turistico-regional-con-un-cartel-de-daniel-belchi-inspirado-en-la-tradicion-y-la-naturaleza\/","og_site_name":"Ayuntamiento de Mula","article_published_time":"2026-04-29T11:07:35+00:00","og_image":[{"width":1080,"height":1080,"url":"https:\/\/mula.es\/web\/wp-content\/uploads\/2023\/02\/instagram-22.png","type":"image\/png"}],"author":"Laura Salas Orcajada","twitter_card":"summary_large_image","twitter_creator":"@AyuntamientMula","twitter_site":"@AyuntamientMula","twitter_misc":{"Escrito por":"Laura Salas Orcajada","Tiempo de lectura":"3 minutos"},"schema":{"@context":"https:\/\/schema.org","@graph":[{"@type":"Article","@id":"https:\/\/mula.es\/web\/festejos-mula-presenta-la-programacion-de-san-isidro-fiesta-de-interes-turistico-regional-con-un-cartel-de-daniel-belchi-inspirado-en-la-tradicion-y-la-naturaleza\/#article","isPartOf":{"@id":"https:\/\/mula.es\/web\/festejos-mula-presenta-la-programacion-de-san-isidro-fiesta-de-interes-turistico-regional-con-un-cartel-de-daniel-belchi-inspirado-en-la-tradicion-y-la-naturaleza\/"},"author":{"name":"Laura Salas Orcajada","@id":"https:\/\/mula.es\/web\/#\/schema\/person\/4f10179bd364f40dceed361e61e4033f"},"headline":"FESTEJOS | Mula presenta la programaci\u00f3n de San Isidro, Fiesta de Inter\u00e9s Tur\u00edstico Regional, con un cartel de Daniel Belch\u00ed inspirado en la tradici\u00f3n y la naturaleza","datePublished":"2026-04-29T11:07:35+00:00","mainEntityOfPage":{"@id":"https:\/\/mula.es\/web\/festejos-mula-presenta-la-programacion-de-san-isidro-fiesta-de-interes-turistico-regional-con-un-cartel-de-daniel-belchi-inspirado-en-la-tradicion-y-la-naturaleza\/"},"wordCount":540,"image":{"@id":"https:\/\/mula.es\/web\/festejos-mula-presenta-la-programacion-de-san-isidro-fiesta-de-interes-turistico-regional-con-un-cartel-de-daniel-belchi-inspirado-en-la-tradicion-y-la-naturaleza\/#primaryimage"},"thumbnailUrl":"https:\/\/mula.es\/web\/wp-content\/uploads\/2023\/02\/instagram-22.png","articleSection":["festejos"],"inLanguage":"es"},{"@type":"WebPage","@id":"https:\/\/mula.es\/web\/festejos-mula-presenta-la-programacion-de-san-isidro-fiesta-de-interes-turistico-regional-con-un-cartel-de-daniel-belchi-inspirado-en-la-tradicion-y-la-naturaleza\/","url":"https:\/\/mula.es\/web\/festejos-mula-presenta-la-programacion-de-san-isidro-fiesta-de-interes-turistico-regional-con-un-cartel-de-daniel-belchi-inspirado-en-la-tradicion-y-la-naturaleza\/","name":"FESTEJOS | Mula presenta la programaci\u00f3n de San Isidro, Fiesta de Inter\u00e9s Tur\u00edstico Regional, con un cartel de Daniel Belch\u00ed inspirado en la tradici\u00f3n y la naturaleza - Ayuntamiento de Mula","isPartOf":{"@id":"https:\/\/mula.es\/web\/#website"},"primaryImageOfPage":{"@id":"https:\/\/mula.es\/web\/festejos-mula-presenta-la-programacion-de-san-isidro-fiesta-de-interes-turistico-regional-con-un-cartel-de-daniel-belchi-inspirado-en-la-tradicion-y-la-naturaleza\/#primaryimage"},"image":{"@id":"https:\/\/mula.es\/web\/festejos-mula-presenta-la-programacion-de-san-isidro-fiesta-de-interes-turistico-regional-con-un-cartel-de-daniel-belchi-inspirado-en-la-tradicion-y-la-naturaleza\/#primaryimage"},"thumbnailUrl":"https:\/\/mula.es\/web\/wp-content\/uploads\/2023\/02\/instagram-22.png","datePublished":"2026-04-29T11:07:35+00:00","author":{"@id":"https:\/\/mula.es\/web\/#\/schema\/person\/4f10179bd364f40dceed361e61e4033f"},"breadcrumb":{"@id":"https:\/\/mula.es\/web\/festejos-mula-presenta-la-programacion-de-san-isidro-fiesta-de-interes-turistico-regional-con-un-cartel-de-daniel-belchi-inspirado-en-la-tradicion-y-la-naturaleza\/#breadcrumb"},"inLanguage":"es","potentialAction":[{"@type":"ReadAction","target":["https:\/\/mula.es\/web\/festejos-mula-presenta-la-programacion-de-san-isidro-fiesta-de-interes-turistico-regional-con-un-cartel-de-daniel-belchi-inspirado-en-la-tradicion-y-la-naturaleza\/"]}]},{"@type":"ImageObject","inLanguage":"es","@id":"https:\/\/mula.es\/web\/festejos-mula-presenta-la-programacion-de-san-isidro-fiesta-de-interes-turistico-regional-con-un-cartel-de-daniel-belchi-inspirado-en-la-tradicion-y-la-naturaleza\/#primaryimage","url":"https:\/\/mula.es\/web\/wp-content\/uploads\/2023\/02\/instagram-22.png","contentUrl":"https:\/\/mula.es\/web\/wp-content\/uploads\/2023\/02\/instagram-22.png","width":1080,"height":1080,"caption":"escudo mula"},{"@type":"BreadcrumbList","@id":"https:\/\/mula.es\/web\/festejos-mula-presenta-la-programacion-de-san-isidro-fiesta-de-interes-turistico-regional-con-un-cartel-de-daniel-belchi-inspirado-en-la-tradicion-y-la-naturaleza\/#breadcrumb","itemListElement":[{"@type":"ListItem","position":1,"name":"Portada","item":"https:\/\/mula.es\/web\/"},{"@type":"ListItem","position":2,"name":"FESTEJOS | Mula presenta la programaci\u00f3n de San Isidro, Fiesta de Inter\u00e9s Tur\u00edstico Regional, con un cartel de Daniel Belch\u00ed inspirado en la tradici\u00f3n y la naturaleza"}]},{"@type":"WebSite","@id":"https:\/\/mula.es\/web\/#website","url":"https:\/\/mula.es\/web\/","name":"Ayuntamiento de Mula","description":"P\u00e1gina web del Ayuntamiento de Mula (Regi\u00f3n de Murcia)","potentialAction":[{"@type":"SearchAction","target":{"@type":"EntryPoint","urlTemplate":"https:\/\/mula.es\/web\/?s={search_term_string}"},"query-input":{"@type":"PropertyValueSpecification","valueRequired":true,"valueName":"search_term_string"}}],"inLanguage":"es"},{"@type":"Person","@id":"https:\/\/mula.es\/web\/#\/schema\/person\/4f10179bd364f40dceed361e61e4033f","name":"Laura Salas Orcajada","image":{"@type":"ImageObject","inLanguage":"es","@id":"https:\/\/secure.gravatar.com\/avatar\/786f2a223d9a455e2a448f78b5dcc1117207ef56ef3d9a04df338c0f775cd403?s=96&d=mm&r=g","url":"https:\/\/secure.gravatar.com\/avatar\/786f2a223d9a455e2a448f78b5dcc1117207ef56ef3d9a04df338c0f775cd403?s=96&d=mm&r=g","contentUrl":"https:\/\/secure.gravatar.com\/avatar\/786f2a223d9a455e2a448f78b5dcc1117207ef56ef3d9a04df338c0f775cd403?s=96&d=mm&r=g","caption":"Laura Salas Orcajada"},"url":"https:\/\/mula.es\/web\/author\/lsalas\/"}]}},"jetpack_publicize_connections":[],"jetpack_featured_media_url":"https:\/\/mula.es\/web\/wp-content\/uploads\/2023\/02\/instagram-22.png","jetpack_sharing_enabled":true,"jetpack_shortlink":"https:\/\/wp.me\/pa9DMY-fZu","jetpack-related-posts":[],"_links":{"self":[{"href":"https:\/\/mula.es\/web\/wp-json\/wp\/v2\/posts\/61472","targetHints":{"allow":["GET"]}}],"collection":[{"href":"https:\/\/mula.es\/web\/wp-json\/wp\/v2\/posts"}],"about":[{"href":"https:\/\/mula.es\/web\/wp-json\/wp\/v2\/types\/post"}],"author":[{"embeddable":true,"href":"https:\/\/mula.es\/web\/wp-json\/wp\/v2\/users\/13"}],"replies":[{"embeddable":true,"href":"https:\/\/mula.es\/web\/wp-json\/wp\/v2\/comments?post=61472"}],"version-history":[{"count":1,"href":"https:\/\/mula.es\/web\/wp-json\/wp\/v2\/posts\/61472\/revisions"}],"predecessor-version":[{"id":61533,"href":"https:\/\/mula.es\/web\/wp-json\/wp\/v2\/posts\/61472\/revisions\/61533"}],"wp:featuredmedia":[{"embeddable":true,"href":"https:\/\/mula.es\/web\/wp-json\/wp\/v2\/media\/47365"}],"wp:attachment":[{"href":"https:\/\/mula.es\/web\/wp-json\/wp\/v2\/media?parent=61472"}],"wp:term":[{"taxonomy":"category","embeddable":true,"href":"https:\/\/mula.es\/web\/wp-json\/wp\/v2\/categories?post=61472"},{"taxonomy":"post_tag","embeddable":true,"href":"https:\/\/mula.es\/web\/wp-json\/wp\/v2\/tags?post=61472"}],"curies":[{"name":"wp","href":"https:\/\/api.w.org\/{rel}","templated":true}]}}