{"id":62367,"date":"2026-09-01T09:41:32","date_gmt":"2026-09-01T07:41:32","guid":{"rendered":"https:\/\/mula.es\/web\/?p=62367"},"modified":"2026-09-01T09:41:32","modified_gmt":"2026-09-01T07:41:32","slug":"cultura-el-42-encuentro-teatral-ciudad-de-mula-abre-manana-la-venta-de-entradas-para-cinco-noches-de-teatro-en-el-lope-de-vega","status":"publish","type":"post","link":"https:\/\/mula.es\/web\/cultura-el-42-encuentro-teatral-ciudad-de-mula-abre-manana-la-venta-de-entradas-para-cinco-noches-de-teatro-en-el-lope-de-vega\/","title":{"rendered":"CULTURA | El 42 Encuentro Teatral Ciudad de Mula abre ma\u00f1ana la venta de entradas para cinco noches de teatro en el Lope de Vega \u00a0"},"content":{"rendered":"<p><strong>\u00a0\u00a0\u00a0\u00a0\u00a0\u00a0\u00a0\u00a0\u00a0\u00a0\u00a0\u00a0\u00a0\u00a0\u00a0\u00a0\u00a0\u00a0\u00a0\u00a0\u00a0\u00a0\u00a0\u00a0\u00a0\u00a0\u00a0\u00a0\u00a0\u00a0\u00a0\u00a0\u00a0\u00a0\u00a0\u00a0\u00a0\u00a0\u00a0\u00a0\u00a0\u00a0\u00a0\u00a0\u00a0\u00a0\u00a0\u00a0\u00a0\u00a0\u00a0\u00a0\u00a0\u00a0\u00a0\u00a0\u00a0\u00a0\u00a0 <\/strong><\/p>\n<p><strong>NOTA DE PRENSA \u2013 1 DE SEPTIEMBRE DE 202<\/strong><strong>6<\/strong><\/p>\n<p><strong>\u00a0<\/strong><\/p>\n<p><strong>\u00a0<\/strong><\/p>\n<h2><strong>\u00a0<\/strong><\/h2>\n<h2><strong>El 42 Encuentro Teatral Ciudad de Mula abre ma\u00f1ana la venta de entradas para cinco noches de teatro en el Lope de Vega<\/strong><\/h2>\n<h2><strong>\u00a0<\/strong><\/h2>\n<p>&nbsp;<\/p>\n<p>Las entradas para el 42 Encuentro Teatral Ciudad de Mula saldr\u00e1n a la venta ma\u00f1ana, 2 de septiembre. La programaci\u00f3n se desarrollar\u00e1 del 14 al 18 de septiembre en el Teatro Lope de Vega, con cinco representaciones a las 21:00 horas que acercar\u00e1n al p\u00fablico propuestas de comedia, clown, memoria hist\u00f3rica y teatro contempor\u00e1neo.<\/p>\n<p>&nbsp;<\/p>\n<p>La entrada para cada representaci\u00f3n tendr\u00e1 un precio \u00fanico de 6 euros y podr\u00e1 adquirirse anticipadamente en:<br \/>\n<a href=\"https:\/\/mula.es\/web\/cultura-y-festejos\/cine\/\">https:\/\/mula.es\/web\/cultura-y-festejos\/cine\/<\/a><\/p>\n<p>&nbsp;<\/p>\n<p>Tambi\u00e9n podr\u00e1n adquirirse en la taquilla del Teatro Lope de Vega desde una hora antes de cada funci\u00f3n. Asimismo, desde ma\u00f1ana estar\u00e1 disponible en la Oficina de Turismo el abono para las cinco representaciones, con un precio de 20 euros.<\/p>\n<p>&nbsp;<\/p>\n<p>El encuentro comenzar\u00e1 el lunes 14 con \u201cBaldosas\u201d, de Zarco Teatro, una comedia que recorre 25 a\u00f1os de la vida de una pareja y las dificultades para conseguir una vivienda digna.<\/p>\n<p>El martes 15 ser\u00e1 el turno de \u201cEl Aspirante\u201d, de Trama Teatro, una tragicomedia sobre un obrero dispuesto a cambiar el rumbo de su vida a trav\u00e9s de una ins\u00f3lita propuesta.<\/p>\n<p>El mi\u00e9rcoles 16 llegar\u00e1 \u201cCri Cri Crack (En busca del grillo perdido)\u201d, de Yampo Teatro, un espect\u00e1culo para todos los p\u00fablicos que combina clown, m\u00fasica, humor gestual y cr\u00edtica a la actualidad.<\/p>\n<p>El jueves 17, \u201cJosefina\u201d, de MV Producci\u00f3n y Distribuci\u00f3n, llevar\u00e1 al escenario la historia de Josefina Manresa y Miguel Hern\u00e1ndez a trav\u00e9s del teatro, la m\u00fasica, la danza y la poes\u00eda, poniendo especialmente en valor el papel de las mujeres en la conservaci\u00f3n de la memoria y el legado cultural.<\/p>\n<p>La programaci\u00f3n concluir\u00e1 el viernes 18 con \u201cEl Invitado (Un fuera de serie)\u201d, de Almagra Teatro, una comedia basada en la c\u00e9lebre \u201cCena de los Idiotas\u201d de Francis Veber que, entre situaciones disparatadas, plantea una cr\u00edtica a la falta de empat\u00eda.<\/p>\n<p>&nbsp;<\/p>\n<p>El concejal de Cultura, Diego Boluda, ha destacado que \u201calcanzar la edici\u00f3n n\u00famero 42 habla de la importancia que el teatro tiene en la vida cultural de Mula. Hemos preparado cinco noches con propuestas muy diferentes, desde el humor hasta obras que nos invitan a reflexionar, y queremos que el p\u00fablico vuelva a hacer suyo el Lope de Vega y disfrute de una programaci\u00f3n de calidad a precios accesibles\u201d.<\/p>\n<p>&nbsp;<\/p>\n<p>Las cuatro primeras propuestas forman parte del Plan Murmurarte 2026. Desde la concejal\u00eda de Cultura se invita a vecinos y visitantes a disfrutar de una de las citas culturales con mayor trayectoria del calendario mule\u00f1o y a aprovechar las diferentes modalidades de venta para disfrutar del teatro durante cinco noches consecutivas.<\/p>\n<p><a href=\"https:\/\/mula.es\/web\/wp-content\/uploads\/2026\/09\/1.jpg\"><img decoding=\"async\" data-attachment-id=\"62368\" data-permalink=\"https:\/\/mula.es\/web\/cultura-el-42-encuentro-teatral-ciudad-de-mula-abre-manana-la-venta-de-entradas-para-cinco-noches-de-teatro-en-el-lope-de-vega\/1-436\/\" data-orig-file=\"https:\/\/mula.es\/web\/wp-content\/uploads\/2026\/09\/1.jpg\" data-orig-size=\"1080,1350\" data-comments-opened=\"0\" data-image-meta=\"{&quot;aperture&quot;:&quot;0&quot;,&quot;credit&quot;:&quot;&quot;,&quot;camera&quot;:&quot;&quot;,&quot;caption&quot;:&quot;&quot;,&quot;created_timestamp&quot;:&quot;0&quot;,&quot;copyright&quot;:&quot;&quot;,&quot;focal_length&quot;:&quot;0&quot;,&quot;iso&quot;:&quot;0&quot;,&quot;shutter_speed&quot;:&quot;0&quot;,&quot;title&quot;:&quot;&quot;,&quot;orientation&quot;:&quot;1&quot;,&quot;alt&quot;:&quot;&quot;}\" data-image-title=\"1\" data-image-description=\"\" data-image-caption=\"\" data-large-file=\"https:\/\/mula.es\/web\/wp-content\/uploads\/2026\/09\/1-819x1024.jpg\" class=\"alignnone size-medium wp-image-62368\" src=\"https:\/\/mula.es\/web\/wp-content\/uploads\/2026\/09\/1-240x300.jpg\" alt=\"\" width=\"240\" height=\"300\" srcset=\"https:\/\/mula.es\/web\/wp-content\/uploads\/2026\/09\/1-200x250.jpg 200w, https:\/\/mula.es\/web\/wp-content\/uploads\/2026\/09\/1-240x300.jpg 240w, https:\/\/mula.es\/web\/wp-content\/uploads\/2026\/09\/1-400x500.jpg 400w, https:\/\/mula.es\/web\/wp-content\/uploads\/2026\/09\/1-600x750.jpg 600w, https:\/\/mula.es\/web\/wp-content\/uploads\/2026\/09\/1-768x960.jpg 768w, https:\/\/mula.es\/web\/wp-content\/uploads\/2026\/09\/1-800x1000.jpg 800w, https:\/\/mula.es\/web\/wp-content\/uploads\/2026\/09\/1-819x1024.jpg 819w, https:\/\/mula.es\/web\/wp-content\/uploads\/2026\/09\/1.jpg 1080w\" sizes=\"(max-width: 240px) 100vw, 240px\" \/><\/a><a href=\"https:\/\/mula.es\/web\/wp-content\/uploads\/2026\/09\/2.jpg\"><img decoding=\"async\" data-attachment-id=\"62369\" data-permalink=\"https:\/\/mula.es\/web\/cultura-el-42-encuentro-teatral-ciudad-de-mula-abre-manana-la-venta-de-entradas-para-cinco-noches-de-teatro-en-el-lope-de-vega\/2-411\/\" data-orig-file=\"https:\/\/mula.es\/web\/wp-content\/uploads\/2026\/09\/2.jpg\" data-orig-size=\"1080,1350\" data-comments-opened=\"0\" data-image-meta=\"{&quot;aperture&quot;:&quot;0&quot;,&quot;credit&quot;:&quot;&quot;,&quot;camera&quot;:&quot;&quot;,&quot;caption&quot;:&quot;&quot;,&quot;created_timestamp&quot;:&quot;0&quot;,&quot;copyright&quot;:&quot;&quot;,&quot;focal_length&quot;:&quot;0&quot;,&quot;iso&quot;:&quot;0&quot;,&quot;shutter_speed&quot;:&quot;0&quot;,&quot;title&quot;:&quot;&quot;,&quot;orientation&quot;:&quot;1&quot;,&quot;alt&quot;:&quot;&quot;}\" data-image-title=\"2\" data-image-description=\"\" data-image-caption=\"\" data-large-file=\"https:\/\/mula.es\/web\/wp-content\/uploads\/2026\/09\/2-819x1024.jpg\" class=\"alignnone size-medium wp-image-62369\" src=\"https:\/\/mula.es\/web\/wp-content\/uploads\/2026\/09\/2-240x300.jpg\" alt=\"\" width=\"240\" height=\"300\" srcset=\"https:\/\/mula.es\/web\/wp-content\/uploads\/2026\/09\/2-200x250.jpg 200w, https:\/\/mula.es\/web\/wp-content\/uploads\/2026\/09\/2-240x300.jpg 240w, https:\/\/mula.es\/web\/wp-content\/uploads\/2026\/09\/2-400x500.jpg 400w, https:\/\/mula.es\/web\/wp-content\/uploads\/2026\/09\/2-600x750.jpg 600w, https:\/\/mula.es\/web\/wp-content\/uploads\/2026\/09\/2-768x960.jpg 768w, https:\/\/mula.es\/web\/wp-content\/uploads\/2026\/09\/2-800x1000.jpg 800w, https:\/\/mula.es\/web\/wp-content\/uploads\/2026\/09\/2-819x1024.jpg 819w, https:\/\/mula.es\/web\/wp-content\/uploads\/2026\/09\/2.jpg 1080w\" sizes=\"(max-width: 240px) 100vw, 240px\" \/><\/a><a href=\"https:\/\/mula.es\/web\/wp-content\/uploads\/2026\/09\/3.jpg\"><img decoding=\"async\" data-attachment-id=\"62370\" data-permalink=\"https:\/\/mula.es\/web\/cultura-el-42-encuentro-teatral-ciudad-de-mula-abre-manana-la-venta-de-entradas-para-cinco-noches-de-teatro-en-el-lope-de-vega\/3-351\/\" data-orig-file=\"https:\/\/mula.es\/web\/wp-content\/uploads\/2026\/09\/3.jpg\" data-orig-size=\"1080,1350\" data-comments-opened=\"0\" data-image-meta=\"{&quot;aperture&quot;:&quot;0&quot;,&quot;credit&quot;:&quot;&quot;,&quot;camera&quot;:&quot;&quot;,&quot;caption&quot;:&quot;&quot;,&quot;created_timestamp&quot;:&quot;0&quot;,&quot;copyright&quot;:&quot;&quot;,&quot;focal_length&quot;:&quot;0&quot;,&quot;iso&quot;:&quot;0&quot;,&quot;shutter_speed&quot;:&quot;0&quot;,&quot;title&quot;:&quot;&quot;,&quot;orientation&quot;:&quot;1&quot;,&quot;alt&quot;:&quot;&quot;}\" data-image-title=\"3\" data-image-description=\"\" data-image-caption=\"\" data-large-file=\"https:\/\/mula.es\/web\/wp-content\/uploads\/2026\/09\/3-819x1024.jpg\" class=\"alignnone size-medium wp-image-62370\" src=\"https:\/\/mula.es\/web\/wp-content\/uploads\/2026\/09\/3-240x300.jpg\" alt=\"\" width=\"240\" height=\"300\" srcset=\"https:\/\/mula.es\/web\/wp-content\/uploads\/2026\/09\/3-200x250.jpg 200w, https:\/\/mula.es\/web\/wp-content\/uploads\/2026\/09\/3-240x300.jpg 240w, https:\/\/mula.es\/web\/wp-content\/uploads\/2026\/09\/3-400x500.jpg 400w, https:\/\/mula.es\/web\/wp-content\/uploads\/2026\/09\/3-600x750.jpg 600w, https:\/\/mula.es\/web\/wp-content\/uploads\/2026\/09\/3-768x960.jpg 768w, https:\/\/mula.es\/web\/wp-content\/uploads\/2026\/09\/3-800x1000.jpg 800w, https:\/\/mula.es\/web\/wp-content\/uploads\/2026\/09\/3-819x1024.jpg 819w, https:\/\/mula.es\/web\/wp-content\/uploads\/2026\/09\/3.jpg 1080w\" sizes=\"(max-width: 240px) 100vw, 240px\" \/><\/a><a href=\"https:\/\/mula.es\/web\/wp-content\/uploads\/2026\/09\/4.jpg\"><img decoding=\"async\" data-attachment-id=\"62371\" data-permalink=\"https:\/\/mula.es\/web\/cultura-el-42-encuentro-teatral-ciudad-de-mula-abre-manana-la-venta-de-entradas-para-cinco-noches-de-teatro-en-el-lope-de-vega\/4-260\/\" data-orig-file=\"https:\/\/mula.es\/web\/wp-content\/uploads\/2026\/09\/4.jpg\" data-orig-size=\"1080,1350\" data-comments-opened=\"0\" data-image-meta=\"{&quot;aperture&quot;:&quot;0&quot;,&quot;credit&quot;:&quot;&quot;,&quot;camera&quot;:&quot;&quot;,&quot;caption&quot;:&quot;&quot;,&quot;created_timestamp&quot;:&quot;0&quot;,&quot;copyright&quot;:&quot;&quot;,&quot;focal_length&quot;:&quot;0&quot;,&quot;iso&quot;:&quot;0&quot;,&quot;shutter_speed&quot;:&quot;0&quot;,&quot;title&quot;:&quot;&quot;,&quot;orientation&quot;:&quot;1&quot;,&quot;alt&quot;:&quot;&quot;}\" data-image-title=\"4\" data-image-description=\"\" data-image-caption=\"\" data-large-file=\"https:\/\/mula.es\/web\/wp-content\/uploads\/2026\/09\/4-819x1024.jpg\" class=\"alignnone size-medium wp-image-62371\" src=\"https:\/\/mula.es\/web\/wp-content\/uploads\/2026\/09\/4-240x300.jpg\" alt=\"\" width=\"240\" height=\"300\" srcset=\"https:\/\/mula.es\/web\/wp-content\/uploads\/2026\/09\/4-200x250.jpg 200w, https:\/\/mula.es\/web\/wp-content\/uploads\/2026\/09\/4-240x300.jpg 240w, https:\/\/mula.es\/web\/wp-content\/uploads\/2026\/09\/4-400x500.jpg 400w, https:\/\/mula.es\/web\/wp-content\/uploads\/2026\/09\/4-600x750.jpg 600w, https:\/\/mula.es\/web\/wp-content\/uploads\/2026\/09\/4-768x960.jpg 768w, https:\/\/mula.es\/web\/wp-content\/uploads\/2026\/09\/4-800x1000.jpg 800w, https:\/\/mula.es\/web\/wp-content\/uploads\/2026\/09\/4-819x1024.jpg 819w, https:\/\/mula.es\/web\/wp-content\/uploads\/2026\/09\/4.jpg 1080w\" sizes=\"(max-width: 240px) 100vw, 240px\" \/><\/a><a href=\"https:\/\/mula.es\/web\/wp-content\/uploads\/2026\/09\/5.jpg\"><img decoding=\"async\" data-attachment-id=\"62372\" data-permalink=\"https:\/\/mula.es\/web\/cultura-el-42-encuentro-teatral-ciudad-de-mula-abre-manana-la-venta-de-entradas-para-cinco-noches-de-teatro-en-el-lope-de-vega\/5-198\/\" data-orig-file=\"https:\/\/mula.es\/web\/wp-content\/uploads\/2026\/09\/5.jpg\" data-orig-size=\"1080,1350\" data-comments-opened=\"0\" data-image-meta=\"{&quot;aperture&quot;:&quot;0&quot;,&quot;credit&quot;:&quot;&quot;,&quot;camera&quot;:&quot;&quot;,&quot;caption&quot;:&quot;&quot;,&quot;created_timestamp&quot;:&quot;0&quot;,&quot;copyright&quot;:&quot;&quot;,&quot;focal_length&quot;:&quot;0&quot;,&quot;iso&quot;:&quot;0&quot;,&quot;shutter_speed&quot;:&quot;0&quot;,&quot;title&quot;:&quot;&quot;,&quot;orientation&quot;:&quot;1&quot;,&quot;alt&quot;:&quot;&quot;}\" data-image-title=\"5\" data-image-description=\"\" data-image-caption=\"\" data-large-file=\"https:\/\/mula.es\/web\/wp-content\/uploads\/2026\/09\/5-819x1024.jpg\" class=\"alignnone size-medium wp-image-62372\" src=\"https:\/\/mula.es\/web\/wp-content\/uploads\/2026\/09\/5-240x300.jpg\" alt=\"\" width=\"240\" height=\"300\" srcset=\"https:\/\/mula.es\/web\/wp-content\/uploads\/2026\/09\/5-200x250.jpg 200w, https:\/\/mula.es\/web\/wp-content\/uploads\/2026\/09\/5-240x300.jpg 240w, https:\/\/mula.es\/web\/wp-content\/uploads\/2026\/09\/5-400x500.jpg 400w, https:\/\/mula.es\/web\/wp-content\/uploads\/2026\/09\/5-600x750.jpg 600w, https:\/\/mula.es\/web\/wp-content\/uploads\/2026\/09\/5-768x960.jpg 768w, https:\/\/mula.es\/web\/wp-content\/uploads\/2026\/09\/5-800x1000.jpg 800w, https:\/\/mula.es\/web\/wp-content\/uploads\/2026\/09\/5-819x1024.jpg 819w, https:\/\/mula.es\/web\/wp-content\/uploads\/2026\/09\/5.jpg 1080w\" sizes=\"(max-width: 240px) 100vw, 240px\" \/><\/a><a href=\"https:\/\/mula.es\/web\/wp-content\/uploads\/2026\/09\/6.jpg\"><img decoding=\"async\" data-attachment-id=\"62373\" data-permalink=\"https:\/\/mula.es\/web\/cultura-el-42-encuentro-teatral-ciudad-de-mula-abre-manana-la-venta-de-entradas-para-cinco-noches-de-teatro-en-el-lope-de-vega\/6-138\/\" data-orig-file=\"https:\/\/mula.es\/web\/wp-content\/uploads\/2026\/09\/6.jpg\" data-orig-size=\"1080,1350\" data-comments-opened=\"0\" data-image-meta=\"{&quot;aperture&quot;:&quot;0&quot;,&quot;credit&quot;:&quot;&quot;,&quot;camera&quot;:&quot;&quot;,&quot;caption&quot;:&quot;&quot;,&quot;created_timestamp&quot;:&quot;0&quot;,&quot;copyright&quot;:&quot;&quot;,&quot;focal_length&quot;:&quot;0&quot;,&quot;iso&quot;:&quot;0&quot;,&quot;shutter_speed&quot;:&quot;0&quot;,&quot;title&quot;:&quot;&quot;,&quot;orientation&quot;:&quot;1&quot;,&quot;alt&quot;:&quot;&quot;}\" data-image-title=\"6\" data-image-description=\"\" data-image-caption=\"\" data-large-file=\"https:\/\/mula.es\/web\/wp-content\/uploads\/2026\/09\/6-819x1024.jpg\" class=\"alignnone size-medium wp-image-62373\" src=\"https:\/\/mula.es\/web\/wp-content\/uploads\/2026\/09\/6-240x300.jpg\" alt=\"\" width=\"240\" height=\"300\" srcset=\"https:\/\/mula.es\/web\/wp-content\/uploads\/2026\/09\/6-200x250.jpg 200w, https:\/\/mula.es\/web\/wp-content\/uploads\/2026\/09\/6-240x300.jpg 240w, https:\/\/mula.es\/web\/wp-content\/uploads\/2026\/09\/6-400x500.jpg 400w, https:\/\/mula.es\/web\/wp-content\/uploads\/2026\/09\/6-600x750.jpg 600w, https:\/\/mula.es\/web\/wp-content\/uploads\/2026\/09\/6-768x960.jpg 768w, https:\/\/mula.es\/web\/wp-content\/uploads\/2026\/09\/6-800x1000.jpg 800w, https:\/\/mula.es\/web\/wp-content\/uploads\/2026\/09\/6-819x1024.jpg 819w, https:\/\/mula.es\/web\/wp-content\/uploads\/2026\/09\/6.jpg 1080w\" sizes=\"(max-width: 240px) 100vw, 240px\" \/><\/a><\/p>\n","protected":false},"excerpt":{"rendered":"<p>\u00a0\u00a0\u00a0\u00a0\u00a0\u00a0\u00a0\u00a0\u00a0\u00a0\u00a0\u00a0\u00a0\u00a0\u00a0\u00a0\u00a0\u00a0\u00a0\u00a0\u00a0\u00a0\u00a0\u00a0\u00a0\u00a0\u00a0\u00a0\u00a0\u00a0\u00a0\u00a0\u00a0\u00a0\u00a0\u00a0\u00a0\u00a0\u00a0\u00a0\u00a0\u00a0\u00a0\u00a0\u00a0\u00a0\u00a0\u00a0\u00a0\u00a0\u00a0\u00a0\u00a0\u00a0\u00a0\u00a0\u00a0\u00a0\u00a0 NOTA DE PRENSA \u2013 1 DE SEPTIEMBRE DE 2026 \u00a0 \u00a0 \u00a0 El 42 Encuentro Teatral Ciudad de Mula abre ma\u00f1ana la venta de entradas para cinco noches de teatro en el Lope de Vega \u00a0 &nbsp; Las entradas para el 42 Encuentro Teatral Ciudad de Mula saldr\u00e1n a la venta ma\u00f1ana, 2 de  [&#8230;]<\/p>\n","protected":false},"author":13,"featured_media":33512,"comment_status":"closed","ping_status":"closed","sticky":false,"template":"","format":"standard","meta":{"_jetpack_newsletter_access":"","_jetpack_dont_email_post_to_subs":false,"_jetpack_newsletter_tier_id":0,"_jetpack_memberships_contains_paywalled_content":false,"_jetpack_feature_clip_id":0,"_jetpack_memberships_contains_paid_content":false,"footnotes":"","jetpack_publicize_message":"","jetpack_publicize_feature_enabled":true,"jetpack_social_post_already_shared":true,"jetpack_social_options":{"image_generator_settings":{"template":"highway","default_image_id":0,"font":"","enabled":false},"version":2},"jetpack_post_was_ever_published":false},"categories":[97],"tags":[],"class_list":["post-62367","post","type-post","status-publish","format-standard","has-post-thumbnail","hentry","category-cultura"],"yoast_head":"<!-- This site is optimized with the Yoast SEO plugin v28.3 - https:\/\/yoast.com\/product\/yoast-seo-wordpress\/ -->\n<title>CULTURA | El 42 Encuentro Teatral Ciudad de Mula abre ma\u00f1ana la venta de entradas para cinco noches de teatro en el Lope de Vega \u00a0 - Ayuntamiento de Mula<\/title>\n<meta name=\"robots\" content=\"index, follow, max-snippet:-1, max-image-preview:large, max-video-preview:-1\" \/>\n<link rel=\"canonical\" href=\"https:\/\/mula.es\/web\/cultura-el-42-encuentro-teatral-ciudad-de-mula-abre-manana-la-venta-de-entradas-para-cinco-noches-de-teatro-en-el-lope-de-vega\/\" \/>\n<meta property=\"og:locale\" content=\"es_ES\" \/>\n<meta property=\"og:type\" content=\"article\" \/>\n<meta property=\"og:title\" content=\"CULTURA | El 42 Encuentro Teatral Ciudad de Mula abre ma\u00f1ana la venta de entradas para cinco noches de teatro en el Lope de Vega \u00a0 - Ayuntamiento de Mula\" \/>\n<meta property=\"og:description\" content=\"\u00a0\u00a0\u00a0\u00a0\u00a0\u00a0\u00a0\u00a0\u00a0\u00a0\u00a0\u00a0\u00a0\u00a0\u00a0\u00a0\u00a0\u00a0\u00a0\u00a0\u00a0\u00a0\u00a0\u00a0\u00a0\u00a0\u00a0\u00a0\u00a0\u00a0\u00a0\u00a0\u00a0\u00a0\u00a0\u00a0\u00a0\u00a0\u00a0\u00a0\u00a0\u00a0\u00a0\u00a0\u00a0\u00a0\u00a0\u00a0\u00a0\u00a0\u00a0\u00a0\u00a0\u00a0\u00a0\u00a0\u00a0\u00a0\u00a0 NOTA DE PRENSA \u2013 1 DE SEPTIEMBRE DE 2026 \u00a0 \u00a0 \u00a0 El 42 Encuentro Teatral Ciudad de Mula abre ma\u00f1ana la venta de entradas para cinco noches de teatro en el Lope de Vega \u00a0 &nbsp; Las entradas para el 42 Encuentro Teatral Ciudad de Mula saldr\u00e1n a la venta ma\u00f1ana, 2 de [...]\" \/>\n<meta property=\"og:url\" content=\"https:\/\/mula.es\/web\/cultura-el-42-encuentro-teatral-ciudad-de-mula-abre-manana-la-venta-de-entradas-para-cinco-noches-de-teatro-en-el-lope-de-vega\/\" \/>\n<meta property=\"og:site_name\" content=\"Ayuntamiento de Mula\" \/>\n<meta property=\"article:published_time\" content=\"2026-09-01T07:41:32+00:00\" \/>\n<meta property=\"og:image\" content=\"https:\/\/mula.es\/web\/wp-content\/uploads\/2020\/06\/escudo-cuadrado-e1591045058235.jpg\" \/>\n\t<meta property=\"og:image:width\" content=\"200\" \/>\n\t<meta property=\"og:image:height\" content=\"218\" \/>\n\t<meta property=\"og:image:type\" content=\"image\/jpeg\" \/>\n<meta name=\"author\" content=\"Laura Salas Orcajada\" \/>\n<meta name=\"twitter:card\" content=\"summary_large_image\" \/>\n<meta name=\"twitter:creator\" content=\"@AyuntamientMula\" \/>\n<meta name=\"twitter:site\" content=\"@AyuntamientMula\" \/>\n<meta name=\"twitter:label1\" content=\"Escrito por\" \/>\n\t<meta name=\"twitter:data1\" content=\"Laura Salas Orcajada\" \/>\n\t<meta name=\"twitter:label2\" content=\"Tiempo de lectura\" \/>\n\t<meta name=\"twitter:data2\" content=\"4 minutos\" \/>\n<script type=\"application\/ld+json\" class=\"yoast-schema-graph\">{\"@context\":\"https:\\\/\\\/schema.org\",\"@graph\":[{\"@type\":\"Article\",\"@id\":\"https:\\\/\\\/mula.es\\\/web\\\/cultura-el-42-encuentro-teatral-ciudad-de-mula-abre-manana-la-venta-de-entradas-para-cinco-noches-de-teatro-en-el-lope-de-vega\\\/#article\",\"isPartOf\":{\"@id\":\"https:\\\/\\\/mula.es\\\/web\\\/cultura-el-42-encuentro-teatral-ciudad-de-mula-abre-manana-la-venta-de-entradas-para-cinco-noches-de-teatro-en-el-lope-de-vega\\\/\"},\"author\":{\"name\":\"Laura Salas Orcajada\",\"@id\":\"https:\\\/\\\/mula.es\\\/web\\\/#\\\/schema\\\/person\\\/4f10179bd364f40dceed361e61e4033f\"},\"headline\":\"CULTURA | El 42 Encuentro Teatral Ciudad de Mula abre ma\u00f1ana la venta de entradas para cinco noches de teatro en el Lope de Vega \u00a0\",\"datePublished\":\"2026-09-01T07:41:32+00:00\",\"mainEntityOfPage\":{\"@id\":\"https:\\\/\\\/mula.es\\\/web\\\/cultura-el-42-encuentro-teatral-ciudad-de-mula-abre-manana-la-venta-de-entradas-para-cinco-noches-de-teatro-en-el-lope-de-vega\\\/\"},\"wordCount\":503,\"image\":{\"@id\":\"https:\\\/\\\/mula.es\\\/web\\\/cultura-el-42-encuentro-teatral-ciudad-de-mula-abre-manana-la-venta-de-entradas-para-cinco-noches-de-teatro-en-el-lope-de-vega\\\/#primaryimage\"},\"thumbnailUrl\":\"https:\\\/\\\/mula.es\\\/web\\\/wp-content\\\/uploads\\\/2020\\\/06\\\/escudo-cuadrado-e1591045058235.jpg\",\"articleSection\":[\"cultura\"],\"inLanguage\":\"es\"},{\"@type\":\"WebPage\",\"@id\":\"https:\\\/\\\/mula.es\\\/web\\\/cultura-el-42-encuentro-teatral-ciudad-de-mula-abre-manana-la-venta-de-entradas-para-cinco-noches-de-teatro-en-el-lope-de-vega\\\/\",\"url\":\"https:\\\/\\\/mula.es\\\/web\\\/cultura-el-42-encuentro-teatral-ciudad-de-mula-abre-manana-la-venta-de-entradas-para-cinco-noches-de-teatro-en-el-lope-de-vega\\\/\",\"name\":\"CULTURA | El 42 Encuentro Teatral Ciudad de Mula abre ma\u00f1ana la venta de entradas para cinco noches de teatro en el Lope de Vega \u00a0 - Ayuntamiento de Mula\",\"isPartOf\":{\"@id\":\"https:\\\/\\\/mula.es\\\/web\\\/#website\"},\"primaryImageOfPage\":{\"@id\":\"https:\\\/\\\/mula.es\\\/web\\\/cultura-el-42-encuentro-teatral-ciudad-de-mula-abre-manana-la-venta-de-entradas-para-cinco-noches-de-teatro-en-el-lope-de-vega\\\/#primaryimage\"},\"image\":{\"@id\":\"https:\\\/\\\/mula.es\\\/web\\\/cultura-el-42-encuentro-teatral-ciudad-de-mula-abre-manana-la-venta-de-entradas-para-cinco-noches-de-teatro-en-el-lope-de-vega\\\/#primaryimage\"},\"thumbnailUrl\":\"https:\\\/\\\/mula.es\\\/web\\\/wp-content\\\/uploads\\\/2020\\\/06\\\/escudo-cuadrado-e1591045058235.jpg\",\"datePublished\":\"2026-09-01T07:41:32+00:00\",\"author\":{\"@id\":\"https:\\\/\\\/mula.es\\\/web\\\/#\\\/schema\\\/person\\\/4f10179bd364f40dceed361e61e4033f\"},\"breadcrumb\":{\"@id\":\"https:\\\/\\\/mula.es\\\/web\\\/cultura-el-42-encuentro-teatral-ciudad-de-mula-abre-manana-la-venta-de-entradas-para-cinco-noches-de-teatro-en-el-lope-de-vega\\\/#breadcrumb\"},\"inLanguage\":\"es\",\"potentialAction\":[{\"@type\":\"ReadAction\",\"target\":[\"https:\\\/\\\/mula.es\\\/web\\\/cultura-el-42-encuentro-teatral-ciudad-de-mula-abre-manana-la-venta-de-entradas-para-cinco-noches-de-teatro-en-el-lope-de-vega\\\/\"]}]},{\"@type\":\"ImageObject\",\"inLanguage\":\"es\",\"@id\":\"https:\\\/\\\/mula.es\\\/web\\\/cultura-el-42-encuentro-teatral-ciudad-de-mula-abre-manana-la-venta-de-entradas-para-cinco-noches-de-teatro-en-el-lope-de-vega\\\/#primaryimage\",\"url\":\"https:\\\/\\\/mula.es\\\/web\\\/wp-content\\\/uploads\\\/2020\\\/06\\\/escudo-cuadrado-e1591045058235.jpg\",\"contentUrl\":\"https:\\\/\\\/mula.es\\\/web\\\/wp-content\\\/uploads\\\/2020\\\/06\\\/escudo-cuadrado-e1591045058235.jpg\",\"width\":200,\"height\":218},{\"@type\":\"BreadcrumbList\",\"@id\":\"https:\\\/\\\/mula.es\\\/web\\\/cultura-el-42-encuentro-teatral-ciudad-de-mula-abre-manana-la-venta-de-entradas-para-cinco-noches-de-teatro-en-el-lope-de-vega\\\/#breadcrumb\",\"itemListElement\":[{\"@type\":\"ListItem\",\"position\":1,\"name\":\"Portada\",\"item\":\"https:\\\/\\\/mula.es\\\/web\\\/\"},{\"@type\":\"ListItem\",\"position\":2,\"name\":\"CULTURA | El 42 Encuentro Teatral Ciudad de Mula abre ma\u00f1ana la venta de entradas para cinco noches de teatro en el Lope de Vega \u00a0\"}]},{\"@type\":\"WebSite\",\"@id\":\"https:\\\/\\\/mula.es\\\/web\\\/#website\",\"url\":\"https:\\\/\\\/mula.es\\\/web\\\/\",\"name\":\"Ayuntamiento de Mula\",\"description\":\"P\u00e1gina web del Ayuntamiento de Mula (Regi\u00f3n de Murcia)\",\"potentialAction\":[{\"@type\":\"SearchAction\",\"target\":{\"@type\":\"EntryPoint\",\"urlTemplate\":\"https:\\\/\\\/mula.es\\\/web\\\/?s={search_term_string}\"},\"query-input\":{\"@type\":\"PropertyValueSpecification\",\"valueRequired\":true,\"valueName\":\"search_term_string\"}}],\"inLanguage\":\"es\"},{\"@type\":\"Person\",\"@id\":\"https:\\\/\\\/mula.es\\\/web\\\/#\\\/schema\\\/person\\\/4f10179bd364f40dceed361e61e4033f\",\"name\":\"Laura Salas Orcajada\",\"image\":{\"@type\":\"ImageObject\",\"inLanguage\":\"es\",\"@id\":\"https:\\\/\\\/secure.gravatar.com\\\/avatar\\\/786f2a223d9a455e2a448f78b5dcc1117207ef56ef3d9a04df338c0f775cd403?s=96&d=mm&r=g\",\"url\":\"https:\\\/\\\/secure.gravatar.com\\\/avatar\\\/786f2a223d9a455e2a448f78b5dcc1117207ef56ef3d9a04df338c0f775cd403?s=96&d=mm&r=g\",\"contentUrl\":\"https:\\\/\\\/secure.gravatar.com\\\/avatar\\\/786f2a223d9a455e2a448f78b5dcc1117207ef56ef3d9a04df338c0f775cd403?s=96&d=mm&r=g\",\"caption\":\"Laura Salas Orcajada\"},\"url\":\"https:\\\/\\\/mula.es\\\/web\\\/author\\\/lsalas\\\/\"}]}<\/script>\n<!-- \/ Yoast SEO plugin. -->","yoast_head_json":{"title":"CULTURA | El 42 Encuentro Teatral Ciudad de Mula abre ma\u00f1ana la venta de entradas para cinco noches de teatro en el Lope de Vega \u00a0 - Ayuntamiento de Mula","robots":{"index":"index","follow":"follow","max-snippet":"max-snippet:-1","max-image-preview":"max-image-preview:large","max-video-preview":"max-video-preview:-1"},"canonical":"https:\/\/mula.es\/web\/cultura-el-42-encuentro-teatral-ciudad-de-mula-abre-manana-la-venta-de-entradas-para-cinco-noches-de-teatro-en-el-lope-de-vega\/","og_locale":"es_ES","og_type":"article","og_title":"CULTURA | El 42 Encuentro Teatral Ciudad de Mula abre ma\u00f1ana la venta de entradas para cinco noches de teatro en el Lope de Vega \u00a0 - Ayuntamiento de Mula","og_description":"\u00a0\u00a0\u00a0\u00a0\u00a0\u00a0\u00a0\u00a0\u00a0\u00a0\u00a0\u00a0\u00a0\u00a0\u00a0\u00a0\u00a0\u00a0\u00a0\u00a0\u00a0\u00a0\u00a0\u00a0\u00a0\u00a0\u00a0\u00a0\u00a0\u00a0\u00a0\u00a0\u00a0\u00a0\u00a0\u00a0\u00a0\u00a0\u00a0\u00a0\u00a0\u00a0\u00a0\u00a0\u00a0\u00a0\u00a0\u00a0\u00a0\u00a0\u00a0\u00a0\u00a0\u00a0\u00a0\u00a0\u00a0\u00a0\u00a0 NOTA DE PRENSA \u2013 1 DE SEPTIEMBRE DE 2026 \u00a0 \u00a0 \u00a0 El 42 Encuentro Teatral Ciudad de Mula abre ma\u00f1ana la venta de entradas para cinco noches de teatro en el Lope de Vega \u00a0 &nbsp; Las entradas para el 42 Encuentro Teatral Ciudad de Mula saldr\u00e1n a la venta ma\u00f1ana, 2 de [...]","og_url":"https:\/\/mula.es\/web\/cultura-el-42-encuentro-teatral-ciudad-de-mula-abre-manana-la-venta-de-entradas-para-cinco-noches-de-teatro-en-el-lope-de-vega\/","og_site_name":"Ayuntamiento de Mula","article_published_time":"2026-09-01T07:41:32+00:00","og_image":[{"width":200,"height":218,"url":"https:\/\/mula.es\/web\/wp-content\/uploads\/2020\/06\/escudo-cuadrado-e1591045058235.jpg","type":"image\/jpeg"}],"author":"Laura Salas Orcajada","twitter_card":"summary_large_image","twitter_creator":"@AyuntamientMula","twitter_site":"@AyuntamientMula","twitter_misc":{"Escrito por":"Laura Salas Orcajada","Tiempo de lectura":"4 minutos"},"schema":{"@context":"https:\/\/schema.org","@graph":[{"@type":"Article","@id":"https:\/\/mula.es\/web\/cultura-el-42-encuentro-teatral-ciudad-de-mula-abre-manana-la-venta-de-entradas-para-cinco-noches-de-teatro-en-el-lope-de-vega\/#article","isPartOf":{"@id":"https:\/\/mula.es\/web\/cultura-el-42-encuentro-teatral-ciudad-de-mula-abre-manana-la-venta-de-entradas-para-cinco-noches-de-teatro-en-el-lope-de-vega\/"},"author":{"name":"Laura Salas Orcajada","@id":"https:\/\/mula.es\/web\/#\/schema\/person\/4f10179bd364f40dceed361e61e4033f"},"headline":"CULTURA | El 42 Encuentro Teatral Ciudad de Mula abre ma\u00f1ana la venta de entradas para cinco noches de teatro en el Lope de Vega \u00a0","datePublished":"2026-09-01T07:41:32+00:00","mainEntityOfPage":{"@id":"https:\/\/mula.es\/web\/cultura-el-42-encuentro-teatral-ciudad-de-mula-abre-manana-la-venta-de-entradas-para-cinco-noches-de-teatro-en-el-lope-de-vega\/"},"wordCount":503,"image":{"@id":"https:\/\/mula.es\/web\/cultura-el-42-encuentro-teatral-ciudad-de-mula-abre-manana-la-venta-de-entradas-para-cinco-noches-de-teatro-en-el-lope-de-vega\/#primaryimage"},"thumbnailUrl":"https:\/\/mula.es\/web\/wp-content\/uploads\/2020\/06\/escudo-cuadrado-e1591045058235.jpg","articleSection":["cultura"],"inLanguage":"es"},{"@type":"WebPage","@id":"https:\/\/mula.es\/web\/cultura-el-42-encuentro-teatral-ciudad-de-mula-abre-manana-la-venta-de-entradas-para-cinco-noches-de-teatro-en-el-lope-de-vega\/","url":"https:\/\/mula.es\/web\/cultura-el-42-encuentro-teatral-ciudad-de-mula-abre-manana-la-venta-de-entradas-para-cinco-noches-de-teatro-en-el-lope-de-vega\/","name":"CULTURA | El 42 Encuentro Teatral Ciudad de Mula abre ma\u00f1ana la venta de entradas para cinco noches de teatro en el Lope de Vega \u00a0 - Ayuntamiento de Mula","isPartOf":{"@id":"https:\/\/mula.es\/web\/#website"},"primaryImageOfPage":{"@id":"https:\/\/mula.es\/web\/cultura-el-42-encuentro-teatral-ciudad-de-mula-abre-manana-la-venta-de-entradas-para-cinco-noches-de-teatro-en-el-lope-de-vega\/#primaryimage"},"image":{"@id":"https:\/\/mula.es\/web\/cultura-el-42-encuentro-teatral-ciudad-de-mula-abre-manana-la-venta-de-entradas-para-cinco-noches-de-teatro-en-el-lope-de-vega\/#primaryimage"},"thumbnailUrl":"https:\/\/mula.es\/web\/wp-content\/uploads\/2020\/06\/escudo-cuadrado-e1591045058235.jpg","datePublished":"2026-09-01T07:41:32+00:00","author":{"@id":"https:\/\/mula.es\/web\/#\/schema\/person\/4f10179bd364f40dceed361e61e4033f"},"breadcrumb":{"@id":"https:\/\/mula.es\/web\/cultura-el-42-encuentro-teatral-ciudad-de-mula-abre-manana-la-venta-de-entradas-para-cinco-noches-de-teatro-en-el-lope-de-vega\/#breadcrumb"},"inLanguage":"es","potentialAction":[{"@type":"ReadAction","target":["https:\/\/mula.es\/web\/cultura-el-42-encuentro-teatral-ciudad-de-mula-abre-manana-la-venta-de-entradas-para-cinco-noches-de-teatro-en-el-lope-de-vega\/"]}]},{"@type":"ImageObject","inLanguage":"es","@id":"https:\/\/mula.es\/web\/cultura-el-42-encuentro-teatral-ciudad-de-mula-abre-manana-la-venta-de-entradas-para-cinco-noches-de-teatro-en-el-lope-de-vega\/#primaryimage","url":"https:\/\/mula.es\/web\/wp-content\/uploads\/2020\/06\/escudo-cuadrado-e1591045058235.jpg","contentUrl":"https:\/\/mula.es\/web\/wp-content\/uploads\/2020\/06\/escudo-cuadrado-e1591045058235.jpg","width":200,"height":218},{"@type":"BreadcrumbList","@id":"https:\/\/mula.es\/web\/cultura-el-42-encuentro-teatral-ciudad-de-mula-abre-manana-la-venta-de-entradas-para-cinco-noches-de-teatro-en-el-lope-de-vega\/#breadcrumb","itemListElement":[{"@type":"ListItem","position":1,"name":"Portada","item":"https:\/\/mula.es\/web\/"},{"@type":"ListItem","position":2,"name":"CULTURA | El 42 Encuentro Teatral Ciudad de Mula abre ma\u00f1ana la venta de entradas para cinco noches de teatro en el Lope de Vega \u00a0"}]},{"@type":"WebSite","@id":"https:\/\/mula.es\/web\/#website","url":"https:\/\/mula.es\/web\/","name":"Ayuntamiento de Mula","description":"P\u00e1gina web del Ayuntamiento de Mula (Regi\u00f3n de Murcia)","potentialAction":[{"@type":"SearchAction","target":{"@type":"EntryPoint","urlTemplate":"https:\/\/mula.es\/web\/?s={search_term_string}"},"query-input":{"@type":"PropertyValueSpecification","valueRequired":true,"valueName":"search_term_string"}}],"inLanguage":"es"},{"@type":"Person","@id":"https:\/\/mula.es\/web\/#\/schema\/person\/4f10179bd364f40dceed361e61e4033f","name":"Laura Salas Orcajada","image":{"@type":"ImageObject","inLanguage":"es","@id":"https:\/\/secure.gravatar.com\/avatar\/786f2a223d9a455e2a448f78b5dcc1117207ef56ef3d9a04df338c0f775cd403?s=96&d=mm&r=g","url":"https:\/\/secure.gravatar.com\/avatar\/786f2a223d9a455e2a448f78b5dcc1117207ef56ef3d9a04df338c0f775cd403?s=96&d=mm&r=g","contentUrl":"https:\/\/secure.gravatar.com\/avatar\/786f2a223d9a455e2a448f78b5dcc1117207ef56ef3d9a04df338c0f775cd403?s=96&d=mm&r=g","caption":"Laura Salas Orcajada"},"url":"https:\/\/mula.es\/web\/author\/lsalas\/"}]}},"jetpack_publicize_connections":[],"jetpack_sharing_enabled":true,"jetpack_shortlink":"https:\/\/wp.me\/pa9DMY-gdV","jetpack-related-posts":[],"jetpack_featured_media_url":"https:\/\/mula.es\/web\/wp-content\/uploads\/2020\/06\/escudo-cuadrado-e1591045058235.jpg","_links":{"self":[{"href":"https:\/\/mula.es\/web\/wp-json\/wp\/v2\/posts\/62367","targetHints":{"allow":["GET"]}}],"collection":[{"href":"https:\/\/mula.es\/web\/wp-json\/wp\/v2\/posts"}],"about":[{"href":"https:\/\/mula.es\/web\/wp-json\/wp\/v2\/types\/post"}],"author":[{"embeddable":true,"href":"https:\/\/mula.es\/web\/wp-json\/wp\/v2\/users\/13"}],"replies":[{"embeddable":true,"href":"https:\/\/mula.es\/web\/wp-json\/wp\/v2\/comments?post=62367"}],"version-history":[{"count":1,"href":"https:\/\/mula.es\/web\/wp-json\/wp\/v2\/posts\/62367\/revisions"}],"predecessor-version":[{"id":62374,"href":"https:\/\/mula.es\/web\/wp-json\/wp\/v2\/posts\/62367\/revisions\/62374"}],"wp:featuredmedia":[{"embeddable":true,"href":"https:\/\/mula.es\/web\/wp-json\/wp\/v2\/media\/33512"}],"wp:attachment":[{"href":"https:\/\/mula.es\/web\/wp-json\/wp\/v2\/media?parent=62367"}],"wp:term":[{"taxonomy":"category","embeddable":true,"href":"https:\/\/mula.es\/web\/wp-json\/wp\/v2\/categories?post=62367"},{"taxonomy":"post_tag","embeddable":true,"href":"https:\/\/mula.es\/web\/wp-json\/wp\/v2\/tags?post=62367"}],"curies":[{"name":"wp","href":"https:\/\/api.w.org\/{rel}","templated":true}]}}