{"id":62394,"date":"2026-09-03T13:46:35","date_gmt":"2026-09-03T11:46:35","guid":{"rendered":"https:\/\/mula.es\/web\/?p=62394"},"modified":"2026-09-03T13:51:15","modified_gmt":"2026-09-03T11:51:15","slug":"seguridad-ciudadana-mula-refuerza-la-coordinacion-y-los-dispositivos-de-seguridad-ante-las-proximas-fiestas-patronales","status":"publish","type":"post","link":"https:\/\/mula.es\/web\/seguridad-ciudadana-mula-refuerza-la-coordinacion-y-los-dispositivos-de-seguridad-ante-las-proximas-fiestas-patronales\/","title":{"rendered":"SEGURIDAD CIUDADANA | Mula refuerza la coordinaci\u00f3n y los dispositivos de seguridad ante las pr\u00f3ximas Fiestas Patronales"},"content":{"rendered":"<p><strong>\u00a0\u00a0\u00a0\u00a0\u00a0\u00a0\u00a0\u00a0\u00a0\u00a0\u00a0\u00a0\u00a0\u00a0\u00a0\u00a0\u00a0\u00a0\u00a0\u00a0\u00a0\u00a0\u00a0\u00a0\u00a0\u00a0\u00a0\u00a0\u00a0\u00a0\u00a0\u00a0\u00a0\u00a0\u00a0\u00a0\u00a0\u00a0\u00a0\u00a0\u00a0\u00a0\u00a0\u00a0\u00a0\u00a0\u00a0\u00a0\u00a0\u00a0\u00a0\u00a0\u00a0\u00a0\u00a0\u00a0\u00a0\u00a0\u00a0 <\/strong><\/p>\n<p><strong>NOTA DE PRENSA \u2013 3 DE SEPTIEMBRE DE 202<\/strong><strong>6<\/strong><\/p>\n<p><strong>\u00a0<\/strong><\/p>\n<h2><strong>\u00a0<\/strong><\/h2>\n<h2><strong>Mula refuerza la coordinaci\u00f3n y los dispositivos de seguridad ante las pr\u00f3ximas Fiestas Patronales<\/strong><\/h2>\n<p><strong>\u00a0<\/strong><\/p>\n<p>&nbsp;<\/p>\n<p>La Junta Local de Seguridad del municipio de Mula se ha reunido hoy para coordinar los dispositivos especiales previstos con motivo de las pr\u00f3ximas Fiestas Patronales y de los principales acontecimientos que concentrar\u00e1n a numerosos vecinos y visitantes durante el mes de septiembre.<\/p>\n<p>&nbsp;<\/p>\n<p>La reuni\u00f3n ha estado presidida por el alcalde de Mula, Juan Jes\u00fas Moreno, y ha contado con la participaci\u00f3n del concejal de Seguridad Ciudadana, Diego Boluda; la concejala de Presidencia, Alejandra Mart\u00ednez; el jefe de la Polic\u00eda Local, el teniente de la Guardia Civil de la Tercera Compa\u00f1\u00eda, el sargento de Bomberos del puesto de Mula, as\u00ed como representantes de la Guardia Civil y mandos de Polic\u00eda Local, Bomberos y Protecci\u00f3n Civil de Mula.<\/p>\n<p>&nbsp;<\/p>\n<p>Durante el encuentro se han abordado los dispositivos previstos para las Fiestas Patronales 2026, los traslados de la imagen del Ni\u00f1o de Mula, su bajada y romer\u00eda, as\u00ed como otros acontecimientos de gran afluencia como el Almuerzo Motero y el Festival Epicentro. Asimismo, se ha solicitado el refuerzo de unidades de Seguridad Ciudadana para estas tres grandes citas.<\/p>\n<p>&nbsp;<\/p>\n<p>La planificaci\u00f3n contempla la intervenci\u00f3n de m\u00e1s de 250 efectivos de seguridad y emergencias, con la coordinaci\u00f3n entre Guardia Civil, Polic\u00eda Local, Bomberos, Protecci\u00f3n Civil y seguridad privada, prestando especial atenci\u00f3n a la movilidad, el control de accesos, la vigilancia en los puntos de mayor concentraci\u00f3n de personas y la capacidad de respuesta ante posibles incidencias.<\/p>\n<p>&nbsp;<\/p>\n<p>Durante la Junta, el alcalde ha informado tambi\u00e9n de que se est\u00e1 llevando a cabo una nueva actuaci\u00f3n para ampliar la red municipal de c\u00e1maras de videovigilancia. Esta tercera fase incorpora nuevos dispositivos en puntos estrat\u00e9gicos como la carretera de Caravaca, la intersecci\u00f3n de Emeterio Cuadrado con Cartagena, avenida de la Paz, carretera de Murcia y los cruces del Curt\u00eds y del Palillo con Gran V\u00eda, entre otros.<\/p>\n<p>&nbsp;<\/p>\n<p>Las nuevas c\u00e1maras se concentran especialmente en las principales v\u00edas de entrada al municipio y en cruces con elevada intensidad de tr\u00e1fico y tr\u00e1nsito peatonal, reforzando la prevenci\u00f3n y el control en puntos clave.<\/p>\n<p>&nbsp;<\/p>\n<p>Juan Jes\u00fas Moreno ha se\u00f1alado que \u201cafrontamos unas semanas con una importante concentraci\u00f3n de actos y miles de personas en nuestras calles, por lo que la coordinaci\u00f3n y la prevenci\u00f3n son fundamentales. A este trabajo conjunto de nuestros cuerpos de seguridad y emergencias sumamos nuevas herramientas de videovigilancia que nos permiten seguir avanzando hacia una Mula m\u00e1s segura y preparada\u201d.<\/p>\n<p>&nbsp;<\/p>\n<p>Desde el Ayuntamiento de Mula se contin\u00faa reforzando tanto la coordinaci\u00f3n de los medios humanos como las infraestructuras y recursos t\u00e9cnicos destinados a mejorar la seguridad ciudadana y garantizar el correcto desarrollo de las pr\u00f3ximas celebraciones.<\/p>\n<p>&nbsp;<\/p>\n<p><a href=\"https:\/\/mula.es\/web\/wp-content\/uploads\/2026\/09\/1-1-scaled.jpg\"><img decoding=\"async\" data-attachment-id=\"62395\" data-permalink=\"https:\/\/mula.es\/web\/seguridad-ciudadana-mula-refuerza-la-coordinacion-y-los-dispositivos-de-seguridad-ante-las-proximas-fiestas-patronales\/1-437\/\" data-orig-file=\"https:\/\/mula.es\/web\/wp-content\/uploads\/2026\/09\/1-1-scaled.jpg\" data-orig-size=\"2560,1707\" data-comments-opened=\"0\" data-image-meta=\"{&quot;aperture&quot;:&quot;0&quot;,&quot;credit&quot;:&quot;&quot;,&quot;camera&quot;:&quot;&quot;,&quot;caption&quot;:&quot;&quot;,&quot;created_timestamp&quot;:&quot;0&quot;,&quot;copyright&quot;:&quot;&quot;,&quot;focal_length&quot;:&quot;0&quot;,&quot;iso&quot;:&quot;0&quot;,&quot;shutter_speed&quot;:&quot;0&quot;,&quot;title&quot;:&quot;&quot;,&quot;orientation&quot;:&quot;1&quot;,&quot;alt&quot;:&quot;&quot;}\" data-image-title=\"1\" data-image-description=\"\" data-image-caption=\"\" data-large-file=\"https:\/\/mula.es\/web\/wp-content\/uploads\/2026\/09\/1-1-1024x683.jpg\" class=\"alignnone size-medium wp-image-62395\" src=\"https:\/\/mula.es\/web\/wp-content\/uploads\/2026\/09\/1-1-300x200.jpg\" alt=\"\" width=\"300\" height=\"200\" srcset=\"https:\/\/mula.es\/web\/wp-content\/uploads\/2026\/09\/1-1-200x133.jpg 200w, https:\/\/mula.es\/web\/wp-content\/uploads\/2026\/09\/1-1-300x200.jpg 300w, https:\/\/mula.es\/web\/wp-content\/uploads\/2026\/09\/1-1-400x267.jpg 400w, https:\/\/mula.es\/web\/wp-content\/uploads\/2026\/09\/1-1-600x400.jpg 600w, https:\/\/mula.es\/web\/wp-content\/uploads\/2026\/09\/1-1-768x512.jpg 768w, https:\/\/mula.es\/web\/wp-content\/uploads\/2026\/09\/1-1-800x533.jpg 800w, https:\/\/mula.es\/web\/wp-content\/uploads\/2026\/09\/1-1-1024x683.jpg 1024w, https:\/\/mula.es\/web\/wp-content\/uploads\/2026\/09\/1-1-1200x800.jpg 1200w, https:\/\/mula.es\/web\/wp-content\/uploads\/2026\/09\/1-1-1536x1024.jpg 1536w\" sizes=\"(max-width: 300px) 100vw, 300px\" \/><\/a> <a href=\"https:\/\/mula.es\/web\/wp-content\/uploads\/2026\/09\/2-1-scaled.jpg\"><img decoding=\"async\" data-attachment-id=\"62396\" data-permalink=\"https:\/\/mula.es\/web\/seguridad-ciudadana-mula-refuerza-la-coordinacion-y-los-dispositivos-de-seguridad-ante-las-proximas-fiestas-patronales\/2-412\/\" data-orig-file=\"https:\/\/mula.es\/web\/wp-content\/uploads\/2026\/09\/2-1-scaled.jpg\" data-orig-size=\"2560,1707\" data-comments-opened=\"0\" data-image-meta=\"{&quot;aperture&quot;:&quot;0&quot;,&quot;credit&quot;:&quot;&quot;,&quot;camera&quot;:&quot;&quot;,&quot;caption&quot;:&quot;&quot;,&quot;created_timestamp&quot;:&quot;0&quot;,&quot;copyright&quot;:&quot;&quot;,&quot;focal_length&quot;:&quot;0&quot;,&quot;iso&quot;:&quot;0&quot;,&quot;shutter_speed&quot;:&quot;0&quot;,&quot;title&quot;:&quot;&quot;,&quot;orientation&quot;:&quot;1&quot;,&quot;alt&quot;:&quot;&quot;}\" data-image-title=\"2\" data-image-description=\"\" data-image-caption=\"\" data-large-file=\"https:\/\/mula.es\/web\/wp-content\/uploads\/2026\/09\/2-1-1024x683.jpg\" class=\"alignnone size-medium wp-image-62396\" src=\"https:\/\/mula.es\/web\/wp-content\/uploads\/2026\/09\/2-1-300x200.jpg\" alt=\"\" width=\"300\" height=\"200\" srcset=\"https:\/\/mula.es\/web\/wp-content\/uploads\/2026\/09\/2-1-200x133.jpg 200w, https:\/\/mula.es\/web\/wp-content\/uploads\/2026\/09\/2-1-300x200.jpg 300w, https:\/\/mula.es\/web\/wp-content\/uploads\/2026\/09\/2-1-400x267.jpg 400w, https:\/\/mula.es\/web\/wp-content\/uploads\/2026\/09\/2-1-600x400.jpg 600w, https:\/\/mula.es\/web\/wp-content\/uploads\/2026\/09\/2-1-768x512.jpg 768w, https:\/\/mula.es\/web\/wp-content\/uploads\/2026\/09\/2-1-800x533.jpg 800w, https:\/\/mula.es\/web\/wp-content\/uploads\/2026\/09\/2-1-1024x683.jpg 1024w, https:\/\/mula.es\/web\/wp-content\/uploads\/2026\/09\/2-1-1200x800.jpg 1200w, https:\/\/mula.es\/web\/wp-content\/uploads\/2026\/09\/2-1-1536x1024.jpg 1536w\" sizes=\"(max-width: 300px) 100vw, 300px\" \/><\/a> <a href=\"https:\/\/mula.es\/web\/wp-content\/uploads\/2026\/09\/3-1-scaled.jpg\"><img decoding=\"async\" data-attachment-id=\"62397\" data-permalink=\"https:\/\/mula.es\/web\/seguridad-ciudadana-mula-refuerza-la-coordinacion-y-los-dispositivos-de-seguridad-ante-las-proximas-fiestas-patronales\/3-352\/\" data-orig-file=\"https:\/\/mula.es\/web\/wp-content\/uploads\/2026\/09\/3-1-scaled.jpg\" data-orig-size=\"2560,1707\" data-comments-opened=\"0\" data-image-meta=\"{&quot;aperture&quot;:&quot;0&quot;,&quot;credit&quot;:&quot;&quot;,&quot;camera&quot;:&quot;&quot;,&quot;caption&quot;:&quot;&quot;,&quot;created_timestamp&quot;:&quot;0&quot;,&quot;copyright&quot;:&quot;&quot;,&quot;focal_length&quot;:&quot;0&quot;,&quot;iso&quot;:&quot;0&quot;,&quot;shutter_speed&quot;:&quot;0&quot;,&quot;title&quot;:&quot;&quot;,&quot;orientation&quot;:&quot;1&quot;,&quot;alt&quot;:&quot;&quot;}\" data-image-title=\"3\" data-image-description=\"\" data-image-caption=\"\" data-large-file=\"https:\/\/mula.es\/web\/wp-content\/uploads\/2026\/09\/3-1-1024x683.jpg\" class=\"alignnone size-medium wp-image-62397\" src=\"https:\/\/mula.es\/web\/wp-content\/uploads\/2026\/09\/3-1-300x200.jpg\" alt=\"\" width=\"300\" height=\"200\" srcset=\"https:\/\/mula.es\/web\/wp-content\/uploads\/2026\/09\/3-1-200x133.jpg 200w, https:\/\/mula.es\/web\/wp-content\/uploads\/2026\/09\/3-1-300x200.jpg 300w, https:\/\/mula.es\/web\/wp-content\/uploads\/2026\/09\/3-1-400x267.jpg 400w, https:\/\/mula.es\/web\/wp-content\/uploads\/2026\/09\/3-1-600x400.jpg 600w, https:\/\/mula.es\/web\/wp-content\/uploads\/2026\/09\/3-1-768x512.jpg 768w, https:\/\/mula.es\/web\/wp-content\/uploads\/2026\/09\/3-1-800x533.jpg 800w, https:\/\/mula.es\/web\/wp-content\/uploads\/2026\/09\/3-1-1024x683.jpg 1024w, https:\/\/mula.es\/web\/wp-content\/uploads\/2026\/09\/3-1-1200x800.jpg 1200w, https:\/\/mula.es\/web\/wp-content\/uploads\/2026\/09\/3-1-1536x1024.jpg 1536w\" sizes=\"(max-width: 300px) 100vw, 300px\" \/><\/a> <a href=\"https:\/\/mula.es\/web\/wp-content\/uploads\/2026\/09\/4-1-scaled.jpg\"><img decoding=\"async\" data-attachment-id=\"62398\" data-permalink=\"https:\/\/mula.es\/web\/seguridad-ciudadana-mula-refuerza-la-coordinacion-y-los-dispositivos-de-seguridad-ante-las-proximas-fiestas-patronales\/4-261\/\" data-orig-file=\"https:\/\/mula.es\/web\/wp-content\/uploads\/2026\/09\/4-1-scaled.jpg\" data-orig-size=\"2560,1707\" data-comments-opened=\"0\" data-image-meta=\"{&quot;aperture&quot;:&quot;0&quot;,&quot;credit&quot;:&quot;&quot;,&quot;camera&quot;:&quot;&quot;,&quot;caption&quot;:&quot;&quot;,&quot;created_timestamp&quot;:&quot;0&quot;,&quot;copyright&quot;:&quot;&quot;,&quot;focal_length&quot;:&quot;0&quot;,&quot;iso&quot;:&quot;0&quot;,&quot;shutter_speed&quot;:&quot;0&quot;,&quot;title&quot;:&quot;&quot;,&quot;orientation&quot;:&quot;1&quot;,&quot;alt&quot;:&quot;&quot;}\" data-image-title=\"4\" data-image-description=\"\" data-image-caption=\"\" data-large-file=\"https:\/\/mula.es\/web\/wp-content\/uploads\/2026\/09\/4-1-1024x683.jpg\" class=\"alignnone size-medium wp-image-62398\" src=\"https:\/\/mula.es\/web\/wp-content\/uploads\/2026\/09\/4-1-300x200.jpg\" alt=\"\" width=\"300\" height=\"200\" srcset=\"https:\/\/mula.es\/web\/wp-content\/uploads\/2026\/09\/4-1-200x133.jpg 200w, https:\/\/mula.es\/web\/wp-content\/uploads\/2026\/09\/4-1-300x200.jpg 300w, https:\/\/mula.es\/web\/wp-content\/uploads\/2026\/09\/4-1-400x267.jpg 400w, https:\/\/mula.es\/web\/wp-content\/uploads\/2026\/09\/4-1-600x400.jpg 600w, https:\/\/mula.es\/web\/wp-content\/uploads\/2026\/09\/4-1-768x512.jpg 768w, https:\/\/mula.es\/web\/wp-content\/uploads\/2026\/09\/4-1-800x533.jpg 800w, https:\/\/mula.es\/web\/wp-content\/uploads\/2026\/09\/4-1-1024x683.jpg 1024w, https:\/\/mula.es\/web\/wp-content\/uploads\/2026\/09\/4-1-1200x800.jpg 1200w, https:\/\/mula.es\/web\/wp-content\/uploads\/2026\/09\/4-1-1536x1024.jpg 1536w\" sizes=\"(max-width: 300px) 100vw, 300px\" \/><\/a> <a href=\"https:\/\/mula.es\/web\/wp-content\/uploads\/2026\/09\/5-1-scaled.jpg\"><img decoding=\"async\" data-attachment-id=\"62399\" data-permalink=\"https:\/\/mula.es\/web\/seguridad-ciudadana-mula-refuerza-la-coordinacion-y-los-dispositivos-de-seguridad-ante-las-proximas-fiestas-patronales\/5-199\/\" data-orig-file=\"https:\/\/mula.es\/web\/wp-content\/uploads\/2026\/09\/5-1-scaled.jpg\" data-orig-size=\"2560,1707\" data-comments-opened=\"0\" data-image-meta=\"{&quot;aperture&quot;:&quot;0&quot;,&quot;credit&quot;:&quot;&quot;,&quot;camera&quot;:&quot;&quot;,&quot;caption&quot;:&quot;&quot;,&quot;created_timestamp&quot;:&quot;0&quot;,&quot;copyright&quot;:&quot;&quot;,&quot;focal_length&quot;:&quot;0&quot;,&quot;iso&quot;:&quot;0&quot;,&quot;shutter_speed&quot;:&quot;0&quot;,&quot;title&quot;:&quot;&quot;,&quot;orientation&quot;:&quot;1&quot;,&quot;alt&quot;:&quot;&quot;}\" data-image-title=\"5\" data-image-description=\"\" data-image-caption=\"\" data-large-file=\"https:\/\/mula.es\/web\/wp-content\/uploads\/2026\/09\/5-1-1024x683.jpg\" class=\"alignnone size-medium wp-image-62399\" src=\"https:\/\/mula.es\/web\/wp-content\/uploads\/2026\/09\/5-1-300x200.jpg\" alt=\"\" width=\"300\" height=\"200\" srcset=\"https:\/\/mula.es\/web\/wp-content\/uploads\/2026\/09\/5-1-200x133.jpg 200w, https:\/\/mula.es\/web\/wp-content\/uploads\/2026\/09\/5-1-300x200.jpg 300w, https:\/\/mula.es\/web\/wp-content\/uploads\/2026\/09\/5-1-400x267.jpg 400w, https:\/\/mula.es\/web\/wp-content\/uploads\/2026\/09\/5-1-600x400.jpg 600w, https:\/\/mula.es\/web\/wp-content\/uploads\/2026\/09\/5-1-768x512.jpg 768w, https:\/\/mula.es\/web\/wp-content\/uploads\/2026\/09\/5-1-800x533.jpg 800w, https:\/\/mula.es\/web\/wp-content\/uploads\/2026\/09\/5-1-1024x683.jpg 1024w, https:\/\/mula.es\/web\/wp-content\/uploads\/2026\/09\/5-1-1200x800.jpg 1200w, https:\/\/mula.es\/web\/wp-content\/uploads\/2026\/09\/5-1-1536x1024.jpg 1536w\" sizes=\"(max-width: 300px) 100vw, 300px\" \/><\/a><\/p>\n","protected":false},"excerpt":{"rendered":"<p>\u00a0\u00a0\u00a0\u00a0\u00a0\u00a0\u00a0\u00a0\u00a0\u00a0\u00a0\u00a0\u00a0\u00a0\u00a0\u00a0\u00a0\u00a0\u00a0\u00a0\u00a0\u00a0\u00a0\u00a0\u00a0\u00a0\u00a0\u00a0\u00a0\u00a0\u00a0\u00a0\u00a0\u00a0\u00a0\u00a0\u00a0\u00a0\u00a0\u00a0\u00a0\u00a0\u00a0\u00a0\u00a0\u00a0\u00a0\u00a0\u00a0\u00a0\u00a0\u00a0\u00a0\u00a0\u00a0\u00a0\u00a0\u00a0\u00a0 NOTA DE PRENSA \u2013 3 DE SEPTIEMBRE DE 2026 \u00a0 \u00a0 Mula refuerza la coordinaci\u00f3n y los dispositivos de seguridad ante las pr\u00f3ximas Fiestas Patronales \u00a0 &nbsp; La Junta Local de Seguridad del municipio de Mula se ha reunido hoy para coordinar los dispositivos especiales previstos con motivo de las pr\u00f3ximas Fiestas Patronales y  [&#8230;]<\/p>\n","protected":false},"author":13,"featured_media":33512,"comment_status":"closed","ping_status":"closed","sticky":false,"template":"","format":"standard","meta":{"_jetpack_newsletter_access":"","_jetpack_dont_email_post_to_subs":false,"_jetpack_newsletter_tier_id":0,"_jetpack_memberships_contains_paywalled_content":false,"_jetpack_feature_clip_id":0,"_jetpack_memberships_contains_paid_content":false,"footnotes":"","jetpack_publicize_message":"","jetpack_publicize_feature_enabled":true,"jetpack_social_post_already_shared":true,"jetpack_social_options":{"image_generator_settings":{"template":"highway","default_image_id":0,"font":"","enabled":false},"version":2},"jetpack_post_was_ever_published":false},"categories":[128,191,130],"tags":[],"class_list":["post-62394","post","type-post","status-publish","format-standard","has-post-thumbnail","hentry","category-policia","category-policia-local","category-seguridad-ciudadana"],"yoast_head":"<!-- This site is optimized with the Yoast SEO plugin v28.4 - https:\/\/yoast.com\/product\/yoast-seo-wordpress\/ -->\n<title>SEGURIDAD CIUDADANA | Mula refuerza la coordinaci\u00f3n y los dispositivos de seguridad ante las pr\u00f3ximas Fiestas Patronales - Ayuntamiento de Mula<\/title>\n<meta name=\"robots\" content=\"index, follow, max-snippet:-1, max-image-preview:large, max-video-preview:-1\" \/>\n<link rel=\"canonical\" href=\"https:\/\/mula.es\/web\/seguridad-ciudadana-mula-refuerza-la-coordinacion-y-los-dispositivos-de-seguridad-ante-las-proximas-fiestas-patronales\/\" \/>\n<meta property=\"og:locale\" content=\"es_ES\" \/>\n<meta property=\"og:type\" content=\"article\" \/>\n<meta property=\"og:title\" content=\"SEGURIDAD CIUDADANA | Mula refuerza la coordinaci\u00f3n y los dispositivos de seguridad ante las pr\u00f3ximas Fiestas Patronales - Ayuntamiento de Mula\" \/>\n<meta property=\"og:description\" content=\"\u00a0\u00a0\u00a0\u00a0\u00a0\u00a0\u00a0\u00a0\u00a0\u00a0\u00a0\u00a0\u00a0\u00a0\u00a0\u00a0\u00a0\u00a0\u00a0\u00a0\u00a0\u00a0\u00a0\u00a0\u00a0\u00a0\u00a0\u00a0\u00a0\u00a0\u00a0\u00a0\u00a0\u00a0\u00a0\u00a0\u00a0\u00a0\u00a0\u00a0\u00a0\u00a0\u00a0\u00a0\u00a0\u00a0\u00a0\u00a0\u00a0\u00a0\u00a0\u00a0\u00a0\u00a0\u00a0\u00a0\u00a0\u00a0\u00a0 NOTA DE PRENSA \u2013 3 DE SEPTIEMBRE DE 2026 \u00a0 \u00a0 Mula refuerza la coordinaci\u00f3n y los dispositivos de seguridad ante las pr\u00f3ximas Fiestas Patronales \u00a0 &nbsp; La Junta Local de Seguridad del municipio de Mula se ha reunido hoy para coordinar los dispositivos especiales previstos con motivo de las pr\u00f3ximas Fiestas Patronales y [...]\" \/>\n<meta property=\"og:url\" content=\"https:\/\/mula.es\/web\/seguridad-ciudadana-mula-refuerza-la-coordinacion-y-los-dispositivos-de-seguridad-ante-las-proximas-fiestas-patronales\/\" \/>\n<meta property=\"og:site_name\" content=\"Ayuntamiento de Mula\" \/>\n<meta property=\"article:published_time\" content=\"2026-09-03T11:46:35+00:00\" \/>\n<meta property=\"article:modified_time\" content=\"2026-09-03T11:51:15+00:00\" \/>\n<meta property=\"og:image\" content=\"https:\/\/mula.es\/web\/wp-content\/uploads\/2020\/06\/escudo-cuadrado-e1591045058235.jpg\" \/>\n\t<meta property=\"og:image:width\" content=\"200\" \/>\n\t<meta property=\"og:image:height\" content=\"218\" \/>\n\t<meta property=\"og:image:type\" content=\"image\/jpeg\" \/>\n<meta name=\"author\" content=\"Laura Salas Orcajada\" \/>\n<meta name=\"twitter:card\" content=\"summary_large_image\" \/>\n<meta name=\"twitter:creator\" content=\"@AyuntamientMula\" \/>\n<meta name=\"twitter:site\" content=\"@AyuntamientMula\" \/>\n<meta name=\"twitter:label1\" content=\"Escrito por\" \/>\n\t<meta name=\"twitter:data1\" content=\"Laura Salas Orcajada\" \/>\n\t<meta name=\"twitter:label2\" content=\"Tiempo de lectura\" \/>\n\t<meta name=\"twitter:data2\" content=\"4 minutos\" \/>\n<script type=\"application\/ld+json\" class=\"yoast-schema-graph\">{\"@context\":\"https:\\\/\\\/schema.org\",\"@graph\":[{\"@type\":\"Article\",\"@id\":\"https:\\\/\\\/mula.es\\\/web\\\/seguridad-ciudadana-mula-refuerza-la-coordinacion-y-los-dispositivos-de-seguridad-ante-las-proximas-fiestas-patronales\\\/#article\",\"isPartOf\":{\"@id\":\"https:\\\/\\\/mula.es\\\/web\\\/seguridad-ciudadana-mula-refuerza-la-coordinacion-y-los-dispositivos-de-seguridad-ante-las-proximas-fiestas-patronales\\\/\"},\"author\":{\"name\":\"Laura Salas Orcajada\",\"@id\":\"https:\\\/\\\/mula.es\\\/web\\\/#\\\/schema\\\/person\\\/4f10179bd364f40dceed361e61e4033f\"},\"headline\":\"SEGURIDAD CIUDADANA | Mula refuerza la coordinaci\u00f3n y los dispositivos de seguridad ante las pr\u00f3ximas Fiestas Patronales\",\"datePublished\":\"2026-09-03T11:46:35+00:00\",\"dateModified\":\"2026-09-03T11:51:15+00:00\",\"mainEntityOfPage\":{\"@id\":\"https:\\\/\\\/mula.es\\\/web\\\/seguridad-ciudadana-mula-refuerza-la-coordinacion-y-los-dispositivos-de-seguridad-ante-las-proximas-fiestas-patronales\\\/\"},\"wordCount\":518,\"image\":{\"@id\":\"https:\\\/\\\/mula.es\\\/web\\\/seguridad-ciudadana-mula-refuerza-la-coordinacion-y-los-dispositivos-de-seguridad-ante-las-proximas-fiestas-patronales\\\/#primaryimage\"},\"thumbnailUrl\":\"https:\\\/\\\/mula.es\\\/web\\\/wp-content\\\/uploads\\\/2020\\\/06\\\/escudo-cuadrado-e1591045058235.jpg\",\"articleSection\":[\"polic\u00eda\",\"policia local\",\"seguridad ciudadana\"],\"inLanguage\":\"es\"},{\"@type\":\"WebPage\",\"@id\":\"https:\\\/\\\/mula.es\\\/web\\\/seguridad-ciudadana-mula-refuerza-la-coordinacion-y-los-dispositivos-de-seguridad-ante-las-proximas-fiestas-patronales\\\/\",\"url\":\"https:\\\/\\\/mula.es\\\/web\\\/seguridad-ciudadana-mula-refuerza-la-coordinacion-y-los-dispositivos-de-seguridad-ante-las-proximas-fiestas-patronales\\\/\",\"name\":\"SEGURIDAD CIUDADANA | Mula refuerza la coordinaci\u00f3n y los dispositivos de seguridad ante las pr\u00f3ximas Fiestas Patronales - Ayuntamiento de Mula\",\"isPartOf\":{\"@id\":\"https:\\\/\\\/mula.es\\\/web\\\/#website\"},\"primaryImageOfPage\":{\"@id\":\"https:\\\/\\\/mula.es\\\/web\\\/seguridad-ciudadana-mula-refuerza-la-coordinacion-y-los-dispositivos-de-seguridad-ante-las-proximas-fiestas-patronales\\\/#primaryimage\"},\"image\":{\"@id\":\"https:\\\/\\\/mula.es\\\/web\\\/seguridad-ciudadana-mula-refuerza-la-coordinacion-y-los-dispositivos-de-seguridad-ante-las-proximas-fiestas-patronales\\\/#primaryimage\"},\"thumbnailUrl\":\"https:\\\/\\\/mula.es\\\/web\\\/wp-content\\\/uploads\\\/2020\\\/06\\\/escudo-cuadrado-e1591045058235.jpg\",\"datePublished\":\"2026-09-03T11:46:35+00:00\",\"dateModified\":\"2026-09-03T11:51:15+00:00\",\"author\":{\"@id\":\"https:\\\/\\\/mula.es\\\/web\\\/#\\\/schema\\\/person\\\/4f10179bd364f40dceed361e61e4033f\"},\"breadcrumb\":{\"@id\":\"https:\\\/\\\/mula.es\\\/web\\\/seguridad-ciudadana-mula-refuerza-la-coordinacion-y-los-dispositivos-de-seguridad-ante-las-proximas-fiestas-patronales\\\/#breadcrumb\"},\"inLanguage\":\"es\",\"potentialAction\":[{\"@type\":\"ReadAction\",\"target\":[\"https:\\\/\\\/mula.es\\\/web\\\/seguridad-ciudadana-mula-refuerza-la-coordinacion-y-los-dispositivos-de-seguridad-ante-las-proximas-fiestas-patronales\\\/\"]}]},{\"@type\":\"ImageObject\",\"inLanguage\":\"es\",\"@id\":\"https:\\\/\\\/mula.es\\\/web\\\/seguridad-ciudadana-mula-refuerza-la-coordinacion-y-los-dispositivos-de-seguridad-ante-las-proximas-fiestas-patronales\\\/#primaryimage\",\"url\":\"https:\\\/\\\/mula.es\\\/web\\\/wp-content\\\/uploads\\\/2020\\\/06\\\/escudo-cuadrado-e1591045058235.jpg\",\"contentUrl\":\"https:\\\/\\\/mula.es\\\/web\\\/wp-content\\\/uploads\\\/2020\\\/06\\\/escudo-cuadrado-e1591045058235.jpg\",\"width\":200,\"height\":218},{\"@type\":\"BreadcrumbList\",\"@id\":\"https:\\\/\\\/mula.es\\\/web\\\/seguridad-ciudadana-mula-refuerza-la-coordinacion-y-los-dispositivos-de-seguridad-ante-las-proximas-fiestas-patronales\\\/#breadcrumb\",\"itemListElement\":[{\"@type\":\"ListItem\",\"position\":1,\"name\":\"Portada\",\"item\":\"https:\\\/\\\/mula.es\\\/web\\\/\"},{\"@type\":\"ListItem\",\"position\":2,\"name\":\"SEGURIDAD CIUDADANA | Mula refuerza la coordinaci\u00f3n y los dispositivos de seguridad ante las pr\u00f3ximas Fiestas Patronales\"}]},{\"@type\":\"WebSite\",\"@id\":\"https:\\\/\\\/mula.es\\\/web\\\/#website\",\"url\":\"https:\\\/\\\/mula.es\\\/web\\\/\",\"name\":\"Ayuntamiento de Mula\",\"description\":\"P\u00e1gina web del Ayuntamiento de Mula (Regi\u00f3n de Murcia)\",\"potentialAction\":[{\"@type\":\"SearchAction\",\"target\":{\"@type\":\"EntryPoint\",\"urlTemplate\":\"https:\\\/\\\/mula.es\\\/web\\\/?s={search_term_string}\"},\"query-input\":{\"@type\":\"PropertyValueSpecification\",\"valueRequired\":true,\"valueName\":\"search_term_string\"}}],\"inLanguage\":\"es\"},{\"@type\":\"Person\",\"@id\":\"https:\\\/\\\/mula.es\\\/web\\\/#\\\/schema\\\/person\\\/4f10179bd364f40dceed361e61e4033f\",\"name\":\"Laura Salas Orcajada\",\"image\":{\"@type\":\"ImageObject\",\"inLanguage\":\"es\",\"@id\":\"https:\\\/\\\/secure.gravatar.com\\\/avatar\\\/786f2a223d9a455e2a448f78b5dcc1117207ef56ef3d9a04df338c0f775cd403?s=96&d=mm&r=g\",\"url\":\"https:\\\/\\\/secure.gravatar.com\\\/avatar\\\/786f2a223d9a455e2a448f78b5dcc1117207ef56ef3d9a04df338c0f775cd403?s=96&d=mm&r=g\",\"contentUrl\":\"https:\\\/\\\/secure.gravatar.com\\\/avatar\\\/786f2a223d9a455e2a448f78b5dcc1117207ef56ef3d9a04df338c0f775cd403?s=96&d=mm&r=g\",\"caption\":\"Laura Salas Orcajada\"},\"url\":\"https:\\\/\\\/mula.es\\\/web\\\/author\\\/lsalas\\\/\"}]}<\/script>\n<!-- \/ Yoast SEO plugin. -->","yoast_head_json":{"title":"SEGURIDAD CIUDADANA | Mula refuerza la coordinaci\u00f3n y los dispositivos de seguridad ante las pr\u00f3ximas Fiestas Patronales - Ayuntamiento de Mula","robots":{"index":"index","follow":"follow","max-snippet":"max-snippet:-1","max-image-preview":"max-image-preview:large","max-video-preview":"max-video-preview:-1"},"canonical":"https:\/\/mula.es\/web\/seguridad-ciudadana-mula-refuerza-la-coordinacion-y-los-dispositivos-de-seguridad-ante-las-proximas-fiestas-patronales\/","og_locale":"es_ES","og_type":"article","og_title":"SEGURIDAD CIUDADANA | Mula refuerza la coordinaci\u00f3n y los dispositivos de seguridad ante las pr\u00f3ximas Fiestas Patronales - Ayuntamiento de Mula","og_description":"\u00a0\u00a0\u00a0\u00a0\u00a0\u00a0\u00a0\u00a0\u00a0\u00a0\u00a0\u00a0\u00a0\u00a0\u00a0\u00a0\u00a0\u00a0\u00a0\u00a0\u00a0\u00a0\u00a0\u00a0\u00a0\u00a0\u00a0\u00a0\u00a0\u00a0\u00a0\u00a0\u00a0\u00a0\u00a0\u00a0\u00a0\u00a0\u00a0\u00a0\u00a0\u00a0\u00a0\u00a0\u00a0\u00a0\u00a0\u00a0\u00a0\u00a0\u00a0\u00a0\u00a0\u00a0\u00a0\u00a0\u00a0\u00a0\u00a0 NOTA DE PRENSA \u2013 3 DE SEPTIEMBRE DE 2026 \u00a0 \u00a0 Mula refuerza la coordinaci\u00f3n y los dispositivos de seguridad ante las pr\u00f3ximas Fiestas Patronales \u00a0 &nbsp; La Junta Local de Seguridad del municipio de Mula se ha reunido hoy para coordinar los dispositivos especiales previstos con motivo de las pr\u00f3ximas Fiestas Patronales y [...]","og_url":"https:\/\/mula.es\/web\/seguridad-ciudadana-mula-refuerza-la-coordinacion-y-los-dispositivos-de-seguridad-ante-las-proximas-fiestas-patronales\/","og_site_name":"Ayuntamiento de Mula","article_published_time":"2026-09-03T11:46:35+00:00","article_modified_time":"2026-09-03T11:51:15+00:00","og_image":[{"width":200,"height":218,"url":"https:\/\/mula.es\/web\/wp-content\/uploads\/2020\/06\/escudo-cuadrado-e1591045058235.jpg","type":"image\/jpeg"}],"author":"Laura Salas Orcajada","twitter_card":"summary_large_image","twitter_creator":"@AyuntamientMula","twitter_site":"@AyuntamientMula","twitter_misc":{"Escrito por":"Laura Salas Orcajada","Tiempo de lectura":"4 minutos"},"schema":{"@context":"https:\/\/schema.org","@graph":[{"@type":"Article","@id":"https:\/\/mula.es\/web\/seguridad-ciudadana-mula-refuerza-la-coordinacion-y-los-dispositivos-de-seguridad-ante-las-proximas-fiestas-patronales\/#article","isPartOf":{"@id":"https:\/\/mula.es\/web\/seguridad-ciudadana-mula-refuerza-la-coordinacion-y-los-dispositivos-de-seguridad-ante-las-proximas-fiestas-patronales\/"},"author":{"name":"Laura Salas Orcajada","@id":"https:\/\/mula.es\/web\/#\/schema\/person\/4f10179bd364f40dceed361e61e4033f"},"headline":"SEGURIDAD CIUDADANA | Mula refuerza la coordinaci\u00f3n y los dispositivos de seguridad ante las pr\u00f3ximas Fiestas Patronales","datePublished":"2026-09-03T11:46:35+00:00","dateModified":"2026-09-03T11:51:15+00:00","mainEntityOfPage":{"@id":"https:\/\/mula.es\/web\/seguridad-ciudadana-mula-refuerza-la-coordinacion-y-los-dispositivos-de-seguridad-ante-las-proximas-fiestas-patronales\/"},"wordCount":518,"image":{"@id":"https:\/\/mula.es\/web\/seguridad-ciudadana-mula-refuerza-la-coordinacion-y-los-dispositivos-de-seguridad-ante-las-proximas-fiestas-patronales\/#primaryimage"},"thumbnailUrl":"https:\/\/mula.es\/web\/wp-content\/uploads\/2020\/06\/escudo-cuadrado-e1591045058235.jpg","articleSection":["polic\u00eda","policia local","seguridad ciudadana"],"inLanguage":"es"},{"@type":"WebPage","@id":"https:\/\/mula.es\/web\/seguridad-ciudadana-mula-refuerza-la-coordinacion-y-los-dispositivos-de-seguridad-ante-las-proximas-fiestas-patronales\/","url":"https:\/\/mula.es\/web\/seguridad-ciudadana-mula-refuerza-la-coordinacion-y-los-dispositivos-de-seguridad-ante-las-proximas-fiestas-patronales\/","name":"SEGURIDAD CIUDADANA | Mula refuerza la coordinaci\u00f3n y los dispositivos de seguridad ante las pr\u00f3ximas Fiestas Patronales - Ayuntamiento de Mula","isPartOf":{"@id":"https:\/\/mula.es\/web\/#website"},"primaryImageOfPage":{"@id":"https:\/\/mula.es\/web\/seguridad-ciudadana-mula-refuerza-la-coordinacion-y-los-dispositivos-de-seguridad-ante-las-proximas-fiestas-patronales\/#primaryimage"},"image":{"@id":"https:\/\/mula.es\/web\/seguridad-ciudadana-mula-refuerza-la-coordinacion-y-los-dispositivos-de-seguridad-ante-las-proximas-fiestas-patronales\/#primaryimage"},"thumbnailUrl":"https:\/\/mula.es\/web\/wp-content\/uploads\/2020\/06\/escudo-cuadrado-e1591045058235.jpg","datePublished":"2026-09-03T11:46:35+00:00","dateModified":"2026-09-03T11:51:15+00:00","author":{"@id":"https:\/\/mula.es\/web\/#\/schema\/person\/4f10179bd364f40dceed361e61e4033f"},"breadcrumb":{"@id":"https:\/\/mula.es\/web\/seguridad-ciudadana-mula-refuerza-la-coordinacion-y-los-dispositivos-de-seguridad-ante-las-proximas-fiestas-patronales\/#breadcrumb"},"inLanguage":"es","potentialAction":[{"@type":"ReadAction","target":["https:\/\/mula.es\/web\/seguridad-ciudadana-mula-refuerza-la-coordinacion-y-los-dispositivos-de-seguridad-ante-las-proximas-fiestas-patronales\/"]}]},{"@type":"ImageObject","inLanguage":"es","@id":"https:\/\/mula.es\/web\/seguridad-ciudadana-mula-refuerza-la-coordinacion-y-los-dispositivos-de-seguridad-ante-las-proximas-fiestas-patronales\/#primaryimage","url":"https:\/\/mula.es\/web\/wp-content\/uploads\/2020\/06\/escudo-cuadrado-e1591045058235.jpg","contentUrl":"https:\/\/mula.es\/web\/wp-content\/uploads\/2020\/06\/escudo-cuadrado-e1591045058235.jpg","width":200,"height":218},{"@type":"BreadcrumbList","@id":"https:\/\/mula.es\/web\/seguridad-ciudadana-mula-refuerza-la-coordinacion-y-los-dispositivos-de-seguridad-ante-las-proximas-fiestas-patronales\/#breadcrumb","itemListElement":[{"@type":"ListItem","position":1,"name":"Portada","item":"https:\/\/mula.es\/web\/"},{"@type":"ListItem","position":2,"name":"SEGURIDAD CIUDADANA | Mula refuerza la coordinaci\u00f3n y los dispositivos de seguridad ante las pr\u00f3ximas Fiestas Patronales"}]},{"@type":"WebSite","@id":"https:\/\/mula.es\/web\/#website","url":"https:\/\/mula.es\/web\/","name":"Ayuntamiento de Mula","description":"P\u00e1gina web del Ayuntamiento de Mula (Regi\u00f3n de Murcia)","potentialAction":[{"@type":"SearchAction","target":{"@type":"EntryPoint","urlTemplate":"https:\/\/mula.es\/web\/?s={search_term_string}"},"query-input":{"@type":"PropertyValueSpecification","valueRequired":true,"valueName":"search_term_string"}}],"inLanguage":"es"},{"@type":"Person","@id":"https:\/\/mula.es\/web\/#\/schema\/person\/4f10179bd364f40dceed361e61e4033f","name":"Laura Salas Orcajada","image":{"@type":"ImageObject","inLanguage":"es","@id":"https:\/\/secure.gravatar.com\/avatar\/786f2a223d9a455e2a448f78b5dcc1117207ef56ef3d9a04df338c0f775cd403?s=96&d=mm&r=g","url":"https:\/\/secure.gravatar.com\/avatar\/786f2a223d9a455e2a448f78b5dcc1117207ef56ef3d9a04df338c0f775cd403?s=96&d=mm&r=g","contentUrl":"https:\/\/secure.gravatar.com\/avatar\/786f2a223d9a455e2a448f78b5dcc1117207ef56ef3d9a04df338c0f775cd403?s=96&d=mm&r=g","caption":"Laura Salas Orcajada"},"url":"https:\/\/mula.es\/web\/author\/lsalas\/"}]}},"jetpack_publicize_connections":[],"jetpack_sharing_enabled":true,"jetpack_shortlink":"https:\/\/wp.me\/pa9DMY-gem","jetpack-related-posts":[],"jetpack_featured_media_url":"https:\/\/mula.es\/web\/wp-content\/uploads\/2020\/06\/escudo-cuadrado-e1591045058235.jpg","_links":{"self":[{"href":"https:\/\/mula.es\/web\/wp-json\/wp\/v2\/posts\/62394","targetHints":{"allow":["GET"]}}],"collection":[{"href":"https:\/\/mula.es\/web\/wp-json\/wp\/v2\/posts"}],"about":[{"href":"https:\/\/mula.es\/web\/wp-json\/wp\/v2\/types\/post"}],"author":[{"embeddable":true,"href":"https:\/\/mula.es\/web\/wp-json\/wp\/v2\/users\/13"}],"replies":[{"embeddable":true,"href":"https:\/\/mula.es\/web\/wp-json\/wp\/v2\/comments?post=62394"}],"version-history":[{"count":3,"href":"https:\/\/mula.es\/web\/wp-json\/wp\/v2\/posts\/62394\/revisions"}],"predecessor-version":[{"id":62402,"href":"https:\/\/mula.es\/web\/wp-json\/wp\/v2\/posts\/62394\/revisions\/62402"}],"wp:featuredmedia":[{"embeddable":true,"href":"https:\/\/mula.es\/web\/wp-json\/wp\/v2\/media\/33512"}],"wp:attachment":[{"href":"https:\/\/mula.es\/web\/wp-json\/wp\/v2\/media?parent=62394"}],"wp:term":[{"taxonomy":"category","embeddable":true,"href":"https:\/\/mula.es\/web\/wp-json\/wp\/v2\/categories?post=62394"},{"taxonomy":"post_tag","embeddable":true,"href":"https:\/\/mula.es\/web\/wp-json\/wp\/v2\/tags?post=62394"}],"curies":[{"name":"wp","href":"https:\/\/api.w.org\/{rel}","templated":true}]}}