{"id":62403,"date":"2026-09-04T13:15:45","date_gmt":"2026-09-04T11:15:45","guid":{"rendered":"https:\/\/mula.es\/web\/?p=62403"},"modified":"2026-09-04T13:15:45","modified_gmt":"2026-09-04T11:15:45","slug":"juventud-mas-de-500-personas-convierten-el-final-del-verano-en-solidaridad-para-la-protectora-vida","status":"publish","type":"post","link":"https:\/\/mula.es\/web\/juventud-mas-de-500-personas-convierten-el-final-del-verano-en-solidaridad-para-la-protectora-vida\/","title":{"rendered":"JUVENTUD | M\u00e1s de 500 personas convierten el final del verano en solidaridad para la Protectora Vida"},"content":{"rendered":"<p><strong>\u00a0\u00a0\u00a0\u00a0\u00a0\u00a0\u00a0\u00a0\u00a0\u00a0\u00a0\u00a0\u00a0\u00a0\u00a0\u00a0\u00a0\u00a0\u00a0\u00a0\u00a0\u00a0\u00a0\u00a0\u00a0\u00a0\u00a0\u00a0\u00a0\u00a0\u00a0\u00a0\u00a0\u00a0\u00a0\u00a0\u00a0\u00a0\u00a0\u00a0\u00a0\u00a0\u00a0\u00a0\u00a0\u00a0\u00a0\u00a0\u00a0\u00a0\u00a0\u00a0\u00a0\u00a0\u00a0\u00a0\u00a0\u00a0\u00a0 <\/strong><\/p>\n<p><strong>NOTA DE PRENSA \u2013 4 DE SEPTIEMBRE DE 202<\/strong><strong>6<\/strong><\/p>\n<p><strong>\u00a0<\/strong><\/p>\n<p><strong>\u00a0<\/strong><\/p>\n<h2><strong>M\u00e1s de 500 personas convierten el final del verano en solidaridad para la Protectora Vida<\/strong><\/h2>\n<p><strong>\u00a0<\/strong><\/p>\n<p>&nbsp;<\/p>\n<p>El alcalde de Mula, Juan Jes\u00fas Moreno, acompa\u00f1ado por el concejal de Juventud, Toni Ruiz, ha visitado hoy las instalaciones de la Protectora Vida para hacer entrega de los 1.054 euros recaudados durante el \u201cGran Evento Final del Verano en Mula\u201d, una iniciativa organizada por la concejal\u00eda de Juventud que logr\u00f3 reunir a m\u00e1s de 500 personas en una jornada de ocio con un importante componente solidario.<\/p>\n<p>&nbsp;<\/p>\n<p>Hinchables, ca\u00f1\u00f3n de espuma, roc\u00f3dromo y diferentes propuestas para todos los p\u00fablicos sirvieron para despedir el verano y, al mismo tiempo, apoyar el trabajo que desarrolla la protectora. La participaci\u00f3n ciudadana ha permitido transformar aquella jornada en una aportaci\u00f3n directa destinada al cuidado y bienestar de los animales que atiende la entidad.<\/p>\n<p>Durante la visita, Juan Jes\u00fas Moreno y Toni Ruiz han recorrido las instalaciones y conocido de cerca tanto a los animales como las mejoras realizadas recientemente. Actualmente, la protectora cuenta con 11 perros y 38 gatos en adopci\u00f3n y, solo durante este a\u00f1o, han pasado por sus instalaciones alrededor de 140 perros y 130 gatos.<\/p>\n<p>&nbsp;<\/p>\n<p>Uno de los datos especialmente positivos es que este verano no se ha registrado un incremento de los abandonos, una realidad que desde la entidad relacionan tambi\u00e9n con el trabajo continuado de concienciaci\u00f3n y sensibilizaci\u00f3n sobre tenencia responsable y bienestar animal.<\/p>\n<p>La Protectora Vida contin\u00faa, adem\u00e1s, mejorando sus instalaciones. Recientemente ha finalizado una nueva gatera y se han acondicionado diferentes espacios y patios exteriores que permiten separar mejor a perros y gatos, proporcionando mayor tranquilidad y unas mejores condiciones durante su estancia.<\/p>\n<p>&nbsp;<\/p>\n<p>Su labor va m\u00e1s all\u00e1 de la acogida y adopci\u00f3n. En sus instalaciones tambi\u00e9n encuentran refugio permanente numerosos animales de santuario, entre ellos burros, cabras, patos, ocas, cisnes, aves acu\u00e1ticas, gallinas de distintas variedades, pavos reales y loros, que reciben los cuidados necesarios cuando no pueden regresar a otro entorno.<\/p>\n<p>&nbsp;<\/p>\n<p>La entidad trabaja adem\u00e1s en nuevos proyectos con una importante vertiente educativa y social, entre ellos la creaci\u00f3n de un espacio espec\u00edfico para talleres infantiles de sensibilizaci\u00f3n y respeto hacia los animales, as\u00ed como zonas adaptadas para desarrollar actividades con ni\u00f1os con autismo, talleres artesanales y propuestas vinculadas al bienestar como el yoga.<\/p>\n<p>&nbsp;<\/p>\n<p>El alcalde, Juan Jes\u00fas Moreno, ha destacado que \u201cdetr\u00e1s de estas instalaciones hay much\u00edsimas horas de trabajo, voluntariado y compromiso. Hoy no venimos \u00fanicamente a entregar un cheque, sino a reconocer una labor que beneficia a todo el municipio: cuidar a los animales, buscarles un hogar y, sobre todo, educar y concienciar para prevenir el abandono\u201d.<\/p>\n<p>&nbsp;<\/p>\n<p>Por su parte, Toni Ruiz ha se\u00f1alado que \u201cquer\u00edamos que el Gran Evento Final del Verano fuese una jornada para disfrutar, pero tambi\u00e9n que tuviera un prop\u00f3sito. M\u00e1s de 500 personas respondieron y hoy esos 1.054 euros llegan directamente a una entidad que los transforma en cuidados y nuevas oportunidades para los animales. Esa respuesta demuestra que ocio, juventud y solidaridad pueden ir perfectamente de la mano\u201d.<\/p>\n<p>&nbsp;<\/p>\n<p>Desde el Ayuntamiento de Mula se anima a la ciudadan\u00eda a conocer y respaldar el trabajo de la Protectora Vida. Se puede colaborar participando como voluntario en el cuidado y paseo de los animales, realizando donaciones mediante las v\u00edas habilitadas por la entidad o haci\u00e9ndose socio desde 1 euro al mes. Asimismo, a trav\u00e9s de sus redes sociales se puede conocer a los animales que buscan adopci\u00f3n, las necesidades de la protectora y las diferentes actividades que organiza.<\/p>\n<p>Una colaboraci\u00f3n, por peque\u00f1a que sea, que contribuye a sostener una labor diaria imprescindible para ofrecer protecci\u00f3n, cuidados y una nueva oportunidad a los animales que m\u00e1s lo necesitan.<\/p>\n<p><a href=\"https:\/\/mula.es\/web\/wp-content\/uploads\/2026\/09\/1-2-scaled.jpg\"><img decoding=\"async\" data-attachment-id=\"62404\" data-permalink=\"https:\/\/mula.es\/web\/juventud-mas-de-500-personas-convierten-el-final-del-verano-en-solidaridad-para-la-protectora-vida\/1-438\/\" data-orig-file=\"https:\/\/mula.es\/web\/wp-content\/uploads\/2026\/09\/1-2-scaled.jpg\" data-orig-size=\"2560,1707\" data-comments-opened=\"0\" data-image-meta=\"{&quot;aperture&quot;:&quot;0&quot;,&quot;credit&quot;:&quot;&quot;,&quot;camera&quot;:&quot;&quot;,&quot;caption&quot;:&quot;&quot;,&quot;created_timestamp&quot;:&quot;0&quot;,&quot;copyright&quot;:&quot;&quot;,&quot;focal_length&quot;:&quot;0&quot;,&quot;iso&quot;:&quot;0&quot;,&quot;shutter_speed&quot;:&quot;0&quot;,&quot;title&quot;:&quot;&quot;,&quot;orientation&quot;:&quot;1&quot;,&quot;alt&quot;:&quot;&quot;}\" data-image-title=\"1\" data-image-description=\"\" data-image-caption=\"\" data-large-file=\"https:\/\/mula.es\/web\/wp-content\/uploads\/2026\/09\/1-2-1024x683.jpg\" class=\"alignnone size-medium wp-image-62404\" src=\"https:\/\/mula.es\/web\/wp-content\/uploads\/2026\/09\/1-2-300x200.jpg\" alt=\"\" width=\"300\" height=\"200\" srcset=\"https:\/\/mula.es\/web\/wp-content\/uploads\/2026\/09\/1-2-200x133.jpg 200w, https:\/\/mula.es\/web\/wp-content\/uploads\/2026\/09\/1-2-300x200.jpg 300w, https:\/\/mula.es\/web\/wp-content\/uploads\/2026\/09\/1-2-400x267.jpg 400w, https:\/\/mula.es\/web\/wp-content\/uploads\/2026\/09\/1-2-600x400.jpg 600w, https:\/\/mula.es\/web\/wp-content\/uploads\/2026\/09\/1-2-768x512.jpg 768w, https:\/\/mula.es\/web\/wp-content\/uploads\/2026\/09\/1-2-800x533.jpg 800w, https:\/\/mula.es\/web\/wp-content\/uploads\/2026\/09\/1-2-1024x683.jpg 1024w, https:\/\/mula.es\/web\/wp-content\/uploads\/2026\/09\/1-2-1200x800.jpg 1200w, https:\/\/mula.es\/web\/wp-content\/uploads\/2026\/09\/1-2-1536x1024.jpg 1536w\" sizes=\"(max-width: 300px) 100vw, 300px\" \/><\/a> <a href=\"https:\/\/mula.es\/web\/wp-content\/uploads\/2026\/09\/2-2-scaled.jpg\"><img decoding=\"async\" data-attachment-id=\"62405\" data-permalink=\"https:\/\/mula.es\/web\/juventud-mas-de-500-personas-convierten-el-final-del-verano-en-solidaridad-para-la-protectora-vida\/2-413\/\" data-orig-file=\"https:\/\/mula.es\/web\/wp-content\/uploads\/2026\/09\/2-2-scaled.jpg\" data-orig-size=\"2560,1707\" data-comments-opened=\"0\" data-image-meta=\"{&quot;aperture&quot;:&quot;0&quot;,&quot;credit&quot;:&quot;&quot;,&quot;camera&quot;:&quot;&quot;,&quot;caption&quot;:&quot;&quot;,&quot;created_timestamp&quot;:&quot;0&quot;,&quot;copyright&quot;:&quot;&quot;,&quot;focal_length&quot;:&quot;0&quot;,&quot;iso&quot;:&quot;0&quot;,&quot;shutter_speed&quot;:&quot;0&quot;,&quot;title&quot;:&quot;&quot;,&quot;orientation&quot;:&quot;1&quot;,&quot;alt&quot;:&quot;&quot;}\" data-image-title=\"2\" data-image-description=\"\" data-image-caption=\"\" data-large-file=\"https:\/\/mula.es\/web\/wp-content\/uploads\/2026\/09\/2-2-1024x683.jpg\" class=\"alignnone size-medium wp-image-62405\" src=\"https:\/\/mula.es\/web\/wp-content\/uploads\/2026\/09\/2-2-300x200.jpg\" alt=\"\" width=\"300\" height=\"200\" srcset=\"https:\/\/mula.es\/web\/wp-content\/uploads\/2026\/09\/2-2-200x133.jpg 200w, https:\/\/mula.es\/web\/wp-content\/uploads\/2026\/09\/2-2-300x200.jpg 300w, https:\/\/mula.es\/web\/wp-content\/uploads\/2026\/09\/2-2-400x267.jpg 400w, https:\/\/mula.es\/web\/wp-content\/uploads\/2026\/09\/2-2-600x400.jpg 600w, https:\/\/mula.es\/web\/wp-content\/uploads\/2026\/09\/2-2-768x512.jpg 768w, https:\/\/mula.es\/web\/wp-content\/uploads\/2026\/09\/2-2-800x533.jpg 800w, https:\/\/mula.es\/web\/wp-content\/uploads\/2026\/09\/2-2-1024x683.jpg 1024w, https:\/\/mula.es\/web\/wp-content\/uploads\/2026\/09\/2-2-1200x800.jpg 1200w, https:\/\/mula.es\/web\/wp-content\/uploads\/2026\/09\/2-2-1536x1024.jpg 1536w\" sizes=\"(max-width: 300px) 100vw, 300px\" \/><\/a> <a href=\"https:\/\/mula.es\/web\/wp-content\/uploads\/2026\/09\/3-2-scaled.jpg\"><img decoding=\"async\" data-attachment-id=\"62406\" data-permalink=\"https:\/\/mula.es\/web\/juventud-mas-de-500-personas-convierten-el-final-del-verano-en-solidaridad-para-la-protectora-vida\/3-353\/\" data-orig-file=\"https:\/\/mula.es\/web\/wp-content\/uploads\/2026\/09\/3-2-scaled.jpg\" data-orig-size=\"2560,1707\" data-comments-opened=\"0\" data-image-meta=\"{&quot;aperture&quot;:&quot;0&quot;,&quot;credit&quot;:&quot;&quot;,&quot;camera&quot;:&quot;&quot;,&quot;caption&quot;:&quot;&quot;,&quot;created_timestamp&quot;:&quot;0&quot;,&quot;copyright&quot;:&quot;&quot;,&quot;focal_length&quot;:&quot;0&quot;,&quot;iso&quot;:&quot;0&quot;,&quot;shutter_speed&quot;:&quot;0&quot;,&quot;title&quot;:&quot;&quot;,&quot;orientation&quot;:&quot;1&quot;,&quot;alt&quot;:&quot;&quot;}\" data-image-title=\"3\" data-image-description=\"\" data-image-caption=\"\" data-large-file=\"https:\/\/mula.es\/web\/wp-content\/uploads\/2026\/09\/3-2-1024x683.jpg\" class=\"alignnone size-medium wp-image-62406\" src=\"https:\/\/mula.es\/web\/wp-content\/uploads\/2026\/09\/3-2-300x200.jpg\" alt=\"\" width=\"300\" height=\"200\" srcset=\"https:\/\/mula.es\/web\/wp-content\/uploads\/2026\/09\/3-2-200x133.jpg 200w, https:\/\/mula.es\/web\/wp-content\/uploads\/2026\/09\/3-2-300x200.jpg 300w, https:\/\/mula.es\/web\/wp-content\/uploads\/2026\/09\/3-2-400x267.jpg 400w, https:\/\/mula.es\/web\/wp-content\/uploads\/2026\/09\/3-2-600x400.jpg 600w, https:\/\/mula.es\/web\/wp-content\/uploads\/2026\/09\/3-2-768x512.jpg 768w, https:\/\/mula.es\/web\/wp-content\/uploads\/2026\/09\/3-2-800x533.jpg 800w, https:\/\/mula.es\/web\/wp-content\/uploads\/2026\/09\/3-2-1024x683.jpg 1024w, https:\/\/mula.es\/web\/wp-content\/uploads\/2026\/09\/3-2-1200x800.jpg 1200w, https:\/\/mula.es\/web\/wp-content\/uploads\/2026\/09\/3-2-1536x1024.jpg 1536w\" sizes=\"(max-width: 300px) 100vw, 300px\" \/><\/a> <a href=\"https:\/\/mula.es\/web\/wp-content\/uploads\/2026\/09\/4-2-scaled.jpg\"><img decoding=\"async\" data-attachment-id=\"62407\" data-permalink=\"https:\/\/mula.es\/web\/juventud-mas-de-500-personas-convierten-el-final-del-verano-en-solidaridad-para-la-protectora-vida\/4-262\/\" data-orig-file=\"https:\/\/mula.es\/web\/wp-content\/uploads\/2026\/09\/4-2-scaled.jpg\" data-orig-size=\"2560,1707\" data-comments-opened=\"0\" data-image-meta=\"{&quot;aperture&quot;:&quot;0&quot;,&quot;credit&quot;:&quot;&quot;,&quot;camera&quot;:&quot;&quot;,&quot;caption&quot;:&quot;&quot;,&quot;created_timestamp&quot;:&quot;0&quot;,&quot;copyright&quot;:&quot;&quot;,&quot;focal_length&quot;:&quot;0&quot;,&quot;iso&quot;:&quot;0&quot;,&quot;shutter_speed&quot;:&quot;0&quot;,&quot;title&quot;:&quot;&quot;,&quot;orientation&quot;:&quot;1&quot;,&quot;alt&quot;:&quot;&quot;}\" data-image-title=\"4\" data-image-description=\"\" data-image-caption=\"\" data-large-file=\"https:\/\/mula.es\/web\/wp-content\/uploads\/2026\/09\/4-2-1024x683.jpg\" class=\"alignnone size-medium wp-image-62407\" src=\"https:\/\/mula.es\/web\/wp-content\/uploads\/2026\/09\/4-2-300x200.jpg\" alt=\"\" width=\"300\" height=\"200\" srcset=\"https:\/\/mula.es\/web\/wp-content\/uploads\/2026\/09\/4-2-200x133.jpg 200w, https:\/\/mula.es\/web\/wp-content\/uploads\/2026\/09\/4-2-300x200.jpg 300w, https:\/\/mula.es\/web\/wp-content\/uploads\/2026\/09\/4-2-400x267.jpg 400w, https:\/\/mula.es\/web\/wp-content\/uploads\/2026\/09\/4-2-600x400.jpg 600w, https:\/\/mula.es\/web\/wp-content\/uploads\/2026\/09\/4-2-768x512.jpg 768w, https:\/\/mula.es\/web\/wp-content\/uploads\/2026\/09\/4-2-800x533.jpg 800w, https:\/\/mula.es\/web\/wp-content\/uploads\/2026\/09\/4-2-1024x683.jpg 1024w, https:\/\/mula.es\/web\/wp-content\/uploads\/2026\/09\/4-2-1200x800.jpg 1200w, https:\/\/mula.es\/web\/wp-content\/uploads\/2026\/09\/4-2-1536x1024.jpg 1536w\" sizes=\"(max-width: 300px) 100vw, 300px\" \/><\/a> <a href=\"https:\/\/mula.es\/web\/wp-content\/uploads\/2026\/09\/5-2-scaled.jpg\"><img decoding=\"async\" data-attachment-id=\"62408\" data-permalink=\"https:\/\/mula.es\/web\/juventud-mas-de-500-personas-convierten-el-final-del-verano-en-solidaridad-para-la-protectora-vida\/5-200\/\" data-orig-file=\"https:\/\/mula.es\/web\/wp-content\/uploads\/2026\/09\/5-2-scaled.jpg\" data-orig-size=\"2560,1707\" data-comments-opened=\"0\" data-image-meta=\"{&quot;aperture&quot;:&quot;0&quot;,&quot;credit&quot;:&quot;&quot;,&quot;camera&quot;:&quot;&quot;,&quot;caption&quot;:&quot;&quot;,&quot;created_timestamp&quot;:&quot;0&quot;,&quot;copyright&quot;:&quot;&quot;,&quot;focal_length&quot;:&quot;0&quot;,&quot;iso&quot;:&quot;0&quot;,&quot;shutter_speed&quot;:&quot;0&quot;,&quot;title&quot;:&quot;&quot;,&quot;orientation&quot;:&quot;1&quot;,&quot;alt&quot;:&quot;&quot;}\" data-image-title=\"5\" data-image-description=\"\" data-image-caption=\"\" data-large-file=\"https:\/\/mula.es\/web\/wp-content\/uploads\/2026\/09\/5-2-1024x683.jpg\" class=\"alignnone size-medium wp-image-62408\" src=\"https:\/\/mula.es\/web\/wp-content\/uploads\/2026\/09\/5-2-300x200.jpg\" alt=\"\" width=\"300\" height=\"200\" srcset=\"https:\/\/mula.es\/web\/wp-content\/uploads\/2026\/09\/5-2-200x133.jpg 200w, https:\/\/mula.es\/web\/wp-content\/uploads\/2026\/09\/5-2-300x200.jpg 300w, https:\/\/mula.es\/web\/wp-content\/uploads\/2026\/09\/5-2-400x267.jpg 400w, https:\/\/mula.es\/web\/wp-content\/uploads\/2026\/09\/5-2-600x400.jpg 600w, https:\/\/mula.es\/web\/wp-content\/uploads\/2026\/09\/5-2-768x512.jpg 768w, https:\/\/mula.es\/web\/wp-content\/uploads\/2026\/09\/5-2-800x533.jpg 800w, https:\/\/mula.es\/web\/wp-content\/uploads\/2026\/09\/5-2-1024x683.jpg 1024w, https:\/\/mula.es\/web\/wp-content\/uploads\/2026\/09\/5-2-1200x800.jpg 1200w, https:\/\/mula.es\/web\/wp-content\/uploads\/2026\/09\/5-2-1536x1024.jpg 1536w\" sizes=\"(max-width: 300px) 100vw, 300px\" \/><\/a> <a href=\"https:\/\/mula.es\/web\/wp-content\/uploads\/2026\/09\/6-1-scaled.jpg\"><img decoding=\"async\" data-attachment-id=\"62409\" data-permalink=\"https:\/\/mula.es\/web\/juventud-mas-de-500-personas-convierten-el-final-del-verano-en-solidaridad-para-la-protectora-vida\/6-139\/\" data-orig-file=\"https:\/\/mula.es\/web\/wp-content\/uploads\/2026\/09\/6-1-scaled.jpg\" data-orig-size=\"2560,1707\" data-comments-opened=\"0\" data-image-meta=\"{&quot;aperture&quot;:&quot;0&quot;,&quot;credit&quot;:&quot;&quot;,&quot;camera&quot;:&quot;&quot;,&quot;caption&quot;:&quot;&quot;,&quot;created_timestamp&quot;:&quot;0&quot;,&quot;copyright&quot;:&quot;&quot;,&quot;focal_length&quot;:&quot;0&quot;,&quot;iso&quot;:&quot;0&quot;,&quot;shutter_speed&quot;:&quot;0&quot;,&quot;title&quot;:&quot;&quot;,&quot;orientation&quot;:&quot;1&quot;,&quot;alt&quot;:&quot;&quot;}\" data-image-title=\"6\" data-image-description=\"\" data-image-caption=\"\" data-large-file=\"https:\/\/mula.es\/web\/wp-content\/uploads\/2026\/09\/6-1-1024x683.jpg\" class=\"alignnone size-medium wp-image-62409\" src=\"https:\/\/mula.es\/web\/wp-content\/uploads\/2026\/09\/6-1-300x200.jpg\" alt=\"\" width=\"300\" height=\"200\" srcset=\"https:\/\/mula.es\/web\/wp-content\/uploads\/2026\/09\/6-1-200x133.jpg 200w, https:\/\/mula.es\/web\/wp-content\/uploads\/2026\/09\/6-1-300x200.jpg 300w, https:\/\/mula.es\/web\/wp-content\/uploads\/2026\/09\/6-1-400x267.jpg 400w, https:\/\/mula.es\/web\/wp-content\/uploads\/2026\/09\/6-1-600x400.jpg 600w, https:\/\/mula.es\/web\/wp-content\/uploads\/2026\/09\/6-1-768x512.jpg 768w, https:\/\/mula.es\/web\/wp-content\/uploads\/2026\/09\/6-1-800x533.jpg 800w, https:\/\/mula.es\/web\/wp-content\/uploads\/2026\/09\/6-1-1024x683.jpg 1024w, https:\/\/mula.es\/web\/wp-content\/uploads\/2026\/09\/6-1-1200x800.jpg 1200w, https:\/\/mula.es\/web\/wp-content\/uploads\/2026\/09\/6-1-1536x1024.jpg 1536w\" sizes=\"(max-width: 300px) 100vw, 300px\" \/><\/a> <a href=\"https:\/\/mula.es\/web\/wp-content\/uploads\/2026\/09\/7-scaled.jpg\"><img decoding=\"async\" data-attachment-id=\"62410\" data-permalink=\"https:\/\/mula.es\/web\/juventud-mas-de-500-personas-convierten-el-final-del-verano-en-solidaridad-para-la-protectora-vida\/7-115\/\" data-orig-file=\"https:\/\/mula.es\/web\/wp-content\/uploads\/2026\/09\/7-scaled.jpg\" data-orig-size=\"2560,1707\" data-comments-opened=\"0\" data-image-meta=\"{&quot;aperture&quot;:&quot;0&quot;,&quot;credit&quot;:&quot;&quot;,&quot;camera&quot;:&quot;&quot;,&quot;caption&quot;:&quot;&quot;,&quot;created_timestamp&quot;:&quot;0&quot;,&quot;copyright&quot;:&quot;&quot;,&quot;focal_length&quot;:&quot;0&quot;,&quot;iso&quot;:&quot;0&quot;,&quot;shutter_speed&quot;:&quot;0&quot;,&quot;title&quot;:&quot;&quot;,&quot;orientation&quot;:&quot;1&quot;,&quot;alt&quot;:&quot;&quot;}\" data-image-title=\"7\" data-image-description=\"\" data-image-caption=\"\" data-large-file=\"https:\/\/mula.es\/web\/wp-content\/uploads\/2026\/09\/7-1024x683.jpg\" class=\"alignnone size-medium wp-image-62410\" src=\"https:\/\/mula.es\/web\/wp-content\/uploads\/2026\/09\/7-300x200.jpg\" alt=\"\" width=\"300\" height=\"200\" srcset=\"https:\/\/mula.es\/web\/wp-content\/uploads\/2026\/09\/7-200x133.jpg 200w, https:\/\/mula.es\/web\/wp-content\/uploads\/2026\/09\/7-300x200.jpg 300w, https:\/\/mula.es\/web\/wp-content\/uploads\/2026\/09\/7-400x267.jpg 400w, https:\/\/mula.es\/web\/wp-content\/uploads\/2026\/09\/7-600x400.jpg 600w, https:\/\/mula.es\/web\/wp-content\/uploads\/2026\/09\/7-768x512.jpg 768w, https:\/\/mula.es\/web\/wp-content\/uploads\/2026\/09\/7-800x533.jpg 800w, https:\/\/mula.es\/web\/wp-content\/uploads\/2026\/09\/7-1024x683.jpg 1024w, https:\/\/mula.es\/web\/wp-content\/uploads\/2026\/09\/7-1200x800.jpg 1200w, https:\/\/mula.es\/web\/wp-content\/uploads\/2026\/09\/7-1536x1024.jpg 1536w\" sizes=\"(max-width: 300px) 100vw, 300px\" \/><\/a> <a href=\"https:\/\/mula.es\/web\/wp-content\/uploads\/2026\/09\/8-scaled.jpg\"><img decoding=\"async\" data-attachment-id=\"62411\" data-permalink=\"https:\/\/mula.es\/web\/juventud-mas-de-500-personas-convierten-el-final-del-verano-en-solidaridad-para-la-protectora-vida\/8-90\/\" data-orig-file=\"https:\/\/mula.es\/web\/wp-content\/uploads\/2026\/09\/8-scaled.jpg\" data-orig-size=\"2560,1707\" data-comments-opened=\"0\" data-image-meta=\"{&quot;aperture&quot;:&quot;0&quot;,&quot;credit&quot;:&quot;&quot;,&quot;camera&quot;:&quot;&quot;,&quot;caption&quot;:&quot;&quot;,&quot;created_timestamp&quot;:&quot;0&quot;,&quot;copyright&quot;:&quot;&quot;,&quot;focal_length&quot;:&quot;0&quot;,&quot;iso&quot;:&quot;0&quot;,&quot;shutter_speed&quot;:&quot;0&quot;,&quot;title&quot;:&quot;&quot;,&quot;orientation&quot;:&quot;1&quot;,&quot;alt&quot;:&quot;&quot;}\" data-image-title=\"8\" data-image-description=\"\" data-image-caption=\"\" data-large-file=\"https:\/\/mula.es\/web\/wp-content\/uploads\/2026\/09\/8-1024x683.jpg\" class=\"alignnone size-medium wp-image-62411\" src=\"https:\/\/mula.es\/web\/wp-content\/uploads\/2026\/09\/8-300x200.jpg\" alt=\"\" width=\"300\" height=\"200\" srcset=\"https:\/\/mula.es\/web\/wp-content\/uploads\/2026\/09\/8-200x133.jpg 200w, https:\/\/mula.es\/web\/wp-content\/uploads\/2026\/09\/8-300x200.jpg 300w, https:\/\/mula.es\/web\/wp-content\/uploads\/2026\/09\/8-400x267.jpg 400w, https:\/\/mula.es\/web\/wp-content\/uploads\/2026\/09\/8-600x400.jpg 600w, https:\/\/mula.es\/web\/wp-content\/uploads\/2026\/09\/8-768x512.jpg 768w, https:\/\/mula.es\/web\/wp-content\/uploads\/2026\/09\/8-800x533.jpg 800w, https:\/\/mula.es\/web\/wp-content\/uploads\/2026\/09\/8-1024x683.jpg 1024w, https:\/\/mula.es\/web\/wp-content\/uploads\/2026\/09\/8-1200x800.jpg 1200w, https:\/\/mula.es\/web\/wp-content\/uploads\/2026\/09\/8-1536x1024.jpg 1536w\" sizes=\"(max-width: 300px) 100vw, 300px\" \/><\/a> <a href=\"https:\/\/mula.es\/web\/wp-content\/uploads\/2026\/09\/9-scaled.jpg\"><img decoding=\"async\" data-attachment-id=\"62412\" data-permalink=\"https:\/\/mula.es\/web\/juventud-mas-de-500-personas-convierten-el-final-del-verano-en-solidaridad-para-la-protectora-vida\/9-62\/\" data-orig-file=\"https:\/\/mula.es\/web\/wp-content\/uploads\/2026\/09\/9-scaled.jpg\" data-orig-size=\"2560,1707\" data-comments-opened=\"0\" data-image-meta=\"{&quot;aperture&quot;:&quot;0&quot;,&quot;credit&quot;:&quot;&quot;,&quot;camera&quot;:&quot;&quot;,&quot;caption&quot;:&quot;&quot;,&quot;created_timestamp&quot;:&quot;0&quot;,&quot;copyright&quot;:&quot;&quot;,&quot;focal_length&quot;:&quot;0&quot;,&quot;iso&quot;:&quot;0&quot;,&quot;shutter_speed&quot;:&quot;0&quot;,&quot;title&quot;:&quot;&quot;,&quot;orientation&quot;:&quot;1&quot;,&quot;alt&quot;:&quot;&quot;}\" data-image-title=\"9\" data-image-description=\"\" data-image-caption=\"\" data-large-file=\"https:\/\/mula.es\/web\/wp-content\/uploads\/2026\/09\/9-1024x683.jpg\" class=\"alignnone size-medium wp-image-62412\" src=\"https:\/\/mula.es\/web\/wp-content\/uploads\/2026\/09\/9-300x200.jpg\" alt=\"\" width=\"300\" height=\"200\" srcset=\"https:\/\/mula.es\/web\/wp-content\/uploads\/2026\/09\/9-200x133.jpg 200w, https:\/\/mula.es\/web\/wp-content\/uploads\/2026\/09\/9-300x200.jpg 300w, https:\/\/mula.es\/web\/wp-content\/uploads\/2026\/09\/9-400x267.jpg 400w, https:\/\/mula.es\/web\/wp-content\/uploads\/2026\/09\/9-600x400.jpg 600w, https:\/\/mula.es\/web\/wp-content\/uploads\/2026\/09\/9-768x512.jpg 768w, https:\/\/mula.es\/web\/wp-content\/uploads\/2026\/09\/9-800x533.jpg 800w, https:\/\/mula.es\/web\/wp-content\/uploads\/2026\/09\/9-1024x683.jpg 1024w, https:\/\/mula.es\/web\/wp-content\/uploads\/2026\/09\/9-1200x800.jpg 1200w, https:\/\/mula.es\/web\/wp-content\/uploads\/2026\/09\/9-1536x1024.jpg 1536w\" sizes=\"(max-width: 300px) 100vw, 300px\" \/><\/a> <a href=\"https:\/\/mula.es\/web\/wp-content\/uploads\/2026\/09\/10-scaled.jpg\"><img decoding=\"async\" data-attachment-id=\"62413\" data-permalink=\"https:\/\/mula.es\/web\/juventud-mas-de-500-personas-convierten-el-final-del-verano-en-solidaridad-para-la-protectora-vida\/10-50\/\" data-orig-file=\"https:\/\/mula.es\/web\/wp-content\/uploads\/2026\/09\/10-scaled.jpg\" data-orig-size=\"2560,1707\" data-comments-opened=\"0\" data-image-meta=\"{&quot;aperture&quot;:&quot;0&quot;,&quot;credit&quot;:&quot;&quot;,&quot;camera&quot;:&quot;&quot;,&quot;caption&quot;:&quot;&quot;,&quot;created_timestamp&quot;:&quot;0&quot;,&quot;copyright&quot;:&quot;&quot;,&quot;focal_length&quot;:&quot;0&quot;,&quot;iso&quot;:&quot;0&quot;,&quot;shutter_speed&quot;:&quot;0&quot;,&quot;title&quot;:&quot;&quot;,&quot;orientation&quot;:&quot;1&quot;,&quot;alt&quot;:&quot;&quot;}\" data-image-title=\"10\" data-image-description=\"\" data-image-caption=\"\" data-large-file=\"https:\/\/mula.es\/web\/wp-content\/uploads\/2026\/09\/10-1024x683.jpg\" class=\"alignnone size-medium wp-image-62413\" src=\"https:\/\/mula.es\/web\/wp-content\/uploads\/2026\/09\/10-300x200.jpg\" alt=\"\" width=\"300\" height=\"200\" srcset=\"https:\/\/mula.es\/web\/wp-content\/uploads\/2026\/09\/10-200x133.jpg 200w, https:\/\/mula.es\/web\/wp-content\/uploads\/2026\/09\/10-300x200.jpg 300w, https:\/\/mula.es\/web\/wp-content\/uploads\/2026\/09\/10-400x267.jpg 400w, https:\/\/mula.es\/web\/wp-content\/uploads\/2026\/09\/10-600x400.jpg 600w, https:\/\/mula.es\/web\/wp-content\/uploads\/2026\/09\/10-768x512.jpg 768w, https:\/\/mula.es\/web\/wp-content\/uploads\/2026\/09\/10-800x533.jpg 800w, https:\/\/mula.es\/web\/wp-content\/uploads\/2026\/09\/10-1024x683.jpg 1024w, https:\/\/mula.es\/web\/wp-content\/uploads\/2026\/09\/10-1200x800.jpg 1200w, https:\/\/mula.es\/web\/wp-content\/uploads\/2026\/09\/10-1536x1024.jpg 1536w\" sizes=\"(max-width: 300px) 100vw, 300px\" \/><\/a> <a href=\"https:\/\/mula.es\/web\/wp-content\/uploads\/2026\/09\/11-scaled.jpg\"><img decoding=\"async\" data-attachment-id=\"62414\" data-permalink=\"https:\/\/mula.es\/web\/juventud-mas-de-500-personas-convierten-el-final-del-verano-en-solidaridad-para-la-protectora-vida\/11-22\/\" data-orig-file=\"https:\/\/mula.es\/web\/wp-content\/uploads\/2026\/09\/11-scaled.jpg\" data-orig-size=\"2560,1707\" data-comments-opened=\"0\" data-image-meta=\"{&quot;aperture&quot;:&quot;0&quot;,&quot;credit&quot;:&quot;&quot;,&quot;camera&quot;:&quot;&quot;,&quot;caption&quot;:&quot;&quot;,&quot;created_timestamp&quot;:&quot;0&quot;,&quot;copyright&quot;:&quot;&quot;,&quot;focal_length&quot;:&quot;0&quot;,&quot;iso&quot;:&quot;0&quot;,&quot;shutter_speed&quot;:&quot;0&quot;,&quot;title&quot;:&quot;&quot;,&quot;orientation&quot;:&quot;1&quot;,&quot;alt&quot;:&quot;&quot;}\" data-image-title=\"11\" data-image-description=\"\" data-image-caption=\"\" data-large-file=\"https:\/\/mula.es\/web\/wp-content\/uploads\/2026\/09\/11-1024x683.jpg\" class=\"alignnone size-medium wp-image-62414\" src=\"https:\/\/mula.es\/web\/wp-content\/uploads\/2026\/09\/11-300x200.jpg\" alt=\"\" width=\"300\" height=\"200\" srcset=\"https:\/\/mula.es\/web\/wp-content\/uploads\/2026\/09\/11-200x133.jpg 200w, https:\/\/mula.es\/web\/wp-content\/uploads\/2026\/09\/11-300x200.jpg 300w, https:\/\/mula.es\/web\/wp-content\/uploads\/2026\/09\/11-400x267.jpg 400w, https:\/\/mula.es\/web\/wp-content\/uploads\/2026\/09\/11-600x400.jpg 600w, https:\/\/mula.es\/web\/wp-content\/uploads\/2026\/09\/11-768x512.jpg 768w, https:\/\/mula.es\/web\/wp-content\/uploads\/2026\/09\/11-800x533.jpg 800w, https:\/\/mula.es\/web\/wp-content\/uploads\/2026\/09\/11-1024x683.jpg 1024w, https:\/\/mula.es\/web\/wp-content\/uploads\/2026\/09\/11-1200x800.jpg 1200w, https:\/\/mula.es\/web\/wp-content\/uploads\/2026\/09\/11-1536x1024.jpg 1536w\" sizes=\"(max-width: 300px) 100vw, 300px\" \/><\/a> <a href=\"https:\/\/mula.es\/web\/wp-content\/uploads\/2026\/09\/12-scaled.jpg\"><img decoding=\"async\" data-attachment-id=\"62415\" data-permalink=\"https:\/\/mula.es\/web\/juventud-mas-de-500-personas-convierten-el-final-del-verano-en-solidaridad-para-la-protectora-vida\/12-15\/\" data-orig-file=\"https:\/\/mula.es\/web\/wp-content\/uploads\/2026\/09\/12-scaled.jpg\" data-orig-size=\"2560,1707\" data-comments-opened=\"0\" data-image-meta=\"{&quot;aperture&quot;:&quot;0&quot;,&quot;credit&quot;:&quot;&quot;,&quot;camera&quot;:&quot;&quot;,&quot;caption&quot;:&quot;&quot;,&quot;created_timestamp&quot;:&quot;0&quot;,&quot;copyright&quot;:&quot;&quot;,&quot;focal_length&quot;:&quot;0&quot;,&quot;iso&quot;:&quot;0&quot;,&quot;shutter_speed&quot;:&quot;0&quot;,&quot;title&quot;:&quot;&quot;,&quot;orientation&quot;:&quot;1&quot;,&quot;alt&quot;:&quot;&quot;}\" data-image-title=\"12\" data-image-description=\"\" data-image-caption=\"\" data-large-file=\"https:\/\/mula.es\/web\/wp-content\/uploads\/2026\/09\/12-1024x683.jpg\" class=\"alignnone size-medium wp-image-62415\" src=\"https:\/\/mula.es\/web\/wp-content\/uploads\/2026\/09\/12-300x200.jpg\" alt=\"\" width=\"300\" height=\"200\" srcset=\"https:\/\/mula.es\/web\/wp-content\/uploads\/2026\/09\/12-200x133.jpg 200w, https:\/\/mula.es\/web\/wp-content\/uploads\/2026\/09\/12-300x200.jpg 300w, https:\/\/mula.es\/web\/wp-content\/uploads\/2026\/09\/12-400x267.jpg 400w, https:\/\/mula.es\/web\/wp-content\/uploads\/2026\/09\/12-600x400.jpg 600w, https:\/\/mula.es\/web\/wp-content\/uploads\/2026\/09\/12-768x512.jpg 768w, https:\/\/mula.es\/web\/wp-content\/uploads\/2026\/09\/12-800x533.jpg 800w, https:\/\/mula.es\/web\/wp-content\/uploads\/2026\/09\/12-1024x683.jpg 1024w, https:\/\/mula.es\/web\/wp-content\/uploads\/2026\/09\/12-1200x800.jpg 1200w, https:\/\/mula.es\/web\/wp-content\/uploads\/2026\/09\/12-1536x1024.jpg 1536w\" sizes=\"(max-width: 300px) 100vw, 300px\" \/><\/a> <a href=\"https:\/\/mula.es\/web\/wp-content\/uploads\/2026\/09\/13-scaled.jpg\"><img decoding=\"async\" data-attachment-id=\"62416\" data-permalink=\"https:\/\/mula.es\/web\/juventud-mas-de-500-personas-convierten-el-final-del-verano-en-solidaridad-para-la-protectora-vida\/13-12\/\" data-orig-file=\"https:\/\/mula.es\/web\/wp-content\/uploads\/2026\/09\/13-scaled.jpg\" data-orig-size=\"2560,1707\" data-comments-opened=\"0\" data-image-meta=\"{&quot;aperture&quot;:&quot;0&quot;,&quot;credit&quot;:&quot;&quot;,&quot;camera&quot;:&quot;&quot;,&quot;caption&quot;:&quot;&quot;,&quot;created_timestamp&quot;:&quot;0&quot;,&quot;copyright&quot;:&quot;&quot;,&quot;focal_length&quot;:&quot;0&quot;,&quot;iso&quot;:&quot;0&quot;,&quot;shutter_speed&quot;:&quot;0&quot;,&quot;title&quot;:&quot;&quot;,&quot;orientation&quot;:&quot;1&quot;,&quot;alt&quot;:&quot;&quot;}\" data-image-title=\"13\" data-image-description=\"\" data-image-caption=\"\" data-large-file=\"https:\/\/mula.es\/web\/wp-content\/uploads\/2026\/09\/13-1024x683.jpg\" class=\"alignnone size-medium wp-image-62416\" src=\"https:\/\/mula.es\/web\/wp-content\/uploads\/2026\/09\/13-300x200.jpg\" alt=\"\" width=\"300\" height=\"200\" srcset=\"https:\/\/mula.es\/web\/wp-content\/uploads\/2026\/09\/13-200x133.jpg 200w, https:\/\/mula.es\/web\/wp-content\/uploads\/2026\/09\/13-300x200.jpg 300w, https:\/\/mula.es\/web\/wp-content\/uploads\/2026\/09\/13-400x267.jpg 400w, https:\/\/mula.es\/web\/wp-content\/uploads\/2026\/09\/13-600x400.jpg 600w, https:\/\/mula.es\/web\/wp-content\/uploads\/2026\/09\/13-768x512.jpg 768w, https:\/\/mula.es\/web\/wp-content\/uploads\/2026\/09\/13-800x533.jpg 800w, https:\/\/mula.es\/web\/wp-content\/uploads\/2026\/09\/13-1024x683.jpg 1024w, https:\/\/mula.es\/web\/wp-content\/uploads\/2026\/09\/13-1200x800.jpg 1200w, https:\/\/mula.es\/web\/wp-content\/uploads\/2026\/09\/13-1536x1024.jpg 1536w\" sizes=\"(max-width: 300px) 100vw, 300px\" \/><\/a><\/p>\n","protected":false},"excerpt":{"rendered":"<p>\u00a0\u00a0\u00a0\u00a0\u00a0\u00a0\u00a0\u00a0\u00a0\u00a0\u00a0\u00a0\u00a0\u00a0\u00a0\u00a0\u00a0\u00a0\u00a0\u00a0\u00a0\u00a0\u00a0\u00a0\u00a0\u00a0\u00a0\u00a0\u00a0\u00a0\u00a0\u00a0\u00a0\u00a0\u00a0\u00a0\u00a0\u00a0\u00a0\u00a0\u00a0\u00a0\u00a0\u00a0\u00a0\u00a0\u00a0\u00a0\u00a0\u00a0\u00a0\u00a0\u00a0\u00a0\u00a0\u00a0\u00a0\u00a0\u00a0 NOTA DE PRENSA \u2013 4 DE SEPTIEMBRE DE 2026 \u00a0 \u00a0 M\u00e1s de 500 personas convierten el final del verano en solidaridad para la Protectora Vida \u00a0 &nbsp; El alcalde de Mula, Juan Jes\u00fas Moreno, acompa\u00f1ado por el concejal de Juventud, Toni Ruiz, ha visitado hoy las instalaciones de la Protectora Vida para hacer  [&#8230;]<\/p>\n","protected":false},"author":13,"featured_media":33512,"comment_status":"closed","ping_status":"closed","sticky":false,"template":"","format":"standard","meta":{"_jetpack_newsletter_access":"","_jetpack_dont_email_post_to_subs":false,"_jetpack_newsletter_tier_id":0,"_jetpack_memberships_contains_paywalled_content":false,"_jetpack_feature_clip_id":0,"_jetpack_memberships_contains_paid_content":false,"footnotes":"","jetpack_publicize_message":"","jetpack_publicize_feature_enabled":true,"jetpack_social_post_already_shared":true,"jetpack_social_options":{"image_generator_settings":{"template":"highway","default_image_id":0,"font":"","enabled":false},"version":2},"jetpack_post_was_ever_published":false},"categories":[850,87],"tags":[],"class_list":["post-62403","post","type-post","status-publish","format-standard","has-post-thumbnail","hentry","category-bienestar-animal","category-juventud-y-adolescencia"],"yoast_head":"<!-- This site is optimized with the Yoast SEO plugin v28.4 - https:\/\/yoast.com\/product\/yoast-seo-wordpress\/ -->\n<title>JUVENTUD | M\u00e1s de 500 personas convierten el final del verano en solidaridad para la Protectora Vida - Ayuntamiento de Mula<\/title>\n<meta name=\"robots\" content=\"index, follow, max-snippet:-1, max-image-preview:large, max-video-preview:-1\" \/>\n<link rel=\"canonical\" href=\"https:\/\/mula.es\/web\/juventud-mas-de-500-personas-convierten-el-final-del-verano-en-solidaridad-para-la-protectora-vida\/\" \/>\n<meta property=\"og:locale\" content=\"es_ES\" \/>\n<meta property=\"og:type\" content=\"article\" \/>\n<meta property=\"og:title\" content=\"JUVENTUD | M\u00e1s de 500 personas convierten el final del verano en solidaridad para la Protectora Vida - Ayuntamiento de Mula\" \/>\n<meta property=\"og:description\" content=\"\u00a0\u00a0\u00a0\u00a0\u00a0\u00a0\u00a0\u00a0\u00a0\u00a0\u00a0\u00a0\u00a0\u00a0\u00a0\u00a0\u00a0\u00a0\u00a0\u00a0\u00a0\u00a0\u00a0\u00a0\u00a0\u00a0\u00a0\u00a0\u00a0\u00a0\u00a0\u00a0\u00a0\u00a0\u00a0\u00a0\u00a0\u00a0\u00a0\u00a0\u00a0\u00a0\u00a0\u00a0\u00a0\u00a0\u00a0\u00a0\u00a0\u00a0\u00a0\u00a0\u00a0\u00a0\u00a0\u00a0\u00a0\u00a0\u00a0 NOTA DE PRENSA \u2013 4 DE SEPTIEMBRE DE 2026 \u00a0 \u00a0 M\u00e1s de 500 personas convierten el final del verano en solidaridad para la Protectora Vida \u00a0 &nbsp; El alcalde de Mula, Juan Jes\u00fas Moreno, acompa\u00f1ado por el concejal de Juventud, Toni Ruiz, ha visitado hoy las instalaciones de la Protectora Vida para hacer [...]\" \/>\n<meta property=\"og:url\" content=\"https:\/\/mula.es\/web\/juventud-mas-de-500-personas-convierten-el-final-del-verano-en-solidaridad-para-la-protectora-vida\/\" \/>\n<meta property=\"og:site_name\" content=\"Ayuntamiento de Mula\" \/>\n<meta property=\"article:published_time\" content=\"2026-09-04T11:15:45+00:00\" \/>\n<meta property=\"og:image\" content=\"https:\/\/mula.es\/web\/wp-content\/uploads\/2020\/06\/escudo-cuadrado-e1591045058235.jpg\" \/>\n\t<meta property=\"og:image:width\" content=\"200\" \/>\n\t<meta property=\"og:image:height\" content=\"218\" \/>\n\t<meta property=\"og:image:type\" content=\"image\/jpeg\" \/>\n<meta name=\"author\" content=\"Laura Salas Orcajada\" \/>\n<meta name=\"twitter:card\" content=\"summary_large_image\" \/>\n<meta name=\"twitter:creator\" content=\"@AyuntamientMula\" \/>\n<meta name=\"twitter:site\" content=\"@AyuntamientMula\" \/>\n<meta name=\"twitter:label1\" content=\"Escrito por\" \/>\n\t<meta name=\"twitter:data1\" content=\"Laura Salas Orcajada\" \/>\n\t<meta name=\"twitter:label2\" content=\"Tiempo de lectura\" \/>\n\t<meta name=\"twitter:data2\" content=\"2 minutos\" \/>\n<script type=\"application\/ld+json\" class=\"yoast-schema-graph\">{\"@context\":\"https:\\\/\\\/schema.org\",\"@graph\":[{\"@type\":\"Article\",\"@id\":\"https:\\\/\\\/mula.es\\\/web\\\/juventud-mas-de-500-personas-convierten-el-final-del-verano-en-solidaridad-para-la-protectora-vida\\\/#article\",\"isPartOf\":{\"@id\":\"https:\\\/\\\/mula.es\\\/web\\\/juventud-mas-de-500-personas-convierten-el-final-del-verano-en-solidaridad-para-la-protectora-vida\\\/\"},\"author\":{\"name\":\"Laura Salas Orcajada\",\"@id\":\"https:\\\/\\\/mula.es\\\/web\\\/#\\\/schema\\\/person\\\/4f10179bd364f40dceed361e61e4033f\"},\"headline\":\"JUVENTUD | M\u00e1s de 500 personas convierten el final del verano en solidaridad para la Protectora Vida\",\"datePublished\":\"2026-09-04T11:15:45+00:00\",\"mainEntityOfPage\":{\"@id\":\"https:\\\/\\\/mula.es\\\/web\\\/juventud-mas-de-500-personas-convierten-el-final-del-verano-en-solidaridad-para-la-protectora-vida\\\/\"},\"wordCount\":668,\"image\":{\"@id\":\"https:\\\/\\\/mula.es\\\/web\\\/juventud-mas-de-500-personas-convierten-el-final-del-verano-en-solidaridad-para-la-protectora-vida\\\/#primaryimage\"},\"thumbnailUrl\":\"https:\\\/\\\/mula.es\\\/web\\\/wp-content\\\/uploads\\\/2020\\\/06\\\/escudo-cuadrado-e1591045058235.jpg\",\"articleSection\":[\"bienestar animal\",\"juventud y adolescencia\"],\"inLanguage\":\"es\"},{\"@type\":\"WebPage\",\"@id\":\"https:\\\/\\\/mula.es\\\/web\\\/juventud-mas-de-500-personas-convierten-el-final-del-verano-en-solidaridad-para-la-protectora-vida\\\/\",\"url\":\"https:\\\/\\\/mula.es\\\/web\\\/juventud-mas-de-500-personas-convierten-el-final-del-verano-en-solidaridad-para-la-protectora-vida\\\/\",\"name\":\"JUVENTUD | M\u00e1s de 500 personas convierten el final del verano en solidaridad para la Protectora Vida - Ayuntamiento de Mula\",\"isPartOf\":{\"@id\":\"https:\\\/\\\/mula.es\\\/web\\\/#website\"},\"primaryImageOfPage\":{\"@id\":\"https:\\\/\\\/mula.es\\\/web\\\/juventud-mas-de-500-personas-convierten-el-final-del-verano-en-solidaridad-para-la-protectora-vida\\\/#primaryimage\"},\"image\":{\"@id\":\"https:\\\/\\\/mula.es\\\/web\\\/juventud-mas-de-500-personas-convierten-el-final-del-verano-en-solidaridad-para-la-protectora-vida\\\/#primaryimage\"},\"thumbnailUrl\":\"https:\\\/\\\/mula.es\\\/web\\\/wp-content\\\/uploads\\\/2020\\\/06\\\/escudo-cuadrado-e1591045058235.jpg\",\"datePublished\":\"2026-09-04T11:15:45+00:00\",\"author\":{\"@id\":\"https:\\\/\\\/mula.es\\\/web\\\/#\\\/schema\\\/person\\\/4f10179bd364f40dceed361e61e4033f\"},\"breadcrumb\":{\"@id\":\"https:\\\/\\\/mula.es\\\/web\\\/juventud-mas-de-500-personas-convierten-el-final-del-verano-en-solidaridad-para-la-protectora-vida\\\/#breadcrumb\"},\"inLanguage\":\"es\",\"potentialAction\":[{\"@type\":\"ReadAction\",\"target\":[\"https:\\\/\\\/mula.es\\\/web\\\/juventud-mas-de-500-personas-convierten-el-final-del-verano-en-solidaridad-para-la-protectora-vida\\\/\"]}]},{\"@type\":\"ImageObject\",\"inLanguage\":\"es\",\"@id\":\"https:\\\/\\\/mula.es\\\/web\\\/juventud-mas-de-500-personas-convierten-el-final-del-verano-en-solidaridad-para-la-protectora-vida\\\/#primaryimage\",\"url\":\"https:\\\/\\\/mula.es\\\/web\\\/wp-content\\\/uploads\\\/2020\\\/06\\\/escudo-cuadrado-e1591045058235.jpg\",\"contentUrl\":\"https:\\\/\\\/mula.es\\\/web\\\/wp-content\\\/uploads\\\/2020\\\/06\\\/escudo-cuadrado-e1591045058235.jpg\",\"width\":200,\"height\":218},{\"@type\":\"BreadcrumbList\",\"@id\":\"https:\\\/\\\/mula.es\\\/web\\\/juventud-mas-de-500-personas-convierten-el-final-del-verano-en-solidaridad-para-la-protectora-vida\\\/#breadcrumb\",\"itemListElement\":[{\"@type\":\"ListItem\",\"position\":1,\"name\":\"Portada\",\"item\":\"https:\\\/\\\/mula.es\\\/web\\\/\"},{\"@type\":\"ListItem\",\"position\":2,\"name\":\"JUVENTUD | M\u00e1s de 500 personas convierten el final del verano en solidaridad para la Protectora Vida\"}]},{\"@type\":\"WebSite\",\"@id\":\"https:\\\/\\\/mula.es\\\/web\\\/#website\",\"url\":\"https:\\\/\\\/mula.es\\\/web\\\/\",\"name\":\"Ayuntamiento de Mula\",\"description\":\"P\u00e1gina web del Ayuntamiento de Mula (Regi\u00f3n de Murcia)\",\"potentialAction\":[{\"@type\":\"SearchAction\",\"target\":{\"@type\":\"EntryPoint\",\"urlTemplate\":\"https:\\\/\\\/mula.es\\\/web\\\/?s={search_term_string}\"},\"query-input\":{\"@type\":\"PropertyValueSpecification\",\"valueRequired\":true,\"valueName\":\"search_term_string\"}}],\"inLanguage\":\"es\"},{\"@type\":\"Person\",\"@id\":\"https:\\\/\\\/mula.es\\\/web\\\/#\\\/schema\\\/person\\\/4f10179bd364f40dceed361e61e4033f\",\"name\":\"Laura Salas Orcajada\",\"image\":{\"@type\":\"ImageObject\",\"inLanguage\":\"es\",\"@id\":\"https:\\\/\\\/secure.gravatar.com\\\/avatar\\\/786f2a223d9a455e2a448f78b5dcc1117207ef56ef3d9a04df338c0f775cd403?s=96&d=mm&r=g\",\"url\":\"https:\\\/\\\/secure.gravatar.com\\\/avatar\\\/786f2a223d9a455e2a448f78b5dcc1117207ef56ef3d9a04df338c0f775cd403?s=96&d=mm&r=g\",\"contentUrl\":\"https:\\\/\\\/secure.gravatar.com\\\/avatar\\\/786f2a223d9a455e2a448f78b5dcc1117207ef56ef3d9a04df338c0f775cd403?s=96&d=mm&r=g\",\"caption\":\"Laura Salas Orcajada\"},\"url\":\"https:\\\/\\\/mula.es\\\/web\\\/author\\\/lsalas\\\/\"}]}<\/script>\n<!-- \/ Yoast SEO plugin. -->","yoast_head_json":{"title":"JUVENTUD | M\u00e1s de 500 personas convierten el final del verano en solidaridad para la Protectora Vida - Ayuntamiento de Mula","robots":{"index":"index","follow":"follow","max-snippet":"max-snippet:-1","max-image-preview":"max-image-preview:large","max-video-preview":"max-video-preview:-1"},"canonical":"https:\/\/mula.es\/web\/juventud-mas-de-500-personas-convierten-el-final-del-verano-en-solidaridad-para-la-protectora-vida\/","og_locale":"es_ES","og_type":"article","og_title":"JUVENTUD | M\u00e1s de 500 personas convierten el final del verano en solidaridad para la Protectora Vida - Ayuntamiento de Mula","og_description":"\u00a0\u00a0\u00a0\u00a0\u00a0\u00a0\u00a0\u00a0\u00a0\u00a0\u00a0\u00a0\u00a0\u00a0\u00a0\u00a0\u00a0\u00a0\u00a0\u00a0\u00a0\u00a0\u00a0\u00a0\u00a0\u00a0\u00a0\u00a0\u00a0\u00a0\u00a0\u00a0\u00a0\u00a0\u00a0\u00a0\u00a0\u00a0\u00a0\u00a0\u00a0\u00a0\u00a0\u00a0\u00a0\u00a0\u00a0\u00a0\u00a0\u00a0\u00a0\u00a0\u00a0\u00a0\u00a0\u00a0\u00a0\u00a0\u00a0 NOTA DE PRENSA \u2013 4 DE SEPTIEMBRE DE 2026 \u00a0 \u00a0 M\u00e1s de 500 personas convierten el final del verano en solidaridad para la Protectora Vida \u00a0 &nbsp; El alcalde de Mula, Juan Jes\u00fas Moreno, acompa\u00f1ado por el concejal de Juventud, Toni Ruiz, ha visitado hoy las instalaciones de la Protectora Vida para hacer [...]","og_url":"https:\/\/mula.es\/web\/juventud-mas-de-500-personas-convierten-el-final-del-verano-en-solidaridad-para-la-protectora-vida\/","og_site_name":"Ayuntamiento de Mula","article_published_time":"2026-09-04T11:15:45+00:00","og_image":[{"width":200,"height":218,"url":"https:\/\/mula.es\/web\/wp-content\/uploads\/2020\/06\/escudo-cuadrado-e1591045058235.jpg","type":"image\/jpeg"}],"author":"Laura Salas Orcajada","twitter_card":"summary_large_image","twitter_creator":"@AyuntamientMula","twitter_site":"@AyuntamientMula","twitter_misc":{"Escrito por":"Laura Salas Orcajada","Tiempo de lectura":"2 minutos"},"schema":{"@context":"https:\/\/schema.org","@graph":[{"@type":"Article","@id":"https:\/\/mula.es\/web\/juventud-mas-de-500-personas-convierten-el-final-del-verano-en-solidaridad-para-la-protectora-vida\/#article","isPartOf":{"@id":"https:\/\/mula.es\/web\/juventud-mas-de-500-personas-convierten-el-final-del-verano-en-solidaridad-para-la-protectora-vida\/"},"author":{"name":"Laura Salas Orcajada","@id":"https:\/\/mula.es\/web\/#\/schema\/person\/4f10179bd364f40dceed361e61e4033f"},"headline":"JUVENTUD | M\u00e1s de 500 personas convierten el final del verano en solidaridad para la Protectora Vida","datePublished":"2026-09-04T11:15:45+00:00","mainEntityOfPage":{"@id":"https:\/\/mula.es\/web\/juventud-mas-de-500-personas-convierten-el-final-del-verano-en-solidaridad-para-la-protectora-vida\/"},"wordCount":668,"image":{"@id":"https:\/\/mula.es\/web\/juventud-mas-de-500-personas-convierten-el-final-del-verano-en-solidaridad-para-la-protectora-vida\/#primaryimage"},"thumbnailUrl":"https:\/\/mula.es\/web\/wp-content\/uploads\/2020\/06\/escudo-cuadrado-e1591045058235.jpg","articleSection":["bienestar animal","juventud y adolescencia"],"inLanguage":"es"},{"@type":"WebPage","@id":"https:\/\/mula.es\/web\/juventud-mas-de-500-personas-convierten-el-final-del-verano-en-solidaridad-para-la-protectora-vida\/","url":"https:\/\/mula.es\/web\/juventud-mas-de-500-personas-convierten-el-final-del-verano-en-solidaridad-para-la-protectora-vida\/","name":"JUVENTUD | M\u00e1s de 500 personas convierten el final del verano en solidaridad para la Protectora Vida - Ayuntamiento de Mula","isPartOf":{"@id":"https:\/\/mula.es\/web\/#website"},"primaryImageOfPage":{"@id":"https:\/\/mula.es\/web\/juventud-mas-de-500-personas-convierten-el-final-del-verano-en-solidaridad-para-la-protectora-vida\/#primaryimage"},"image":{"@id":"https:\/\/mula.es\/web\/juventud-mas-de-500-personas-convierten-el-final-del-verano-en-solidaridad-para-la-protectora-vida\/#primaryimage"},"thumbnailUrl":"https:\/\/mula.es\/web\/wp-content\/uploads\/2020\/06\/escudo-cuadrado-e1591045058235.jpg","datePublished":"2026-09-04T11:15:45+00:00","author":{"@id":"https:\/\/mula.es\/web\/#\/schema\/person\/4f10179bd364f40dceed361e61e4033f"},"breadcrumb":{"@id":"https:\/\/mula.es\/web\/juventud-mas-de-500-personas-convierten-el-final-del-verano-en-solidaridad-para-la-protectora-vida\/#breadcrumb"},"inLanguage":"es","potentialAction":[{"@type":"ReadAction","target":["https:\/\/mula.es\/web\/juventud-mas-de-500-personas-convierten-el-final-del-verano-en-solidaridad-para-la-protectora-vida\/"]}]},{"@type":"ImageObject","inLanguage":"es","@id":"https:\/\/mula.es\/web\/juventud-mas-de-500-personas-convierten-el-final-del-verano-en-solidaridad-para-la-protectora-vida\/#primaryimage","url":"https:\/\/mula.es\/web\/wp-content\/uploads\/2020\/06\/escudo-cuadrado-e1591045058235.jpg","contentUrl":"https:\/\/mula.es\/web\/wp-content\/uploads\/2020\/06\/escudo-cuadrado-e1591045058235.jpg","width":200,"height":218},{"@type":"BreadcrumbList","@id":"https:\/\/mula.es\/web\/juventud-mas-de-500-personas-convierten-el-final-del-verano-en-solidaridad-para-la-protectora-vida\/#breadcrumb","itemListElement":[{"@type":"ListItem","position":1,"name":"Portada","item":"https:\/\/mula.es\/web\/"},{"@type":"ListItem","position":2,"name":"JUVENTUD | M\u00e1s de 500 personas convierten el final del verano en solidaridad para la Protectora Vida"}]},{"@type":"WebSite","@id":"https:\/\/mula.es\/web\/#website","url":"https:\/\/mula.es\/web\/","name":"Ayuntamiento de Mula","description":"P\u00e1gina web del Ayuntamiento de Mula (Regi\u00f3n de Murcia)","potentialAction":[{"@type":"SearchAction","target":{"@type":"EntryPoint","urlTemplate":"https:\/\/mula.es\/web\/?s={search_term_string}"},"query-input":{"@type":"PropertyValueSpecification","valueRequired":true,"valueName":"search_term_string"}}],"inLanguage":"es"},{"@type":"Person","@id":"https:\/\/mula.es\/web\/#\/schema\/person\/4f10179bd364f40dceed361e61e4033f","name":"Laura Salas Orcajada","image":{"@type":"ImageObject","inLanguage":"es","@id":"https:\/\/secure.gravatar.com\/avatar\/786f2a223d9a455e2a448f78b5dcc1117207ef56ef3d9a04df338c0f775cd403?s=96&d=mm&r=g","url":"https:\/\/secure.gravatar.com\/avatar\/786f2a223d9a455e2a448f78b5dcc1117207ef56ef3d9a04df338c0f775cd403?s=96&d=mm&r=g","contentUrl":"https:\/\/secure.gravatar.com\/avatar\/786f2a223d9a455e2a448f78b5dcc1117207ef56ef3d9a04df338c0f775cd403?s=96&d=mm&r=g","caption":"Laura Salas Orcajada"},"url":"https:\/\/mula.es\/web\/author\/lsalas\/"}]}},"jetpack_publicize_connections":[],"jetpack_sharing_enabled":true,"jetpack_shortlink":"https:\/\/wp.me\/pa9DMY-gev","jetpack-related-posts":[],"jetpack_featured_media_url":"https:\/\/mula.es\/web\/wp-content\/uploads\/2020\/06\/escudo-cuadrado-e1591045058235.jpg","_links":{"self":[{"href":"https:\/\/mula.es\/web\/wp-json\/wp\/v2\/posts\/62403","targetHints":{"allow":["GET"]}}],"collection":[{"href":"https:\/\/mula.es\/web\/wp-json\/wp\/v2\/posts"}],"about":[{"href":"https:\/\/mula.es\/web\/wp-json\/wp\/v2\/types\/post"}],"author":[{"embeddable":true,"href":"https:\/\/mula.es\/web\/wp-json\/wp\/v2\/users\/13"}],"replies":[{"embeddable":true,"href":"https:\/\/mula.es\/web\/wp-json\/wp\/v2\/comments?post=62403"}],"version-history":[{"count":1,"href":"https:\/\/mula.es\/web\/wp-json\/wp\/v2\/posts\/62403\/revisions"}],"predecessor-version":[{"id":62417,"href":"https:\/\/mula.es\/web\/wp-json\/wp\/v2\/posts\/62403\/revisions\/62417"}],"wp:featuredmedia":[{"embeddable":true,"href":"https:\/\/mula.es\/web\/wp-json\/wp\/v2\/media\/33512"}],"wp:attachment":[{"href":"https:\/\/mula.es\/web\/wp-json\/wp\/v2\/media?parent=62403"}],"wp:term":[{"taxonomy":"category","embeddable":true,"href":"https:\/\/mula.es\/web\/wp-json\/wp\/v2\/categories?post=62403"},{"taxonomy":"post_tag","embeddable":true,"href":"https:\/\/mula.es\/web\/wp-json\/wp\/v2\/tags?post=62403"}],"curies":[{"name":"wp","href":"https:\/\/api.w.org\/{rel}","templated":true}]}}